{"id":31830,"date":"2016-07-28T14:37:34","date_gmt":"2016-07-28T12:37:34","guid":{"rendered":"http:\/\/www.wallendorff.com\/belogue\/?p=31830"},"modified":"2016-07-30T22:15:32","modified_gmt":"2016-07-30T20:15:32","slug":"paleo-festival-2016-jour-3","status":"publish","type":"post","link":"https:\/\/www.wallendorff.com\/belogue\/2016\/07\/28\/paleo-festival-2016-jour-3\/","title":{"rendered":"Pal\u00e9o Festival 2016, jour 3."},"content":{"rendered":"\n<div id=\"photo\">\n<p><img decoding=\"async\" src=\"https:\/\/www.wallendorff.com\/belogue\/photo\/galeries\/2016\/07\/20160721-paleo\/20160728-06.jpg\"><\/p>\n<\/p><\/div>\n<p style=\"text-align:right\">L&rsquo;int&eacute;gralit&eacute; des photos est disponible sur ce <a href=\"http:\/\/wallendorff.com\/belogue\/tag\/paleo-festival-2016\">lien<\/a>.<\/p>\n<div id='gallery-1' class='gallery galleryid-31830 gallery-columns-3 gallery-size-large'><figure class='gallery-item'>\n\t\t\t<div class='gallery-icon portrait'>\n\t\t\t\t<a href='https:\/\/www.wallendorff.com\/belogue\/2016\/07\/28\/paleo-festival-2016-jour-3\/marina-kaye-paleo-festival-nyon-21072016\/'><img fetchpriority=\"high\" decoding=\"async\" width=\"547\" height=\"820\" src=\"https:\/\/www.wallendorff.com\/belogue\/wp-content\/uploads\/2016\/07\/20160728-01.jpg\" class=\"attachment-large size-large\" alt=\"\" aria-describedby=\"gallery-1-31832\" srcset=\"https:\/\/www.wallendorff.com\/belogue\/wp-content\/uploads\/2016\/07\/20160728-01.jpg 547w, https:\/\/www.wallendorff.com\/belogue\/wp-content\/uploads\/2016\/07\/20160728-01-133x200.jpg 133w, https:\/\/www.wallendorff.com\/belogue\/wp-content\/uploads\/2016\/07\/20160728-01-200x300.jpg 200w, https:\/\/www.wallendorff.com\/belogue\/wp-content\/uploads\/2016\/07\/20160728-01-233x350.jpg 233w\" sizes=\"(max-width: 547px) 100vw, 547px\" \/><\/a>\n\t\t\t<\/div>\n\t\t\t\t<figcaption class='wp-caption-text gallery-caption' id='gallery-1-31832'>\n\t\t\t\tMarina Kaye @ Pal\u00e9o Festival, Nyon, 21\/07\/2016\n\t\t\t\t<\/figcaption><\/figure><figure class='gallery-item'>\n\t\t\t<div class='gallery-icon landscape'>\n\t\t\t\t<a href='https:\/\/www.wallendorff.com\/belogue\/2016\/07\/28\/paleo-festival-2016-jour-3\/paleo-festival-nyon-21072016\/'><img decoding=\"async\" width=\"820\" height=\"547\" src=\"https:\/\/www.wallendorff.com\/belogue\/wp-content\/uploads\/2016\/07\/20160728-02.jpg\" class=\"attachment-large size-large\" alt=\"\" aria-describedby=\"gallery-1-31833\" srcset=\"https:\/\/www.wallendorff.com\/belogue\/wp-content\/uploads\/2016\/07\/20160728-02.jpg 820w, https:\/\/www.wallendorff.com\/belogue\/wp-content\/uploads\/2016\/07\/20160728-02-200x133.jpg 200w, https:\/\/www.wallendorff.com\/belogue\/wp-content\/uploads\/2016\/07\/20160728-02-300x200.jpg 300w, https:\/\/www.wallendorff.com\/belogue\/wp-content\/uploads\/2016\/07\/20160728-02-525x350.jpg 525w, https:\/\/www.wallendorff.com\/belogue\/wp-content\/uploads\/2016\/07\/20160728-02-600x400.jpg 600w\" sizes=\"(max-width: 820px) 100vw, 820px\" \/><\/a>\n\t\t\t<\/div>\n\t\t\t\t<figcaption class='wp-caption-text gallery-caption' id='gallery-1-31833'>\n\t\t\t\tPal\u00e9o Festival, Nyon, 21\/07\/2016\n\t\t\t\t<\/figcaption><\/figure><figure class='gallery-item'>\n\t\t\t<div class='gallery-icon landscape'>\n\t\t\t\t<a href='https:\/\/www.wallendorff.com\/belogue\/2016\/07\/28\/paleo-festival-2016-jour-3\/marina-kaye-paleo-festival-nyon-21072016-2\/'><img decoding=\"async\" width=\"820\" height=\"547\" src=\"https:\/\/www.wallendorff.com\/belogue\/wp-content\/uploads\/2016\/07\/20160728-03.jpg\" class=\"attachment-large size-large\" alt=\"\" aria-describedby=\"gallery-1-31834\" srcset=\"https:\/\/www.wallendorff.com\/belogue\/wp-content\/uploads\/2016\/07\/20160728-03.jpg 820w, https:\/\/www.wallendorff.com\/belogue\/wp-content\/uploads\/2016\/07\/20160728-03-200x133.jpg 200w, https:\/\/www.wallendorff.com\/belogue\/wp-content\/uploads\/2016\/07\/20160728-03-300x200.jpg 300w, https:\/\/www.wallendorff.com\/belogue\/wp-content\/uploads\/2016\/07\/20160728-03-525x350.jpg 525w, https:\/\/www.wallendorff.com\/belogue\/wp-content\/uploads\/2016\/07\/20160728-03-600x400.jpg 600w\" sizes=\"(max-width: 820px) 100vw, 820px\" \/><\/a>\n\t\t\t<\/div>\n\t\t\t\t<figcaption class='wp-caption-text gallery-caption' id='gallery-1-31834'>\n\t\t\t\tMarina Kaye @ Pal\u00e9o Festival, Nyon, 21\/07\/2016\n\t\t\t\t<\/figcaption><\/figure><figure class='gallery-item'>\n\t\t\t<div class='gallery-icon landscape'>\n\t\t\t\t<a href='https:\/\/www.wallendorff.com\/belogue\/2016\/07\/28\/paleo-festival-2016-jour-3\/paleo-festival-nyon-21072016-2\/'><img loading=\"lazy\" decoding=\"async\" width=\"820\" height=\"547\" src=\"https:\/\/www.wallendorff.com\/belogue\/wp-content\/uploads\/2016\/07\/20160728-04.jpg\" class=\"attachment-large size-large\" alt=\"\" aria-describedby=\"gallery-1-31835\" srcset=\"https:\/\/www.wallendorff.com\/belogue\/wp-content\/uploads\/2016\/07\/20160728-04.jpg 820w, https:\/\/www.wallendorff.com\/belogue\/wp-content\/uploads\/2016\/07\/20160728-04-200x133.jpg 200w, https:\/\/www.wallendorff.com\/belogue\/wp-content\/uploads\/2016\/07\/20160728-04-300x200.jpg 300w, https:\/\/www.wallendorff.com\/belogue\/wp-content\/uploads\/2016\/07\/20160728-04-525x350.jpg 525w, https:\/\/www.wallendorff.com\/belogue\/wp-content\/uploads\/2016\/07\/20160728-04-600x400.jpg 600w\" sizes=\"(max-width: 820px) 100vw, 820px\" \/><\/a>\n\t\t\t<\/div>\n\t\t\t\t<figcaption class='wp-caption-text gallery-caption' id='gallery-1-31835'>\n\t\t\t\tPal\u00e9o Festival, Nyon, 21\/07\/2016\n\t\t\t\t<\/figcaption><\/figure><figure class='gallery-item'>\n\t\t\t<div class='gallery-icon landscape'>\n\t\t\t\t<a href='https:\/\/www.wallendorff.com\/belogue\/2016\/07\/28\/paleo-festival-2016-jour-3\/marina-kaye-paleo-festival-nyon-21072016-3\/'><img loading=\"lazy\" decoding=\"async\" width=\"820\" height=\"547\" src=\"https:\/\/www.wallendorff.com\/belogue\/wp-content\/uploads\/2016\/07\/20160728-05.jpg\" class=\"attachment-large size-large\" alt=\"\" aria-describedby=\"gallery-1-31836\" srcset=\"https:\/\/www.wallendorff.com\/belogue\/wp-content\/uploads\/2016\/07\/20160728-05.jpg 820w, https:\/\/www.wallendorff.com\/belogue\/wp-content\/uploads\/2016\/07\/20160728-05-200x133.jpg 200w, https:\/\/www.wallendorff.com\/belogue\/wp-content\/uploads\/2016\/07\/20160728-05-300x200.jpg 300w, https:\/\/www.wallendorff.com\/belogue\/wp-content\/uploads\/2016\/07\/20160728-05-525x350.jpg 525w, https:\/\/www.wallendorff.com\/belogue\/wp-content\/uploads\/2016\/07\/20160728-05-600x400.jpg 600w\" sizes=\"(max-width: 820px) 100vw, 820px\" \/><\/a>\n\t\t\t<\/div>\n\t\t\t\t<figcaption class='wp-caption-text gallery-caption' id='gallery-1-31836'>\n\t\t\t\tMarina Kaye @ Pal\u00e9o Festival, Nyon, 21\/07\/2016\n\t\t\t\t<\/figcaption><\/figure><figure class='gallery-item'>\n\t\t\t<div class='gallery-icon landscape'>\n\t\t\t\t<a href='https:\/\/www.wallendorff.com\/belogue\/2016\/07\/28\/paleo-festival-2016-jour-3\/paleo-festival-nyon-21072016-3\/'><img loading=\"lazy\" decoding=\"async\" width=\"820\" height=\"547\" src=\"https:\/\/www.wallendorff.com\/belogue\/wp-content\/uploads\/2016\/07\/20160728-06.jpg\" class=\"attachment-large size-large\" alt=\"\" aria-describedby=\"gallery-1-31837\" srcset=\"https:\/\/www.wallendorff.com\/belogue\/wp-content\/uploads\/2016\/07\/20160728-06.jpg 820w, https:\/\/www.wallendorff.com\/belogue\/wp-content\/uploads\/2016\/07\/20160728-06-200x133.jpg 200w, https:\/\/www.wallendorff.com\/belogue\/wp-content\/uploads\/2016\/07\/20160728-06-300x200.jpg 300w, https:\/\/www.wallendorff.com\/belogue\/wp-content\/uploads\/2016\/07\/20160728-06-525x350.jpg 525w, https:\/\/www.wallendorff.com\/belogue\/wp-content\/uploads\/2016\/07\/20160728-06-600x400.jpg 600w\" sizes=\"(max-width: 820px) 100vw, 820px\" \/><\/a>\n\t\t\t<\/div>\n\t\t\t\t<figcaption class='wp-caption-text gallery-caption' id='gallery-1-31837'>\n\t\t\t\tPal\u00e9o Festival, Nyon, 21\/07\/2016\n\t\t\t\t<\/figcaption><\/figure><figure class='gallery-item'>\n\t\t\t<div class='gallery-icon landscape'>\n\t\t\t\t<a href='https:\/\/www.wallendorff.com\/belogue\/2016\/07\/28\/paleo-festival-2016-jour-3\/marina-kaye-paleo-festival-nyon-21072016-4\/'><img loading=\"lazy\" decoding=\"async\" width=\"820\" height=\"547\" src=\"https:\/\/www.wallendorff.com\/belogue\/wp-content\/uploads\/2016\/07\/20160728-07.jpg\" class=\"attachment-large size-large\" alt=\"\" aria-describedby=\"gallery-1-31838\" srcset=\"https:\/\/www.wallendorff.com\/belogue\/wp-content\/uploads\/2016\/07\/20160728-07.jpg 820w, https:\/\/www.wallendorff.com\/belogue\/wp-content\/uploads\/2016\/07\/20160728-07-200x133.jpg 200w, https:\/\/www.wallendorff.com\/belogue\/wp-content\/uploads\/2016\/07\/20160728-07-300x200.jpg 300w, https:\/\/www.wallendorff.com\/belogue\/wp-content\/uploads\/2016\/07\/20160728-07-525x350.jpg 525w, https:\/\/www.wallendorff.com\/belogue\/wp-content\/uploads\/2016\/07\/20160728-07-600x400.jpg 600w\" sizes=\"(max-width: 820px) 100vw, 820px\" \/><\/a>\n\t\t\t<\/div>\n\t\t\t\t<figcaption class='wp-caption-text gallery-caption' id='gallery-1-31838'>\n\t\t\t\tMarina Kaye @ Pal\u00e9o Festival, Nyon, 21\/07\/2016\n\t\t\t\t<\/figcaption><\/figure><figure class='gallery-item'>\n\t\t\t<div class='gallery-icon landscape'>\n\t\t\t\t<a href='https:\/\/www.wallendorff.com\/belogue\/2016\/07\/28\/paleo-festival-2016-jour-3\/paleo-festival-nyon-21072016-4\/'><img loading=\"lazy\" decoding=\"async\" width=\"820\" height=\"547\" src=\"https:\/\/www.wallendorff.com\/belogue\/wp-content\/uploads\/2016\/07\/20160728-08.jpg\" class=\"attachment-large size-large\" alt=\"\" aria-describedby=\"gallery-1-31839\" srcset=\"https:\/\/www.wallendorff.com\/belogue\/wp-content\/uploads\/2016\/07\/20160728-08.jpg 820w, https:\/\/www.wallendorff.com\/belogue\/wp-content\/uploads\/2016\/07\/20160728-08-200x133.jpg 200w, https:\/\/www.wallendorff.com\/belogue\/wp-content\/uploads\/2016\/07\/20160728-08-300x200.jpg 300w, https:\/\/www.wallendorff.com\/belogue\/wp-content\/uploads\/2016\/07\/20160728-08-525x350.jpg 525w, https:\/\/www.wallendorff.com\/belogue\/wp-content\/uploads\/2016\/07\/20160728-08-600x400.jpg 600w\" sizes=\"(max-width: 820px) 100vw, 820px\" \/><\/a>\n\t\t\t<\/div>\n\t\t\t\t<figcaption class='wp-caption-text gallery-caption' id='gallery-1-31839'>\n\t\t\t\tPal\u00e9o Festival, Nyon, 21\/07\/2016\n\t\t\t\t<\/figcaption><\/figure><figure class='gallery-item'>\n\t\t\t<div class='gallery-icon landscape'>\n\t\t\t\t<a href='https:\/\/www.wallendorff.com\/belogue\/2016\/07\/28\/paleo-festival-2016-jour-3\/francis-cabrel-paleo-festival-nyon-21072016\/'><img loading=\"lazy\" decoding=\"async\" width=\"820\" height=\"547\" src=\"https:\/\/www.wallendorff.com\/belogue\/wp-content\/uploads\/2016\/07\/20160728-09.jpg\" class=\"attachment-large size-large\" alt=\"\" aria-describedby=\"gallery-1-31840\" srcset=\"https:\/\/www.wallendorff.com\/belogue\/wp-content\/uploads\/2016\/07\/20160728-09.jpg 820w, https:\/\/www.wallendorff.com\/belogue\/wp-content\/uploads\/2016\/07\/20160728-09-200x133.jpg 200w, https:\/\/www.wallendorff.com\/belogue\/wp-content\/uploads\/2016\/07\/20160728-09-300x200.jpg 300w, https:\/\/www.wallendorff.com\/belogue\/wp-content\/uploads\/2016\/07\/20160728-09-525x350.jpg 525w, https:\/\/www.wallendorff.com\/belogue\/wp-content\/uploads\/2016\/07\/20160728-09-600x400.jpg 600w\" sizes=\"(max-width: 820px) 100vw, 820px\" \/><\/a>\n\t\t\t<\/div>\n\t\t\t\t<figcaption class='wp-caption-text gallery-caption' id='gallery-1-31840'>\n\t\t\t\tFrancis Cabrel @ Pal\u00e9o Festival, Nyon, 21\/07\/2016\n\t\t\t\t<\/figcaption><\/figure><figure class='gallery-item'>\n\t\t\t<div class='gallery-icon landscape'>\n\t\t\t\t<a href='https:\/\/www.wallendorff.com\/belogue\/2016\/07\/28\/paleo-festival-2016-jour-3\/francis-cabrel-paleo-festival-nyon-21072016-2\/'><img loading=\"lazy\" decoding=\"async\" width=\"820\" height=\"547\" src=\"https:\/\/www.wallendorff.com\/belogue\/wp-content\/uploads\/2016\/07\/20160728-10.jpg\" class=\"attachment-large size-large\" alt=\"\" aria-describedby=\"gallery-1-31841\" srcset=\"https:\/\/www.wallendorff.com\/belogue\/wp-content\/uploads\/2016\/07\/20160728-10.jpg 820w, https:\/\/www.wallendorff.com\/belogue\/wp-content\/uploads\/2016\/07\/20160728-10-200x133.jpg 200w, https:\/\/www.wallendorff.com\/belogue\/wp-content\/uploads\/2016\/07\/20160728-10-300x200.jpg 300w, https:\/\/www.wallendorff.com\/belogue\/wp-content\/uploads\/2016\/07\/20160728-10-525x350.jpg 525w, https:\/\/www.wallendorff.com\/belogue\/wp-content\/uploads\/2016\/07\/20160728-10-600x400.jpg 600w\" sizes=\"(max-width: 820px) 100vw, 820px\" \/><\/a>\n\t\t\t<\/div>\n\t\t\t\t<figcaption class='wp-caption-text gallery-caption' id='gallery-1-31841'>\n\t\t\t\tFrancis Cabrel @ Pal\u00e9o Festival, Nyon, 21\/07\/2016\n\t\t\t\t<\/figcaption><\/figure><figure class='gallery-item'>\n\t\t\t<div class='gallery-icon landscape'>\n\t\t\t\t<a href='https:\/\/www.wallendorff.com\/belogue\/2016\/07\/28\/paleo-festival-2016-jour-3\/francis-cabrel-paleo-festival-nyon-21072016-3\/'><img loading=\"lazy\" decoding=\"async\" width=\"820\" height=\"547\" src=\"https:\/\/www.wallendorff.com\/belogue\/wp-content\/uploads\/2016\/07\/20160728-11.jpg\" class=\"attachment-large size-large\" alt=\"\" aria-describedby=\"gallery-1-31842\" srcset=\"https:\/\/www.wallendorff.com\/belogue\/wp-content\/uploads\/2016\/07\/20160728-11.jpg 820w, https:\/\/www.wallendorff.com\/belogue\/wp-content\/uploads\/2016\/07\/20160728-11-200x133.jpg 200w, https:\/\/www.wallendorff.com\/belogue\/wp-content\/uploads\/2016\/07\/20160728-11-300x200.jpg 300w, https:\/\/www.wallendorff.com\/belogue\/wp-content\/uploads\/2016\/07\/20160728-11-525x350.jpg 525w, https:\/\/www.wallendorff.com\/belogue\/wp-content\/uploads\/2016\/07\/20160728-11-600x400.jpg 600w\" sizes=\"(max-width: 820px) 100vw, 820px\" \/><\/a>\n\t\t\t<\/div>\n\t\t\t\t<figcaption class='wp-caption-text gallery-caption' id='gallery-1-31842'>\n\t\t\t\tFrancis Cabrel @ Pal\u00e9o Festival, Nyon, 21\/07\/2016\n\t\t\t\t<\/figcaption><\/figure><figure class='gallery-item'>\n\t\t\t<div class='gallery-icon landscape'>\n\t\t\t\t<a href='https:\/\/www.wallendorff.com\/belogue\/2016\/07\/28\/paleo-festival-2016-jour-3\/francis-cabrel-paleo-festival-nyon-21072016-4\/'><img loading=\"lazy\" decoding=\"async\" width=\"820\" height=\"547\" src=\"https:\/\/www.wallendorff.com\/belogue\/wp-content\/uploads\/2016\/07\/20160728-12.jpg\" class=\"attachment-large size-large\" alt=\"\" aria-describedby=\"gallery-1-31843\" srcset=\"https:\/\/www.wallendorff.com\/belogue\/wp-content\/uploads\/2016\/07\/20160728-12.jpg 820w, https:\/\/www.wallendorff.com\/belogue\/wp-content\/uploads\/2016\/07\/20160728-12-200x133.jpg 200w, https:\/\/www.wallendorff.com\/belogue\/wp-content\/uploads\/2016\/07\/20160728-12-300x200.jpg 300w, https:\/\/www.wallendorff.com\/belogue\/wp-content\/uploads\/2016\/07\/20160728-12-525x350.jpg 525w, https:\/\/www.wallendorff.com\/belogue\/wp-content\/uploads\/2016\/07\/20160728-12-600x400.jpg 600w\" sizes=\"(max-width: 820px) 100vw, 820px\" \/><\/a>\n\t\t\t<\/div>\n\t\t\t\t<figcaption class='wp-caption-text gallery-caption' id='gallery-1-31843'>\n\t\t\t\tFrancis Cabrel @ Pal\u00e9o Festival, Nyon, 21\/07\/2016\n\t\t\t\t<\/figcaption><\/figure><figure class='gallery-item'>\n\t\t\t<div class='gallery-icon landscape'>\n\t\t\t\t<a href='https:\/\/www.wallendorff.com\/belogue\/2016\/07\/28\/paleo-festival-2016-jour-3\/francis-cabrel-paleo-festival-nyon-21072016-5\/'><img loading=\"lazy\" decoding=\"async\" width=\"820\" height=\"547\" src=\"https:\/\/www.wallendorff.com\/belogue\/wp-content\/uploads\/2016\/07\/20160728-13.jpg\" class=\"attachment-large size-large\" alt=\"\" aria-describedby=\"gallery-1-31844\" srcset=\"https:\/\/www.wallendorff.com\/belogue\/wp-content\/uploads\/2016\/07\/20160728-13.jpg 820w, https:\/\/www.wallendorff.com\/belogue\/wp-content\/uploads\/2016\/07\/20160728-13-200x133.jpg 200w, https:\/\/www.wallendorff.com\/belogue\/wp-content\/uploads\/2016\/07\/20160728-13-300x200.jpg 300w, https:\/\/www.wallendorff.com\/belogue\/wp-content\/uploads\/2016\/07\/20160728-13-525x350.jpg 525w, https:\/\/www.wallendorff.com\/belogue\/wp-content\/uploads\/2016\/07\/20160728-13-600x400.jpg 600w\" sizes=\"(max-width: 820px) 100vw, 820px\" \/><\/a>\n\t\t\t<\/div>\n\t\t\t\t<figcaption class='wp-caption-text gallery-caption' id='gallery-1-31844'>\n\t\t\t\tFrancis Cabrel @ Pal\u00e9o Festival, Nyon, 21\/07\/2016\n\t\t\t\t<\/figcaption><\/figure><figure class='gallery-item'>\n\t\t\t<div class='gallery-icon landscape'>\n\t\t\t\t<a href='https:\/\/www.wallendorff.com\/belogue\/2016\/07\/28\/paleo-festival-2016-jour-3\/francis-cabrel-paleo-festival-nyon-21072016-6\/'><img loading=\"lazy\" decoding=\"async\" width=\"820\" height=\"547\" src=\"https:\/\/www.wallendorff.com\/belogue\/wp-content\/uploads\/2016\/07\/20160728-14.jpg\" class=\"attachment-large size-large\" alt=\"\" aria-describedby=\"gallery-1-31845\" srcset=\"https:\/\/www.wallendorff.com\/belogue\/wp-content\/uploads\/2016\/07\/20160728-14.jpg 820w, https:\/\/www.wallendorff.com\/belogue\/wp-content\/uploads\/2016\/07\/20160728-14-200x133.jpg 200w, https:\/\/www.wallendorff.com\/belogue\/wp-content\/uploads\/2016\/07\/20160728-14-300x200.jpg 300w, https:\/\/www.wallendorff.com\/belogue\/wp-content\/uploads\/2016\/07\/20160728-14-525x350.jpg 525w, https:\/\/www.wallendorff.com\/belogue\/wp-content\/uploads\/2016\/07\/20160728-14-600x400.jpg 600w\" sizes=\"(max-width: 820px) 100vw, 820px\" \/><\/a>\n\t\t\t<\/div>\n\t\t\t\t<figcaption class='wp-caption-text gallery-caption' id='gallery-1-31845'>\n\t\t\t\tFrancis Cabrel @ Pal\u00e9o Festival, Nyon, 21\/07\/2016\n\t\t\t\t<\/figcaption><\/figure><figure class='gallery-item'>\n\t\t\t<div class='gallery-icon landscape'>\n\t\t\t\t<a href='https:\/\/www.wallendorff.com\/belogue\/2016\/07\/28\/paleo-festival-2016-jour-3\/francis-cabrel-paleo-festival-nyon-21072016-7\/'><img loading=\"lazy\" decoding=\"async\" width=\"820\" height=\"547\" src=\"https:\/\/www.wallendorff.com\/belogue\/wp-content\/uploads\/2016\/07\/20160728-15.jpg\" class=\"attachment-large size-large\" alt=\"\" aria-describedby=\"gallery-1-31846\" srcset=\"https:\/\/www.wallendorff.com\/belogue\/wp-content\/uploads\/2016\/07\/20160728-15.jpg 820w, https:\/\/www.wallendorff.com\/belogue\/wp-content\/uploads\/2016\/07\/20160728-15-200x133.jpg 200w, https:\/\/www.wallendorff.com\/belogue\/wp-content\/uploads\/2016\/07\/20160728-15-300x200.jpg 300w, https:\/\/www.wallendorff.com\/belogue\/wp-content\/uploads\/2016\/07\/20160728-15-525x350.jpg 525w, https:\/\/www.wallendorff.com\/belogue\/wp-content\/uploads\/2016\/07\/20160728-15-600x400.jpg 600w\" sizes=\"(max-width: 820px) 100vw, 820px\" \/><\/a>\n\t\t\t<\/div>\n\t\t\t\t<figcaption class='wp-caption-text gallery-caption' id='gallery-1-31846'>\n\t\t\t\tFrancis Cabrel @ Pal\u00e9o Festival, Nyon, 21\/07\/2016\n\t\t\t\t<\/figcaption><\/figure><figure class='gallery-item'>\n\t\t\t<div class='gallery-icon landscape'>\n\t\t\t\t<a href='https:\/\/www.wallendorff.com\/belogue\/2016\/07\/28\/paleo-festival-2016-jour-3\/francis-cabrel-paleo-festival-nyon-21072016-8\/'><img loading=\"lazy\" decoding=\"async\" width=\"820\" height=\"547\" src=\"https:\/\/www.wallendorff.com\/belogue\/wp-content\/uploads\/2016\/07\/20160728-16.jpg\" class=\"attachment-large size-large\" alt=\"\" aria-describedby=\"gallery-1-31847\" srcset=\"https:\/\/www.wallendorff.com\/belogue\/wp-content\/uploads\/2016\/07\/20160728-16.jpg 820w, https:\/\/www.wallendorff.com\/belogue\/wp-content\/uploads\/2016\/07\/20160728-16-200x133.jpg 200w, https:\/\/www.wallendorff.com\/belogue\/wp-content\/uploads\/2016\/07\/20160728-16-300x200.jpg 300w, https:\/\/www.wallendorff.com\/belogue\/wp-content\/uploads\/2016\/07\/20160728-16-525x350.jpg 525w, https:\/\/www.wallendorff.com\/belogue\/wp-content\/uploads\/2016\/07\/20160728-16-600x400.jpg 600w\" sizes=\"(max-width: 820px) 100vw, 820px\" \/><\/a>\n\t\t\t<\/div>\n\t\t\t\t<figcaption class='wp-caption-text gallery-caption' id='gallery-1-31847'>\n\t\t\t\tFrancis Cabrel @ Pal\u00e9o Festival, Nyon, 21\/07\/2016\n\t\t\t\t<\/figcaption><\/figure><figure class='gallery-item'>\n\t\t\t<div class='gallery-icon landscape'>\n\t\t\t\t<a href='https:\/\/www.wallendorff.com\/belogue\/2016\/07\/28\/paleo-festival-2016-jour-3\/jain-paleo-festival-nyon-21072016\/'><img loading=\"lazy\" decoding=\"async\" width=\"820\" height=\"547\" src=\"https:\/\/www.wallendorff.com\/belogue\/wp-content\/uploads\/2016\/07\/20160728-17.jpg\" class=\"attachment-large size-large\" alt=\"\" aria-describedby=\"gallery-1-31848\" srcset=\"https:\/\/www.wallendorff.com\/belogue\/wp-content\/uploads\/2016\/07\/20160728-17.jpg 820w, https:\/\/www.wallendorff.com\/belogue\/wp-content\/uploads\/2016\/07\/20160728-17-200x133.jpg 200w, https:\/\/www.wallendorff.com\/belogue\/wp-content\/uploads\/2016\/07\/20160728-17-300x200.jpg 300w, https:\/\/www.wallendorff.com\/belogue\/wp-content\/uploads\/2016\/07\/20160728-17-525x350.jpg 525w, https:\/\/www.wallendorff.com\/belogue\/wp-content\/uploads\/2016\/07\/20160728-17-600x400.jpg 600w\" sizes=\"(max-width: 820px) 100vw, 820px\" \/><\/a>\n\t\t\t<\/div>\n\t\t\t\t<figcaption class='wp-caption-text gallery-caption' id='gallery-1-31848'>\n\t\t\t\tJa\u00efn @ Pal\u00e9o Festival, Nyon, 21\/07\/2016\n\t\t\t\t<\/figcaption><\/figure><figure class='gallery-item'>\n\t\t\t<div class='gallery-icon landscape'>\n\t\t\t\t<a href='https:\/\/www.wallendorff.com\/belogue\/2016\/07\/28\/paleo-festival-2016-jour-3\/paleo-festival-nyon-21072016-5\/'><img loading=\"lazy\" decoding=\"async\" width=\"820\" height=\"547\" src=\"https:\/\/www.wallendorff.com\/belogue\/wp-content\/uploads\/2016\/07\/20160728-18.jpg\" class=\"attachment-large size-large\" alt=\"\" aria-describedby=\"gallery-1-31849\" srcset=\"https:\/\/www.wallendorff.com\/belogue\/wp-content\/uploads\/2016\/07\/20160728-18.jpg 820w, https:\/\/www.wallendorff.com\/belogue\/wp-content\/uploads\/2016\/07\/20160728-18-200x133.jpg 200w, https:\/\/www.wallendorff.com\/belogue\/wp-content\/uploads\/2016\/07\/20160728-18-300x200.jpg 300w, https:\/\/www.wallendorff.com\/belogue\/wp-content\/uploads\/2016\/07\/20160728-18-525x350.jpg 525w, https:\/\/www.wallendorff.com\/belogue\/wp-content\/uploads\/2016\/07\/20160728-18-600x400.jpg 600w\" sizes=\"(max-width: 820px) 100vw, 820px\" \/><\/a>\n\t\t\t<\/div>\n\t\t\t\t<figcaption class='wp-caption-text gallery-caption' id='gallery-1-31849'>\n\t\t\t\tPal\u00e9o Festival, Nyon, 21\/07\/2016\n\t\t\t\t<\/figcaption><\/figure><figure class='gallery-item'>\n\t\t\t<div class='gallery-icon portrait'>\n\t\t\t\t<a href='https:\/\/www.wallendorff.com\/belogue\/2016\/07\/28\/paleo-festival-2016-jour-3\/jain-paleo-festival-nyon-21072016-2\/'><img loading=\"lazy\" decoding=\"async\" width=\"547\" height=\"820\" src=\"https:\/\/www.wallendorff.com\/belogue\/wp-content\/uploads\/2016\/07\/20160728-19.jpg\" class=\"attachment-large size-large\" alt=\"\" aria-describedby=\"gallery-1-31850\" srcset=\"https:\/\/www.wallendorff.com\/belogue\/wp-content\/uploads\/2016\/07\/20160728-19.jpg 547w, https:\/\/www.wallendorff.com\/belogue\/wp-content\/uploads\/2016\/07\/20160728-19-133x200.jpg 133w, https:\/\/www.wallendorff.com\/belogue\/wp-content\/uploads\/2016\/07\/20160728-19-200x300.jpg 200w, https:\/\/www.wallendorff.com\/belogue\/wp-content\/uploads\/2016\/07\/20160728-19-233x350.jpg 233w\" sizes=\"(max-width: 547px) 100vw, 547px\" \/><\/a>\n\t\t\t<\/div>\n\t\t\t\t<figcaption class='wp-caption-text gallery-caption' id='gallery-1-31850'>\n\t\t\t\tJa\u00efn @ Pal\u00e9o Festival, Nyon, 21\/07\/2016\n\t\t\t\t<\/figcaption><\/figure><figure class='gallery-item'>\n\t\t\t<div class='gallery-icon landscape'>\n\t\t\t\t<a href='https:\/\/www.wallendorff.com\/belogue\/2016\/07\/28\/paleo-festival-2016-jour-3\/paleo-festival-nyon-21072016-6\/'><img loading=\"lazy\" decoding=\"async\" width=\"820\" height=\"547\" src=\"https:\/\/www.wallendorff.com\/belogue\/wp-content\/uploads\/2016\/07\/20160728-20.jpg\" class=\"attachment-large size-large\" alt=\"\" aria-describedby=\"gallery-1-31851\" srcset=\"https:\/\/www.wallendorff.com\/belogue\/wp-content\/uploads\/2016\/07\/20160728-20.jpg 820w, https:\/\/www.wallendorff.com\/belogue\/wp-content\/uploads\/2016\/07\/20160728-20-200x133.jpg 200w, https:\/\/www.wallendorff.com\/belogue\/wp-content\/uploads\/2016\/07\/20160728-20-300x200.jpg 300w, https:\/\/www.wallendorff.com\/belogue\/wp-content\/uploads\/2016\/07\/20160728-20-525x350.jpg 525w, https:\/\/www.wallendorff.com\/belogue\/wp-content\/uploads\/2016\/07\/20160728-20-600x400.jpg 600w\" sizes=\"(max-width: 820px) 100vw, 820px\" \/><\/a>\n\t\t\t<\/div>\n\t\t\t\t<figcaption class='wp-caption-text gallery-caption' id='gallery-1-31851'>\n\t\t\t\tPal\u00e9o Festival, Nyon, 21\/07\/2016\n\t\t\t\t<\/figcaption><\/figure><figure class='gallery-item'>\n\t\t\t<div class='gallery-icon landscape'>\n\t\t\t\t<a href='https:\/\/www.wallendorff.com\/belogue\/2016\/07\/28\/paleo-festival-2016-jour-3\/jain-paleo-festival-nyon-21072016-3\/'><img loading=\"lazy\" decoding=\"async\" width=\"820\" height=\"547\" src=\"https:\/\/www.wallendorff.com\/belogue\/wp-content\/uploads\/2016\/07\/20160728-21.jpg\" class=\"attachment-large size-large\" alt=\"\" aria-describedby=\"gallery-1-31852\" srcset=\"https:\/\/www.wallendorff.com\/belogue\/wp-content\/uploads\/2016\/07\/20160728-21.jpg 820w, https:\/\/www.wallendorff.com\/belogue\/wp-content\/uploads\/2016\/07\/20160728-21-200x133.jpg 200w, https:\/\/www.wallendorff.com\/belogue\/wp-content\/uploads\/2016\/07\/20160728-21-300x200.jpg 300w, https:\/\/www.wallendorff.com\/belogue\/wp-content\/uploads\/2016\/07\/20160728-21-525x350.jpg 525w, https:\/\/www.wallendorff.com\/belogue\/wp-content\/uploads\/2016\/07\/20160728-21-600x400.jpg 600w\" sizes=\"(max-width: 820px) 100vw, 820px\" \/><\/a>\n\t\t\t<\/div>\n\t\t\t\t<figcaption class='wp-caption-text gallery-caption' id='gallery-1-31852'>\n\t\t\t\tJa\u00efn @ Pal\u00e9o Festival, Nyon, 21\/07\/2016\n\t\t\t\t<\/figcaption><\/figure><figure class='gallery-item'>\n\t\t\t<div class='gallery-icon landscape'>\n\t\t\t\t<a href='https:\/\/www.wallendorff.com\/belogue\/2016\/07\/28\/paleo-festival-2016-jour-3\/paleo-festival-nyon-21072016-7\/'><img loading=\"lazy\" decoding=\"async\" width=\"820\" height=\"547\" src=\"https:\/\/www.wallendorff.com\/belogue\/wp-content\/uploads\/2016\/07\/20160728-22.jpg\" class=\"attachment-large size-large\" alt=\"\" aria-describedby=\"gallery-1-31853\" srcset=\"https:\/\/www.wallendorff.com\/belogue\/wp-content\/uploads\/2016\/07\/20160728-22.jpg 820w, https:\/\/www.wallendorff.com\/belogue\/wp-content\/uploads\/2016\/07\/20160728-22-200x133.jpg 200w, https:\/\/www.wallendorff.com\/belogue\/wp-content\/uploads\/2016\/07\/20160728-22-300x200.jpg 300w, https:\/\/www.wallendorff.com\/belogue\/wp-content\/uploads\/2016\/07\/20160728-22-525x350.jpg 525w, https:\/\/www.wallendorff.com\/belogue\/wp-content\/uploads\/2016\/07\/20160728-22-600x400.jpg 600w\" sizes=\"(max-width: 820px) 100vw, 820px\" \/><\/a>\n\t\t\t<\/div>\n\t\t\t\t<figcaption class='wp-caption-text gallery-caption' id='gallery-1-31853'>\n\t\t\t\tPal\u00e9o Festival, Nyon, 21\/07\/2016\n\t\t\t\t<\/figcaption><\/figure><figure class='gallery-item'>\n\t\t\t<div class='gallery-icon landscape'>\n\t\t\t\t<a href='https:\/\/www.wallendorff.com\/belogue\/2016\/07\/28\/paleo-festival-2016-jour-3\/jain-paleo-festival-nyon-21072016-4\/'><img loading=\"lazy\" decoding=\"async\" width=\"820\" height=\"547\" src=\"https:\/\/www.wallendorff.com\/belogue\/wp-content\/uploads\/2016\/07\/20160728-23.jpg\" class=\"attachment-large size-large\" alt=\"\" aria-describedby=\"gallery-1-31854\" srcset=\"https:\/\/www.wallendorff.com\/belogue\/wp-content\/uploads\/2016\/07\/20160728-23.jpg 820w, https:\/\/www.wallendorff.com\/belogue\/wp-content\/uploads\/2016\/07\/20160728-23-200x133.jpg 200w, https:\/\/www.wallendorff.com\/belogue\/wp-content\/uploads\/2016\/07\/20160728-23-300x200.jpg 300w, https:\/\/www.wallendorff.com\/belogue\/wp-content\/uploads\/2016\/07\/20160728-23-525x350.jpg 525w, https:\/\/www.wallendorff.com\/belogue\/wp-content\/uploads\/2016\/07\/20160728-23-600x400.jpg 600w\" sizes=\"(max-width: 820px) 100vw, 820px\" \/><\/a>\n\t\t\t<\/div>\n\t\t\t\t<figcaption class='wp-caption-text gallery-caption' id='gallery-1-31854'>\n\t\t\t\tJa\u00efn @ Pal\u00e9o Festival, Nyon, 21\/07\/2016\n\t\t\t\t<\/figcaption><\/figure><figure class='gallery-item'>\n\t\t\t<div class='gallery-icon landscape'>\n\t\t\t\t<a href='https:\/\/www.wallendorff.com\/belogue\/2016\/07\/28\/paleo-festival-2016-jour-3\/jain-paleo-festival-nyon-21072016-5\/'><img loading=\"lazy\" decoding=\"async\" width=\"820\" height=\"547\" src=\"https:\/\/www.wallendorff.com\/belogue\/wp-content\/uploads\/2016\/07\/20160728-24.jpg\" class=\"attachment-large size-large\" alt=\"\" aria-describedby=\"gallery-1-31855\" srcset=\"https:\/\/www.wallendorff.com\/belogue\/wp-content\/uploads\/2016\/07\/20160728-24.jpg 820w, https:\/\/www.wallendorff.com\/belogue\/wp-content\/uploads\/2016\/07\/20160728-24-200x133.jpg 200w, https:\/\/www.wallendorff.com\/belogue\/wp-content\/uploads\/2016\/07\/20160728-24-300x200.jpg 300w, https:\/\/www.wallendorff.com\/belogue\/wp-content\/uploads\/2016\/07\/20160728-24-525x350.jpg 525w, https:\/\/www.wallendorff.com\/belogue\/wp-content\/uploads\/2016\/07\/20160728-24-600x400.jpg 600w\" sizes=\"(max-width: 820px) 100vw, 820px\" \/><\/a>\n\t\t\t<\/div>\n\t\t\t\t<figcaption class='wp-caption-text gallery-caption' id='gallery-1-31855'>\n\t\t\t\tJa\u00efn @ Pal\u00e9o Festival, Nyon, 21\/07\/2016\n\t\t\t\t<\/figcaption><\/figure><figure class='gallery-item'>\n\t\t\t<div class='gallery-icon landscape'>\n\t\t\t\t<a href='https:\/\/www.wallendorff.com\/belogue\/2016\/07\/28\/paleo-festival-2016-jour-3\/paleo-festival-nyon-21072016-8\/'><img loading=\"lazy\" decoding=\"async\" width=\"820\" height=\"547\" src=\"https:\/\/www.wallendorff.com\/belogue\/wp-content\/uploads\/2016\/07\/20160728-25.jpg\" class=\"attachment-large size-large\" alt=\"\" aria-describedby=\"gallery-1-31856\" srcset=\"https:\/\/www.wallendorff.com\/belogue\/wp-content\/uploads\/2016\/07\/20160728-25.jpg 820w, https:\/\/www.wallendorff.com\/belogue\/wp-content\/uploads\/2016\/07\/20160728-25-200x133.jpg 200w, https:\/\/www.wallendorff.com\/belogue\/wp-content\/uploads\/2016\/07\/20160728-25-300x200.jpg 300w, https:\/\/www.wallendorff.com\/belogue\/wp-content\/uploads\/2016\/07\/20160728-25-525x350.jpg 525w, https:\/\/www.wallendorff.com\/belogue\/wp-content\/uploads\/2016\/07\/20160728-25-600x400.jpg 600w\" sizes=\"(max-width: 820px) 100vw, 820px\" \/><\/a>\n\t\t\t<\/div>\n\t\t\t\t<figcaption class='wp-caption-text gallery-caption' id='gallery-1-31856'>\n\t\t\t\tPal\u00e9o Festival, Nyon, 21\/07\/2016\n\t\t\t\t<\/figcaption><\/figure><figure class='gallery-item'>\n\t\t\t<div class='gallery-icon portrait'>\n\t\t\t\t<a href='https:\/\/www.wallendorff.com\/belogue\/2016\/07\/28\/paleo-festival-2016-jour-3\/paleo-festival-nyon-21072016-9\/'><img loading=\"lazy\" decoding=\"async\" width=\"547\" height=\"820\" src=\"https:\/\/www.wallendorff.com\/belogue\/wp-content\/uploads\/2016\/07\/20160728-26.jpg\" class=\"attachment-large size-large\" alt=\"\" aria-describedby=\"gallery-1-31857\" srcset=\"https:\/\/www.wallendorff.com\/belogue\/wp-content\/uploads\/2016\/07\/20160728-26.jpg 547w, https:\/\/www.wallendorff.com\/belogue\/wp-content\/uploads\/2016\/07\/20160728-26-133x200.jpg 133w, https:\/\/www.wallendorff.com\/belogue\/wp-content\/uploads\/2016\/07\/20160728-26-200x300.jpg 200w, https:\/\/www.wallendorff.com\/belogue\/wp-content\/uploads\/2016\/07\/20160728-26-233x350.jpg 233w\" sizes=\"(max-width: 547px) 100vw, 547px\" \/><\/a>\n\t\t\t<\/div>\n\t\t\t\t<figcaption class='wp-caption-text gallery-caption' id='gallery-1-31857'>\n\t\t\t\tPal\u00e9o Festival, Nyon, 21\/07\/2016\n\t\t\t\t<\/figcaption><\/figure><figure class='gallery-item'>\n\t\t\t<div class='gallery-icon landscape'>\n\t\t\t\t<a href='https:\/\/www.wallendorff.com\/belogue\/2016\/07\/28\/paleo-festival-2016-jour-3\/stephan-eicher-und-die-automaten-paleo-festival-nyon-21072016\/'><img loading=\"lazy\" decoding=\"async\" width=\"820\" height=\"547\" src=\"https:\/\/www.wallendorff.com\/belogue\/wp-content\/uploads\/2016\/07\/20160728-27.jpg\" class=\"attachment-large size-large\" alt=\"\" aria-describedby=\"gallery-1-31858\" srcset=\"https:\/\/www.wallendorff.com\/belogue\/wp-content\/uploads\/2016\/07\/20160728-27.jpg 820w, https:\/\/www.wallendorff.com\/belogue\/wp-content\/uploads\/2016\/07\/20160728-27-200x133.jpg 200w, https:\/\/www.wallendorff.com\/belogue\/wp-content\/uploads\/2016\/07\/20160728-27-300x200.jpg 300w, https:\/\/www.wallendorff.com\/belogue\/wp-content\/uploads\/2016\/07\/20160728-27-525x350.jpg 525w, https:\/\/www.wallendorff.com\/belogue\/wp-content\/uploads\/2016\/07\/20160728-27-600x400.jpg 600w\" sizes=\"(max-width: 820px) 100vw, 820px\" \/><\/a>\n\t\t\t<\/div>\n\t\t\t\t<figcaption class='wp-caption-text gallery-caption' id='gallery-1-31858'>\n\t\t\t\tStephan Eicher und die Automaten @ Pal\u00e9o Festival, Nyon, 21\/07\/2016\n\t\t\t\t<\/figcaption><\/figure><figure class='gallery-item'>\n\t\t\t<div class='gallery-icon landscape'>\n\t\t\t\t<a href='https:\/\/www.wallendorff.com\/belogue\/2016\/07\/28\/paleo-festival-2016-jour-3\/stephan-eicher-und-die-automaten-paleo-festival-nyon-21072016-2\/'><img loading=\"lazy\" decoding=\"async\" width=\"820\" height=\"547\" src=\"https:\/\/www.wallendorff.com\/belogue\/wp-content\/uploads\/2016\/07\/20160728-28.jpg\" class=\"attachment-large size-large\" alt=\"\" aria-describedby=\"gallery-1-31859\" srcset=\"https:\/\/www.wallendorff.com\/belogue\/wp-content\/uploads\/2016\/07\/20160728-28.jpg 820w, https:\/\/www.wallendorff.com\/belogue\/wp-content\/uploads\/2016\/07\/20160728-28-200x133.jpg 200w, https:\/\/www.wallendorff.com\/belogue\/wp-content\/uploads\/2016\/07\/20160728-28-300x200.jpg 300w, https:\/\/www.wallendorff.com\/belogue\/wp-content\/uploads\/2016\/07\/20160728-28-525x350.jpg 525w, https:\/\/www.wallendorff.com\/belogue\/wp-content\/uploads\/2016\/07\/20160728-28-600x400.jpg 600w\" sizes=\"(max-width: 820px) 100vw, 820px\" \/><\/a>\n\t\t\t<\/div>\n\t\t\t\t<figcaption class='wp-caption-text gallery-caption' id='gallery-1-31859'>\n\t\t\t\tStephan Eicher und die Automaten @ Pal\u00e9o Festival, Nyon, 21\/07\/2016\n\t\t\t\t<\/figcaption><\/figure><figure class='gallery-item'>\n\t\t\t<div class='gallery-icon landscape'>\n\t\t\t\t<a href='https:\/\/www.wallendorff.com\/belogue\/2016\/07\/28\/paleo-festival-2016-jour-3\/stephan-eicher-und-die-automaten-paleo-festival-nyon-21072016-3\/'><img loading=\"lazy\" decoding=\"async\" width=\"820\" height=\"547\" src=\"https:\/\/www.wallendorff.com\/belogue\/wp-content\/uploads\/2016\/07\/20160728-29.jpg\" class=\"attachment-large size-large\" alt=\"\" aria-describedby=\"gallery-1-31860\" srcset=\"https:\/\/www.wallendorff.com\/belogue\/wp-content\/uploads\/2016\/07\/20160728-29.jpg 820w, https:\/\/www.wallendorff.com\/belogue\/wp-content\/uploads\/2016\/07\/20160728-29-200x133.jpg 200w, https:\/\/www.wallendorff.com\/belogue\/wp-content\/uploads\/2016\/07\/20160728-29-300x200.jpg 300w, https:\/\/www.wallendorff.com\/belogue\/wp-content\/uploads\/2016\/07\/20160728-29-525x350.jpg 525w, https:\/\/www.wallendorff.com\/belogue\/wp-content\/uploads\/2016\/07\/20160728-29-600x400.jpg 600w\" sizes=\"(max-width: 820px) 100vw, 820px\" \/><\/a>\n\t\t\t<\/div>\n\t\t\t\t<figcaption class='wp-caption-text gallery-caption' id='gallery-1-31860'>\n\t\t\t\tStephan Eicher und die Automaten @ Pal\u00e9o Festival, Nyon, 21\/07\/2016\n\t\t\t\t<\/figcaption><\/figure><figure class='gallery-item'>\n\t\t\t<div class='gallery-icon landscape'>\n\t\t\t\t<a href='https:\/\/www.wallendorff.com\/belogue\/2016\/07\/28\/paleo-festival-2016-jour-3\/stephan-eicher-und-die-automaten-paleo-festival-nyon-21072016-4\/'><img loading=\"lazy\" decoding=\"async\" width=\"820\" height=\"547\" src=\"https:\/\/www.wallendorff.com\/belogue\/wp-content\/uploads\/2016\/07\/20160728-30.jpg\" class=\"attachment-large size-large\" alt=\"\" aria-describedby=\"gallery-1-31861\" srcset=\"https:\/\/www.wallendorff.com\/belogue\/wp-content\/uploads\/2016\/07\/20160728-30.jpg 820w, https:\/\/www.wallendorff.com\/belogue\/wp-content\/uploads\/2016\/07\/20160728-30-200x133.jpg 200w, https:\/\/www.wallendorff.com\/belogue\/wp-content\/uploads\/2016\/07\/20160728-30-300x200.jpg 300w, https:\/\/www.wallendorff.com\/belogue\/wp-content\/uploads\/2016\/07\/20160728-30-525x350.jpg 525w, https:\/\/www.wallendorff.com\/belogue\/wp-content\/uploads\/2016\/07\/20160728-30-600x400.jpg 600w\" sizes=\"(max-width: 820px) 100vw, 820px\" \/><\/a>\n\t\t\t<\/div>\n\t\t\t\t<figcaption class='wp-caption-text gallery-caption' id='gallery-1-31861'>\n\t\t\t\tStephan Eicher und die Automaten @ Pal\u00e9o Festival, Nyon, 21\/07\/2016\n\t\t\t\t<\/figcaption><\/figure><figure class='gallery-item'>\n\t\t\t<div class='gallery-icon landscape'>\n\t\t\t\t<a href='https:\/\/www.wallendorff.com\/belogue\/2016\/07\/28\/paleo-festival-2016-jour-3\/stephan-eicher-und-die-automaten-paleo-festival-nyon-21072016-5\/'><img loading=\"lazy\" decoding=\"async\" width=\"820\" height=\"547\" src=\"https:\/\/www.wallendorff.com\/belogue\/wp-content\/uploads\/2016\/07\/20160728-31.jpg\" class=\"attachment-large size-large\" alt=\"\" aria-describedby=\"gallery-1-31862\" srcset=\"https:\/\/www.wallendorff.com\/belogue\/wp-content\/uploads\/2016\/07\/20160728-31.jpg 820w, https:\/\/www.wallendorff.com\/belogue\/wp-content\/uploads\/2016\/07\/20160728-31-200x133.jpg 200w, https:\/\/www.wallendorff.com\/belogue\/wp-content\/uploads\/2016\/07\/20160728-31-300x200.jpg 300w, https:\/\/www.wallendorff.com\/belogue\/wp-content\/uploads\/2016\/07\/20160728-31-525x350.jpg 525w, https:\/\/www.wallendorff.com\/belogue\/wp-content\/uploads\/2016\/07\/20160728-31-600x400.jpg 600w\" sizes=\"(max-width: 820px) 100vw, 820px\" \/><\/a>\n\t\t\t<\/div>\n\t\t\t\t<figcaption class='wp-caption-text gallery-caption' id='gallery-1-31862'>\n\t\t\t\tStephan Eicher und die Automaten @ Pal\u00e9o Festival, Nyon, 21\/07\/2016\n\t\t\t\t<\/figcaption><\/figure><figure class='gallery-item'>\n\t\t\t<div class='gallery-icon landscape'>\n\t\t\t\t<a href='https:\/\/www.wallendorff.com\/belogue\/2016\/07\/28\/paleo-festival-2016-jour-3\/paleo-festival-nyon-21072016-10\/'><img loading=\"lazy\" decoding=\"async\" width=\"820\" height=\"547\" src=\"https:\/\/www.wallendorff.com\/belogue\/wp-content\/uploads\/2016\/07\/20160728-32.jpg\" class=\"attachment-large size-large\" alt=\"\" aria-describedby=\"gallery-1-31863\" srcset=\"https:\/\/www.wallendorff.com\/belogue\/wp-content\/uploads\/2016\/07\/20160728-32.jpg 820w, https:\/\/www.wallendorff.com\/belogue\/wp-content\/uploads\/2016\/07\/20160728-32-200x133.jpg 200w, https:\/\/www.wallendorff.com\/belogue\/wp-content\/uploads\/2016\/07\/20160728-32-300x200.jpg 300w, https:\/\/www.wallendorff.com\/belogue\/wp-content\/uploads\/2016\/07\/20160728-32-525x350.jpg 525w, https:\/\/www.wallendorff.com\/belogue\/wp-content\/uploads\/2016\/07\/20160728-32-600x400.jpg 600w\" sizes=\"(max-width: 820px) 100vw, 820px\" \/><\/a>\n\t\t\t<\/div>\n\t\t\t\t<figcaption class='wp-caption-text gallery-caption' id='gallery-1-31863'>\n\t\t\t\tPal\u00e9o Festival, Nyon, 21\/07\/2016\n\t\t\t\t<\/figcaption><\/figure><figure class='gallery-item'>\n\t\t\t<div class='gallery-icon landscape'>\n\t\t\t\t<a href='https:\/\/www.wallendorff.com\/belogue\/2016\/07\/28\/paleo-festival-2016-jour-3\/massive-attack-paleo-festival-nyon-21072016\/'><img loading=\"lazy\" decoding=\"async\" width=\"820\" height=\"547\" src=\"https:\/\/www.wallendorff.com\/belogue\/wp-content\/uploads\/2016\/07\/20160728-33.jpg\" class=\"attachment-large size-large\" alt=\"\" aria-describedby=\"gallery-1-31864\" srcset=\"https:\/\/www.wallendorff.com\/belogue\/wp-content\/uploads\/2016\/07\/20160728-33.jpg 820w, https:\/\/www.wallendorff.com\/belogue\/wp-content\/uploads\/2016\/07\/20160728-33-200x133.jpg 200w, https:\/\/www.wallendorff.com\/belogue\/wp-content\/uploads\/2016\/07\/20160728-33-300x200.jpg 300w, https:\/\/www.wallendorff.com\/belogue\/wp-content\/uploads\/2016\/07\/20160728-33-525x350.jpg 525w, https:\/\/www.wallendorff.com\/belogue\/wp-content\/uploads\/2016\/07\/20160728-33-600x400.jpg 600w\" sizes=\"(max-width: 820px) 100vw, 820px\" \/><\/a>\n\t\t\t<\/div>\n\t\t\t\t<figcaption class='wp-caption-text gallery-caption' id='gallery-1-31864'>\n\t\t\t\tMassive Attack @ Pal\u00e9o Festival, Nyon, 21\/07\/2016\n\t\t\t\t<\/figcaption><\/figure><figure class='gallery-item'>\n\t\t\t<div class='gallery-icon landscape'>\n\t\t\t\t<a href='https:\/\/www.wallendorff.com\/belogue\/2016\/07\/28\/paleo-festival-2016-jour-3\/paleo-festival-nyon-21072016-11\/'><img loading=\"lazy\" decoding=\"async\" width=\"820\" height=\"547\" src=\"https:\/\/www.wallendorff.com\/belogue\/wp-content\/uploads\/2016\/07\/20160728-34.jpg\" class=\"attachment-large size-large\" alt=\"\" aria-describedby=\"gallery-1-31865\" srcset=\"https:\/\/www.wallendorff.com\/belogue\/wp-content\/uploads\/2016\/07\/20160728-34.jpg 820w, https:\/\/www.wallendorff.com\/belogue\/wp-content\/uploads\/2016\/07\/20160728-34-200x133.jpg 200w, https:\/\/www.wallendorff.com\/belogue\/wp-content\/uploads\/2016\/07\/20160728-34-300x200.jpg 300w, https:\/\/www.wallendorff.com\/belogue\/wp-content\/uploads\/2016\/07\/20160728-34-525x350.jpg 525w, https:\/\/www.wallendorff.com\/belogue\/wp-content\/uploads\/2016\/07\/20160728-34-600x400.jpg 600w\" sizes=\"(max-width: 820px) 100vw, 820px\" \/><\/a>\n\t\t\t<\/div>\n\t\t\t\t<figcaption class='wp-caption-text gallery-caption' id='gallery-1-31865'>\n\t\t\t\tPal\u00e9o Festival, Nyon, 21\/07\/2016\n\t\t\t\t<\/figcaption><\/figure><figure class='gallery-item'>\n\t\t\t<div class='gallery-icon portrait'>\n\t\t\t\t<a href='https:\/\/www.wallendorff.com\/belogue\/2016\/07\/28\/paleo-festival-2016-jour-3\/massive-attack-paleo-festival-nyon-21072016-2\/'><img loading=\"lazy\" decoding=\"async\" width=\"547\" height=\"820\" src=\"https:\/\/www.wallendorff.com\/belogue\/wp-content\/uploads\/2016\/07\/20160728-35.jpg\" class=\"attachment-large size-large\" alt=\"\" aria-describedby=\"gallery-1-31866\" srcset=\"https:\/\/www.wallendorff.com\/belogue\/wp-content\/uploads\/2016\/07\/20160728-35.jpg 547w, https:\/\/www.wallendorff.com\/belogue\/wp-content\/uploads\/2016\/07\/20160728-35-133x200.jpg 133w, https:\/\/www.wallendorff.com\/belogue\/wp-content\/uploads\/2016\/07\/20160728-35-200x300.jpg 200w, https:\/\/www.wallendorff.com\/belogue\/wp-content\/uploads\/2016\/07\/20160728-35-233x350.jpg 233w\" sizes=\"(max-width: 547px) 100vw, 547px\" \/><\/a>\n\t\t\t<\/div>\n\t\t\t\t<figcaption class='wp-caption-text gallery-caption' id='gallery-1-31866'>\n\t\t\t\tMassive Attack @ Pal\u00e9o Festival, Nyon, 21\/07\/2016\n\t\t\t\t<\/figcaption><\/figure><figure class='gallery-item'>\n\t\t\t<div class='gallery-icon landscape'>\n\t\t\t\t<a href='https:\/\/www.wallendorff.com\/belogue\/2016\/07\/28\/paleo-festival-2016-jour-3\/paleo-festival-nyon-21072016-12\/'><img loading=\"lazy\" decoding=\"async\" width=\"820\" height=\"547\" src=\"https:\/\/www.wallendorff.com\/belogue\/wp-content\/uploads\/2016\/07\/20160728-36.jpg\" class=\"attachment-large size-large\" alt=\"\" aria-describedby=\"gallery-1-31867\" srcset=\"https:\/\/www.wallendorff.com\/belogue\/wp-content\/uploads\/2016\/07\/20160728-36.jpg 820w, https:\/\/www.wallendorff.com\/belogue\/wp-content\/uploads\/2016\/07\/20160728-36-200x133.jpg 200w, https:\/\/www.wallendorff.com\/belogue\/wp-content\/uploads\/2016\/07\/20160728-36-300x200.jpg 300w, https:\/\/www.wallendorff.com\/belogue\/wp-content\/uploads\/2016\/07\/20160728-36-525x350.jpg 525w, https:\/\/www.wallendorff.com\/belogue\/wp-content\/uploads\/2016\/07\/20160728-36-600x400.jpg 600w\" sizes=\"(max-width: 820px) 100vw, 820px\" \/><\/a>\n\t\t\t<\/div>\n\t\t\t\t<figcaption class='wp-caption-text gallery-caption' id='gallery-1-31867'>\n\t\t\t\tPal\u00e9o Festival, Nyon, 21\/07\/2016\n\t\t\t\t<\/figcaption><\/figure><figure class='gallery-item'>\n\t\t\t<div class='gallery-icon landscape'>\n\t\t\t\t<a href='https:\/\/www.wallendorff.com\/belogue\/2016\/07\/28\/paleo-festival-2016-jour-3\/massive-attack-paleo-festival-nyon-21072016-3\/'><img loading=\"lazy\" decoding=\"async\" width=\"820\" height=\"547\" src=\"https:\/\/www.wallendorff.com\/belogue\/wp-content\/uploads\/2016\/07\/20160728-37.jpg\" class=\"attachment-large size-large\" alt=\"\" aria-describedby=\"gallery-1-31868\" srcset=\"https:\/\/www.wallendorff.com\/belogue\/wp-content\/uploads\/2016\/07\/20160728-37.jpg 820w, https:\/\/www.wallendorff.com\/belogue\/wp-content\/uploads\/2016\/07\/20160728-37-200x133.jpg 200w, https:\/\/www.wallendorff.com\/belogue\/wp-content\/uploads\/2016\/07\/20160728-37-300x200.jpg 300w, https:\/\/www.wallendorff.com\/belogue\/wp-content\/uploads\/2016\/07\/20160728-37-525x350.jpg 525w, https:\/\/www.wallendorff.com\/belogue\/wp-content\/uploads\/2016\/07\/20160728-37-600x400.jpg 600w\" sizes=\"(max-width: 820px) 100vw, 820px\" \/><\/a>\n\t\t\t<\/div>\n\t\t\t\t<figcaption class='wp-caption-text gallery-caption' id='gallery-1-31868'>\n\t\t\t\tMassive Attack @ Pal\u00e9o Festival, Nyon, 21\/07\/2016\n\t\t\t\t<\/figcaption><\/figure><figure class='gallery-item'>\n\t\t\t<div class='gallery-icon landscape'>\n\t\t\t\t<a href='https:\/\/www.wallendorff.com\/belogue\/2016\/07\/28\/paleo-festival-2016-jour-3\/massive-attack-paleo-festival-nyon-21072016-4\/'><img loading=\"lazy\" decoding=\"async\" width=\"820\" height=\"547\" src=\"https:\/\/www.wallendorff.com\/belogue\/wp-content\/uploads\/2016\/07\/20160728-38.jpg\" class=\"attachment-large size-large\" alt=\"\" aria-describedby=\"gallery-1-31869\" srcset=\"https:\/\/www.wallendorff.com\/belogue\/wp-content\/uploads\/2016\/07\/20160728-38.jpg 820w, https:\/\/www.wallendorff.com\/belogue\/wp-content\/uploads\/2016\/07\/20160728-38-200x133.jpg 200w, https:\/\/www.wallendorff.com\/belogue\/wp-content\/uploads\/2016\/07\/20160728-38-300x200.jpg 300w, https:\/\/www.wallendorff.com\/belogue\/wp-content\/uploads\/2016\/07\/20160728-38-525x350.jpg 525w, https:\/\/www.wallendorff.com\/belogue\/wp-content\/uploads\/2016\/07\/20160728-38-600x400.jpg 600w\" sizes=\"(max-width: 820px) 100vw, 820px\" \/><\/a>\n\t\t\t<\/div>\n\t\t\t\t<figcaption class='wp-caption-text gallery-caption' id='gallery-1-31869'>\n\t\t\t\tMassive Attack @ Pal\u00e9o Festival, Nyon, 21\/07\/2016\n\t\t\t\t<\/figcaption><\/figure><figure class='gallery-item'>\n\t\t\t<div class='gallery-icon portrait'>\n\t\t\t\t<a href='https:\/\/www.wallendorff.com\/belogue\/2016\/07\/28\/paleo-festival-2016-jour-3\/massive-attack-paleo-festival-nyon-21072016-5\/'><img loading=\"lazy\" decoding=\"async\" width=\"547\" height=\"820\" src=\"https:\/\/www.wallendorff.com\/belogue\/wp-content\/uploads\/2016\/07\/20160728-39.jpg\" class=\"attachment-large size-large\" alt=\"\" aria-describedby=\"gallery-1-31870\" srcset=\"https:\/\/www.wallendorff.com\/belogue\/wp-content\/uploads\/2016\/07\/20160728-39.jpg 547w, https:\/\/www.wallendorff.com\/belogue\/wp-content\/uploads\/2016\/07\/20160728-39-133x200.jpg 133w, https:\/\/www.wallendorff.com\/belogue\/wp-content\/uploads\/2016\/07\/20160728-39-200x300.jpg 200w, https:\/\/www.wallendorff.com\/belogue\/wp-content\/uploads\/2016\/07\/20160728-39-233x350.jpg 233w\" sizes=\"(max-width: 547px) 100vw, 547px\" \/><\/a>\n\t\t\t<\/div>\n\t\t\t\t<figcaption class='wp-caption-text gallery-caption' id='gallery-1-31870'>\n\t\t\t\tMassive Attack @ Pal\u00e9o Festival, Nyon, 21\/07\/2016\n\t\t\t\t<\/figcaption><\/figure>\n\t\t<\/div>\n\n","protected":false},"excerpt":{"rendered":"<p>L&rsquo;int&eacute;gralit&eacute; des photos est disponible sur ce lien.<\/p>\n","protected":false},"author":1,"featured_media":31872,"comment_status":"open","ping_status":"open","sticky":false,"template":"","format":"standard","meta":{"_acf_changed":false,"ngg_post_thumbnail":0,"jetpack_post_was_ever_published":false,"_jetpack_newsletter_access":"","_jetpack_dont_email_post_to_subs":false,"_jetpack_newsletter_tier_id":0,"_jetpack_memberships_contains_paywalled_content":false,"_jetpack_memberships_contains_paid_content":false,"footnotes":"","jetpack_publicize_message":"","jetpack_publicize_feature_enabled":true,"jetpack_social_post_already_shared":true,"jetpack_social_options":{"image_generator_settings":{"template":"highway","default_image_id":0,"font":"","enabled":false},"version":2}},"categories":[7],"tags":[12813,10084,6103,10887,7859,10136,13163,13164,13165,10168,10449,1708,13152,12099,10135,1067,13166,10886,10007],"class_list":["post-31830","post","type-post","status-publish","format-standard","has-post-thumbnail","hentry","category-alive","tag-12813","tag-alive","tag-ambiance-2","tag-canton-de-vaud","tag-district-de-nyon","tag-festival","tag-francis-cabrel","tag-jain","tag-marina-kaye","tag-massive-attack","tag-nyon","tag-paleo-festival","tag-paleo-festival-2016","tag-plaine-de-lasse","tag-public","tag-stephan-eicher","tag-stephan-eicher-und-die-automaten","tag-suisse","tag-trelex"],"acf":[],"geo":{"latitude":46.4043083,"longitude":6.2068462,"description":"Signy, Canton de Vaud, 1274, CH"},"jetpack_publicize_connections":[],"jetpack_featured_media_url":"https:\/\/www.wallendorff.com\/belogue\/wp-content\/uploads\/2016\/07\/20160728-06-1.jpg","jetpack_shortlink":"https:\/\/wp.me\/p3b35P-8ho","jetpack_sharing_enabled":true,"jetpack-related-posts":[{"id":43122,"url":"https:\/\/www.wallendorff.com\/belogue\/2019\/07\/29\/paleo-festival-2019-nyon-jour-5\/","url_meta":{"origin":31830,"position":0},"title":"Pal\u00e9o Festival 2019, Nyon, jour 5.","author":"dpc","date":"29 juillet 2019","format":false,"excerpt":"","rel":"","context":"Dans &quot;Alive&quot;","block_context":{"text":"Alive","link":"https:\/\/www.wallendorff.com\/belogue\/category\/alive\/"},"img":{"alt_text":"","src":"https:\/\/i0.wp.com\/www.wallendorff.com\/belogue\/wp-content\/uploads\/2019\/07\/20190729-40.jpg?resize=350%2C200&ssl=1","width":350,"height":200,"srcset":"https:\/\/i0.wp.com\/www.wallendorff.com\/belogue\/wp-content\/uploads\/2019\/07\/20190729-40.jpg?resize=350%2C200&ssl=1 1x, https:\/\/i0.wp.com\/www.wallendorff.com\/belogue\/wp-content\/uploads\/2019\/07\/20190729-40.jpg?resize=525%2C300&ssl=1 1.5x, https:\/\/i0.wp.com\/www.wallendorff.com\/belogue\/wp-content\/uploads\/2019\/07\/20190729-40.jpg?resize=700%2C400&ssl=1 2x, https:\/\/i0.wp.com\/www.wallendorff.com\/belogue\/wp-content\/uploads\/2019\/07\/20190729-40.jpg?resize=1050%2C600&ssl=1 3x"},"classes":[]},{"id":46270,"url":"https:\/\/www.wallendorff.com\/belogue\/2020\/07\/23\/8-ans-de-paleo-festival-2016\/","url_meta":{"origin":31830,"position":1},"title":"8 ans de Pal\u00e9o Festival : 2016","author":"dpc","date":"23 juillet 2020","format":false,"excerpt":"","rel":"","context":"Dans &quot;Alive&quot;","block_context":{"text":"Alive","link":"https:\/\/www.wallendorff.com\/belogue\/category\/alive\/"},"img":{"alt_text":"","src":"https:\/\/i0.wp.com\/www.wallendorff.com\/belogue\/wp-content\/uploads\/2020\/07\/20200723-04.jpg?resize=350%2C200&ssl=1","width":350,"height":200,"srcset":"https:\/\/i0.wp.com\/www.wallendorff.com\/belogue\/wp-content\/uploads\/2020\/07\/20200723-04.jpg?resize=350%2C200&ssl=1 1x, https:\/\/i0.wp.com\/www.wallendorff.com\/belogue\/wp-content\/uploads\/2020\/07\/20200723-04.jpg?resize=525%2C300&ssl=1 1.5x, https:\/\/i0.wp.com\/www.wallendorff.com\/belogue\/wp-content\/uploads\/2020\/07\/20200723-04.jpg?resize=700%2C400&ssl=1 2x, https:\/\/i0.wp.com\/www.wallendorff.com\/belogue\/wp-content\/uploads\/2020\/07\/20200723-04.jpg?resize=1050%2C600&ssl=1 3x"},"classes":[]},{"id":43264,"url":"https:\/\/www.wallendorff.com\/belogue\/2019\/07\/31\/paleo-festival-nyon-2012-2018\/","url_meta":{"origin":31830,"position":2},"title":"Pal\u00e9o Festival Nyon 2012 \u2013 2018","author":"dpc","date":"31 juillet 2019","format":false,"excerpt":"Je vous mets ici l'int\u00e9gralit\u00e9 des photos expos\u00e9es \u00e0 la Galerie durant la 44e \u00e9dition du Pal\u00e9o Festival, Nyon, 23 \u2013 28 juillet 2019. Elles retracent mes 7 premi\u00e8res \u00e9ditions du festival et sont class\u00e9es presque dans l'ordre chronologique. J'en profite pour remercier \u00e0 nouveau l'\u00e9quipe du festival pour m'avoir\u2026","rel":"","context":"Dans &quot;DPC&quot;","block_context":{"text":"DPC","link":"https:\/\/www.wallendorff.com\/belogue\/category\/dpc\/"},"img":{"alt_text":"","src":"https:\/\/i0.wp.com\/www.wallendorff.com\/belogue\/wp-content\/uploads\/2019\/07\/20190731-45.jpg?resize=350%2C200&ssl=1","width":350,"height":200,"srcset":"https:\/\/i0.wp.com\/www.wallendorff.com\/belogue\/wp-content\/uploads\/2019\/07\/20190731-45.jpg?resize=350%2C200&ssl=1 1x, https:\/\/i0.wp.com\/www.wallendorff.com\/belogue\/wp-content\/uploads\/2019\/07\/20190731-45.jpg?resize=525%2C300&ssl=1 1.5x, https:\/\/i0.wp.com\/www.wallendorff.com\/belogue\/wp-content\/uploads\/2019\/07\/20190731-45.jpg?resize=700%2C400&ssl=1 2x, https:\/\/i0.wp.com\/www.wallendorff.com\/belogue\/wp-content\/uploads\/2019\/07\/20190731-45.jpg?resize=1050%2C600&ssl=1 3x"},"classes":[]},{"id":46364,"url":"https:\/\/www.wallendorff.com\/belogue\/2020\/07\/26\/8-ans-de-paleo-festival-2019\/","url_meta":{"origin":31830,"position":3},"title":"8 ans de Pal\u00e9o Festival : 2019.","author":"dpc","date":"26 juillet 2020","format":false,"excerpt":"","rel":"","context":"Dans &quot;Alive&quot;","block_context":{"text":"Alive","link":"https:\/\/www.wallendorff.com\/belogue\/category\/alive\/"},"img":{"alt_text":"","src":"https:\/\/i0.wp.com\/www.wallendorff.com\/belogue\/wp-content\/uploads\/2020\/07\/20200726-15.jpg?resize=350%2C200&ssl=1","width":350,"height":200,"srcset":"https:\/\/i0.wp.com\/www.wallendorff.com\/belogue\/wp-content\/uploads\/2020\/07\/20200726-15.jpg?resize=350%2C200&ssl=1 1x, https:\/\/i0.wp.com\/www.wallendorff.com\/belogue\/wp-content\/uploads\/2020\/07\/20200726-15.jpg?resize=525%2C300&ssl=1 1.5x, https:\/\/i0.wp.com\/www.wallendorff.com\/belogue\/wp-content\/uploads\/2020\/07\/20200726-15.jpg?resize=700%2C400&ssl=1 2x, https:\/\/i0.wp.com\/www.wallendorff.com\/belogue\/wp-content\/uploads\/2020\/07\/20200726-15.jpg?resize=1050%2C600&ssl=1 3x"},"classes":[]},{"id":33318,"url":"https:\/\/www.wallendorff.com\/belogue\/2016\/12\/28\/2016-en-3\/","url_meta":{"origin":31830,"position":4},"title":"2016 en&#8230; #3.","author":"dpc","date":"28 d\u00e9cembre 2016","format":false,"excerpt":"2016 en 10 concerts. Autant leur dernier concert de 2015 marqua l'ann\u00e9e pour les mauvaises raisons, autant, cette fois-ci, ce fut pour les bonnes. Des 151 entr\u00e9es en sc\u00e8ne auxquelles j'ai assist\u00e9 cette ann\u00e9e, celle de l'Olympia du 16 f\u00e9vrier restera inoubliable. Je n'avais jamais entendu un public hurler aussi\u2026","rel":"","context":"Dans &quot;DPC&quot;","block_context":{"text":"DPC","link":"https:\/\/www.wallendorff.com\/belogue\/category\/dpc\/"},"img":{"alt_text":"","src":"https:\/\/i0.wp.com\/www.wallendorff.com\/belogue\/wp-content\/uploads\/2016\/12\/20161228.jpg?resize=350%2C200&ssl=1","width":350,"height":200,"srcset":"https:\/\/i0.wp.com\/www.wallendorff.com\/belogue\/wp-content\/uploads\/2016\/12\/20161228.jpg?resize=350%2C200&ssl=1 1x, https:\/\/i0.wp.com\/www.wallendorff.com\/belogue\/wp-content\/uploads\/2016\/12\/20161228.jpg?resize=525%2C300&ssl=1 1.5x, https:\/\/i0.wp.com\/www.wallendorff.com\/belogue\/wp-content\/uploads\/2016\/12\/20161228.jpg?resize=700%2C400&ssl=1 2x"},"classes":[]},{"id":32070,"url":"https:\/\/www.wallendorff.com\/belogue\/2016\/07\/31\/juillet-2016\/","url_meta":{"origin":31830,"position":5},"title":"Juillet 2016","author":"dpc","date":"31 juillet 2016","format":false,"excerpt":"Une bi\u00e8re, un festival, un photographe, un ponton, des photographes, un verre, un festival, une bi\u00e8re, un chat pr\u00e9nomm\u00e9 Schublig, un balcon, un trou, un festival, un enregistrement, un vol de walkyries, un bar, un concert, un d\u00e9fil\u00e9, une bi\u00e8re, des photographes, un festival, un saut, des croissants, une bi\u00e8re,\u2026","rel":"","context":"Dans &quot;Blog-note&quot;","block_context":{"text":"Blog-note","link":"https:\/\/www.wallendorff.com\/belogue\/category\/blog-note\/"},"img":{"alt_text":"","src":"https:\/\/i0.wp.com\/www.wallendorff.com\/belogue\/wp-content\/uploads\/2016\/08\/20160817-78-1.jpg?resize=350%2C200&ssl=1","width":350,"height":200,"srcset":"https:\/\/i0.wp.com\/www.wallendorff.com\/belogue\/wp-content\/uploads\/2016\/08\/20160817-78-1.jpg?resize=350%2C200&ssl=1 1x, https:\/\/i0.wp.com\/www.wallendorff.com\/belogue\/wp-content\/uploads\/2016\/08\/20160817-78-1.jpg?resize=525%2C300&ssl=1 1.5x, https:\/\/i0.wp.com\/www.wallendorff.com\/belogue\/wp-content\/uploads\/2016\/08\/20160817-78-1.jpg?resize=700%2C400&ssl=1 2x"},"classes":[]}],"_links":{"self":[{"href":"https:\/\/www.wallendorff.com\/belogue\/wp-json\/wp\/v2\/posts\/31830","targetHints":{"allow":["GET"]}}],"collection":[{"href":"https:\/\/www.wallendorff.com\/belogue\/wp-json\/wp\/v2\/posts"}],"about":[{"href":"https:\/\/www.wallendorff.com\/belogue\/wp-json\/wp\/v2\/types\/post"}],"author":[{"embeddable":true,"href":"https:\/\/www.wallendorff.com\/belogue\/wp-json\/wp\/v2\/users\/1"}],"replies":[{"embeddable":true,"href":"https:\/\/www.wallendorff.com\/belogue\/wp-json\/wp\/v2\/comments?post=31830"}],"version-history":[{"count":3,"href":"https:\/\/www.wallendorff.com\/belogue\/wp-json\/wp\/v2\/posts\/31830\/revisions"}],"predecessor-version":[{"id":32027,"href":"https:\/\/www.wallendorff.com\/belogue\/wp-json\/wp\/v2\/posts\/31830\/revisions\/32027"}],"wp:featuredmedia":[{"embeddable":true,"href":"https:\/\/www.wallendorff.com\/belogue\/wp-json\/wp\/v2\/media\/31872"}],"wp:attachment":[{"href":"https:\/\/www.wallendorff.com\/belogue\/wp-json\/wp\/v2\/media?parent=31830"}],"wp:term":[{"taxonomy":"category","embeddable":true,"href":"https:\/\/www.wallendorff.com\/belogue\/wp-json\/wp\/v2\/categories?post=31830"},{"taxonomy":"post_tag","embeddable":true,"href":"https:\/\/www.wallendorff.com\/belogue\/wp-json\/wp\/v2\/tags?post=31830"}],"curies":[{"name":"wp","href":"https:\/\/api.w.org\/{rel}","templated":true}]}}