{"id":318,"date":"2005-07-12T01:09:48","date_gmt":"2005-07-12T01:09:48","guid":{"rendered":"http:\/\/www.po-l.com\/wordpress\/?p=318"},"modified":"2012-05-30T09:35:36","modified_gmt":"2012-05-30T07:35:36","slug":"jamais-d-eux-sans-toi","status":"publish","type":"post","link":"https:\/\/www.wallendorff.com\/belogue\/2005\/07\/12\/jamais-d-eux-sans-toi\/","title":{"rendered":"Jamais d&rsquo;eux sans toi."},"content":{"rendered":"\n<div id=\"photo\">\n<p><img decoding=\"async\" src=\"http:\/\/www.po-L.com\/belogue\/photo\/2005\/07\/20050712.jpg\" \/><br \/>\n            Champs-&Eacute;lys&eacute;es &#8211; Cl&eacute;menceau, Paris, 5 juillet.<\/p>\n<\/p><\/div>\n<p style=\"text-align:right\">sdkljhf ksdj hkjgh oiuhr gkjg.<\/p>\n<p style=\"text-align:right\">gaaaaaaaaaaaa.<\/p>\n<div id=\"bandeson\">\n<p><img decoding=\"async\" src=\"https:\/\/www.wallendorff.com\/belogue\/photo\/pochettes\/w\/white_stripes_the-hotel_yorba.jpg\" align=\"left\" \/>&nbsp;<a href=\"http:\/\/www.whitestripes.com\/\">The White Stripes<\/a> &ndash; <em>Hotel Yorba<\/em> (live at Hotel Yorba)<\/p>\n<\/p><\/div>\n","protected":false},"excerpt":{"rendered":"<p>Champs-&Eacute;lys&eacute;es &#8211; Cl&eacute;menceau, Paris, 5 juillet. sdkljhf ksdj hkjgh oiuhr gkjg. gaaaaaaaaaaaa. &nbsp;The White Stripes &ndash; Hotel Yorba (live at Hotel Yorba)<\/p>\n","protected":false},"author":1,"featured_media":24258,"comment_status":"open","ping_status":"open","sticky":false,"template":"","format":"standard","meta":{"_acf_changed":false,"ngg_post_thumbnail":0,"jetpack_post_was_ever_published":false,"_jetpack_newsletter_access":"","_jetpack_dont_email_post_to_subs":false,"_jetpack_newsletter_tier_id":0,"_jetpack_memberships_contains_paywalled_content":false,"_jetpack_memberships_contains_paid_content":false,"footnotes":"","jetpack_publicize_message":"","jetpack_publicize_feature_enabled":true,"jetpack_social_post_already_shared":false,"jetpack_social_options":{"image_generator_settings":{"template":"highway","default_image_id":0,"font":"","enabled":false},"version":2}},"categories":[3],"tags":[10237,157,132,1127,10120,108,10121,1007,10301,10119,10229,143,10098,10097],"class_list":["post-318","post","type-post","status-publish","format-standard","has-post-thumbnail","hentry","category-dpc","tag-10237","tag-ef-50-mm-f18-ii","tag-eos-20d","tag-champs-elysees-clemenceau","tag-france","tag-hotel-yorba","tag-ile-de-france","tag-ligne-1","tag-ligne-13","tag-metro","tag-mur","tag-noir-et-blanc","tag-paris","tag-the-white-stripes"],"acf":[],"geo":{"latitude":48.8677216,"longitude":2.3136306,"description":null},"jetpack_publicize_connections":[],"jetpack_featured_media_url":"https:\/\/www.wallendorff.com\/belogue\/wp-content\/uploads\/2015\/04\/200507121.jpg","jetpack_shortlink":"https:\/\/wp.me\/p3b35P-58","jetpack_sharing_enabled":true,"jetpack-related-posts":[{"id":366,"url":"https:\/\/www.wallendorff.com\/belogue\/2005\/05\/24\/previously-unreleased-18\/","url_meta":{"origin":318,"position":0},"title":"Previously unreleased #18\u00b9.","author":"dpc","date":"24 mai 2005","format":false,"excerpt":"Interpol, le Z\u00e9nith, Paris, 21 avril. \"It might seem silly For me to think childish thoughts like these But I'm so tired of acting tough And I'm gonna to what i please\" lalalala \"1 2 3 4 take the elevator...\" _____ 1 Rendons \u00e0 C\u00e9sar ce qui appartient \u00e0 ses\u2026","rel":"","context":"Dans &quot;Previously unreleased&quot;","block_context":{"text":"Previously unreleased","link":"https:\/\/www.wallendorff.com\/belogue\/category\/previously-unreleased\/"},"img":{"alt_text":"","src":"https:\/\/i0.wp.com\/www.wallendorff.com\/belogue\/wp-content\/uploads\/2015\/04\/20050523-21.jpg?resize=350%2C200&ssl=1","width":350,"height":200},"classes":[]},{"id":639,"url":"https:\/\/www.wallendorff.com\/belogue\/2004\/06\/25\/the-streets-st-andrew-s-hall\/","url_meta":{"origin":318,"position":1},"title":"The Streets @ St. Andrew&rsquo;s Hall, D\u00e9troit.","author":"dpc","date":"25 juin 2004","format":false,"excerpt":"Ouais, bon, bien, pas mal, rien de sp\u00e9cial. Le mec est un marrant, il parle beaucoup, et il a un accent cockney \u00e0 couper au couteau. Mais visiblement la d\u00e9faite des Anglais au fouteballe le m\u00eame jour l'a affect\u00e9. Alors il se venge en faisant scander par la foule \u00ab\u00a0We\u2026","rel":"","context":"Dans &quot;Alive&quot;","block_context":{"text":"Alive","link":"https:\/\/www.wallendorff.com\/belogue\/category\/alive\/"},"img":{"alt_text":"","src":"https:\/\/i0.wp.com\/www.wallendorff.com\/belogue\/wp-content\/uploads\/2015\/04\/226.jpg?resize=350%2C200&ssl=1","width":350,"height":200},"classes":[]},{"id":466,"url":"https:\/\/www.wallendorff.com\/belogue\/2005\/02\/13\/quine-ufs-dis-mots-qu-ont-sens\/","url_meta":{"origin":318,"position":2},"title":"Quine, &oelig;ufs, dis : mots qu&rsquo;ont sens.","author":"dpc","date":"13 f\u00e9vrier 2005","format":false,"excerpt":"D\u00e9troit, 10 f\u00e9vrier. [Je ne suis pas une groupie] Bande-son\u00a0: Disons que c'est marqu\u00e9 sur la photo, tiens.","rel":"","context":"Dans &quot;DPC&quot;","block_context":{"text":"DPC","link":"https:\/\/www.wallendorff.com\/belogue\/category\/dpc\/"},"img":{"alt_text":"","src":"https:\/\/i0.wp.com\/www.wallendorff.com\/belogue\/wp-content\/uploads\/2015\/04\/20050213-011.jpg?resize=350%2C200&ssl=1","width":350,"height":200,"srcset":"https:\/\/i0.wp.com\/www.wallendorff.com\/belogue\/wp-content\/uploads\/2015\/04\/20050213-011.jpg?resize=350%2C200&ssl=1 1x, https:\/\/i0.wp.com\/www.wallendorff.com\/belogue\/wp-content\/uploads\/2015\/04\/20050213-011.jpg?resize=525%2C300&ssl=1 1.5x"},"classes":[]},{"id":20232,"url":"https:\/\/www.wallendorff.com\/belogue\/2005\/10\/18\/the-white-stripes-le-zenith-paris-16-17-octobre\/","url_meta":{"origin":318,"position":3},"title":"The White Stripes @ le Z\u00e9nith, Paris, 16 &#8211; 17 octobre.","author":"dpc","date":"18 octobre 2005","format":false,"excerpt":"16 octobre \u2013 Who's a Big Baby \/ Dead Leaves and the Dirty Ground Passive Manipulation | Blue Orchid | Party of Special Things to Do (Captain Beefheart) | I Think I Smell a Rat | My Doorbell | Death Letter (Son House) | Third Man solo | Instinct Blues\u2026","rel":"","context":"Dans &quot;Alive&quot;","block_context":{"text":"Alive","link":"https:\/\/www.wallendorff.com\/belogue\/category\/alive\/"},"img":{"alt_text":"","src":"","width":0,"height":0},"classes":[]},{"id":12364,"url":"https:\/\/www.wallendorff.com\/belogue\/2011\/03\/01\/olof-arnalds-cleo-t-studio-des-champs-elysees-paris\/","url_meta":{"origin":318,"position":4},"title":"\u00d3l\u00f6f Arnalds + Cleo T. @ Studio des Champs-\u00c9lys\u00e9es, Paris.","author":"dpc","date":"1 mars 2011","format":false,"excerpt":"Nous pouvons donc revoir la formule \u00e9nonc\u00e9e la derni\u00e8re fois en ajoutant que dans une salle pleine \u00e0 \u03b6 pour-cent, les individus d'un groupe de \u03b2 photographeurs d\u00e9clenchant x fois absorberont individuellement une dose de grozyeux Yi \u2015\u00a0apr\u00e8s correction \u03b4 fonction du taux de grozyactivit\u00e9 \u03b1 de la salle et\u2026","rel":"","context":"Dans &quot;Alive&quot;","block_context":{"text":"Alive","link":"https:\/\/www.wallendorff.com\/belogue\/category\/alive\/"},"img":{"alt_text":"","src":"https:\/\/i0.wp.com\/www.wallendorff.com\/belogue\/wp-content\/uploads\/2015\/04\/201103011.jpg?resize=350%2C200&ssl=1","width":350,"height":200,"srcset":"https:\/\/i0.wp.com\/www.wallendorff.com\/belogue\/wp-content\/uploads\/2015\/04\/201103011.jpg?resize=350%2C200&ssl=1 1x, https:\/\/i0.wp.com\/www.wallendorff.com\/belogue\/wp-content\/uploads\/2015\/04\/201103011.jpg?resize=525%2C300&ssl=1 1.5x, https:\/\/i0.wp.com\/www.wallendorff.com\/belogue\/wp-content\/uploads\/2015\/04\/201103011.jpg?resize=700%2C400&ssl=1 2x"},"classes":[]},{"id":326,"url":"https:\/\/www.wallendorff.com\/belogue\/2005\/07\/04\/i-m-siiiiiiiiiiiiiitting-in-the-raiiiiiiiin\/","url_meta":{"origin":318,"position":5},"title":"I&rsquo;m siiiiiiiiiiiiiitting in the raiiiiiiiin.","author":"dpc","date":"4 juillet 2005","format":false,"excerpt":"Avenue des Champs-\u00c9lys\u00e9es, Paris, 30 juin. Bien\u00a0: Belfort. Ce week-end1. Pas bien\u00a0: 5 filles qui causent de probl\u00e8mes dentaires infantiles, de Kangoos repli\u00e9s \u00e0 des feux rouges et de compte-rendus du concert fabuleux de Calogero samedi \u00e0 Versailles. Au secours, la beaufitude me guette. Bien\u00a0: Un mini-disc pour couvrir tout\u2026","rel":"","context":"Dans &quot;DPC&quot;","block_context":{"text":"DPC","link":"https:\/\/www.wallendorff.com\/belogue\/category\/dpc\/"},"img":{"alt_text":"","src":"https:\/\/i0.wp.com\/www.wallendorff.com\/belogue\/wp-content\/uploads\/2015\/04\/200507041.jpg?resize=350%2C200&ssl=1","width":350,"height":200},"classes":[]}],"_links":{"self":[{"href":"https:\/\/www.wallendorff.com\/belogue\/wp-json\/wp\/v2\/posts\/318","targetHints":{"allow":["GET"]}}],"collection":[{"href":"https:\/\/www.wallendorff.com\/belogue\/wp-json\/wp\/v2\/posts"}],"about":[{"href":"https:\/\/www.wallendorff.com\/belogue\/wp-json\/wp\/v2\/types\/post"}],"author":[{"embeddable":true,"href":"https:\/\/www.wallendorff.com\/belogue\/wp-json\/wp\/v2\/users\/1"}],"replies":[{"embeddable":true,"href":"https:\/\/www.wallendorff.com\/belogue\/wp-json\/wp\/v2\/comments?post=318"}],"version-history":[{"count":1,"href":"https:\/\/www.wallendorff.com\/belogue\/wp-json\/wp\/v2\/posts\/318\/revisions"}],"predecessor-version":[{"id":17472,"href":"https:\/\/www.wallendorff.com\/belogue\/wp-json\/wp\/v2\/posts\/318\/revisions\/17472"}],"wp:featuredmedia":[{"embeddable":true,"href":"https:\/\/www.wallendorff.com\/belogue\/wp-json\/wp\/v2\/media\/24258"}],"wp:attachment":[{"href":"https:\/\/www.wallendorff.com\/belogue\/wp-json\/wp\/v2\/media?parent=318"}],"wp:term":[{"taxonomy":"category","embeddable":true,"href":"https:\/\/www.wallendorff.com\/belogue\/wp-json\/wp\/v2\/categories?post=318"},{"taxonomy":"post_tag","embeddable":true,"href":"https:\/\/www.wallendorff.com\/belogue\/wp-json\/wp\/v2\/tags?post=318"}],"curies":[{"name":"wp","href":"https:\/\/api.w.org\/{rel}","templated":true}]}}