{"id":3154,"date":"2008-08-26T11:08:21","date_gmt":"2008-08-26T09:08:21","guid":{"rendered":"http:\/\/www.po-l.com\/belogue\/?p=3154"},"modified":"2014-01-06T13:45:48","modified_gmt":"2014-01-06T11:45:48","slug":"begue-ont-verbes-et-gonds-jaunes1","status":"publish","type":"post","link":"https:\/\/www.wallendorff.com\/belogue\/2008\/08\/26\/begue-ont-verbes-et-gonds-jaunes1\/","title":{"rendered":"B\u00e8gue ont verbes et gonds jaunes<sup>1<\/sup>."},"content":{"rendered":"<div id=\"photo\">\n<p><img decoding=\"async\" src=\"https:\/\/www.wallendorff.com\/belogue\/photo\/2008\/08\/20080826.jpg\" \/> <br \/>\n Notre-Dame<sup>2<\/sup>, Paris, 24 juillet. <\/p>\n<\/div>\n<div id=\"bandeson\">\n<p><img decoding=\"async\" src=\"https:\/\/www.wallendorff.com\/belogue\/photo\/pochettes\/n\/national_the-boxer.jpg\" align=\"left\" \/> <a href=\"http:\/\/www.americanmary.com\/\">The National<\/a> &ndash; <em>Racing Like a Pro<\/em><\/p>\n<\/div>\n<p style=\"text-align:right\">J&rsquo;aimerais bien savoir pourquoi, depuis toutes ces ann&eacute;es, &agrave; chaque fois que je r&egrave;gle &agrave; la souris &ndash;&nbsp;donc &agrave; la louche&nbsp;&ndash; l&rsquo;opacit&eacute; d&rsquo;un calque Photoshop il faut que je tombe sur 69%.<\/p>\n<p>_____<\/p>\n<div id=\"bas_note\">\n<p><sup>1<\/sup> Pfff un titre pareil va cr&eacute;er un schisme entre mes lecteurs de moins de 15 ans et les autres, je suis foutu.<\/p>\n<p><sup>2<\/sup> Est une cath&eacute;drale moche.<\/p>\n<\/div>\n","protected":false},"excerpt":{"rendered":"<p>Notre-Dame2, Paris, 24 juillet. The National &ndash; Racing Like a Pro J&rsquo;aimerais bien savoir pourquoi, depuis toutes ces ann&eacute;es, &agrave; chaque fois que je r&egrave;gle &agrave; la souris &ndash;&nbsp;donc &agrave; la louche&nbsp;&ndash; l&rsquo;opacit&eacute; d&rsquo;un calque Photoshop il faut que je tombe sur 69%. _____ 1 Pfff un titre pareil va cr&eacute;er un schisme entre mes&hellip;<\/p>\n","protected":false},"author":1,"featured_media":25239,"comment_status":"open","ping_status":"open","sticky":false,"template":"","format":"standard","meta":{"_acf_changed":false,"ngg_post_thumbnail":0,"jetpack_post_was_ever_published":false,"_jetpack_newsletter_access":"","_jetpack_dont_email_post_to_subs":false,"_jetpack_newsletter_tier_id":0,"_jetpack_memberships_contains_paywalled_content":false,"_jetpack_memberships_contains_paid_content":false,"footnotes":"","jetpack_publicize_message":"","jetpack_publicize_feature_enabled":true,"jetpack_social_post_already_shared":false,"jetpack_social_options":{"image_generator_settings":{"template":"highway","default_image_id":0,"font":"","enabled":false},"version":2}},"categories":[3],"tags":[10277,142,132,10743,931,10238,10120,10121,143,10147,10098,11768,10305,2292,10252],"class_list":["post-3154","post","type-post","status-publish","format-standard","has-post-thumbnail","hentry","category-dpc","tag-10277","tag-ef-s-10-22-mm-f35-45-usm","tag-eos-20d","tag-cathedrale","tag-cathedrale-notre-dame-de-paris","tag-eglise","tag-france","tag-ile-de-france","tag-noir-et-blanc","tag-nuit","tag-paris","tag-parvis-notre-dame-place-jean-paul-ii","tag-porte","tag-racing-like-a-pro","tag-the-national"],"acf":[],"geo":{"latitude":48.8531265,"longitude":2.3490062,"description":null},"jetpack_publicize_connections":[],"jetpack_featured_media_url":"https:\/\/www.wallendorff.com\/belogue\/wp-content\/uploads\/2015\/04\/200808261.jpg","jetpack_shortlink":"https:\/\/wp.me\/p3b35P-OS","jetpack_sharing_enabled":true,"jetpack-related-posts":[{"id":364,"url":"https:\/\/www.wallendorff.com\/belogue\/2005\/05\/26\/pingouin-dans-l-champs-hiver-mechant\/","url_meta":{"origin":3154,"position":0},"title":"Pingouin dans l&rsquo;champ, hiver m\u00e9chant\u00b9.","author":"dpc","date":"26 mai 2005","format":false,"excerpt":"Notre-Dame-est-une-cath\u00e9drale-moche-[et-albinos], Paris, 18 mai. \u00a0Soledad Brothers \u2013 Break 'Em on Down (live) _____ 1 Aujourd'hui, le titre est un jeu de mot en pi\u00e8ces d\u00e9tach\u00e9es \u00e0 assembler toi-m\u00eame! Avec tes amis, amuse-toi \u00e0 ins\u00e9rer dans le proverbe belge2 fourni les termes \"cath\u00e9drale\", \"lampadaire\" et tous leurs synonymes\u00a0! 2 Un proverbe\u2026","rel":"","context":"Dans &quot;DPC&quot;","block_context":{"text":"DPC","link":"https:\/\/www.wallendorff.com\/belogue\/category\/dpc\/"},"img":{"alt_text":"","src":"https:\/\/i0.wp.com\/www.wallendorff.com\/belogue\/wp-content\/uploads\/2015\/04\/200505261.jpg?resize=350%2C200&ssl=1","width":350,"height":200},"classes":[]},{"id":22345,"url":"https:\/\/www.wallendorff.com\/belogue\/2014\/01\/06\/sapins-trient-forts-ceux-des-villes\/","url_meta":{"origin":3154,"position":1},"title":"Sapins trient fort ceux des villes.","author":"dpc","date":"6 janvier 2014","format":false,"excerpt":"Parvis Notre-Dame \u2013 place Jean-Paul-II, Paris, 16 d\u00e9cembre 2013. [Je fais un peu beaucoup dans la cath\u00e9drale, ces temps.] Is This Christmas? The Wombats","rel":"","context":"Dans &quot;DPC&quot;","block_context":{"text":"DPC","link":"https:\/\/www.wallendorff.com\/belogue\/category\/dpc\/"},"img":{"alt_text":"","src":"https:\/\/i0.wp.com\/www.wallendorff.com\/belogue\/wp-content\/uploads\/2015\/04\/201401061.jpg?resize=350%2C200&ssl=1","width":350,"height":200,"srcset":"https:\/\/i0.wp.com\/www.wallendorff.com\/belogue\/wp-content\/uploads\/2015\/04\/201401061.jpg?resize=350%2C200&ssl=1 1x, https:\/\/i0.wp.com\/www.wallendorff.com\/belogue\/wp-content\/uploads\/2015\/04\/201401061.jpg?resize=525%2C300&ssl=1 1.5x, https:\/\/i0.wp.com\/www.wallendorff.com\/belogue\/wp-content\/uploads\/2015\/04\/201401061.jpg?resize=700%2C400&ssl=1 2x"},"classes":[]},{"id":241,"url":"https:\/\/www.wallendorff.com\/belogue\/2005\/12\/13\/des-heures-donnees\/","url_meta":{"origin":3154,"position":2},"title":"Des heures donn&eacute;es&sup1;.","author":"dpc","date":"13 d\u00e9cembre 2005","format":false,"excerpt":"Sleepless in Cit\u00e92, Paris, 02 d\u00e9cembre 2005, 08h05. Et apr\u00e8s tout ces \u00e9crits, Il n'y a plus qu'\u00e0 finir au lit. \u00a0Placebo \u2013 Running Up That Hill (Kate Bush cover) _____ 1 Ils vont finir par le voir, les gens, que j'ai la flemme du titre en ce moment. 2\u2026","rel":"","context":"Dans &quot;DPC&quot;","block_context":{"text":"DPC","link":"https:\/\/www.wallendorff.com\/belogue\/category\/dpc\/"},"img":{"alt_text":"","src":"https:\/\/i0.wp.com\/www.wallendorff.com\/belogue\/wp-content\/uploads\/2015\/04\/200512131.jpg?resize=350%2C200&ssl=1","width":350,"height":200,"srcset":"https:\/\/i0.wp.com\/www.wallendorff.com\/belogue\/wp-content\/uploads\/2015\/04\/200512131.jpg?resize=350%2C200&ssl=1 1x, https:\/\/i0.wp.com\/www.wallendorff.com\/belogue\/wp-content\/uploads\/2015\/04\/200512131.jpg?resize=525%2C300&ssl=1 1.5x, https:\/\/i0.wp.com\/www.wallendorff.com\/belogue\/wp-content\/uploads\/2015\/04\/200512131.jpg?resize=700%2C400&ssl=1 2x"},"classes":[]},{"id":416,"url":"https:\/\/www.wallendorff.com\/belogue\/2005\/04\/04\/gare-athee-gouilles\/","url_meta":{"origin":3154,"position":3},"title":"Gare [ath&eacute;e] gouilles.","author":"dpc","date":"4 avril 2005","format":false,"excerpt":"Notre-Dame-est-une-cath\u00e9drale-moche1, Paris, 23 mars. [Mais non, pas chauvin. Objectif, c'est tout.] _____ 1 - Et grise. Et sale. Et petite.2 2 - S\u00e9rieux, promis\u00a0: objectif, toujours objectif. \u00a0Fear \u2014 I Don't Care About You","rel":"","context":"Dans &quot;DPC&quot;","block_context":{"text":"DPC","link":"https:\/\/www.wallendorff.com\/belogue\/category\/dpc\/"},"img":{"alt_text":"","src":"https:\/\/i0.wp.com\/www.wallendorff.com\/belogue\/wp-content\/uploads\/2015\/04\/200504041.jpg?resize=350%2C200&ssl=1","width":350,"height":200},"classes":[]},{"id":194,"url":"https:\/\/www.wallendorff.com\/belogue\/2006\/01\/03\/touvinta-point-jackie-c-est-ta-tante\/","url_meta":{"origin":3154,"position":4},"title":"Touv&icirc;nta&sup1; point. [Jackie c&rsquo;est ta tendre].","author":"dpc","date":"3 janvier 2006","format":false,"excerpt":"Parvis Notre-Dame \u2013 place Jean-Paul-II, Paris, 2 janvier, 19h07. Ben finalement, j'ai r\u00e9ussi \u00e0 la faire, ma photo de No\u00ebl-sapin-hiver-[et presque]neige. Comme quoi fallait pas d\u00e9sesp\u00e9rer. Je d\u00e9die donc cette photo \u00e0 Miss Dauilles 2005 ainsi qu'\u00e0 la plus dou\u00e9e des litt\u00e9raires mickeyphiles de Paris. Comme \u00e7a. [Et la bande-son\u2026","rel":"","context":"Dans &quot;DPC&quot;","block_context":{"text":"DPC","link":"https:\/\/www.wallendorff.com\/belogue\/category\/dpc\/"},"img":{"alt_text":"","src":"https:\/\/i0.wp.com\/www.wallendorff.com\/belogue\/wp-content\/uploads\/2015\/04\/200601031.jpg?resize=350%2C200&ssl=1","width":350,"height":200},"classes":[]},{"id":3918,"url":"https:\/\/www.wallendorff.com\/belogue\/2009\/02\/18\/grandes-sorgues\/","url_meta":{"origin":3154,"position":5},"title":"Grandes sorgues.","author":"dpc","date":"18 f\u00e9vrier 2009","format":false,"excerpt":"Rue du Clo\u00eetre Notre-Dame, Paris, 13 janvier. Y a quand m\u00eame des gens, dans la vie, \u00e7a fait du bien de les entendre \u00e0 nouveau . \u00a0Ghinzu \u2013 Cold Love","rel":"","context":"Dans &quot;DPC&quot;","block_context":{"text":"DPC","link":"https:\/\/www.wallendorff.com\/belogue\/category\/dpc\/"},"img":{"alt_text":"","src":"https:\/\/i0.wp.com\/www.wallendorff.com\/belogue\/wp-content\/uploads\/2015\/04\/200902181.jpg?resize=350%2C200&ssl=1","width":350,"height":200,"srcset":"https:\/\/i0.wp.com\/www.wallendorff.com\/belogue\/wp-content\/uploads\/2015\/04\/200902181.jpg?resize=350%2C200&ssl=1 1x, https:\/\/i0.wp.com\/www.wallendorff.com\/belogue\/wp-content\/uploads\/2015\/04\/200902181.jpg?resize=525%2C300&ssl=1 1.5x"},"classes":[]}],"_links":{"self":[{"href":"https:\/\/www.wallendorff.com\/belogue\/wp-json\/wp\/v2\/posts\/3154","targetHints":{"allow":["GET"]}}],"collection":[{"href":"https:\/\/www.wallendorff.com\/belogue\/wp-json\/wp\/v2\/posts"}],"about":[{"href":"https:\/\/www.wallendorff.com\/belogue\/wp-json\/wp\/v2\/types\/post"}],"author":[{"embeddable":true,"href":"https:\/\/www.wallendorff.com\/belogue\/wp-json\/wp\/v2\/users\/1"}],"replies":[{"embeddable":true,"href":"https:\/\/www.wallendorff.com\/belogue\/wp-json\/wp\/v2\/comments?post=3154"}],"version-history":[{"count":2,"href":"https:\/\/www.wallendorff.com\/belogue\/wp-json\/wp\/v2\/posts\/3154\/revisions"}],"predecessor-version":[{"id":22338,"href":"https:\/\/www.wallendorff.com\/belogue\/wp-json\/wp\/v2\/posts\/3154\/revisions\/22338"}],"wp:featuredmedia":[{"embeddable":true,"href":"https:\/\/www.wallendorff.com\/belogue\/wp-json\/wp\/v2\/media\/25239"}],"wp:attachment":[{"href":"https:\/\/www.wallendorff.com\/belogue\/wp-json\/wp\/v2\/media?parent=3154"}],"wp:term":[{"taxonomy":"category","embeddable":true,"href":"https:\/\/www.wallendorff.com\/belogue\/wp-json\/wp\/v2\/categories?post=3154"},{"taxonomy":"post_tag","embeddable":true,"href":"https:\/\/www.wallendorff.com\/belogue\/wp-json\/wp\/v2\/tags?post=3154"}],"curies":[{"name":"wp","href":"https:\/\/api.w.org\/{rel}","templated":true}]}}