{"id":31302,"date":"2016-06-29T16:57:46","date_gmt":"2016-06-29T14:57:46","guid":{"rendered":"http:\/\/www.wallendorff.com\/belogue\/?p=31302"},"modified":"2018-05-23T08:19:40","modified_gmt":"2018-05-23T06:19:40","slug":"centrale-vapeur","status":"publish","type":"post","link":"https:\/\/www.wallendorff.com\/belogue\/2016\/06\/29\/centrale-vapeur\/","title":{"rendered":"Centrale vapeur."},"content":{"rendered":"\n<div id=\"photo\">\n<p><img decoding=\"async\" src=\"https:\/\/www.wallendorff.com\/belogue\/photo\/2016\/06\/20160629.jpg\"><br \/>\nCattenom, 24 avril.<\/p>\n<\/p><\/div>\n<div id=\"bandeson\">\n<p><img decoding=\"async\" src=\"https:\/\/www.wallendorff.com\/belogue\/photo\/pochettes\/v\/verve_the-forth.jpg\" align=\"left\" \/><a href=\"https:\/\/www.youtube.com\/watch?v=kdTzmIgRuQ0\" a style=\"font-weight:normal\" id=\"lienmp3\"><em>Love Is Noise<\/em><\/a><br \/>\nThe Verve<\/p>\n<\/div>\n","protected":false},"excerpt":{"rendered":"<p>Cattenom, 24 avril. Love Is Noise The Verve<\/p>\n","protected":false},"author":1,"featured_media":31304,"comment_status":"open","ping_status":"open","sticky":false,"template":"","format":"standard","meta":{"_acf_changed":false,"ngg_post_thumbnail":0,"jetpack_post_was_ever_published":false,"_jetpack_newsletter_access":"","_jetpack_dont_email_post_to_subs":false,"_jetpack_newsletter_tier_id":0,"_jetpack_memberships_contains_paywalled_content":false,"_jetpack_memberships_contains_paid_content":false,"footnotes":"","jetpack_publicize_message":"","jetpack_publicize_feature_enabled":true,"jetpack_social_post_already_shared":true,"jetpack_social_options":{"image_generator_settings":{"template":"highway","default_image_id":0,"font":"","enabled":false},"version":2}},"categories":[3],"tags":[10176,8351,13071,13072,10120,10175,13073,10174,10599,170,2182],"class_list":["post-31302","post","type-post","status-publish","format-standard","has-post-thumbnail","hentry","category-dpc","tag-avion","tag-eos-6d","tag-cattenom","tag-cnpe-de-cattenom","tag-france","tag-lorraine","tag-love-is-noise","tag-moselle","tag-nuage","tag-sigma-70-300-mm-f4-56-dg-apo-macro","tag-the-verve"],"acf":[],"geo":{"latitude":49.4420433,"longitude":6.2340546,"description":"Breistroff-la-Grande, Alsace-Champagne-Ardenne-Lorraine, 57570, FR"},"jetpack_publicize_connections":[],"jetpack_featured_media_url":"https:\/\/www.wallendorff.com\/belogue\/wp-content\/uploads\/2016\/06\/20160629.jpg","jetpack_shortlink":"https:\/\/wp.me\/p3b35P-88S","jetpack_sharing_enabled":true,"jetpack-related-posts":[{"id":5019,"url":"https:\/\/www.wallendorff.com\/belogue\/2009\/11\/10\/oh-blue-show-me-something-new\/","url_meta":{"origin":31302,"position":0},"title":"Oh blue show me something new.","author":"dpc","date":"10 novembre 2009","format":false,"excerpt":"Clo\u00eetre des Billettes, Paris, 27 juin. Et en revoyant \u00e7a je r\u00e9alise que si Empire Records semble subitement tout vieux ce n'est pas \u00e0 cause d'Anthony LaPaglia avec plein de cheveux, Liv Tyler et Ren\u00e9e Zellwegger toutes jeunes ou le fait que la tenue cool en vigueur est un djine\u2026","rel":"","context":"Dans &quot;DPC&quot;","block_context":{"text":"DPC","link":"https:\/\/www.wallendorff.com\/belogue\/category\/dpc\/"},"img":{"alt_text":"","src":"https:\/\/i0.wp.com\/www.wallendorff.com\/belogue\/wp-content\/uploads\/2015\/04\/200911101.jpg?resize=350%2C200&ssl=1","width":350,"height":200},"classes":[]},{"id":1064,"url":"https:\/\/www.wallendorff.com\/belogue\/2007\/10\/23\/plu-skieur-m-oins-que-demain\/","url_meta":{"origin":31302,"position":1},"title":"Plu skieur m&rsquo;oins que demain\u00b9.","author":"dpc","date":"23 octobre 2007","format":false,"excerpt":"I-45 Sud, Houston, 23 septembre. Le NME poste du nouveau Verve2 et j'ai subitement 10 ans de moins. F\u00eatons donc \u00e7a, non pas en s'\u00e9coutant des bouts du nouveau Von Bondies qui sonnent comme une vieille soupe froide bien loin de ce qu'ils purent \u00eatre, mais plut\u00f4t un Warlocks d\u00e9pressif\u2026","rel":"","context":"Dans &quot;DPC&quot;","block_context":{"text":"DPC","link":"https:\/\/www.wallendorff.com\/belogue\/category\/dpc\/"},"img":{"alt_text":"","src":"https:\/\/i0.wp.com\/www.wallendorff.com\/belogue\/wp-content\/uploads\/2015\/04\/200710231.jpg?resize=350%2C200&ssl=1","width":350,"height":200},"classes":[]},{"id":3467,"url":"https:\/\/www.wallendorff.com\/belogue\/2008\/09\/30\/blog-note-septembre-2008\/","url_meta":{"origin":31302,"position":2},"title":"Blog-note &#8211; septembre 2008.","author":"dpc","date":"30 septembre 2008","format":false,"excerpt":"Albums The Verve \u2013 Forth Encore Recordings Ipod Oasis \u2013 Dig Out Your Soul I'm From Barcelona \u2013 Who Killed Harry Houdini? TV On The Radio \u2013 Dear Science Counting Crows \u2013 Saturday Nights and Sunday Mornings 5 titres Franz Ferdinand \u2013 Lucid Dreams I'm From Barcelona \u2013 Music Killed\u2026","rel":"","context":"Dans &quot;Blog-note&quot;","block_context":{"text":"Blog-note","link":"https:\/\/www.wallendorff.com\/belogue\/category\/blog-note\/"},"img":{"alt_text":"","src":"","width":0,"height":0},"classes":[]},{"id":3368,"url":"https:\/\/www.wallendorff.com\/belogue\/2008\/09\/02\/rock-en-seine-2008-2\/","url_meta":{"origin":31302,"position":3},"title":"Rock en Seine 2008 #2.","author":"dpc","date":"2 septembre 2008","format":false,"excerpt":"The D\u00f8, sc\u00e8ne de la Cascade, 28 ao\u00fbt. Voulant du Kaiser Chiefs en guise de bande-son du jour pour marquer leur m\u00e9morable prestation de Rock en Seine d'une flamme \u00e9lectronique qui ne jamais vacillera, j'ai longuement h\u00e9sit\u00e9 entre ce Never Miss A Beat qui vient de surgir en radio et\u2026","rel":"","context":"Dans &quot;Alive&quot;","block_context":{"text":"Alive","link":"https:\/\/www.wallendorff.com\/belogue\/category\/alive\/"},"img":{"alt_text":"","src":"https:\/\/i0.wp.com\/www.wallendorff.com\/belogue\/wp-content\/uploads\/2015\/04\/20080902-011.jpg?resize=350%2C200&ssl=1","width":350,"height":200},"classes":[]},{"id":3735,"url":"https:\/\/www.wallendorff.com\/belogue\/2008\/12\/30\/2008en-5\/","url_meta":{"origin":31302,"position":4},"title":"2008 en&#8230; #5.","author":"dpc","date":"30 d\u00e9cembre 2008","format":false,"excerpt":"Sautons du coq \u00e0 l'\u00e2ne en profitant de l'espace vide laiss\u00e9 par l'absence de photos r\u00e9centes des Kills dans mon stock pour y placer un test de Shooting Doggies, s\u00e9rie appel\u00e9e \u00e0 remplacer les Shooting People en 2009 si elle re\u00e7oit l'aval de tous et qu'on me fournit assez de\u2026","rel":"","context":"Dans &quot;DPC&quot;","block_context":{"text":"DPC","link":"https:\/\/www.wallendorff.com\/belogue\/category\/dpc\/"},"img":{"alt_text":"","src":"https:\/\/i0.wp.com\/www.wallendorff.com\/belogue\/wp-content\/uploads\/2015\/04\/200812301.jpg?resize=350%2C200&ssl=1","width":350,"height":200,"srcset":"https:\/\/i0.wp.com\/www.wallendorff.com\/belogue\/wp-content\/uploads\/2015\/04\/200812301.jpg?resize=350%2C200&ssl=1 1x, https:\/\/i0.wp.com\/www.wallendorff.com\/belogue\/wp-content\/uploads\/2015\/04\/200812301.jpg?resize=525%2C300&ssl=1 1.5x, https:\/\/i0.wp.com\/www.wallendorff.com\/belogue\/wp-content\/uploads\/2015\/04\/200812301.jpg?resize=700%2C400&ssl=1 2x"},"classes":[]},{"id":7654,"url":"https:\/\/www.wallendorff.com\/belogue\/2010\/06\/09\/rpa-united-nations-of-sound-le-trabendo-paris\/","url_meta":{"origin":31302,"position":5},"title":"RPA &#038; United Nations of Sound @ le Trabendo, Paris.","author":"dpc","date":"9 juin 2010","format":false,"excerpt":"Si vous avez manqu\u00e9 le d\u00e9but\u00a0: apr\u00e8s la troisi\u00e8me d\u00e9bandade de The Verve, quelque part en 2009, le Richard Ashcroft a resurgi en janvier pour annoncer la naissance d'un nouveau projet, baptis\u00e9 United Nation of Sounds, puis l\u00e2cher dans la nature Are You Ready?, un premier titre que je vous\u2026","rel":"","context":"Dans &quot;Alive&quot;","block_context":{"text":"Alive","link":"https:\/\/www.wallendorff.com\/belogue\/category\/alive\/"},"img":{"alt_text":"","src":"https:\/\/i0.wp.com\/www.wallendorff.com\/belogue\/wp-content\/uploads\/2015\/04\/201006091.jpg?resize=350%2C200&ssl=1","width":350,"height":200,"srcset":"https:\/\/i0.wp.com\/www.wallendorff.com\/belogue\/wp-content\/uploads\/2015\/04\/201006091.jpg?resize=350%2C200&ssl=1 1x, https:\/\/i0.wp.com\/www.wallendorff.com\/belogue\/wp-content\/uploads\/2015\/04\/201006091.jpg?resize=525%2C300&ssl=1 1.5x, https:\/\/i0.wp.com\/www.wallendorff.com\/belogue\/wp-content\/uploads\/2015\/04\/201006091.jpg?resize=700%2C400&ssl=1 2x"},"classes":[]}],"_links":{"self":[{"href":"https:\/\/www.wallendorff.com\/belogue\/wp-json\/wp\/v2\/posts\/31302","targetHints":{"allow":["GET"]}}],"collection":[{"href":"https:\/\/www.wallendorff.com\/belogue\/wp-json\/wp\/v2\/posts"}],"about":[{"href":"https:\/\/www.wallendorff.com\/belogue\/wp-json\/wp\/v2\/types\/post"}],"author":[{"embeddable":true,"href":"https:\/\/www.wallendorff.com\/belogue\/wp-json\/wp\/v2\/users\/1"}],"replies":[{"embeddable":true,"href":"https:\/\/www.wallendorff.com\/belogue\/wp-json\/wp\/v2\/comments?post=31302"}],"version-history":[{"count":1,"href":"https:\/\/www.wallendorff.com\/belogue\/wp-json\/wp\/v2\/posts\/31302\/revisions"}],"predecessor-version":[{"id":31303,"href":"https:\/\/www.wallendorff.com\/belogue\/wp-json\/wp\/v2\/posts\/31302\/revisions\/31303"}],"wp:featuredmedia":[{"embeddable":true,"href":"https:\/\/www.wallendorff.com\/belogue\/wp-json\/wp\/v2\/media\/31304"}],"wp:attachment":[{"href":"https:\/\/www.wallendorff.com\/belogue\/wp-json\/wp\/v2\/media?parent=31302"}],"wp:term":[{"taxonomy":"category","embeddable":true,"href":"https:\/\/www.wallendorff.com\/belogue\/wp-json\/wp\/v2\/categories?post=31302"},{"taxonomy":"post_tag","embeddable":true,"href":"https:\/\/www.wallendorff.com\/belogue\/wp-json\/wp\/v2\/tags?post=31302"}],"curies":[{"name":"wp","href":"https:\/\/api.w.org\/{rel}","templated":true}]}}