{"id":313,"date":"2005-07-20T13:29:44","date_gmt":"2005-07-20T13:29:44","guid":{"rendered":"http:\/\/www.po-l.com\/wordpress\/?p=313"},"modified":"2012-05-31T16:10:19","modified_gmt":"2012-05-31T14:10:19","slug":"entr-aides-artistes","status":"publish","type":"post","link":"https:\/\/www.wallendorff.com\/belogue\/2005\/07\/20\/entr-aides-artistes\/","title":{"rendered":"Entr&rsquo;aid&eacute;s artistes."},"content":{"rendered":"\n<div id=\"photo\">\n<p><img decoding=\"async\" src=\"http:\/\/www.po-L.com\/belogue\/photo\/2005\/07\/20050720.jpg\" \/><br \/>\n          Rue de M&eacute;nilmontant, Paris, 13 juillet.<\/p>\n<\/p><\/div>\n<p style=\"text-align:right\">&quot;<em>&lsquo;Cause we&rsquo;ve seen, now we believe.<\/em>&quot;<\/p>\n<div id=\"bandeson\">\n<p><img decoding=\"async\" src=\"https:\/\/www.wallendorff.com\/belogue\/photo\/pochettes\/i\/i_am_kloot-gods_and_monsters.jpg\" align=\"left\" \/>&nbsp;<a href=\"http:\/\/www.iamkloot.com\">I Am Kloot<\/a> &ndash; <em>I Believe<\/em><\/p>\n<\/div>\n","protected":false},"excerpt":{"rendered":"<p>Rue de M&eacute;nilmontant, Paris, 13 juillet. &quot;&lsquo;Cause we&rsquo;ve seen, now we believe.&quot; &nbsp;I Am Kloot &ndash; I Believe<\/p>\n","protected":false},"author":1,"featured_media":24253,"comment_status":"open","ping_status":"open","sticky":false,"template":"","format":"standard","meta":{"_acf_changed":false,"ngg_post_thumbnail":0,"jetpack_post_was_ever_published":false,"_jetpack_newsletter_access":"","_jetpack_dont_email_post_to_subs":false,"_jetpack_newsletter_tier_id":0,"_jetpack_memberships_contains_paywalled_content":false,"_jetpack_memberships_contains_paid_content":false,"footnotes":"","jetpack_publicize_message":"","jetpack_publicize_feature_enabled":true,"jetpack_social_post_already_shared":false,"jetpack_social_options":{"image_generator_settings":{"template":"highway","default_image_id":0,"font":"","enabled":false},"version":2}},"categories":[3],"tags":[10216,132,10120,10221,1138,10121,143,10147,10098,10305,10303,10158,173],"class_list":["post-313","post","type-post","status-publish","format-standard","has-post-thumbnail","hentry","category-dpc","tag-10216","tag-eos-20d","tag-france","tag-i-am-kloot","tag-i-believe","tag-ile-de-france","tag-noir-et-blanc","tag-nuit","tag-paris","tag-porte","tag-rue-de-menilmontant","tag-ruelle","tag-sigma-28-70-mm-f28-dg-ex"],"acf":[],"geo":{"latitude":48.8687668,"longitude":2.3903041,"description":null},"jetpack_publicize_connections":[],"jetpack_featured_media_url":"https:\/\/www.wallendorff.com\/belogue\/wp-content\/uploads\/2015\/04\/200507201.jpg","jetpack_shortlink":"https:\/\/wp.me\/p3b35P-53","jetpack_sharing_enabled":true,"jetpack-related-posts":[{"id":7514,"url":"https:\/\/www.wallendorff.com\/belogue\/2010\/05\/10\/en-mefaits-seul-kill-te-plait\/","url_meta":{"origin":313,"position":0},"title":"En m\u00e9faits, seul Kill te pla\u00eet.","author":"dpc","date":"10 mai 2010","format":false,"excerpt":"Rue Edmond Valentin, Paris, 5 avril. J'aurais d\u00fb d\u00e9placer la Smart. Elle me g\u00eane, la Smart. [C'est que j'ai quand m\u00eame de fort int\u00e9ressantes pr\u00e9occupations le lundi matin, dis donc.] \u00a0I Am Kloot \u2013 No Direction Home","rel":"","context":"Dans &quot;DPC&quot;","block_context":{"text":"DPC","link":"https:\/\/www.wallendorff.com\/belogue\/category\/dpc\/"},"img":{"alt_text":"","src":"https:\/\/i0.wp.com\/www.wallendorff.com\/belogue\/wp-content\/uploads\/2015\/04\/201005101.jpg?resize=350%2C200&ssl=1","width":350,"height":200},"classes":[]},{"id":1091,"url":"https:\/\/www.wallendorff.com\/belogue\/2007\/11\/25\/tente-temps-d\/","url_meta":{"origin":313,"position":1},"title":"Tente \u00e0 temps d\u00fb.","author":"dpc","date":"25 novembre 2007","format":false,"excerpt":"Rue Flayelle, Givet, 27 octobre. \u00a0I Am Kloot \u2013 I Believe","rel":"","context":"Dans &quot;DPC&quot;","block_context":{"text":"DPC","link":"https:\/\/www.wallendorff.com\/belogue\/category\/dpc\/"},"img":{"alt_text":"","src":"https:\/\/i0.wp.com\/www.wallendorff.com\/belogue\/wp-content\/uploads\/2015\/04\/200711251.jpg?resize=350%2C200&ssl=1","width":350,"height":200},"classes":[]},{"id":20513,"url":"https:\/\/www.wallendorff.com\/belogue\/2013\/02\/26\/into-the-wide-1\/","url_meta":{"origin":313,"position":2},"title":"Into the wide #1.","author":"dpc","date":"26 f\u00e9vrier 2013","format":false,"excerpt":"Rue Clauzel, Paris, 13 janvier. Du m\u00eame toit qu'il y a 5 ans. Proof (reinterpreted)I Am Kloot","rel":"","context":"Dans &quot;Into the wide&quot;","block_context":{"text":"Into the wide","link":"https:\/\/www.wallendorff.com\/belogue\/category\/into-the-wide\/"},"img":{"alt_text":"","src":"https:\/\/i0.wp.com\/www.wallendorff.com\/belogue\/wp-content\/uploads\/2015\/04\/20130226.jpg?resize=350%2C200&ssl=1","width":350,"height":200,"srcset":"https:\/\/i0.wp.com\/www.wallendorff.com\/belogue\/wp-content\/uploads\/2015\/04\/20130226.jpg?resize=350%2C200&ssl=1 1x, https:\/\/i0.wp.com\/www.wallendorff.com\/belogue\/wp-content\/uploads\/2015\/04\/20130226.jpg?resize=525%2C300&ssl=1 1.5x, https:\/\/i0.wp.com\/www.wallendorff.com\/belogue\/wp-content\/uploads\/2015\/04\/20130226.jpg?resize=700%2C400&ssl=1 2x"},"classes":[]},{"id":21183,"url":"https:\/\/www.wallendorff.com\/belogue\/2013\/06\/19\/shooting-people-105\/","url_meta":{"origin":313,"position":3},"title":"Shooting people #105.","author":"dpc","date":"19 juin 2013","format":false,"excerpt":"Cannibale caf\u00e9, Paris, 10 mai. Northern SkiesI Am Kloot","rel":"","context":"Dans &quot;Portraits&quot;","block_context":{"text":"Portraits","link":"https:\/\/www.wallendorff.com\/belogue\/category\/portraits\/"},"img":{"alt_text":"","src":"https:\/\/i0.wp.com\/www.wallendorff.com\/belogue\/wp-content\/uploads\/2015\/04\/20130619.jpg?resize=350%2C200&ssl=1","width":350,"height":200,"srcset":"https:\/\/i0.wp.com\/www.wallendorff.com\/belogue\/wp-content\/uploads\/2015\/04\/20130619.jpg?resize=350%2C200&ssl=1 1x, https:\/\/i0.wp.com\/www.wallendorff.com\/belogue\/wp-content\/uploads\/2015\/04\/20130619.jpg?resize=525%2C300&ssl=1 1.5x, https:\/\/i0.wp.com\/www.wallendorff.com\/belogue\/wp-content\/uploads\/2015\/04\/20130619.jpg?resize=700%2C400&ssl=1 2x"},"classes":[]},{"id":7672,"url":"https:\/\/www.wallendorff.com\/belogue\/2010\/06\/11\/seize-chiants-choix-sentent-quatres\/","url_meta":{"origin":313,"position":4},"title":"Seize chiants choix sentent qu&rsquo;\u00e2tres.","author":"dpc","date":"11 juin 2010","format":false,"excerpt":"Rue Michel-le-Comte, Paris, 8 mai. [On avait dit et redit qu'il fallait que j'arr\u00eate avec les escaliers vides.] [On avait dit et redit qu'il fallait que j'arr\u00eate avec les escaliers vides.] [On avait dit et redit qu'il fallait que j'arr\u00eate avec les escaliers vides.] Et j'avais d\u00e9j\u00e0 fait un titre\u2026","rel":"","context":"Dans &quot;DPC&quot;","block_context":{"text":"DPC","link":"https:\/\/www.wallendorff.com\/belogue\/category\/dpc\/"},"img":{"alt_text":"","src":"https:\/\/i0.wp.com\/www.wallendorff.com\/belogue\/wp-content\/uploads\/2015\/04\/201006111.jpg?resize=350%2C200&ssl=1","width":350,"height":200},"classes":[]},{"id":21705,"url":"https:\/\/www.wallendorff.com\/belogue\/2013\/10\/01\/15-aout\/","url_meta":{"origin":313,"position":5},"title":"15 ao\u00fbt.","author":"dpc","date":"1 octobre 2013","format":false,"excerpt":"Cit\u00e9 de l'Ermitage, Paris, 15 ao\u00fbt. LullabyBlack Rebel Motorcycle Club","rel":"","context":"Dans &quot;DPC&quot;","block_context":{"text":"DPC","link":"https:\/\/www.wallendorff.com\/belogue\/category\/dpc\/"},"img":{"alt_text":"","src":"https:\/\/i0.wp.com\/www.wallendorff.com\/belogue\/wp-content\/uploads\/2015\/04\/201310011.jpg?resize=350%2C200&ssl=1","width":350,"height":200,"srcset":"https:\/\/i0.wp.com\/www.wallendorff.com\/belogue\/wp-content\/uploads\/2015\/04\/201310011.jpg?resize=350%2C200&ssl=1 1x, https:\/\/i0.wp.com\/www.wallendorff.com\/belogue\/wp-content\/uploads\/2015\/04\/201310011.jpg?resize=525%2C300&ssl=1 1.5x, https:\/\/i0.wp.com\/www.wallendorff.com\/belogue\/wp-content\/uploads\/2015\/04\/201310011.jpg?resize=700%2C400&ssl=1 2x"},"classes":[]}],"_links":{"self":[{"href":"https:\/\/www.wallendorff.com\/belogue\/wp-json\/wp\/v2\/posts\/313","targetHints":{"allow":["GET"]}}],"collection":[{"href":"https:\/\/www.wallendorff.com\/belogue\/wp-json\/wp\/v2\/posts"}],"about":[{"href":"https:\/\/www.wallendorff.com\/belogue\/wp-json\/wp\/v2\/types\/post"}],"author":[{"embeddable":true,"href":"https:\/\/www.wallendorff.com\/belogue\/wp-json\/wp\/v2\/users\/1"}],"replies":[{"embeddable":true,"href":"https:\/\/www.wallendorff.com\/belogue\/wp-json\/wp\/v2\/comments?post=313"}],"version-history":[{"count":1,"href":"https:\/\/www.wallendorff.com\/belogue\/wp-json\/wp\/v2\/posts\/313\/revisions"}],"predecessor-version":[{"id":17523,"href":"https:\/\/www.wallendorff.com\/belogue\/wp-json\/wp\/v2\/posts\/313\/revisions\/17523"}],"wp:featuredmedia":[{"embeddable":true,"href":"https:\/\/www.wallendorff.com\/belogue\/wp-json\/wp\/v2\/media\/24253"}],"wp:attachment":[{"href":"https:\/\/www.wallendorff.com\/belogue\/wp-json\/wp\/v2\/media?parent=313"}],"wp:term":[{"taxonomy":"category","embeddable":true,"href":"https:\/\/www.wallendorff.com\/belogue\/wp-json\/wp\/v2\/categories?post=313"},{"taxonomy":"post_tag","embeddable":true,"href":"https:\/\/www.wallendorff.com\/belogue\/wp-json\/wp\/v2\/tags?post=313"}],"curies":[{"name":"wp","href":"https:\/\/api.w.org\/{rel}","templated":true}]}}