{"id":31292,"date":"2016-06-24T16:14:43","date_gmt":"2016-06-24T14:14:43","guid":{"rendered":"http:\/\/www.wallendorff.com\/belogue\/?p=31292"},"modified":"2016-12-21T18:09:38","modified_gmt":"2016-12-21T16:09:38","slug":"into-the-wide-68","status":"publish","type":"post","link":"https:\/\/www.wallendorff.com\/belogue\/2016\/06\/24\/into-the-wide-68\/","title":{"rendered":"Into the wide #68."},"content":{"rendered":"\n<div id=\"photo\">\n<p><img decoding=\"async\" src=\"https:\/\/www.wallendorff.com\/belogue\/photo\/2016\/06\/20160624.jpg\"><br \/>\nRathauspark, Vienne, 22 avril.<\/p>\n<\/p><\/div>\n<div id=\"bandeson\">\n<p><img decoding=\"async\" src=\"https:\/\/www.wallendorff.com\/belogue\/photo\/pochettes\/k\/kaleo-ab.jpg\" align=\"left\" \/><a style=\"font-weight:normal\" id=\"lienmp3\" href=\"http:\/\/www.youtube.com\/watch?v=FNwgOkl5nRY\"><em>All the Pretty Girls<\/em><\/a><br \/>\n<a href=\"http:\/\/www.officialkaleo.com\/\">Kaleo<\/a><\/p>\n<\/p><\/div>\n","protected":false},"excerpt":{"rendered":"<p>Rathauspark, Vienne, 22 avril. All the Pretty Girls Kaleo<\/p>\n","protected":false},"author":1,"featured_media":31294,"comment_status":"open","ping_status":"open","sticky":false,"template":"","format":"standard","meta":{"_acf_changed":false,"ngg_post_thumbnail":0,"jetpack_post_was_ever_published":false,"_jetpack_newsletter_access":"","_jetpack_dont_email_post_to_subs":false,"_jetpack_newsletter_tier_id":0,"_jetpack_memberships_contains_paywalled_content":false,"_jetpack_memberships_contains_paid_content":false,"footnotes":"","jetpack_publicize_message":"","jetpack_publicize_feature_enabled":true,"jetpack_social_post_already_shared":true,"jetpack_social_options":{"image_generator_settings":{"template":"highway","default_image_id":0,"font":"","enabled":false},"version":2}},"categories":[7356],"tags":[13570,13069,12059,8170,8351,10326,10515,12214,8901,13068,11323,10504,10592,8900,3810,12060],"class_list":["post-31292","post","type-post","status-publish","format-standard","has-post-thumbnail","hentry","category-into-the-wide","tag-ab","tag-all-the-pretty-girls","tag-autriche","tag-ef-24-70-mm-f2-8l-ii-usm","tag-eos-6d","tag-crepuscule","tag-fontaine","tag-hotel-de-ville-de-vienne","tag-innere-stadt","tag-kaleo","tag-panoramique","tag-parc","tag-pose-longue","tag-rathauspark","tag-square","tag-vienne"],"acf":[],"geo":{"latitude":48.211628,"longitude":16.360117,"description":"Wien, Innere Stadt, Wien, 1010, AT"},"jetpack_publicize_connections":[],"jetpack_featured_media_url":"https:\/\/www.wallendorff.com\/belogue\/wp-content\/uploads\/2016\/06\/20160624.jpg","jetpack_shortlink":"https:\/\/wp.me\/p3b35P-88I","jetpack_sharing_enabled":true,"jetpack-related-posts":[{"id":23349,"url":"https:\/\/www.wallendorff.com\/belogue\/2014\/09\/15\/ramures-tu-jures\/","url_meta":{"origin":31292,"position":0},"title":"Ramures [tu jures].","author":"dpc","date":"15 septembre 2014","format":false,"excerpt":"Rathauspark, Vienne, 20 juin. Summer Ends The Raveonettes","rel":"","context":"Dans &quot;DPC&quot;","block_context":{"text":"DPC","link":"https:\/\/www.wallendorff.com\/belogue\/category\/dpc\/"},"img":{"alt_text":"","src":"https:\/\/i0.wp.com\/www.wallendorff.com\/belogue\/wp-content\/uploads\/2015\/04\/201409151.jpg?resize=350%2C200&ssl=1","width":350,"height":200,"srcset":"https:\/\/i0.wp.com\/www.wallendorff.com\/belogue\/wp-content\/uploads\/2015\/04\/201409151.jpg?resize=350%2C200&ssl=1 1x, https:\/\/i0.wp.com\/www.wallendorff.com\/belogue\/wp-content\/uploads\/2015\/04\/201409151.jpg?resize=525%2C300&ssl=1 1.5x"},"classes":[]},{"id":36794,"url":"https:\/\/www.wallendorff.com\/belogue\/2017\/12\/22\/weihnachtsmarkt-ii\/","url_meta":{"origin":31292,"position":1},"title":"Weihnachtsmarkt [II].","author":"dpc","date":"22 d\u00e9cembre 2017","format":false,"excerpt":"Rathausplatz, Vienne, 6 d\u00e9cembre. This Ain't New JerseySmith & Burrows","rel":"","context":"Dans &quot;Into the wide&quot;","block_context":{"text":"Into the wide","link":"https:\/\/www.wallendorff.com\/belogue\/category\/into-the-wide\/"},"img":{"alt_text":"","src":"https:\/\/i0.wp.com\/www.wallendorff.com\/belogue\/wp-content\/uploads\/2017\/12\/20171222.jpg?resize=350%2C200&ssl=1","width":350,"height":200,"srcset":"https:\/\/i0.wp.com\/www.wallendorff.com\/belogue\/wp-content\/uploads\/2017\/12\/20171222.jpg?resize=350%2C200&ssl=1 1x, https:\/\/i0.wp.com\/www.wallendorff.com\/belogue\/wp-content\/uploads\/2017\/12\/20171222.jpg?resize=525%2C300&ssl=1 1.5x, https:\/\/i0.wp.com\/www.wallendorff.com\/belogue\/wp-content\/uploads\/2017\/12\/20171222.jpg?resize=700%2C400&ssl=1 2x"},"classes":[]},{"id":36787,"url":"https:\/\/www.wallendorff.com\/belogue\/2017\/12\/21\/weihnachtsmarkt-i\/","url_meta":{"origin":31292,"position":2},"title":"Weihnachtsmarkt [I].","author":"dpc","date":"21 d\u00e9cembre 2017","format":false,"excerpt":"Rathausplatz, Vienne, 6 d\u00e9cembre. Christmas (Baby Please Come Home) (Darlene Love cover)Slow Club","rel":"","context":"Dans &quot;Into the wide&quot;","block_context":{"text":"Into the wide","link":"https:\/\/www.wallendorff.com\/belogue\/category\/into-the-wide\/"},"img":{"alt_text":"","src":"https:\/\/i0.wp.com\/www.wallendorff.com\/belogue\/wp-content\/uploads\/2017\/12\/20171221.jpg?resize=350%2C200&ssl=1","width":350,"height":200,"srcset":"https:\/\/i0.wp.com\/www.wallendorff.com\/belogue\/wp-content\/uploads\/2017\/12\/20171221.jpg?resize=350%2C200&ssl=1 1x, https:\/\/i0.wp.com\/www.wallendorff.com\/belogue\/wp-content\/uploads\/2017\/12\/20171221.jpg?resize=525%2C300&ssl=1 1.5x, https:\/\/i0.wp.com\/www.wallendorff.com\/belogue\/wp-content\/uploads\/2017\/12\/20171221.jpg?resize=700%2C400&ssl=1 2x"},"classes":[]},{"id":23926,"url":"https:\/\/www.wallendorff.com\/belogue\/2015\/03\/27\/derviches-compris\/","url_meta":{"origin":31292,"position":3},"title":"Derviches compris.","author":"dpc","date":"27 mars 2015","format":false,"excerpt":"Rathausplatz, Vienne, 20 f\u00e9vrier. Violins I'm from Barcelona","rel":"","context":"Dans &quot;DPC&quot;","block_context":{"text":"DPC","link":"https:\/\/www.wallendorff.com\/belogue\/category\/dpc\/"},"img":{"alt_text":"","src":"https:\/\/i0.wp.com\/www.wallendorff.com\/belogue\/wp-content\/uploads\/2015\/04\/201503271.jpg?resize=350%2C200&ssl=1","width":350,"height":200,"srcset":"https:\/\/i0.wp.com\/www.wallendorff.com\/belogue\/wp-content\/uploads\/2015\/04\/201503271.jpg?resize=350%2C200&ssl=1 1x, https:\/\/i0.wp.com\/www.wallendorff.com\/belogue\/wp-content\/uploads\/2015\/04\/201503271.jpg?resize=525%2C300&ssl=1 1.5x, https:\/\/i0.wp.com\/www.wallendorff.com\/belogue\/wp-content\/uploads\/2015\/04\/201503271.jpg?resize=700%2C400&ssl=1 2x"},"classes":[]},{"id":53953,"url":"https:\/\/www.wallendorff.com\/belogue\/2022\/12\/25\/shalalalala-12\/","url_meta":{"origin":31292,"position":4},"title":"[Shalalalala.]","author":"dpc","date":"25 d\u00e9cembre 2022","format":false,"excerpt":"Rathausplatz, Vienne, 18 d\u00e9cembre 2022. En vous le souhaitant bon. All I Want for Christmas Yeah Yeah Yeahs","rel":"","context":"Dans &quot;DPC&quot;","block_context":{"text":"DPC","link":"https:\/\/www.wallendorff.com\/belogue\/category\/dpc\/"},"img":{"alt_text":"","src":"https:\/\/i0.wp.com\/www.wallendorff.com\/belogue\/wp-content\/uploads\/2022\/12\/20221225.jpg?resize=350%2C200&ssl=1","width":350,"height":200,"srcset":"https:\/\/i0.wp.com\/www.wallendorff.com\/belogue\/wp-content\/uploads\/2022\/12\/20221225.jpg?resize=350%2C200&ssl=1 1x, https:\/\/i0.wp.com\/www.wallendorff.com\/belogue\/wp-content\/uploads\/2022\/12\/20221225.jpg?resize=525%2C300&ssl=1 1.5x, https:\/\/i0.wp.com\/www.wallendorff.com\/belogue\/wp-content\/uploads\/2022\/12\/20221225.jpg?resize=700%2C400&ssl=1 2x"},"classes":[]},{"id":36659,"url":"https:\/\/www.wallendorff.com\/belogue\/2017\/11\/30\/novembre-2017\/","url_meta":{"origin":31292,"position":5},"title":"Novembre 2017.","author":"dpc","date":"30 novembre 2017","format":false,"excerpt":"Un concert, un bar, un concert, un ap\u00e9ro, un resto, un concert, une soir\u00e9e-photo, un m\u00e9tro, un salon, un squat', un dodo, un concert, un num\u00e9ro, une comm\u00e9moration, un concert, un concert, un anniversaire, un num\u00e9ro, un num\u00e9ro, un concert, un train, un concert, un concert, une expo, un avion,\u2026","rel":"","context":"Dans &quot;Blog-note&quot;","block_context":{"text":"Blog-note","link":"https:\/\/www.wallendorff.com\/belogue\/category\/blog-note\/"},"img":{"alt_text":"","src":"https:\/\/i0.wp.com\/www.wallendorff.com\/belogue\/wp-content\/uploads\/2017\/12\/20171213-58.jpg?resize=350%2C200&ssl=1","width":350,"height":200,"srcset":"https:\/\/i0.wp.com\/www.wallendorff.com\/belogue\/wp-content\/uploads\/2017\/12\/20171213-58.jpg?resize=350%2C200&ssl=1 1x, https:\/\/i0.wp.com\/www.wallendorff.com\/belogue\/wp-content\/uploads\/2017\/12\/20171213-58.jpg?resize=525%2C300&ssl=1 1.5x, https:\/\/i0.wp.com\/www.wallendorff.com\/belogue\/wp-content\/uploads\/2017\/12\/20171213-58.jpg?resize=700%2C400&ssl=1 2x"},"classes":[]}],"_links":{"self":[{"href":"https:\/\/www.wallendorff.com\/belogue\/wp-json\/wp\/v2\/posts\/31292","targetHints":{"allow":["GET"]}}],"collection":[{"href":"https:\/\/www.wallendorff.com\/belogue\/wp-json\/wp\/v2\/posts"}],"about":[{"href":"https:\/\/www.wallendorff.com\/belogue\/wp-json\/wp\/v2\/types\/post"}],"author":[{"embeddable":true,"href":"https:\/\/www.wallendorff.com\/belogue\/wp-json\/wp\/v2\/users\/1"}],"replies":[{"embeddable":true,"href":"https:\/\/www.wallendorff.com\/belogue\/wp-json\/wp\/v2\/comments?post=31292"}],"version-history":[{"count":2,"href":"https:\/\/www.wallendorff.com\/belogue\/wp-json\/wp\/v2\/posts\/31292\/revisions"}],"predecessor-version":[{"id":31296,"href":"https:\/\/www.wallendorff.com\/belogue\/wp-json\/wp\/v2\/posts\/31292\/revisions\/31296"}],"wp:featuredmedia":[{"embeddable":true,"href":"https:\/\/www.wallendorff.com\/belogue\/wp-json\/wp\/v2\/media\/31294"}],"wp:attachment":[{"href":"https:\/\/www.wallendorff.com\/belogue\/wp-json\/wp\/v2\/media?parent=31292"}],"wp:term":[{"taxonomy":"category","embeddable":true,"href":"https:\/\/www.wallendorff.com\/belogue\/wp-json\/wp\/v2\/categories?post=31292"},{"taxonomy":"post_tag","embeddable":true,"href":"https:\/\/www.wallendorff.com\/belogue\/wp-json\/wp\/v2\/tags?post=31292"}],"curies":[{"name":"wp","href":"https:\/\/api.w.org\/{rel}","templated":true}]}}