{"id":312,"date":"2005-07-21T01:47:48","date_gmt":"2005-07-21T01:47:48","guid":{"rendered":"http:\/\/www.po-l.com\/wordpress\/?p=312"},"modified":"2012-06-01T09:38:25","modified_gmt":"2012-06-01T07:38:25","slug":"cliche-au-gens-bons-cliche-au-forts-mages","status":"publish","type":"post","link":"https:\/\/www.wallendorff.com\/belogue\/2005\/07\/21\/cliche-au-gens-bons-cliche-au-forts-mages\/","title":{"rendered":"Cliche&sup1; au gens bons, cliche au forts mages&#8230;"},"content":{"rendered":"\n<div id=\"photo\">\n<p><img decoding=\"async\" src=\"http:\/\/www.po-L.com\/belogue\/photo\/2005\/07\/20050721.jpg\" \/><br \/>\n          Rue de la Sourderie, Blois, 15 juillet.<\/p>\n<\/p><\/div>\n<p style=\"text-align:right\">&#8230; Cliche va &ecirc;tre ma <em>lad<\/em>&nbsp;? Chez moi c&rsquo;est d&rsquo;<em>home<\/em> &acirc;ge.<\/p>\n<div id=\"bandeson\">\n<p><img decoding=\"async\" src=\"https:\/\/www.wallendorff.com\/belogue\/photo\/pochettes\/h\/harvey_pj-uh_huh_her.jpg\" align=\"left\" \/>&nbsp;<a href=\"http:\/\/www.pjharvey.net\/\">PJ Harvey<\/a> &ndash; <em>Pocket Knife<\/em><\/p>\n<\/div>\n<div id=\"bas_note\">\n<p>_____<\/p>\n<p><sup>1<\/sup> <strong>Cliche <\/strong>(n. f.)&nbsp;: &Eacute;quivalent ardennais de &quot;clanche<sup>2<\/sup>&quot;.<\/p>\n<p><sup>2<\/sup> <strong>Clanche<\/strong> (n. f.)&nbsp;: &Eacute;quivalent lorrain de &quot;poign&eacute;e de porte&quot;.<\/p>\n<\/p><\/div>\n","protected":false},"excerpt":{"rendered":"<p>Rue de la Sourderie, Blois, 15 juillet. &#8230; Cliche va &ecirc;tre ma lad&nbsp;? Chez moi c&rsquo;est d&rsquo;home &acirc;ge. &nbsp;PJ Harvey &ndash; Pocket Knife _____ 1 Cliche (n. f.)&nbsp;: &Eacute;quivalent ardennais de &quot;clanche2&quot;. 2 Clanche (n. f.)&nbsp;: &Eacute;quivalent lorrain de &quot;poign&eacute;e de porte&quot;.<\/p>\n","protected":false},"author":1,"featured_media":24252,"comment_status":"open","ping_status":"open","sticky":false,"template":"","format":"standard","meta":{"_acf_changed":false,"ngg_post_thumbnail":0,"jetpack_post_was_ever_published":false,"_jetpack_newsletter_access":"","_jetpack_dont_email_post_to_subs":false,"_jetpack_newsletter_tier_id":0,"_jetpack_memberships_contains_paywalled_content":false,"_jetpack_memberships_contains_paid_content":false,"footnotes":"","jetpack_publicize_message":"","jetpack_publicize_feature_enabled":true,"jetpack_social_post_already_shared":false,"jetpack_social_options":{"image_generator_settings":{"template":"highway","default_image_id":0,"font":"","enabled":false},"version":2}},"categories":[3],"tags":[1141,132,10304,1139,10120,1142,10180,909,10305,770,1140,173],"class_list":["post-312","post","type-post","status-publish","format-standard","has-post-thumbnail","hentry","category-dpc","tag-blois","tag-eos-20d","tag-centre","tag-cliche","tag-france","tag-loir-et-cher","tag-pj-harvey","tag-pocket-knife","tag-porte","tag-rouge","tag-rue-de-la-sourderie","tag-sigma-28-70-mm-f28-dg-ex"],"acf":[],"geo":{"latitude":47.5799255,"longitude":1.3374996,"description":null},"jetpack_publicize_connections":[],"jetpack_featured_media_url":"https:\/\/www.wallendorff.com\/belogue\/wp-content\/uploads\/2015\/04\/200507211.jpg","jetpack_shortlink":"https:\/\/wp.me\/p3b35P-52","jetpack_sharing_enabled":true,"jetpack-related-posts":[{"id":430,"url":"https:\/\/www.wallendorff.com\/belogue\/2005\/03\/25\/banc-quai\/","url_meta":{"origin":312,"position":0},"title":"Banc-quai.","author":"dpc","date":"25 mars 2005","format":false,"excerpt":"Gare de Metz-Ville, 20 mars. \"Il en va de l'Amour comme du temps, Parfois la bise annonce le vent.\" [Je l'ai trouv\u00e9e dans le train, j'\u00e9tais content de moi] [Je sais, je sais, y avait pas de quoi.] \u00a0PJ Harvey \u2013 Pocket Knife","rel":"","context":"Dans &quot;DPC&quot;","block_context":{"text":"DPC","link":"https:\/\/www.wallendorff.com\/belogue\/category\/dpc\/"},"img":{"alt_text":"","src":"https:\/\/i0.wp.com\/www.wallendorff.com\/belogue\/wp-content\/uploads\/2015\/04\/20050325-011.jpg?resize=350%2C200&ssl=1","width":350,"height":200},"classes":[]},{"id":30322,"url":"https:\/\/www.wallendorff.com\/belogue\/2016\/03\/01\/into-the-wide-62\/","url_meta":{"origin":312,"position":1},"title":"Into the wide #62.","author":"dpc","date":"1 mars 2016","format":false,"excerpt":"Porte des Allemands, Metz, 27 d\u00e9cembre 2015. The Wheel PJ Harvey","rel":"","context":"Dans &quot;Into the wide&quot;","block_context":{"text":"Into the wide","link":"https:\/\/www.wallendorff.com\/belogue\/category\/into-the-wide\/"},"img":{"alt_text":"","src":"https:\/\/i0.wp.com\/www.wallendorff.com\/belogue\/wp-content\/uploads\/2016\/03\/20160301.jpg?resize=350%2C200&ssl=1","width":350,"height":200,"srcset":"https:\/\/i0.wp.com\/www.wallendorff.com\/belogue\/wp-content\/uploads\/2016\/03\/20160301.jpg?resize=350%2C200&ssl=1 1x, https:\/\/i0.wp.com\/www.wallendorff.com\/belogue\/wp-content\/uploads\/2016\/03\/20160301.jpg?resize=525%2C300&ssl=1 1.5x, https:\/\/i0.wp.com\/www.wallendorff.com\/belogue\/wp-content\/uploads\/2016\/03\/20160301.jpg?resize=700%2C400&ssl=1 2x"},"classes":[]},{"id":32070,"url":"https:\/\/www.wallendorff.com\/belogue\/2016\/07\/31\/juillet-2016\/","url_meta":{"origin":312,"position":2},"title":"Juillet 2016","author":"dpc","date":"31 juillet 2016","format":false,"excerpt":"Une bi\u00e8re, un festival, un photographe, un ponton, des photographes, un verre, un festival, une bi\u00e8re, un chat pr\u00e9nomm\u00e9 Schublig, un balcon, un trou, un festival, un enregistrement, un vol de walkyries, un bar, un concert, un d\u00e9fil\u00e9, une bi\u00e8re, des photographes, un festival, un saut, des croissants, une bi\u00e8re,\u2026","rel":"","context":"Dans &quot;Blog-note&quot;","block_context":{"text":"Blog-note","link":"https:\/\/www.wallendorff.com\/belogue\/category\/blog-note\/"},"img":{"alt_text":"","src":"https:\/\/i0.wp.com\/www.wallendorff.com\/belogue\/wp-content\/uploads\/2016\/08\/20160817-78-1.jpg?resize=350%2C200&ssl=1","width":350,"height":200,"srcset":"https:\/\/i0.wp.com\/www.wallendorff.com\/belogue\/wp-content\/uploads\/2016\/08\/20160817-78-1.jpg?resize=350%2C200&ssl=1 1x, https:\/\/i0.wp.com\/www.wallendorff.com\/belogue\/wp-content\/uploads\/2016\/08\/20160817-78-1.jpg?resize=525%2C300&ssl=1 1.5x, https:\/\/i0.wp.com\/www.wallendorff.com\/belogue\/wp-content\/uploads\/2016\/08\/20160817-78-1.jpg?resize=700%2C400&ssl=1 2x"},"classes":[]},{"id":48100,"url":"https:\/\/www.wallendorff.com\/belogue\/2021\/03\/21\/les-couvre-feux-de-lamour\/","url_meta":{"origin":312,"position":3},"title":"Les couvre-feux de l&rsquo;amour.","author":"dpc","date":"21 mars 2021","format":false,"excerpt":"Rue de Furstemberg, Paris, 8 d\u00e9cembre 2020. This Mess We're in (demo) PJ Harvey","rel":"","context":"Dans &quot;DPC&quot;","block_context":{"text":"DPC","link":"https:\/\/www.wallendorff.com\/belogue\/category\/dpc\/"},"img":{"alt_text":"","src":"https:\/\/i0.wp.com\/www.wallendorff.com\/belogue\/wp-content\/uploads\/2021\/03\/20210321.jpg?resize=350%2C200&ssl=1","width":350,"height":200,"srcset":"https:\/\/i0.wp.com\/www.wallendorff.com\/belogue\/wp-content\/uploads\/2021\/03\/20210321.jpg?resize=350%2C200&ssl=1 1x, https:\/\/i0.wp.com\/www.wallendorff.com\/belogue\/wp-content\/uploads\/2021\/03\/20210321.jpg?resize=525%2C300&ssl=1 1.5x, https:\/\/i0.wp.com\/www.wallendorff.com\/belogue\/wp-content\/uploads\/2021\/03\/20210321.jpg?resize=700%2C400&ssl=1 2x, https:\/\/i0.wp.com\/www.wallendorff.com\/belogue\/wp-content\/uploads\/2021\/03\/20210321.jpg?resize=1050%2C600&ssl=1 3x"},"classes":[]},{"id":17403,"url":"https:\/\/www.wallendorff.com\/belogue\/2012\/05\/22\/down-to-dusk\/","url_meta":{"origin":312,"position":4},"title":"Down to dusk.","author":"dpc","date":"22 mai 2012","format":false,"excerpt":"Rue de la Bonne, Paris, 6 avril. A Place Called HomePJ Harvey","rel":"","context":"Dans &quot;DPC&quot;","block_context":{"text":"DPC","link":"https:\/\/www.wallendorff.com\/belogue\/category\/dpc\/"},"img":{"alt_text":"","src":"https:\/\/i0.wp.com\/www.wallendorff.com\/belogue\/wp-content\/uploads\/2015\/04\/201205221.jpg?resize=350%2C200&ssl=1","width":350,"height":200,"srcset":"https:\/\/i0.wp.com\/www.wallendorff.com\/belogue\/wp-content\/uploads\/2015\/04\/201205221.jpg?resize=350%2C200&ssl=1 1x, https:\/\/i0.wp.com\/www.wallendorff.com\/belogue\/wp-content\/uploads\/2015\/04\/201205221.jpg?resize=525%2C300&ssl=1 1.5x"},"classes":[]},{"id":7490,"url":"https:\/\/www.wallendorff.com\/belogue\/2010\/05\/03\/w19602010\/","url_meta":{"origin":312,"position":5},"title":"1960-2010","author":"dpc","date":"3 mai 2010","format":false,"excerpt":"1er mai. \u00a0PJ Harvey \u2013 The End","rel":"","context":"Dans &quot;DPC&quot;","block_context":{"text":"DPC","link":"https:\/\/www.wallendorff.com\/belogue\/category\/dpc\/"},"img":{"alt_text":"","src":"https:\/\/i0.wp.com\/www.wallendorff.com\/belogue\/wp-content\/uploads\/2015\/04\/201005031.jpg?resize=350%2C200&ssl=1","width":350,"height":200,"srcset":"https:\/\/i0.wp.com\/www.wallendorff.com\/belogue\/wp-content\/uploads\/2015\/04\/201005031.jpg?resize=350%2C200&ssl=1 1x, https:\/\/i0.wp.com\/www.wallendorff.com\/belogue\/wp-content\/uploads\/2015\/04\/201005031.jpg?resize=525%2C300&ssl=1 1.5x"},"classes":[]}],"_links":{"self":[{"href":"https:\/\/www.wallendorff.com\/belogue\/wp-json\/wp\/v2\/posts\/312","targetHints":{"allow":["GET"]}}],"collection":[{"href":"https:\/\/www.wallendorff.com\/belogue\/wp-json\/wp\/v2\/posts"}],"about":[{"href":"https:\/\/www.wallendorff.com\/belogue\/wp-json\/wp\/v2\/types\/post"}],"author":[{"embeddable":true,"href":"https:\/\/www.wallendorff.com\/belogue\/wp-json\/wp\/v2\/users\/1"}],"replies":[{"embeddable":true,"href":"https:\/\/www.wallendorff.com\/belogue\/wp-json\/wp\/v2\/comments?post=312"}],"version-history":[{"count":1,"href":"https:\/\/www.wallendorff.com\/belogue\/wp-json\/wp\/v2\/posts\/312\/revisions"}],"predecessor-version":[{"id":17529,"href":"https:\/\/www.wallendorff.com\/belogue\/wp-json\/wp\/v2\/posts\/312\/revisions\/17529"}],"wp:featuredmedia":[{"embeddable":true,"href":"https:\/\/www.wallendorff.com\/belogue\/wp-json\/wp\/v2\/media\/24252"}],"wp:attachment":[{"href":"https:\/\/www.wallendorff.com\/belogue\/wp-json\/wp\/v2\/media?parent=312"}],"wp:term":[{"taxonomy":"category","embeddable":true,"href":"https:\/\/www.wallendorff.com\/belogue\/wp-json\/wp\/v2\/categories?post=312"},{"taxonomy":"post_tag","embeddable":true,"href":"https:\/\/www.wallendorff.com\/belogue\/wp-json\/wp\/v2\/tags?post=312"}],"curies":[{"name":"wp","href":"https:\/\/api.w.org\/{rel}","templated":true}]}}