{"id":31054,"date":"2016-06-12T11:52:20","date_gmt":"2016-06-12T09:52:20","guid":{"rendered":"http:\/\/www.wallendorff.com\/belogue\/?p=31054"},"modified":"2018-05-23T08:04:30","modified_gmt":"2018-05-23T06:04:30","slug":"into-the-wide-67","status":"publish","type":"post","link":"https:\/\/www.wallendorff.com\/belogue\/2016\/06\/12\/into-the-wide-67\/","title":{"rendered":"Into the wide #67."},"content":{"rendered":"\n<div id=\"photo\">\n<p><img decoding=\"async\" src=\"https:\/\/www.wallendorff.com\/belogue\/photo\/2016\/06\/20160612.jpg\"><br \/>\n        Quai de Conti, Paris, 20 avril.<\/p>\n<\/p><\/div>\n<div id=\"bandeson\">\n<p><img decoding=\"async\" src=\"https:\/\/www.wallendorff.com\/belogue\/photo\/pochettes\/c\/clerks-ost.jpg\" align=\"left\" \/><a style=\"font-weight:normal\" id=\"lienmp3\" href=\"http:\/\/www.youtube.com\/watch?v=jrW8uTRDjkA\"><em>Can&rsquo;t Even Tell<\/em><\/a><br \/>\n<a href=\"http:\/\/www.soulasylum.com\/\">Soul Asylum<\/a><\/p>\n<\/p><\/div>\n<p style=\"text-align:left\">Il y a douze ans, les Pistons de D&eacute;troit &eacute;taient en finale NBA.<\/p>\n<p style=\"text-align:right\"><a href=\"https:\/\/www.wallendorff.com\/belogue\/2005\/06\/13\/youve-gone-way-too-far-by-now-to-turn-around\/\">Il y a onze ans<\/a>, les Pistons de D&eacute;troit &eacute;taient encore en finale NBA.<\/p>\n<p style=\"text-align:left\"><a href=\"https:\/\/www.wallendorff.com\/belogue\/2006\/06\/12\/l-emu-rond-des-zoos-raye\/\">Il y a dix ans<\/a>, les Pistons de D&eacute;troit &eacute;taient en vacances apr&egrave;s s&rsquo;&ecirc;tre fait vider comme des nases en sept manches de finale de conf&eacute;rence par Miami<em>.<\/em><\/p>\n<p style=\"text-align:right\"><a href=\"https:\/\/www.wallendorff.com\/belogue\/2007\/06\/12\/trois\/\">Il y a neuf ans<\/a>, les Pistons de D&eacute;troit &eacute;taient toujours en vacances, cette fois-ci gr&acirc;ce &agrave; Cleveland.<\/p>\n<p style=\"text-align:left\"><a href=\"https:\/\/www.wallendorff.com\/belogue\/2008\/06\/12\/le-pied-o-la-vieille-m-oint-cher\/\">Il y a huit ans<\/a>, j&rsquo;en avais marre de ressasser chaque ann&eacute;e des histoires de basket, ce sport de nase, tout &ccedil;a &agrave; cause de la <a href=\"http:\/\/en.wikipedia.org\/wiki\/2004%E2%80%9305_NHL_lockout\">gr&egrave;ve de 2004<\/a> qui m&rsquo;avait forc&eacute; &agrave; causer d&egrave;s l&rsquo;origine de basket, ce sport de nase, plut&ocirc;t que de hockey sur glace. Cette ann&eacute;e-l&agrave;, donc, les Red Wings de D&eacute;troit emport&egrave;rent le championnat et tout le monde fut content, sauf moi<sup>1<\/sup>.<\/p>\n<p style=\"text-align:right\"><a href=\"https:\/\/www.wallendorff.com\/belogue\/2009\/06\/12\/me-nuisant-plus-bele-que-vaux-je-hourds\/\">Il y a sept ans<\/a>, j&rsquo;&eacute;tais persuad&eacute; que D&eacute;troit allait  redevenir champion en regagnant contre rePittsburgh puisque le septi&egrave;me match de la finale, c&rsquo;&eacute;tait le soir-m&ecirc;me et que sur les 14 fois pr&eacute;c&eacute;dentes o&ugrave; la coupe s&rsquo;&eacute;tait jou&eacute;e en sept manches, l&rsquo;&eacute;quipe qui accueillait avait gagn&eacute; 12 fois. Je pensais que c&rsquo;&eacute;tait pas plus mal, parce que &ccedil;a allait donner au moins un truc &agrave; f&ecirc;ter dans le Michigan cette ann&eacute;e-l&agrave;. Manque de pot, Pittsburgh gagna 2-1, ce qui prouvait bien que dans la vie, rien n&rsquo;est gagn&eacute; d&rsquo;avance.<\/p>\n<p style=\"text-align:left\"><a href=\"https:\/\/www.wallendorff.com\/belogue\/2010\/06\/12\/six\/\">Il y a six ans<\/a>, D&eacute;troit s&rsquo;&eacute;tait fait &eacute;liminer par San Jose en demi-finale de conf&eacute;rence, Chicago avait remport&eacute; le championnat pour la premi&egrave;re fois depuis 1961 et se rebaptisait Hawkeytown pour faire la nique au Hockeytown de D&eacute;troit, ce que je trouvais fort dr&ocirc;le car j&rsquo;ai toujours pr&eacute;f&eacute;r&eacute; Chicago &agrave; D&eacute;troit.<\/p>\n<p style=\"text-align:right\"><a href=\"https:\/\/www.wallendorff.com\/belogue\/2011\/06\/12\/direction-linfini\/\">Il y a cinq ans<\/a>, D&eacute;troit s&rsquo;&eacute;tait encore fait &eacute;liminer par San Jose en demi-finale de conf&eacute;rence alors que Chicago s&rsquo;&eacute;tait injustement fait sortir par Vancouver  d&egrave;s les quarts de finale de conf&eacute;rence en prolongation apr&egrave;s avoir remont&eacute; un d&eacute;ficit de 3 matchs et impos&eacute; une 7<sup>e<\/sup> manche. Du coup c&rsquo;&eacute;tait Vancouver qui allait gagner. Ou Boston. Oui, finalement c&rsquo;&eacute;tait Boston.<\/p>\n<p style=\"text-align:left\"><a href=\"https:\/\/www.wallendorff.com\/belogue\/2012\/06\/12\/o-verts-oeufs-ils-effarent-rouets\/\">Il y a quatre ans<\/a>, Nashville, non content d&rsquo;avoir piqu&eacute; Jack White et ses potes &agrave; D&eacute;troit, en avait profit&eacute; pour &eacute;galement les &eacute;liminer au premier tour, pendant que Chicago se faisait sortir par Phoenix d&egrave;s le premier tour aussi. Pas de jaloux cette ann&eacute;e-l&agrave;, donc, et Los Angeles avait pu en profiter pour niquer tout le monde en se qualifiant &agrave; l&rsquo;arrache pour  les s&eacute;ries avant de d&eacute;gager sans mal et dans l&rsquo;ordre le 1<sup>er<\/sup>, le 2<sup>e<\/sup> puis le 3<sup>e<\/sup> de la conf&eacute;rence et finalement <a href=\"http:\/\/www.nhl.com\/ice\/recap.htm?id=2011030416\">New Jersey cette nuit-l&agrave;-m&ecirc;me<\/a> pour gagner le premier championnat de leur histoire et oublier leur finale perdue en 1993 contre les tra&icirc;tres et les faux-jetons.<\/p>\n<p style=\"text-align:right\"><a href=\"https:\/\/www.wallendorff.com\/belogue\/2013\/06\/12\/into-the-wide-9\/\">Il y a trois ans<\/a>,  D&eacute;troit et Chicago se rencontraient en demi-finale de conf&eacute;rence pour la derni&egrave;re fois et c&rsquo;&eacute;tait Chicago qui avait gagn&eacute; de justesse en 7 matches apr&egrave;s avoir &eacute;t&eacute; men&eacute;s 3 victoires &agrave; 1. D&eacute;troit se retrouvait donc en vacances pendant que Chicago entamait sa finale du championnat ce m&ecirc;me soir contre Boston &mdash;&nbsp;et s&rsquo;appr&ecirc;tait donc &agrave; remporter un 2<sup>e<\/sup> titre en 3 ans, donc, mais &ccedil;a nous ne le s&ucirc;mes que plus tard&nbsp;&mdash;, ce qui promettait une fatigante semaine.<\/p>\n<p style=\"text-align:left\"><a href=\"https:\/\/www.wallendorff.com\/belogue\/2014\/06\/12\/dix-ans\/\">Il y a deux ans<\/a>, D&eacute;troit &eacute;tait en vacances depuis un bon mois apr&egrave;s s&rsquo;&ecirc;tre fait &eacute;liminer d&egrave;s le premier tour par Boston et Chicago avait injustement perdu en prolongation du 7<sup>e<\/sup> match de la finale de conf&eacute;rence face &agrave; Los Angeles, une bande de p&acirc;les types qui, &agrave; l&rsquo;heure qu&rsquo;il &eacute;tait, &eacute;tait en train de remporter la finale face &agrave; New York, quoique ayant perdu le 4<sup>e<\/sup> match cette nuit-l&agrave;.<\/p>\n<p style=\"text-align:right\">Il y a un an, D&eacute;troit se faisait vider d&egrave;s le premier tour en sept manches par Tampa Bay, qui s&rsquo;&eacute;tait ainsi fray&eacute; un chemin jusqu&rsquo;en finale contre Chicago, o&ugrave; l&rsquo;on en &eacute;tait &agrave; 2 victoires partout dans une s\u00e9rie tr\u00e8s tr\u00e8s stressante, et je n&rsquo;avais pas vu de rasoir depuis plus de deux mois, ce qui commen&ccedil;ait &agrave; gratter. Chicago l&#8217;emporta 4 victoires &agrave; 2 et tout le monde fut content, surtout moi qui put me raser en chantant.<\/p>\n<p><em>Aujourd&rsquo;hui, D&eacute;troit et Chicago se sont tous fait toquer d&egrave;s le premier tour depuis 2 mois, respectivement contre Tampa Bay et Saint-Louis, donc pas de jaloux, et j&rsquo;attends que San Jose batte Pittsburgh en finale (ou le contraire, va savoir) en caressant mes belles joues glabres.<\/em><\/p>\n<p>&nbsp;<\/p>\n<p style=\"text-align:left\">Il y a douze ans, je d&eacute;jeunais avec des cookies Pepperidge Farm<sup>&trade;<\/sup> au milieu d&rsquo;un bureau quelque part &agrave; Pontiac.<\/p>\n<p style=\"text-align:right\">Il y a onze ans, je d&eacute;jeunais avec des cookies Hello<sup>&reg;<\/sup> de Lu<sup>&trade;<\/sup> au milieu d&rsquo;un bureau quelque part &agrave; &Eacute;vry.<\/p>\n<p style=\"text-align:left\">Il y a dix ans, je d&eacute;jeunais avec des Prince<sup>&trade;<\/sup> chocolat au milieu d&rsquo;un bureau quelque part &agrave; Clamart parce qu&rsquo;on &eacute;tait lundi.<\/p>\n<p style=\"text-align:right\">Il y a neuf ans, je d&eacute;jeunais avec un Panier<sup>&reg;<\/sup> de Yoplait<sup>&trade;<\/sup> au milieu de toujours le m&ecirc;me patin de bureau. Je me s&eacute;dentarisais un peu trop, l&agrave;.<\/p>\n<p style=\"text-align:left\">Il y a huit ans, je d&eacute;jeunais avec des tartines beurr&eacute;es au milieu d&rsquo;encore le m&ecirc;me !@#$ de bureau, au secours quelqu&rsquo;un, mais personne ne vint.<\/p>\n<p style=\"text-align:right\">Il y a sept ans, je d&eacute;jeunais tard avec un sandwich au milieu d&rsquo;un bureau dont je n&rsquo;osai m&ecirc;me pas avouer l&#8217;emplacement.<\/p>\n<p style=\"text-align:left\">Il y a six ans, je d&eacute;jeunais avec un caf&eacute; au milieu d&rsquo;un endroit qui n&rsquo;&eacute;tait pas un bureau, parce que c&rsquo;&eacute;tait samedi.<\/p>\n<p style=\"text-align:right\">Il y a cinq ans, je d&eacute;jeunais avec un autre caf&eacute; au milieu du m&ecirc;me endroit qui n&rsquo;&eacute;tait pas un bureau, parce que c&rsquo;&eacute;tait dimanche.<\/p>\n<p style=\"text-align:left\">Il y a quatre ans, je d&eacute;jeunais avec des cookies Pepperidge Farm<sup>&trade;<\/sup> Sausalito<sup>&reg;<\/sup> (qui sont pas les meilleurs Pepperidge Farm<sup>&trade;<\/sup> mais il ne me restait que &ccedil;a) au milieu d&rsquo;un bureau quelque part dans le XIII<sup>e<\/sup> arrondissement de Paris.<\/p>\n<p style=\"text-align:right\">Il y a trois ans, je d&eacute;jeunais avec un croissant et une pomme, parce que, comme le dit le dicton, &laquo;&nbsp;une pomme matin ou soir envoie le m&eacute;decin se faire voir&nbsp;&raquo;, au milieu du m&ecirc;me bureau quelque part dans le XIII<sup>e<\/sup> arrondissement de Paris.<\/p>\n<p style=\"text-align:left\">Il y a deux ans, je d&eacute;jeunais avec des couquies Pepperidge Farm<sup>&trade;<\/sup> aux grosses grosse p&eacute;pites de chocolat &mdash;&nbsp;les verts&nbsp;&mdash;, qui sont de loin les meilleurs couquies Pepperidge Farm<sup>&trade;<\/sup> de tout l&rsquo;ouest du Pecos, pour la derni&egrave;re fois dans le m&ecirc;me bureau quelque part dans le XIII<sup>e<\/sup> arrondissement de Paris.<\/p>\n<p style=\"text-align:right\">Il y a un an, je d&eacute;jeunais avec un croissant aux amandes assez roboratif pour me tenir la journ&eacute;e, dans un bureau d&rsquo;un 9<sup>e<\/sup> &eacute;tage du XIII<sup>e<\/sup> arrondissement de Paris.<\/p>\n<p><em>Aujourd&rsquo;hui, je ne d&eacute;jeune pas encore, car c&rsquo;est dimanche et que le dimanche, on d&eacute;jeune tard.<\/em><\/p>\n<p>&nbsp;<\/p>\n<p>&nbsp;<\/p>\n<p style=\"text-align:left\">Il y a douze ans, j&rsquo;allais voir Franz Ferdinand au Majestic Theater de D&eacute;troit.<\/p>\n<p style=\"text-align:right\">Il y a onze ans, j&rsquo;allais voir Ghinzu &agrave; l&rsquo;Olympia de Paris.<\/p>\n<p style=\"text-align:left\">Il y a dix ans, j&rsquo;allais voir si j&rsquo;allais voir Guillemots &agrave; la Boule Noire de Paris ce soir-l&agrave; ou bien, pour ne finalement pas y aller.<\/p>\n<p style=\"text-align:right\">Il y a neuf ans et un jour, les White Stripes au Z&eacute;nith de Paris. Les deux jours suivants, Mademoiselle K &agrave; l&rsquo;&Eacute;lys&eacute;e-Montmartre de Paris puis au Trabendo de Paris. Y&rsquo;avait pas &agrave; dire, on n&rsquo;avait pas des vies faciles. Et je passais beaucoup trop de temps &agrave; Paris.<\/p>\n<p style=\"text-align:left\">Il y a huit ans, j&rsquo;allais voir Supergrass &agrave; l&rsquo;&Eacute;lys&eacute;e-Montmartre de Paris, qui comme son nom l&rsquo;indiquait, &eacute;tait toujours &agrave; Paris, donc moi aussi.<\/p>\n<p style=\"text-align:right\">Il y a sept ans, j&rsquo;allais peut-&ecirc;tre voir Elmer Food Beat toujours dans le m&ecirc;me &Eacute;lys&eacute;e-Montmartre de Paris, parce qu&rsquo;un photographe de rock et de roll  a rat&eacute; sa vie si, &agrave; 50 ans, il n&rsquo;a jamais photographi&eacute; de chanteur bedonnant en zlip kangourou. Et j&rsquo;y allai. Ma vie fut sauv&eacute;e ce soir-l&agrave;.<\/p>\n<p style=\"text-align:left\">Il y a six ans, apr&egrave;s &ecirc;tre all&eacute; la veille au Stade de France de Saint-Denis, juste &agrave; c&ocirc;t&eacute; de Paris, avec plein de gens, voir Muse se produire, je r&eacute;allais le resoir-m&ecirc;me au reStade de France de reSaint-Denis, rejuste &agrave; c&ocirc;t&eacute; de reParis, avec replein de gens, pour revoir reMuse se reproduire. Oh mon dieu. C&rsquo;&eacute;tait un pi&egrave;ge.<\/p>\n<p style=\"text-align:right\">Il y a cinq ans, je n&rsquo;allais rien voir du tout dans aucune salle de Paris car on ne peut pas vivre des trucs int&eacute;ressants tous les ans non plus.<\/p>\n<p style=\"text-align:left\">Il y a quatre ans, je n&rsquo;allais rien voir non plus dans aucune salle de Paris non plus, mais seulement parce que je le voulais bien ou bien.<\/p>\n<p style=\"text-align:right\">Il y a trois ans, je n&rsquo;allais voir encore-non-plus parce que va savoir pourquoi.<\/p>\n<p style=\"text-align:left\">Il y a deux ans, j&rsquo;allais voir Tom Vek &agrave; la Fl&egrave;che d&rsquo;Or de Paris.<\/p>\n<p style=\"text-align:right\">Il y a un an, je n&rsquo;allais rien voir non plus parce qu&rsquo;il y avait bar et qu&rsquo;on ne peut pas &ecirc;tre au mour et au foulin.<\/p>\n<p><em>Aujourd&rsquo;hui, je vais voir la troisi&egrave;me journ&eacute;e du T&eacute;l&eacute;chargement Festival au chevalodrome de Longchamp de Paris pour voir des m&eacute;talleux, boire des bi&egrave;res et manger des Monster Munch<sup>&reg;<\/sup> gratuits.<\/em><\/p>\n<p>&nbsp;<\/p>\n<p>&nbsp;<\/p>\n<p style=\"text-align:left\">Il y a douze ans, je m&rsquo;&eacute;veillais le matin au doux son de <em>Bonjour Le Monde&nbsp;!<\/em>, sur CBEF Windsor, avec Charles L&eacute;vesque et Maryse Tourette, dans ma voiture lanc&eacute;e &agrave; vive lenteur sur Orchard Lake Road.<\/p>\n<p style=\"text-align:right\">Il y a onze ans, je m&rsquo;&eacute;veillai au doux son de Marylin Manson, dans mon RER D lanc&eacute; &agrave; vive lenteur sur RER D Trail.<\/p>\n<p style=\"text-align:left\">Il y a dix ans, je m&rsquo;&eacute;veillais au doux son de Wayne Coyne introduisant son acoustique de <em>Thank You Jack White (For the Fiber-Optic Jesus  That You Gave Me)<\/em><sup>2<\/sup> par \u00ab\u00a0Always read the instructions before plugging in a gift from Jack White.\u00a0\u00bb<\/p>\n<p style=\"text-align:right\">Il y a neuf ans, je m&rsquo;&eacute;veillais doucement au doux son de <em>Que de la radio<\/em> sur <a href=\"http:\/\/www.couleur3.ch\" target=\"_blank\">la 3<\/a>, en b&eacute;nissant une fois de plus le ciel pour avoir invent&eacute; la Suisse. <\/p>\n<p style=\"text-align:left\">Il y a huit ans, je m&rsquo;&eacute;veillais doucement au doux son de la douce voix d&rsquo;&Eacute;milie Gasc-Milesi visitant le mus&eacute;e d&rsquo;ethnographie de G&rsquo;n&egrave;ve, avant d&rsquo;envoyer Beck chanter <em>Cellphone&rsquo;s Dead<\/em>, un titre pas entendu depuis pfioulala-&ccedil;a-nous-rajeunissait-pas, toujours dans <em>Que de la radio<\/em> et toujours sur la <a href=\"http:\/\/www.couleur3.ch\">3<\/a>, c&rsquo;&eacute;tait dingue.<\/p>\n<p style=\"text-align:right\">Il y a sept ans, je ne m&rsquo;&eacute;veillais plus car il &eacute;tait tard, mais au son de toujours-la-m&ecirc;me-<a href=\"http:\/\/www.couleur3.ch\">3<\/a> qui passait une version jazzy &agrave; la guitare de <em>Pump Up the Jam<\/em>, reprise par The Lost Fingers, qui sonnait super bizarre,  je me demandai subitement si je m&rsquo;&eacute;tais vraiment &eacute;veill&eacute; ce matin.<\/p>\n<p style=\"text-align:left\">Il y a six ans, je m&rsquo;&eacute;veillais au doux son de la rediff&rsquo; de la <a href=\"http:\/\/www.rsr.ch\/#\/couleur3\/programmes\/2-0-en-cabine\/?date=11-06-2010\">premi&egrave;re de 2-0 en cabine<\/a>, la principale attraction de la coupe du monde de foute qu&rsquo;<a href=\"http:\/\/www.facebook.com\/cabineC3\">on &eacute;tait tous fans<\/a> et que je n&rsquo;avais pas pu &eacute;couter la veille pour cause de Muse. Ignacio Chollet, &eacute;pouse-moi.<\/p>\n<p style=\"text-align:right\">Il y a cinq ans, je m&rsquo;&eacute;veillais au doux son d&rsquo;<em><a href=\"http:\/\/www.rsr.ch\/#\/couleur3\/programmes\/au-milieu-du-village-dominical\/?date=12-06-2011\">Au milieu du village, promenade dominicale<\/a><\/em>, la compilation hebdomadaire du monument de bon go&ucirc;t et de sociologie qu&rsquo;&eacute;tait <em><a href=\"http:\/\/www.rsr.ch\/#\/couleur3\/programmes\/au-milieu-du-village\/2276086-au-milieu-du-village.html\">Au milieu du village<\/a><\/em>, ce qui montrait bien que je change rarement de cr&egrave;merie radiophonique.<\/p>\n<p style=\"text-align:left\">Il y a quatre ans, je m&rsquo;&eacute;veillais au doux son de <em>Plata O Plomo<\/em> de Soulfly dans <em>Que de la radio<\/em>, sur la <a href=\"http:\/\/www.couleur3.ch\">3<\/a> et ce pour la derni&egrave;re ann&eacute;e, vu que le Dujany se cassait &agrave; la fin de la saison pour aller voir ailleurs s&rsquo;il y &eacute;tait, mais seulement apr&egrave;s qu&rsquo;il eut finit d&rsquo;imiter Max Cavalera dans le poste.<\/p>\n<p style=\"text-align:right\">Il y a trois ans, je m&rsquo;&eacute;veillais <a href=\"http:\/\/www.rts.ch\/couleur3\/programmes\/audioguide\/4940742-famous-nightclubs-3-4.html\">au doux son du <em>Ghost Rider<\/em> de Suicide qui closait l&rsquo;&eacute;pisode sur le CBGB de la semaine sp&eacute;ciale <em>Famous Nightclubs<\/em> d&rsquo;<em>Audioguide<\/em> dans <em>le Bronx<\/em> sur devine-un-peu-quelle-radio<em>.<\/em><\/a><\/p>\n<p style=\"text-align:left\">Il y a deux ans, je m&rsquo;&eacute;veillais au doux son d&rsquo;<a href=\"http:\/\/www.rts.ch\/couleur3\/programmes\/tartare\/5888110-tartare-12-06-2014.html?f=player\/popup&#038;date=12-06-2014\">Anselme, l&rsquo;invit&eacute; tr&egrave;s tr&egrave;s na&iuml;f qui ressemblait &agrave; une pizza dig&eacute;r&eacute;e parce qu&rsquo;il mettait des tonnes d&rsquo;Axe<sup>&reg;<\/sup> pour attirer les filles et qui mourrait b&ecirc;tement en sautant par la fen&ecirc;tre parce qu&rsquo;il venait de boire un Redbull<sup>&reg;<\/sup> de <em>Tartare<\/em><\/a>, la chronique d&eacute;bile de dans <em>One-Two<\/em> l&rsquo;&eacute;mission du matin sur &eacute;videmment-toujours-la-m&ecirc;me-radio, une &eacute;mission dr&ocirc;le qui s&rsquo;arr&ecirc;tait le lendemain parce que la grille d&rsquo;&eacute;t&eacute; commen&ccedil;ait d&egrave;s le lundi et pas au moment des Eurock&eacute;ennes comme chaque ann&eacute;e, ce qui me perturbait beaucoup cette phrase est tr&egrave;s longue.<\/p>\n<p style=\"text-align:right\">Il y a un an, je m&rsquo;&eacute;veillais au doux son de la spiquerine de <a href=\"http:\/\/www.rts.ch\/couleur3\/programmes\/one-two\/6821250-one-two-12-06-2015.html?f=player\/popup&#038;date=12-06-2015\"><em>One-Two<\/em> (son \u00e0 1&nbsp;h 20&nbsp;min 22&nbsp;s dans le fichier)<\/a> sur c&rsquo;est-m&ecirc;me-plus-la-peine-de-dire-quelle-radio, qui &eacute;tait en train de danser la <em>Carioca<\/em> avec un Doquin de Saint-Preux qui chantait tr&egrave;s, mais alors tr&egrave;s tr&egrave;s mal.<\/p>\n<p><em>Aujourd&rsquo;hui, je m&rsquo;&eacute;veille au doux sons des <a href=\"http:\/\/www.rtbf.be\/classic21\/emissions_les-classiques?programId=732&#038;emissionId=83d34530bf3158ba0ea252d0d9701215&#038;date=20160612&#038;period=9\">Classiques<\/a> de Marc Ysa&yuml;e sur <a href=\"http:\/\/www.rtbf.be\/classic21\/\">Classic 21<\/a> &ndash;&nbsp;car, par tradition familiale mill&eacute;naire, le dimanche matin, on &eacute;coute les Classiques de Marc Ysa&yuml;e&nbsp;&ndash; qui nous d&eacute;crasse l&rsquo;&eacute;metteur avec Modern Times Rock &lsquo;n&rsquo; Roll de Queen, sur le premier album, que je n&rsquo;avais jamais entendu, comme quoi il n&rsquo;est jamais trop tard pour apprendre.<\/em><\/p>\n<p>&nbsp;<\/p>\n<p style=\"text-align:left\">Il y a douze ans, il faisait beau.<\/p>\n<p style=\"text-align:right\">Il y a onze ans, il faisait beau aussi.<\/p>\n<p style=\"text-align:left\">Il y a dix ans  il faisait beau et surtout chaud, j&rsquo;&eacute;tais d&eacute;j&agrave; liqu&eacute;fi&eacute; alors qu&rsquo;il n&rsquo;&eacute;tait que 10h et &ccedil;a, &ccedil;a su&ccedil;ait grave.<\/p>\n<p style=\"text-align:right\">Il y a neuf ans  il faisait gris, ce qui su&ccedil;ait un peu moins.<\/p>\n<p style=\"text-align:left\">Il y a huit ans il faisait gris aussi, ce qui me faisait r&eacute;aliser que mon histoire se r&eacute;p&eacute;tait un peu trop, ces temps-l&agrave;.<\/p>\n<p style=\"text-align:right\">Il y a sept ans, il faisait carr&eacute;ment moche. &Ccedil;a devenait une tradition.<\/p>\n<p style=\"text-align:left\">Il y a six ans, il faisait moche aussi. Je croyais qu&rsquo;on m&rsquo;en voulait personnellement.<\/p>\n<p style=\"text-align:right\">Il y a cinq ans, GLORIA ALLELU&Iuml;A il faisait enfin beau, dis donc.<\/p>\n<p style=\"text-align:left\">Il y a quatre ans, il refaisait remoche. &iexcl;Caramba! Encore rat&eacute;.<\/p>\n<p style=\"text-align:right\">Il y a trois ans, il continuait &agrave; faire moche. C&rsquo;&eacute;tait d&eacute;sesp&eacute;rant.<\/p>\n<p style=\"text-align:left\">Il y a deux ans, il faisait beau et chaud. Ou chaud et beau. Je ne savais pas trop.<\/p>\n<p style=\"text-align:right\">Il y a un an, il fait tr&egrave;s beau et tr&egrave;s tr&egrave;s chaud et je pensais fondre avant ce soir-l&agrave; (ce qui n&rsquo;arriva heureusement point).<\/p>\n<p><em>Aujourd&rsquo;hui, il ne fait ni vraiment beau, ni vraiment chaud, ou peut-&ecirc;tre le contraire.<\/em><\/p>\n<p>&nbsp;<\/p>\n<p>&nbsp;<\/p>\n<p style=\"text-align:left\">Il y a douze ans, nous &eacute;tions le 12 juin.<\/p>\n<p style=\"text-align:right\">Il y a onze ans, nous &eacute;tions le 12 et un jour, ce qui signifiait que j&rsquo;&eacute;tais en retard.<\/p>\n<p style=\"text-align:left\">Il y a dix ans, nous &eacute;tions le 12 juin, ce qui voulait dire que je sais retenir les le&ccedil;ons du pass&eacute;.<\/p>\n<p style=\"text-align:right\">Il y a neuf ans, nous &eacute;tions encore le 12 juin, et je n&rsquo;avais r&eacute;alis&eacute; que 5 minutes auparavant que le 12 juin, c&rsquo;&eacute;tait il y a neuf ans.<\/p>\n<p style=\"text-align:left\">Il y a huit ans nous &eacute;tions, c&rsquo;est fou &ccedil;a, le 12 juin.<\/p>\n<p style=\"text-align:right\">Il y a sept ans nous &eacute;tions, gr&acirc;ce &agrave; l&rsquo;implacable r&eacute;gularit&eacute; cyclique super-pr&eacute;visible du calendrier gr&eacute;gorien, deviniez quoi&nbsp;? Le 12 juin.<\/p>\n<p style=\"text-align:left\">Il y a six ans, nous &eacute;tions justement un il y a six ans qui tombait un 12 juin. Mais pas le m&ecirc;me que les autres.<\/p>\n<p style=\"text-align:right\">Il y a cinq ans, nous &eacute;tions la veille du 13 juin et donc le 12. C&rsquo;&eacute;tait &eacute;patant.<\/p>\n<p style=\"text-align:left\">Il y a quatre ans, nous &eacute;tions encore le 12 juin, croyais-je.<\/p>\n<p style=\"text-align:right\">Il y a trois ans, il me semblait, si je me souvenais bien, que, voyiez-vous, nous &eacute;tions le 12 juin.<\/p>\n<p style=\"text-align:left\">Il y a deux ans, nous &eacute;tions encore et toujours le 12 juin.<\/p>\n<p style=\"text-align:right\">Il y a un an, et ce gr&acirc;ce &mdash;&nbsp;ou &agrave; cause, tout d&eacute;pend du point de vue duquel on se place&nbsp;&mdash;, Il y a un an,donc, selon &mdash;&nbsp;ne nous mouillons point&nbsp;&mdash; la marche immuable de l&rsquo;univers vers le bonheur universel et le progr&egrave;s mondial, nous &eacute;tions, si j&rsquo;avais bien compris, le 12 juin.<\/p>\n<p><em>Aujourd&rsquo;hui, nous sommes, une fois encore, le 12 juin.<\/em><\/p>\n<p>&nbsp;<\/p>\n<p>&nbsp;<\/p>\n<p>&nbsp;<\/p>\n<p style=\"text-align:right\">Et une qui font douze. Douze ans, c&rsquo;est aussi long que le r&egrave;gne de <a href=\"https:\/\/fr.wikipedia.org\/wiki\/Brutus_au_Vert_\u00c9cu\">Brutus au Vert &Eacute;cu<\/a>, la construction du <a href=\"https:\/\/fr.wikipedia.org\/wiki\/Suncorp_Place\">Suncorp Palace de Sydney<\/a>, la retraite de <a href=\"https:\/\/fr.wikipedia.org\/wiki\/Kalou_Rinpoch\u00e9\">Kalou Rinpoch&eacute;<\/a> dans les montagnes du Kham ou la carri&egrave;re internationale de notre h&eacute;ros <a href=\"https:\/\/fr.wikipedia.org\/wiki\/Roger_Marche\">Roger Marche<\/a>. Cette ann&eacute;e, c&rsquo;est un peu sp&eacute;cial car, si j&rsquo;ai bien failli ne pas boucler le tour, j&rsquo;ai surtout r&eacute;alis&eacute; qu&rsquo;il n&rsquo;est pas une ann&eacute;e sans risque de ne pas boucler le tour. &Ccedil;a change la vision des choses.<\/p>\n<p style=\"text-align:right\"><em>We lived through another day,<br \/>\n  It&rsquo;s a good excuse to celebrate.<\/em> <\/p>\n<p style=\"text-align:right\">Quoi qu&rsquo;il en soit, ce journal est patiemment devenu au fil des ann&eacute;es un mammouth d&rsquo;une &egrave;re num&eacute;rique r&eacute;volue. Encore un an ou deux et je le fais inscrire au patrimoine mondial de l&rsquo;Unesco.<\/p>\n<p style=\"text-align:right\">Mais &agrave; part &ccedil;a, rien.<\/p>\n<p style=\"text-align:right\">&Agrave; demain.<\/p>\n<p>&nbsp;<\/p>\n<p>_____<\/p>\n<div id=\"bas_note\">\n<p><sup>1<\/sup> Et deux ann&eacute;es plus tard, je me d&eacute;cidai enfin &agrave; vous expliquer <a href=\"https:\/\/www.wallendorff.com\/belogue\/photo\/2010\/06\/20100612-01.jpg\">pourquoi<\/a>.<\/p>\n<p><sup>2<\/sup> Que je conseille au passage toujours toujours toujours autant pour les commentaires qu&rsquo;il fait tout au long du morceau. Il est chez le bel&ouml;gue mort de <a href=\"http:\/\/vox.skynetblogs.be\">Vox<\/a>.<\/p>\n<\/p><\/div>\n","protected":false},"excerpt":{"rendered":"<p>Quai de Conti, Paris, 20 avril. Can&rsquo;t Even Tell Soul Asylum Il y a douze ans, les Pistons de D&eacute;troit &eacute;taient en finale NBA. Il y a onze ans, les Pistons de D&eacute;troit &eacute;taient encore en finale NBA. Il y a dix ans, les Pistons de D&eacute;troit &eacute;taient en vacances apr&egrave;s s&rsquo;&ecirc;tre fait vider comme&hellip;<\/p>\n","protected":false},"author":1,"featured_media":31056,"comment_status":"open","ping_status":"open","sticky":false,"template":"","format":"standard","meta":{"_acf_changed":false,"ngg_post_thumbnail":0,"jetpack_post_was_ever_published":false,"_jetpack_newsletter_access":"","_jetpack_dont_email_post_to_subs":false,"_jetpack_newsletter_tier_id":0,"_jetpack_memberships_contains_paywalled_content":false,"_jetpack_memberships_contains_paid_content":false,"footnotes":"","jetpack_publicize_message":"","jetpack_publicize_feature_enabled":true,"jetpack_social_post_already_shared":true,"jetpack_social_options":{"image_generator_settings":{"template":"highway","default_image_id":0,"font":"","enabled":false},"version":2}},"categories":[7356],"tags":[10250,10131,7749,8170,8351,10326,10120,10121,4288,11323,10098,4607,1223],"class_list":["post-31054","post","type-post","status-publish","format-standard","has-post-thumbnail","hentry","category-into-the-wide","tag-10250","tag-anniversaire","tag-cant-even-tell","tag-ef-24-70-mm-f2-8l-ii-usm","tag-eos-6d","tag-crepuscule","tag-france","tag-ile-de-france","tag-institut-de-france","tag-panoramique","tag-paris","tag-quai-de-conti","tag-soul-asylum"],"acf":[],"geo":{"latitude":48.8578568,"longitude":2.3365097,"description":"Paris 01, \u00cele-de-France, 75001, FR"},"jetpack_publicize_connections":[],"jetpack_featured_media_url":"https:\/\/www.wallendorff.com\/belogue\/wp-content\/uploads\/2016\/06\/20160612.jpg","jetpack_shortlink":"https:\/\/wp.me\/p3b35P-84S","jetpack_sharing_enabled":true,"jetpack-related-posts":[{"id":172,"url":"https:\/\/www.wallendorff.com\/belogue\/2006\/06\/12\/l-emu-rond-des-zoos-raye\/","url_meta":{"origin":31054,"position":0},"title":"L&rsquo;&eacute;mu rond des zoos raye&sup1;.","author":"dpc","date":"12 juin 2006","format":false,"excerpt":"Rue des Panoyaux, Paris, 28 mai. Il y a deux ans, les Pistons de D\u00e9troit \u00e9taient en finale NBA. Il y a un an, les Pistons de D\u00e9troit \u00e9taient encore en finale NBA. Aujourd'hui, les Pistons de D\u00e9troit sont en vacances apr\u00e8s s'\u00eatre fait vider comme des nazes en 6\u2026","rel":"","context":"Dans &quot;DPC&quot;","block_context":{"text":"DPC","link":"https:\/\/www.wallendorff.com\/belogue\/category\/dpc\/"},"img":{"alt_text":"","src":"https:\/\/i0.wp.com\/www.wallendorff.com\/belogue\/wp-content\/uploads\/2015\/04\/200606121.jpg?resize=350%2C200&ssl=1","width":350,"height":200},"classes":[]},{"id":1248,"url":"https:\/\/www.wallendorff.com\/belogue\/2008\/06\/12\/le-pied-o-la-vieille-m-oint-cher\/","url_meta":{"origin":31054,"position":1},"title":"Le pied o\u00f9 la vieille m&rsquo;oint cher\u00b9.","author":"dpc","date":"12 juin 2008","format":false,"excerpt":"Rue Saint-Rustique, Paris, 12 avril. TV on the Radio \u2013 Blind Il y a quatre ans, les Pistons de D\u00e9troit \u00e9taient en finale NBA. Il y a trois ans, les Pistons de D\u00e9troit \u00e9taient encore en finale NBA. Il y a deux ans, les Pistons de D\u00e9troit \u00e9taient en vacances\u2026","rel":"","context":"Dans &quot;DPC&quot;","block_context":{"text":"DPC","link":"https:\/\/www.wallendorff.com\/belogue\/category\/dpc\/"},"img":{"alt_text":"","src":"https:\/\/i0.wp.com\/www.wallendorff.com\/belogue\/wp-content\/uploads\/2015\/04\/200806121.jpg?resize=350%2C200&ssl=1","width":350,"height":200},"classes":[]},{"id":21133,"url":"https:\/\/www.wallendorff.com\/belogue\/2007\/06\/12\/trois\/","url_meta":{"origin":31054,"position":2},"title":"Trois.","author":"dpc","date":"12 juin 2007","format":false,"excerpt":"Il y a trois ans, les Pistons de D\u00e9troit \u00e9taient en finale NBA. Il y a deux ans, les Pistons de D\u00e9troit \u00e9taient encore en finale NBA. Il y a un an, les Pistons de D\u00e9troit \u00e9taient en vacances apr\u00e8s s'\u00eatre fait vider comme des nazes en 6 manches de\u2026","rel":"","context":"Dans &quot;DPC&quot;","block_context":{"text":"DPC","link":"https:\/\/www.wallendorff.com\/belogue\/category\/dpc\/"},"img":{"alt_text":"","src":"","width":0,"height":0},"classes":[]},{"id":7677,"url":"https:\/\/www.wallendorff.com\/belogue\/2010\/06\/12\/six\/","url_meta":{"origin":31054,"position":3},"title":"668 the neighbour of the beast.","author":"dpc","date":"12 juin 2010","format":false,"excerpt":"Rue Michel-le-Comte, Paris, 8 mai. Non mais l\u00e0 c'est plut\u00f4t une mobylette qu'un escalier, donc \u00e7a compte pas. Hum. Ah et puis\u00a0: Il y a six ans, les Pistons de D\u00e9troit \u00e9taient en finale NBA. Il y a cinq ans, les Pistons de D\u00e9troit \u00e9taient encore en finale NBA. Il\u2026","rel":"","context":"Dans &quot;DPC&quot;","block_context":{"text":"DPC","link":"https:\/\/www.wallendorff.com\/belogue\/category\/dpc\/"},"img":{"alt_text":"","src":"https:\/\/i0.wp.com\/www.wallendorff.com\/belogue\/wp-content\/uploads\/2015\/04\/201006121.jpg?resize=350%2C200&ssl=1","width":350,"height":200},"classes":[]},{"id":4287,"url":"https:\/\/www.wallendorff.com\/belogue\/2009\/06\/12\/me-nuisant-plus-bele-que-vaux-je-hourds\/","url_meta":{"origin":31054,"position":4},"title":"Me nuisant plus, b\u00eale que vaux-je hourds.","author":"dpc","date":"12 juin 2009","format":false,"excerpt":"Pla\u00e8te Mars, Paris, 11 juin. \u00a0 Oasis \u2013 Cigarettes & Alcohol Il y a cinq ans, les Pistons de D\u00e9troit \u00e9taient en finale NBA. Il y a quatre ans, les Pistons de D\u00e9troit \u00e9taient encore en finale NBA. Il y a trois ans, les Pistons de D\u00e9troit \u00e9taient en vacances\u2026","rel":"","context":"Dans &quot;Portraits&quot;","block_context":{"text":"Portraits","link":"https:\/\/www.wallendorff.com\/belogue\/category\/portraits\/"},"img":{"alt_text":"","src":"https:\/\/i0.wp.com\/www.wallendorff.com\/belogue\/wp-content\/uploads\/2015\/04\/20090612-121.jpg?resize=350%2C200&ssl=1","width":350,"height":200,"srcset":"https:\/\/i0.wp.com\/www.wallendorff.com\/belogue\/wp-content\/uploads\/2015\/04\/20090612-121.jpg?resize=350%2C200&ssl=1 1x, https:\/\/i0.wp.com\/www.wallendorff.com\/belogue\/wp-content\/uploads\/2015\/04\/20090612-121.jpg?resize=525%2C300&ssl=1 1.5x, https:\/\/i0.wp.com\/www.wallendorff.com\/belogue\/wp-content\/uploads\/2015\/04\/20090612-121.jpg?resize=700%2C400&ssl=1 2x"},"classes":[]},{"id":21142,"url":"https:\/\/www.wallendorff.com\/belogue\/2013\/06\/12\/into-the-wide-9\/","url_meta":{"origin":31054,"position":5},"title":"Into the Wide #9.","author":"dpc","date":"12 juin 2013","format":false,"excerpt":"Route des Prehez, Morbier, 27 avril. [Oui oui, vingt-sept avril.] Et \u00e0 part \u00e7a\u00a0: Il y a neuf ans, les Pistons de D\u00e9troit \u00e9taient en finale NBA. Il y a huit ans, les Pistons de D\u00e9troit \u00e9taient encore en finale NBA. Il y a sept ans, les Pistons de D\u00e9troit\u2026","rel":"","context":"Dans &quot;Into the wide&quot;","block_context":{"text":"Into the wide","link":"https:\/\/www.wallendorff.com\/belogue\/category\/into-the-wide\/"},"img":{"alt_text":"","src":"https:\/\/i0.wp.com\/www.wallendorff.com\/belogue\/wp-content\/uploads\/2015\/04\/201306121.jpg?resize=350%2C200&ssl=1","width":350,"height":200,"srcset":"https:\/\/i0.wp.com\/www.wallendorff.com\/belogue\/wp-content\/uploads\/2015\/04\/201306121.jpg?resize=350%2C200&ssl=1 1x, https:\/\/i0.wp.com\/www.wallendorff.com\/belogue\/wp-content\/uploads\/2015\/04\/201306121.jpg?resize=525%2C300&ssl=1 1.5x, https:\/\/i0.wp.com\/www.wallendorff.com\/belogue\/wp-content\/uploads\/2015\/04\/201306121.jpg?resize=700%2C400&ssl=1 2x"},"classes":[]}],"_links":{"self":[{"href":"https:\/\/www.wallendorff.com\/belogue\/wp-json\/wp\/v2\/posts\/31054","targetHints":{"allow":["GET"]}}],"collection":[{"href":"https:\/\/www.wallendorff.com\/belogue\/wp-json\/wp\/v2\/posts"}],"about":[{"href":"https:\/\/www.wallendorff.com\/belogue\/wp-json\/wp\/v2\/types\/post"}],"author":[{"embeddable":true,"href":"https:\/\/www.wallendorff.com\/belogue\/wp-json\/wp\/v2\/users\/1"}],"replies":[{"embeddable":true,"href":"https:\/\/www.wallendorff.com\/belogue\/wp-json\/wp\/v2\/comments?post=31054"}],"version-history":[{"count":1,"href":"https:\/\/www.wallendorff.com\/belogue\/wp-json\/wp\/v2\/posts\/31054\/revisions"}],"predecessor-version":[{"id":31055,"href":"https:\/\/www.wallendorff.com\/belogue\/wp-json\/wp\/v2\/posts\/31054\/revisions\/31055"}],"wp:featuredmedia":[{"embeddable":true,"href":"https:\/\/www.wallendorff.com\/belogue\/wp-json\/wp\/v2\/media\/31056"}],"wp:attachment":[{"href":"https:\/\/www.wallendorff.com\/belogue\/wp-json\/wp\/v2\/media?parent=31054"}],"wp:term":[{"taxonomy":"category","embeddable":true,"href":"https:\/\/www.wallendorff.com\/belogue\/wp-json\/wp\/v2\/categories?post=31054"},{"taxonomy":"post_tag","embeddable":true,"href":"https:\/\/www.wallendorff.com\/belogue\/wp-json\/wp\/v2\/tags?post=31054"}],"curies":[{"name":"wp","href":"https:\/\/api.w.org\/{rel}","templated":true}]}}