{"id":31033,"date":"2016-06-01T16:42:36","date_gmt":"2016-06-01T14:42:36","guid":{"rendered":"http:\/\/www.wallendorff.com\/belogue\/?p=31033"},"modified":"2018-05-23T08:19:59","modified_gmt":"2018-05-23T06:19:59","slug":"greve-genere-hale","status":"publish","type":"post","link":"https:\/\/www.wallendorff.com\/belogue\/2016\/06\/01\/greve-genere-hale\/","title":{"rendered":"Gr\u00e8ve g\u00e9n\u00e8re h\u00e2le."},"content":{"rendered":"\n<div id=\"photo\">\n<p><img decoding=\"async\" src=\"https:\/\/www.wallendorff.com\/belogue\/photo\/2016\/06\/20160601.jpg\"><br \/>\nArromanche-les-Bains, 26 mars.<\/p>\n<\/div>\n<p style=\"text-align:right\">Toute ressemblance avec les photos du <a href=\"https:\/\/www.wallendorff.com\/belogue\/2011\/09\/13\/our-paths-they-cross\/\">13 septembre 2011<\/a> et du <a href=\"https:\/\/www.wallendorff.com\/belogue\/2012\/08\/24\/loin\/\">24 ao&ucirc;t 2012<\/a> tout &ccedil;a tout &ccedil;a.<\/p>\n<div id=\"bandeson\">\n<p><img decoding=\"async\" src=\"https:\/\/www.wallendorff.com\/belogue\/photo\/pochettes\/m\/minor_victories-minor_victories.jpg\" align=\"left\" \/><a style=\"font-weight:normal\" id=\"lienmp3\" href=\"http:\/\/www.youtube.com\/watch?v=OkBW7e28LkM\"><em>Folk Arp<\/em><\/a><br \/>\n<a href=\"http:\/\/minor-victories.com\/\">Minor Victories<\/a><\/p>\n<\/p><\/div>\n","protected":false},"excerpt":{"rendered":"<p>Arromanche-les-Bains, 26 mars. Toute ressemblance avec les photos du 13 septembre 2011 et du 24 ao&ucirc;t 2012 tout &ccedil;a tout &ccedil;a. Folk Arp Minor Victories<\/p>\n","protected":false},"author":1,"featured_media":31038,"comment_status":"open","ping_status":"open","sticky":false,"template":"","format":"standard","meta":{"_acf_changed":false,"ngg_post_thumbnail":0,"jetpack_post_was_ever_published":false,"_jetpack_newsletter_access":"","_jetpack_dont_email_post_to_subs":false,"_jetpack_newsletter_tier_id":0,"_jetpack_memberships_contains_paywalled_content":false,"_jetpack_memberships_contains_paid_content":false,"footnotes":"","jetpack_publicize_message":"","jetpack_publicize_feature_enabled":true,"jetpack_social_post_already_shared":true,"jetpack_social_options":{"image_generator_settings":{"template":"highway","default_image_id":0,"font":"","enabled":false},"version":2}},"categories":[3],"tags":[12895,2364,2363,8751,8351,10359,10484,13009,10120,9699,10483,13008,10714],"class_list":["post-31033","post","type-post","status-publish","format-standard","has-post-thumbnail","hentry","category-dpc","tag-arromanches-les-bains","tag-basse-normandie","tag-calvados","tag-ef-70-300mm-f4-5-6-is-usm","tag-eos-6d","tag-couple","tag-eau","tag-folk-arp","tag-france","tag-manche","tag-mer","tag-minor-victories","tag-plage"],"acf":[],"geo":{"latitude":49.3404312,"longitude":-0.6210601,"description":"Arromanches-les-Bains, Normandy, 14117, FR"},"jetpack_publicize_connections":[],"jetpack_featured_media_url":"https:\/\/www.wallendorff.com\/belogue\/wp-content\/uploads\/2016\/06\/20160601.jpg","jetpack_shortlink":"https:\/\/wp.me\/p3b35P-84x","jetpack_sharing_enabled":true,"jetpack-related-posts":[{"id":1213,"url":"https:\/\/www.wallendorff.com\/belogue\/2008\/04\/22\/the-gore-gore-girls-les-femmes-s-en-mlent-la-maroquinerie-paris\/","url_meta":{"origin":31033,"position":0},"title":"The Gore Gore Girls @ les Femmes s&rsquo;en M\u00ealent, la Maroquinerie, Paris.","author":"dpc","date":"22 avril 2008","format":false,"excerpt":"Elle fait PEUR, Amy Gore. Rien que quand elle monte sur sc\u00e8ne, cach\u00e9e dans son imper, pour faire ses balances elle-m\u00eame, on sent qu'il faut pas la faire chier. Le quator s'est manifestement lanc\u00e9 dans un concours de \u00ab\u00a0la premi\u00e8re qui se marre devra conduire le tour-bus avec sa culotte\u2026","rel":"","context":"Dans &quot;Alive&quot;","block_context":{"text":"Alive","link":"https:\/\/www.wallendorff.com\/belogue\/category\/alive\/"},"img":{"alt_text":"","src":"https:\/\/i0.wp.com\/www.wallendorff.com\/belogue\/wp-content\/uploads\/2015\/04\/200804221.jpg?resize=350%2C200&ssl=1","width":350,"height":200,"srcset":"https:\/\/i0.wp.com\/www.wallendorff.com\/belogue\/wp-content\/uploads\/2015\/04\/200804221.jpg?resize=350%2C200&ssl=1 1x, https:\/\/i0.wp.com\/www.wallendorff.com\/belogue\/wp-content\/uploads\/2015\/04\/200804221.jpg?resize=525%2C300&ssl=1 1.5x, https:\/\/i0.wp.com\/www.wallendorff.com\/belogue\/wp-content\/uploads\/2015\/04\/200804221.jpg?resize=700%2C400&ssl=1 2x"},"classes":[]},{"id":127713,"url":"https:\/\/www.wallendorff.com\/belogue\/2024\/04\/15\/suivre-la-fleche-2-3-resistance\/","url_meta":{"origin":31033,"position":1},"title":"Suivre la fl\u00e8che [2\/3] : R\u00e9sistance.","author":"dpc","date":"15 avril 2024","format":false,"excerpt":"J\u2019ai \u00e9t\u00e9 inform\u00e9 de l\u2019incendie en arrivant chez moi. 5 minutes plus tard, je sautais dans le RER, direction Pont Marie1.En me frayant un passage \u00e0 travers la foule silencieuse, mass\u00e9e \u00e0 la fronti\u00e8re du bouclage de la police, je d\u00e9couvre le trou b\u00e9ant. La fl\u00e8che s\u2019est \u00e9croul\u00e9e pendant mon\u2026","rel":"","context":"Dans &quot;DPC&quot;","block_context":{"text":"DPC","link":"https:\/\/www.wallendorff.com\/belogue\/category\/dpc\/"},"img":{"alt_text":"","src":"https:\/\/i0.wp.com\/www.wallendorff.com\/belogue\/wp-content\/uploads\/2024\/04\/20240415-12.jpg?resize=350%2C200&ssl=1","width":350,"height":200,"srcset":"https:\/\/i0.wp.com\/www.wallendorff.com\/belogue\/wp-content\/uploads\/2024\/04\/20240415-12.jpg?resize=350%2C200&ssl=1 1x, https:\/\/i0.wp.com\/www.wallendorff.com\/belogue\/wp-content\/uploads\/2024\/04\/20240415-12.jpg?resize=525%2C300&ssl=1 1.5x, https:\/\/i0.wp.com\/www.wallendorff.com\/belogue\/wp-content\/uploads\/2024\/04\/20240415-12.jpg?resize=700%2C400&ssl=1 2x, https:\/\/i0.wp.com\/www.wallendorff.com\/belogue\/wp-content\/uploads\/2024\/04\/20240415-12.jpg?resize=1050%2C600&ssl=1 3x"},"classes":[]},{"id":18260,"url":"https:\/\/www.wallendorff.com\/belogue\/2012\/07\/18\/et-mat-bleu\/","url_meta":{"origin":31033,"position":2},"title":"Et m\u00e2t bleu.","author":"dpc","date":"18 juillet 2012","format":false,"excerpt":"Bains des P\u00e2quis, Gen\u00e8ve, 26 mai. Langhorne Slim & the Law \u2013 The Way We Move","rel":"","context":"Dans &quot;DPC&quot;","block_context":{"text":"DPC","link":"https:\/\/www.wallendorff.com\/belogue\/category\/dpc\/"},"img":{"alt_text":"","src":"https:\/\/i0.wp.com\/www.wallendorff.com\/belogue\/wp-content\/uploads\/2015\/04\/201207181.jpg?resize=350%2C200&ssl=1","width":350,"height":200,"srcset":"https:\/\/i0.wp.com\/www.wallendorff.com\/belogue\/wp-content\/uploads\/2015\/04\/201207181.jpg?resize=350%2C200&ssl=1 1x, https:\/\/i0.wp.com\/www.wallendorff.com\/belogue\/wp-content\/uploads\/2015\/04\/201207181.jpg?resize=525%2C300&ssl=1 1.5x, https:\/\/i0.wp.com\/www.wallendorff.com\/belogue\/wp-content\/uploads\/2015\/04\/201207181.jpg?resize=700%2C400&ssl=1 2x"},"classes":[]},{"id":18444,"url":"https:\/\/www.wallendorff.com\/belogue\/2012\/07\/27\/gros-jet-a-nains\/","url_meta":{"origin":31033,"position":3},"title":"Gros jet \u00e0 nains.","author":"dpc","date":"27 juillet 2012","format":false,"excerpt":"Bains des P\u00e2quis, Gen\u00e8ve, 28 mai. The Sun Parade \u2013 Need You by My Side","rel":"","context":"Dans &quot;DPC&quot;","block_context":{"text":"DPC","link":"https:\/\/www.wallendorff.com\/belogue\/category\/dpc\/"},"img":{"alt_text":"","src":"https:\/\/i0.wp.com\/www.wallendorff.com\/belogue\/wp-content\/uploads\/2015\/04\/201207271.jpg?resize=350%2C200&ssl=1","width":350,"height":200,"srcset":"https:\/\/i0.wp.com\/www.wallendorff.com\/belogue\/wp-content\/uploads\/2015\/04\/201207271.jpg?resize=350%2C200&ssl=1 1x, https:\/\/i0.wp.com\/www.wallendorff.com\/belogue\/wp-content\/uploads\/2015\/04\/201207271.jpg?resize=525%2C300&ssl=1 1.5x, https:\/\/i0.wp.com\/www.wallendorff.com\/belogue\/wp-content\/uploads\/2015\/04\/201207271.jpg?resize=700%2C400&ssl=1 2x"},"classes":[]},{"id":134210,"url":"https:\/\/www.wallendorff.com\/belogue\/2025\/10\/29\/brasil-brasil-ix-un-christ-dans-la-nuit\/","url_meta":{"origin":31033,"position":4},"title":"[Brasil Brasil IX] Un c[h]ri[st] dans la nuit.","author":"dpc","date":"29 octobre 2025","format":false,"excerpt":"Rio de Janeiro, 25 et 26 mai 2025.Une fois n'est pas coutume, nous allons causer technique.Elle n'a pas \u00e9t\u00e9 simple \u00e0 faire, cette photo de nuit. Il a fallu surmonter des contraintes assez classiques (pollution lumineuse et couverture nuageuse, la routine), mais aussi des probl\u00e8mes plus sp\u00e9cifiques. Une statue tr\u00e8s\u2026","rel":"","context":"Dans &quot;DPC&quot;","block_context":{"text":"DPC","link":"https:\/\/www.wallendorff.com\/belogue\/category\/dpc\/"},"img":{"alt_text":"","src":"https:\/\/i0.wp.com\/www.wallendorff.com\/belogue\/wp-content\/uploads\/2025\/10\/20251029-06.jpg?resize=350%2C200&ssl=1","width":350,"height":200,"srcset":"https:\/\/i0.wp.com\/www.wallendorff.com\/belogue\/wp-content\/uploads\/2025\/10\/20251029-06.jpg?resize=350%2C200&ssl=1 1x, https:\/\/i0.wp.com\/www.wallendorff.com\/belogue\/wp-content\/uploads\/2025\/10\/20251029-06.jpg?resize=525%2C300&ssl=1 1.5x, https:\/\/i0.wp.com\/www.wallendorff.com\/belogue\/wp-content\/uploads\/2025\/10\/20251029-06.jpg?resize=700%2C400&ssl=1 2x, https:\/\/i0.wp.com\/www.wallendorff.com\/belogue\/wp-content\/uploads\/2025\/10\/20251029-06.jpg?resize=1050%2C600&ssl=1 3x"},"classes":[]},{"id":22147,"url":"https:\/\/www.wallendorff.com\/belogue\/2013\/12\/10\/into-the-wide-24\/","url_meta":{"origin":31033,"position":5},"title":"Into the wide #24.","author":"dpc","date":"10 d\u00e9cembre 2013","format":false,"excerpt":"Bains des P\u00e0quis, Gen\u00e8ve, 3 novembre. \u00a0 Higgs Boson Blues Nick Cave & the Bad Seeds","rel":"","context":"Dans &quot;Into the wide&quot;","block_context":{"text":"Into the wide","link":"https:\/\/www.wallendorff.com\/belogue\/category\/into-the-wide\/"},"img":{"alt_text":"","src":"https:\/\/i0.wp.com\/www.wallendorff.com\/belogue\/wp-content\/uploads\/2015\/04\/201312101.jpg?resize=350%2C200&ssl=1","width":350,"height":200,"srcset":"https:\/\/i0.wp.com\/www.wallendorff.com\/belogue\/wp-content\/uploads\/2015\/04\/201312101.jpg?resize=350%2C200&ssl=1 1x, https:\/\/i0.wp.com\/www.wallendorff.com\/belogue\/wp-content\/uploads\/2015\/04\/201312101.jpg?resize=525%2C300&ssl=1 1.5x, https:\/\/i0.wp.com\/www.wallendorff.com\/belogue\/wp-content\/uploads\/2015\/04\/201312101.jpg?resize=700%2C400&ssl=1 2x"},"classes":[]}],"_links":{"self":[{"href":"https:\/\/www.wallendorff.com\/belogue\/wp-json\/wp\/v2\/posts\/31033","targetHints":{"allow":["GET"]}}],"collection":[{"href":"https:\/\/www.wallendorff.com\/belogue\/wp-json\/wp\/v2\/posts"}],"about":[{"href":"https:\/\/www.wallendorff.com\/belogue\/wp-json\/wp\/v2\/types\/post"}],"author":[{"embeddable":true,"href":"https:\/\/www.wallendorff.com\/belogue\/wp-json\/wp\/v2\/users\/1"}],"replies":[{"embeddable":true,"href":"https:\/\/www.wallendorff.com\/belogue\/wp-json\/wp\/v2\/comments?post=31033"}],"version-history":[{"count":6,"href":"https:\/\/www.wallendorff.com\/belogue\/wp-json\/wp\/v2\/posts\/31033\/revisions"}],"predecessor-version":[{"id":31040,"href":"https:\/\/www.wallendorff.com\/belogue\/wp-json\/wp\/v2\/posts\/31033\/revisions\/31040"}],"wp:featuredmedia":[{"embeddable":true,"href":"https:\/\/www.wallendorff.com\/belogue\/wp-json\/wp\/v2\/media\/31038"}],"wp:attachment":[{"href":"https:\/\/www.wallendorff.com\/belogue\/wp-json\/wp\/v2\/media?parent=31033"}],"wp:term":[{"taxonomy":"category","embeddable":true,"href":"https:\/\/www.wallendorff.com\/belogue\/wp-json\/wp\/v2\/categories?post=31033"},{"taxonomy":"post_tag","embeddable":true,"href":"https:\/\/www.wallendorff.com\/belogue\/wp-json\/wp\/v2\/tags?post=31033"}],"curies":[{"name":"wp","href":"https:\/\/api.w.org\/{rel}","templated":true}]}}