{"id":30818,"date":"2016-04-27T16:13:25","date_gmt":"2016-04-27T14:13:25","guid":{"rendered":"http:\/\/www.wallendorff.com\/belogue\/?p=30818"},"modified":"2016-12-21T17:26:29","modified_gmt":"2016-12-21T15:26:29","slug":"spiegel-spiegel","status":"publish","type":"post","link":"https:\/\/www.wallendorff.com\/belogue\/2016\/04\/27\/spiegel-spiegel\/","title":{"rendered":"Spiegel Spiegel."},"content":{"rendered":"<div id=\"photo\">\n<p><img decoding=\"async\" src=\"https:\/\/www.wallendorff.com\/belogue\/photo\/2016\/04\/20160427.jpg\"><br \/>\n        He&szlig;gasse et Maria-Theresien-Stra&szlig;e, Vienne, 13 f&eacute;vrier.<\/p>\n<\/div>\n<div id=\"bandeson\">\n<p><img decoding=\"async\" src=\"https:\/\/www.wallendorff.com\/belogue\/photo\/pochettes\/d\/dmas-hills_end.jpg\" align=\"left\" \/><a href=\"http:\/\/www.youtube.com\/watch?v=FhkhuarqDGE\" a style=\"font-weight:normal\" id=\"lienmp3\"><em>The Delete<\/em><\/a><br \/>\n<a href=\"http:\/\/www.dmasmusic.com\/\">DMA&rsquo;s<\/a><\/p>\n<\/div>\n","protected":false},"excerpt":{"rendered":"<p>He&szlig;gasse et Maria-Theresien-Stra&szlig;e, Vienne, 13 f&eacute;vrier. The Delete DMA&rsquo;s<\/p>\n","protected":false},"author":1,"featured_media":30821,"comment_status":"open","ping_status":"open","sticky":false,"template":"","format":"standard","meta":{"_acf_changed":false,"ngg_post_thumbnail":0,"jetpack_post_was_ever_published":false,"_jetpack_newsletter_access":"","_jetpack_dont_email_post_to_subs":false,"_jetpack_newsletter_tier_id":0,"_jetpack_memberships_contains_paywalled_content":false,"_jetpack_memberships_contains_paid_content":false,"footnotes":"","jetpack_publicize_message":"","jetpack_publicize_feature_enabled":true,"jetpack_social_post_already_shared":true,"jetpack_social_options":{"image_generator_settings":{"template":"highway","default_image_id":0,"font":"","enabled":false},"version":2}},"categories":[3],"tags":[12059,8170,8351,10670,10326,12935,12934,12932,13560,8901,12933,4118,12060],"class_list":["post-30818","post","type-post","status-publish","format-standard","has-post-thumbnail","hentry","category-dpc","tag-autriche","tag-ef-24-70-mm-f2-8l-ii-usm","tag-eos-6d","tag-cinema","tag-crepuscule","tag-delete","tag-dmas","tag-hesgasse","tag-hills-end","tag-innere-stadt","tag-maria-theresien-strase","tag-symetrie","tag-vienne"],"acf":[],"geo":{"latitude":48.2150612,"longitude":16.3630943,"description":"Wien, Innere Stadt, Wien, 1010, AT"},"jetpack_publicize_connections":[],"jetpack_featured_media_url":"https:\/\/www.wallendorff.com\/belogue\/wp-content\/uploads\/2016\/04\/20160427.jpg","jetpack_shortlink":"https:\/\/wp.me\/p3b35P-814","jetpack_sharing_enabled":true,"jetpack-related-posts":[{"id":35263,"url":"https:\/\/www.wallendorff.com\/belogue\/2017\/08\/14\/35263\/","url_meta":{"origin":30818,"position":0},"title":"Into the wide #105.","author":"dpc","date":"14 ao\u00fbt 2017","format":false,"excerpt":"Maria-Theresien-Platz, Vienne, 20 mai. Waiting on a SongDan Auerbach","rel":"","context":"Dans &quot;Into the wide&quot;","block_context":{"text":"Into the wide","link":"https:\/\/www.wallendorff.com\/belogue\/category\/into-the-wide\/"},"img":{"alt_text":"","src":"https:\/\/i0.wp.com\/www.wallendorff.com\/belogue\/wp-content\/uploads\/2017\/08\/20170814.jpg?resize=350%2C200&ssl=1","width":350,"height":200,"srcset":"https:\/\/i0.wp.com\/www.wallendorff.com\/belogue\/wp-content\/uploads\/2017\/08\/20170814.jpg?resize=350%2C200&ssl=1 1x, https:\/\/i0.wp.com\/www.wallendorff.com\/belogue\/wp-content\/uploads\/2017\/08\/20170814.jpg?resize=525%2C300&ssl=1 1.5x, https:\/\/i0.wp.com\/www.wallendorff.com\/belogue\/wp-content\/uploads\/2017\/08\/20170814.jpg?resize=700%2C400&ssl=1 2x"},"classes":[]},{"id":63880,"url":"https:\/\/www.wallendorff.com\/belogue\/2023\/02\/04\/frohe-weihnachten-wien-i\/","url_meta":{"origin":30818,"position":1},"title":"Frohe Weihnachten Wien [I].","author":"dpc","date":"4 f\u00e9vrier 2023","format":false,"excerpt":"","rel":"","context":"Dans &quot;DPC&quot;","block_context":{"text":"DPC","link":"https:\/\/www.wallendorff.com\/belogue\/category\/dpc\/"},"img":{"alt_text":"","src":"https:\/\/i0.wp.com\/www.wallendorff.com\/belogue\/wp-content\/uploads\/2023\/02\/20230204-20.jpg?resize=350%2C200&ssl=1","width":350,"height":200,"srcset":"https:\/\/i0.wp.com\/www.wallendorff.com\/belogue\/wp-content\/uploads\/2023\/02\/20230204-20.jpg?resize=350%2C200&ssl=1 1x, https:\/\/i0.wp.com\/www.wallendorff.com\/belogue\/wp-content\/uploads\/2023\/02\/20230204-20.jpg?resize=525%2C300&ssl=1 1.5x, https:\/\/i0.wp.com\/www.wallendorff.com\/belogue\/wp-content\/uploads\/2023\/02\/20230204-20.jpg?resize=700%2C400&ssl=1 2x, https:\/\/i0.wp.com\/www.wallendorff.com\/belogue\/wp-content\/uploads\/2023\/02\/20230204-20.jpg?resize=1050%2C600&ssl=1 3x"},"classes":[]},{"id":23929,"url":"https:\/\/www.wallendorff.com\/belogue\/2015\/03\/31\/into-the-wide-43\/","url_meta":{"origin":30818,"position":2},"title":"Into the wide #43.","author":"dpc","date":"31 mars 2015","format":false,"excerpt":"Maria-Theresien-Platz, Vienne, 21 f\u00e9vrier. En plus grand sur 500px, si jamais. Carolina Low The Decemberists","rel":"","context":"Dans &quot;Into the wide&quot;","block_context":{"text":"Into the wide","link":"https:\/\/www.wallendorff.com\/belogue\/category\/into-the-wide\/"},"img":{"alt_text":"","src":"https:\/\/i0.wp.com\/www.wallendorff.com\/belogue\/wp-content\/uploads\/2015\/04\/201503311.jpg?resize=350%2C200&ssl=1","width":350,"height":200,"srcset":"https:\/\/i0.wp.com\/www.wallendorff.com\/belogue\/wp-content\/uploads\/2015\/04\/201503311.jpg?resize=350%2C200&ssl=1 1x, https:\/\/i0.wp.com\/www.wallendorff.com\/belogue\/wp-content\/uploads\/2015\/04\/201503311.jpg?resize=525%2C300&ssl=1 1.5x, https:\/\/i0.wp.com\/www.wallendorff.com\/belogue\/wp-content\/uploads\/2015\/04\/201503311.jpg?resize=700%2C400&ssl=1 2x, https:\/\/i0.wp.com\/www.wallendorff.com\/belogue\/wp-content\/uploads\/2015\/04\/201503311.jpg?resize=1050%2C600&ssl=1 3x"},"classes":[]},{"id":49685,"url":"https:\/\/www.wallendorff.com\/belogue\/2021\/09\/29\/servus-wien-4\/","url_meta":{"origin":30818,"position":3},"title":"Servus Wien.","author":"dpc","date":"29 septembre 2021","format":false,"excerpt":"","rel":"","context":"Dans &quot;DPC&quot;","block_context":{"text":"DPC","link":"https:\/\/www.wallendorff.com\/belogue\/category\/dpc\/"},"img":{"alt_text":"","src":"https:\/\/i0.wp.com\/www.wallendorff.com\/belogue\/wp-content\/uploads\/2021\/09\/20210930-31.jpg?resize=350%2C200&ssl=1","width":350,"height":200,"srcset":"https:\/\/i0.wp.com\/www.wallendorff.com\/belogue\/wp-content\/uploads\/2021\/09\/20210930-31.jpg?resize=350%2C200&ssl=1 1x, https:\/\/i0.wp.com\/www.wallendorff.com\/belogue\/wp-content\/uploads\/2021\/09\/20210930-31.jpg?resize=525%2C300&ssl=1 1.5x, https:\/\/i0.wp.com\/www.wallendorff.com\/belogue\/wp-content\/uploads\/2021\/09\/20210930-31.jpg?resize=700%2C400&ssl=1 2x, https:\/\/i0.wp.com\/www.wallendorff.com\/belogue\/wp-content\/uploads\/2021\/09\/20210930-31.jpg?resize=1050%2C600&ssl=1 3x"},"classes":[]},{"id":38158,"url":"https:\/\/www.wallendorff.com\/belogue\/2018\/05\/16\/a-bout-cimes-belent\/","url_meta":{"origin":30818,"position":4},"title":"\u00c0 bout, cimes b\u00ealent.","author":"dpc","date":"16 mai 2018","format":false,"excerpt":"Mus\u00e9um d'histoire naturelle, Vienne, 17 mars. I Won't Come Back J.C. Sat\u00e0n","rel":"","context":"Dans &quot;DPC&quot;","block_context":{"text":"DPC","link":"https:\/\/www.wallendorff.com\/belogue\/category\/dpc\/"},"img":{"alt_text":"Mus\u00e9um d'histoire naturelle, Vienne, 17 mars.","src":"https:\/\/i0.wp.com\/www.wallendorff.com\/belogue\/wp-content\/uploads\/2018\/05\/20180516.jpg?resize=350%2C200&ssl=1","width":350,"height":200,"srcset":"https:\/\/i0.wp.com\/www.wallendorff.com\/belogue\/wp-content\/uploads\/2018\/05\/20180516.jpg?resize=350%2C200&ssl=1 1x, https:\/\/i0.wp.com\/www.wallendorff.com\/belogue\/wp-content\/uploads\/2018\/05\/20180516.jpg?resize=525%2C300&ssl=1 1.5x, https:\/\/i0.wp.com\/www.wallendorff.com\/belogue\/wp-content\/uploads\/2018\/05\/20180516.jpg?resize=700%2C400&ssl=1 2x"},"classes":[]},{"id":38199,"url":"https:\/\/www.wallendorff.com\/belogue\/2018\/05\/21\/contre-plongee-no-1-403\/","url_meta":{"origin":30818,"position":5},"title":"Contre-plong\u00e9e no 1&nbsp;403.","author":"dpc","date":"21 mai 2018","format":false,"excerpt":"Mus\u00e9um d'histoire naturelle, Vienne, 17 mars. Everybody Wants to Be Famous Superorganism","rel":"","context":"Dans &quot;DPC&quot;","block_context":{"text":"DPC","link":"https:\/\/www.wallendorff.com\/belogue\/category\/dpc\/"},"img":{"alt_text":"","src":"https:\/\/i0.wp.com\/www.wallendorff.com\/belogue\/wp-content\/uploads\/2018\/05\/20180521.jpg?resize=350%2C200&ssl=1","width":350,"height":200,"srcset":"https:\/\/i0.wp.com\/www.wallendorff.com\/belogue\/wp-content\/uploads\/2018\/05\/20180521.jpg?resize=350%2C200&ssl=1 1x, https:\/\/i0.wp.com\/www.wallendorff.com\/belogue\/wp-content\/uploads\/2018\/05\/20180521.jpg?resize=525%2C300&ssl=1 1.5x, https:\/\/i0.wp.com\/www.wallendorff.com\/belogue\/wp-content\/uploads\/2018\/05\/20180521.jpg?resize=700%2C400&ssl=1 2x"},"classes":[]}],"_links":{"self":[{"href":"https:\/\/www.wallendorff.com\/belogue\/wp-json\/wp\/v2\/posts\/30818","targetHints":{"allow":["GET"]}}],"collection":[{"href":"https:\/\/www.wallendorff.com\/belogue\/wp-json\/wp\/v2\/posts"}],"about":[{"href":"https:\/\/www.wallendorff.com\/belogue\/wp-json\/wp\/v2\/types\/post"}],"author":[{"embeddable":true,"href":"https:\/\/www.wallendorff.com\/belogue\/wp-json\/wp\/v2\/users\/1"}],"replies":[{"embeddable":true,"href":"https:\/\/www.wallendorff.com\/belogue\/wp-json\/wp\/v2\/comments?post=30818"}],"version-history":[{"count":3,"href":"https:\/\/www.wallendorff.com\/belogue\/wp-json\/wp\/v2\/posts\/30818\/revisions"}],"predecessor-version":[{"id":30822,"href":"https:\/\/www.wallendorff.com\/belogue\/wp-json\/wp\/v2\/posts\/30818\/revisions\/30822"}],"wp:featuredmedia":[{"embeddable":true,"href":"https:\/\/www.wallendorff.com\/belogue\/wp-json\/wp\/v2\/media\/30821"}],"wp:attachment":[{"href":"https:\/\/www.wallendorff.com\/belogue\/wp-json\/wp\/v2\/media?parent=30818"}],"wp:term":[{"taxonomy":"category","embeddable":true,"href":"https:\/\/www.wallendorff.com\/belogue\/wp-json\/wp\/v2\/categories?post=30818"},{"taxonomy":"post_tag","embeddable":true,"href":"https:\/\/www.wallendorff.com\/belogue\/wp-json\/wp\/v2\/tags?post=30818"}],"curies":[{"name":"wp","href":"https:\/\/api.w.org\/{rel}","templated":true}]}}