{"id":30789,"date":"2016-04-25T15:19:51","date_gmt":"2016-04-25T13:19:51","guid":{"rendered":"http:\/\/www.wallendorff.com\/belogue\/?p=30789"},"modified":"2017-06-23T09:37:12","modified_gmt":"2017-06-23T07:37:12","slug":"shooting-people-118","status":"publish","type":"post","link":"https:\/\/www.wallendorff.com\/belogue\/2016\/04\/25\/shooting-people-118\/","title":{"rendered":"Shooting people #118."},"content":{"rendered":"<div id=\"photo\">\n<p><img decoding=\"async\" src=\"https:\/\/www.wallendorff.com\/belogue\/photo\/2016\/04\/20160425.jpg\"><br \/>\n        Parvis du parlement, Vienne, 13 f&eacute;vrier.<\/p>\n<\/div>\n<div id=\"bandeson\">\n<p><img decoding=\"async\" src=\"https:\/\/www.wallendorff.com\/belogue\/photo\/pochettes\/h\/harvey_pj-the_hope_six_demolition_project.jpg\" align=\"left\" \/><a href=\"http:\/\/www.youtube.com\/watch?v=qsLqsqbObyg\" a style=\"font-weight:normal\" id=\"lienmp3\"><em>The Community of Hope<\/em><\/a><br \/>\n<a href=\"http:\/\/www.pjharvey.net\/\">PJ Harvey<\/a><\/p>\n<\/div>\n","protected":false},"excerpt":{"rendered":"<p>Parvis du parlement, Vienne, 13 f&eacute;vrier. The Community of Hope PJ Harvey<\/p>\n","protected":false},"author":1,"featured_media":30791,"comment_status":"open","ping_status":"open","sticky":false,"template":"","format":"standard","meta":{"_acf_changed":false,"ngg_post_thumbnail":0,"jetpack_post_was_ever_published":false,"_jetpack_newsletter_access":"","_jetpack_dont_email_post_to_subs":false,"_jetpack_newsletter_tier_id":0,"_jetpack_memberships_contains_paywalled_content":false,"_jetpack_memberships_contains_paid_content":false,"footnotes":"","jetpack_publicize_message":"","jetpack_publicize_feature_enabled":true,"jetpack_social_post_already_shared":true,"jetpack_social_options":{"image_generator_settings":{"template":"highway","default_image_id":0,"font":"","enabled":false},"version":2}},"categories":[8],"tags":[12059,8170,8351,12930,10340,8901,11114,12985,10180,12931,12060],"class_list":["post-30789","post","type-post","status-publish","format-standard","has-post-thumbnail","hentry","category-portraits","tag-autriche","tag-ef-24-70-mm-f2-8l-ii-usm","tag-eos-6d","tag-dr-karl-renner-ring","tag-fille","tag-innere-stadt","tag-mariee","tag-parlement-autrichien","tag-pj-harvey","tag-the-community-of-hope","tag-vienne"],"acf":[],"geo":{"latitude":48.2080116,"longitude":16.3591843,"description":"Wien, Innere Stadt, Wien, 1010, AT"},"jetpack_publicize_connections":[],"jetpack_featured_media_url":"https:\/\/www.wallendorff.com\/belogue\/wp-content\/uploads\/2016\/04\/20160425.jpg","jetpack_shortlink":"https:\/\/wp.me\/p3b35P-80B","jetpack_sharing_enabled":true,"jetpack-related-posts":[{"id":30876,"url":"https:\/\/www.wallendorff.com\/belogue\/2016\/04\/30\/avril-2016\/","url_meta":{"origin":30789,"position":0},"title":"Avril 2016.","author":"dpc","date":"30 avril 2016","format":false,"excerpt":"Un h\u00f4pital, un piano, une braderie, une boum, un concert de justesse, un concert en bi\u00e8res, une soir\u00e9e intelligente, un chat pr\u00e9nomm\u00e9 Poutrelle, un anniversaire, une photo de famille, un cocktail d'anniversaire, un restaurant, une boutique \u00e9ph\u00e9m\u00e8re, un concert un peu sauvage, une journ\u00e9e au bar, un brunch, un presse-di\u0161que,\u2026","rel":"","context":"Dans &quot;Blog-note&quot;","block_context":{"text":"Blog-note","link":"https:\/\/www.wallendorff.com\/belogue\/category\/blog-note\/"},"img":{"alt_text":"","src":"https:\/\/i0.wp.com\/www.wallendorff.com\/belogue\/wp-content\/uploads\/2016\/05\/20160513-46-1.jpg?resize=350%2C200&ssl=1","width":350,"height":200,"srcset":"https:\/\/i0.wp.com\/www.wallendorff.com\/belogue\/wp-content\/uploads\/2016\/05\/20160513-46-1.jpg?resize=350%2C200&ssl=1 1x, https:\/\/i0.wp.com\/www.wallendorff.com\/belogue\/wp-content\/uploads\/2016\/05\/20160513-46-1.jpg?resize=525%2C300&ssl=1 1.5x, https:\/\/i0.wp.com\/www.wallendorff.com\/belogue\/wp-content\/uploads\/2016\/05\/20160513-46-1.jpg?resize=700%2C400&ssl=1 2x"},"classes":[]},{"id":126959,"url":"https:\/\/www.wallendorff.com\/belogue\/2023\/12\/23\/servus-wien-8\/","url_meta":{"origin":30789,"position":1},"title":"Servus Wien.","author":"dpc","date":"23 d\u00e9cembre 2023","format":false,"excerpt":"","rel":"","context":"Dans &quot;DPC&quot;","block_context":{"text":"DPC","link":"https:\/\/www.wallendorff.com\/belogue\/category\/dpc\/"},"img":{"alt_text":"","src":"https:\/\/i0.wp.com\/www.wallendorff.com\/belogue\/wp-content\/uploads\/2023\/12\/20231223-26.jpg?resize=350%2C200&ssl=1","width":350,"height":200,"srcset":"https:\/\/i0.wp.com\/www.wallendorff.com\/belogue\/wp-content\/uploads\/2023\/12\/20231223-26.jpg?resize=350%2C200&ssl=1 1x, https:\/\/i0.wp.com\/www.wallendorff.com\/belogue\/wp-content\/uploads\/2023\/12\/20231223-26.jpg?resize=525%2C300&ssl=1 1.5x, https:\/\/i0.wp.com\/www.wallendorff.com\/belogue\/wp-content\/uploads\/2023\/12\/20231223-26.jpg?resize=700%2C400&ssl=1 2x, https:\/\/i0.wp.com\/www.wallendorff.com\/belogue\/wp-content\/uploads\/2023\/12\/20231223-26.jpg?resize=1050%2C600&ssl=1 3x"},"classes":[]},{"id":80768,"url":"https:\/\/www.wallendorff.com\/belogue\/2023\/02\/08\/frohe-weihnachten-wien-ii\/","url_meta":{"origin":30789,"position":2},"title":"Frohe Weihnachten Wien [II].","author":"dpc","date":"8 f\u00e9vrier 2023","format":false,"excerpt":"","rel":"","context":"Dans &quot;DPC&quot;","block_context":{"text":"DPC","link":"https:\/\/www.wallendorff.com\/belogue\/category\/dpc\/"},"img":{"alt_text":"","src":"https:\/\/i0.wp.com\/www.wallendorff.com\/belogue\/wp-content\/uploads\/2023\/02\/20230208-25.jpg?resize=350%2C200&ssl=1","width":350,"height":200,"srcset":"https:\/\/i0.wp.com\/www.wallendorff.com\/belogue\/wp-content\/uploads\/2023\/02\/20230208-25.jpg?resize=350%2C200&ssl=1 1x, https:\/\/i0.wp.com\/www.wallendorff.com\/belogue\/wp-content\/uploads\/2023\/02\/20230208-25.jpg?resize=525%2C300&ssl=1 1.5x, https:\/\/i0.wp.com\/www.wallendorff.com\/belogue\/wp-content\/uploads\/2023\/02\/20230208-25.jpg?resize=700%2C400&ssl=1 2x, https:\/\/i0.wp.com\/www.wallendorff.com\/belogue\/wp-content\/uploads\/2023\/02\/20230208-25.jpg?resize=1050%2C600&ssl=1 3x"},"classes":[]},{"id":30322,"url":"https:\/\/www.wallendorff.com\/belogue\/2016\/03\/01\/into-the-wide-62\/","url_meta":{"origin":30789,"position":3},"title":"Into the wide #62.","author":"dpc","date":"1 mars 2016","format":false,"excerpt":"Porte des Allemands, Metz, 27 d\u00e9cembre 2015. The Wheel PJ Harvey","rel":"","context":"Dans &quot;Into the wide&quot;","block_context":{"text":"Into the wide","link":"https:\/\/www.wallendorff.com\/belogue\/category\/into-the-wide\/"},"img":{"alt_text":"","src":"https:\/\/i0.wp.com\/www.wallendorff.com\/belogue\/wp-content\/uploads\/2016\/03\/20160301.jpg?resize=350%2C200&ssl=1","width":350,"height":200,"srcset":"https:\/\/i0.wp.com\/www.wallendorff.com\/belogue\/wp-content\/uploads\/2016\/03\/20160301.jpg?resize=350%2C200&ssl=1 1x, https:\/\/i0.wp.com\/www.wallendorff.com\/belogue\/wp-content\/uploads\/2016\/03\/20160301.jpg?resize=525%2C300&ssl=1 1.5x, https:\/\/i0.wp.com\/www.wallendorff.com\/belogue\/wp-content\/uploads\/2016\/03\/20160301.jpg?resize=700%2C400&ssl=1 2x"},"classes":[]},{"id":21481,"url":"https:\/\/www.wallendorff.com\/belogue\/2013\/08\/22\/unbekannt\/","url_meta":{"origin":30789,"position":4},"title":"Unbekannt.","author":"dpc","date":"22 ao\u00fbt 2013","format":false,"excerpt":"Amanvillers, 23 juin. On Battleship HillPJ Harvey \u00a0","rel":"","context":"Dans &quot;DPC&quot;","block_context":{"text":"DPC","link":"https:\/\/www.wallendorff.com\/belogue\/category\/dpc\/"},"img":{"alt_text":"","src":"https:\/\/i0.wp.com\/www.wallendorff.com\/belogue\/wp-content\/uploads\/2015\/04\/201308221.jpg?resize=350%2C200&ssl=1","width":350,"height":200,"srcset":"https:\/\/i0.wp.com\/www.wallendorff.com\/belogue\/wp-content\/uploads\/2015\/04\/201308221.jpg?resize=350%2C200&ssl=1 1x, https:\/\/i0.wp.com\/www.wallendorff.com\/belogue\/wp-content\/uploads\/2015\/04\/201308221.jpg?resize=525%2C300&ssl=1 1.5x, https:\/\/i0.wp.com\/www.wallendorff.com\/belogue\/wp-content\/uploads\/2015\/04\/201308221.jpg?resize=700%2C400&ssl=1 2x"},"classes":[]},{"id":12490,"url":"https:\/\/www.wallendorff.com\/belogue\/2011\/03\/25\/fond-de-tiroir-17\/","url_meta":{"origin":30789,"position":5},"title":"Fond de tiroir #17.","author":"dpc","date":"25 mars 2011","format":false,"excerpt":"Belfort, avant. PJ Harvey \u2013 Kick It to the Ground","rel":"","context":"Dans &quot;DPC&quot;","block_context":{"text":"DPC","link":"https:\/\/www.wallendorff.com\/belogue\/category\/dpc\/"},"img":{"alt_text":"","src":"https:\/\/i0.wp.com\/www.wallendorff.com\/belogue\/wp-content\/uploads\/2015\/04\/201103251.jpg?resize=350%2C200&ssl=1","width":350,"height":200},"classes":[]}],"_links":{"self":[{"href":"https:\/\/www.wallendorff.com\/belogue\/wp-json\/wp\/v2\/posts\/30789","targetHints":{"allow":["GET"]}}],"collection":[{"href":"https:\/\/www.wallendorff.com\/belogue\/wp-json\/wp\/v2\/posts"}],"about":[{"href":"https:\/\/www.wallendorff.com\/belogue\/wp-json\/wp\/v2\/types\/post"}],"author":[{"embeddable":true,"href":"https:\/\/www.wallendorff.com\/belogue\/wp-json\/wp\/v2\/users\/1"}],"replies":[{"embeddable":true,"href":"https:\/\/www.wallendorff.com\/belogue\/wp-json\/wp\/v2\/comments?post=30789"}],"version-history":[{"count":1,"href":"https:\/\/www.wallendorff.com\/belogue\/wp-json\/wp\/v2\/posts\/30789\/revisions"}],"predecessor-version":[{"id":30790,"href":"https:\/\/www.wallendorff.com\/belogue\/wp-json\/wp\/v2\/posts\/30789\/revisions\/30790"}],"wp:featuredmedia":[{"embeddable":true,"href":"https:\/\/www.wallendorff.com\/belogue\/wp-json\/wp\/v2\/media\/30791"}],"wp:attachment":[{"href":"https:\/\/www.wallendorff.com\/belogue\/wp-json\/wp\/v2\/media?parent=30789"}],"wp:term":[{"taxonomy":"category","embeddable":true,"href":"https:\/\/www.wallendorff.com\/belogue\/wp-json\/wp\/v2\/categories?post=30789"},{"taxonomy":"post_tag","embeddable":true,"href":"https:\/\/www.wallendorff.com\/belogue\/wp-json\/wp\/v2\/tags?post=30789"}],"curies":[{"name":"wp","href":"https:\/\/api.w.org\/{rel}","templated":true}]}}