{"id":307,"date":"2005-07-26T00:13:41","date_gmt":"2005-07-26T00:13:41","guid":{"rendered":"http:\/\/www.po-l.com\/wordpress\/?p=307"},"modified":"2012-06-05T09:43:15","modified_gmt":"2012-06-05T07:43:15","slug":"aux-hauts-hauts-geolie-poupee","status":"publish","type":"post","link":"https:\/\/www.wallendorff.com\/belogue\/2005\/07\/26\/aux-hauts-hauts-geolie-poupee\/","title":{"rendered":"Aux hauts hauts, ge&ocirc;lie&sup1; poup&eacute;e."},"content":{"rendered":"<div id=\"photo\">\n<p><img decoding=\"async\" src=\"http:\/\/www.po-L.com\/belogue\/photo\/2005\/07\/20050726.jpg\" \/><br \/>\nCh&acirc;teau d&rsquo;Amboise, 17 juillet.<\/p>\n<\/div>\n<p style=\"text-align:right\">[S&ucirc;rement doit couper.]<\/p>\n<p>[C&rsquo;est chouette, de s&rsquo;arr&ecirc;ter devant une fen&ecirc;tre, de trouver sa lumi&egrave;re jolie, de ne pas savoir qu&rsquo;en faire, d&rsquo;y passer 5 minutes et de voir d&eacute;bouler d&rsquo;on ne sait o&ugrave; une gamine qui vient, qui voit et qui s&rsquo;en va en laissant &agrave; peine le temps d&rsquo;un cadrage hasardeux. Mais heureux.]<\/p>\n<p style=\"text-align:right\">&quot;<em>Friday nights have been lonely<br \/>\nChange your plans and then phone me.<\/em>&quot;<\/p>\n<div id=\"bandeson\">\n<p><img decoding=\"async\" src=\"https:\/\/www.wallendorff.com\/belogue\/photo\/pochettes\/s\/strokes_the-room_on_fire.jpg\" align=\"left\" \/>&nbsp;<a href=\"http:\/\/www.thestrokes.com\/\">The Strokes<\/a> &ndash; <em>12:51<\/em><\/p>\n<\/div>\n<div id=\"bas_note\">\n<p>_____<\/p>\n<p><sup>1<\/sup> Cherchez pas, c&rsquo;est un n&eacute;ologisme.<\/p>\n<\/div>\n","protected":false},"excerpt":{"rendered":"<p>Ch&acirc;teau d&rsquo;Amboise, 17 juillet. [S&ucirc;rement doit couper.] [C&rsquo;est chouette, de s&rsquo;arr&ecirc;ter devant une fen&ecirc;tre, de trouver sa lumi&egrave;re jolie, de ne pas savoir qu&rsquo;en faire, d&rsquo;y passer 5 minutes et de voir d&eacute;bouler d&rsquo;on ne sait o&ugrave; une gamine qui vient, qui voit et qui s&rsquo;en va en laissant &agrave; peine le temps d&rsquo;un cadrage&hellip;<\/p>\n","protected":false},"author":1,"featured_media":24247,"comment_status":"open","ping_status":"open","sticky":false,"template":"","format":"standard","meta":{"_acf_changed":false,"ngg_post_thumbnail":0,"jetpack_post_was_ever_published":false,"_jetpack_newsletter_access":"","_jetpack_dont_email_post_to_subs":false,"_jetpack_newsletter_tier_id":0,"_jetpack_memberships_contains_paywalled_content":false,"_jetpack_memberships_contains_paid_content":false,"footnotes":"","jetpack_publicize_message":"","jetpack_publicize_feature_enabled":true,"jetpack_social_post_already_shared":false,"jetpack_social_options":{"image_generator_settings":{"template":"highway","default_image_id":0,"font":"","enabled":false},"version":2}},"categories":[3],"tags":[1156,1157,132,10304,10633,1158,10246,10311,10307,10340,10120,10306,173,350],"class_list":["post-307","post","type-post","status-publish","format-standard","has-post-thumbnail","hentry","category-dpc","tag-1156","tag-amboise","tag-eos-20d","tag-centre","tag-chateau","tag-chateau-damboise","tag-contre-jour","tag-dos","tag-fenetre","tag-fille","tag-france","tag-indre-et-loire","tag-sigma-28-70-mm-f28-dg-ex","tag-the-strokes"],"acf":[],"geo":{"latitude":47.4127045,"longitude":0.9868383,"description":null},"jetpack_publicize_connections":[],"jetpack_featured_media_url":"https:\/\/www.wallendorff.com\/belogue\/wp-content\/uploads\/2015\/04\/200507261.jpg","jetpack_shortlink":"https:\/\/wp.me\/p3b35P-4X","jetpack_sharing_enabled":true,"jetpack-related-posts":[{"id":306,"url":"https:\/\/www.wallendorff.com\/belogue\/2005\/07\/27\/floor-delices\/","url_meta":{"origin":307,"position":0},"title":"Floor d&eacute;lices.","author":"dpc","date":"27 juillet 2005","format":false,"excerpt":"Ch\u00e2teau d'Amboise, 17 juillet. La bande-son du bel\u00f6gue change de forme [et les bordures des images aussi, mais \u00e7a c'est moins important]. \u00c0 partir de maintenant, vous pouvez l'\u00e9couter que si vous le voulez. Si vous voulez pas, il suffit de pas cliquer, et hop, rien ne se passe. C'est\u2026","rel":"","context":"Dans &quot;DPC&quot;","block_context":{"text":"DPC","link":"https:\/\/www.wallendorff.com\/belogue\/category\/dpc\/"},"img":{"alt_text":"","src":"https:\/\/i0.wp.com\/www.wallendorff.com\/belogue\/wp-content\/uploads\/2015\/04\/200507271.jpg?resize=350%2C200&ssl=1","width":350,"height":200},"classes":[]},{"id":305,"url":"https:\/\/www.wallendorff.com\/belogue\/2005\/07\/28\/accords-et-a-grille\/","url_meta":{"origin":307,"position":1},"title":"Accords et &agrave; grille&sup1;.","author":"dpc","date":"28 juillet 2005","format":false,"excerpt":"Ch\u00e2teau d'Amboise, 17 juillet. Puisque tout va bien, autant se mettre une bande-son qui \u00e9gaye le matin. \"Tell a tale drink an ale A bottle of white wine Tell a tale drink an ale We all got the time\" \u00a0Papas Fritas \u2014 Let's Go Down to the Town Oasis _____\u2026","rel":"","context":"Dans &quot;DPC&quot;","block_context":{"text":"DPC","link":"https:\/\/www.wallendorff.com\/belogue\/category\/dpc\/"},"img":{"alt_text":"","src":"https:\/\/i0.wp.com\/www.wallendorff.com\/belogue\/wp-content\/uploads\/2015\/04\/200507281.jpg?resize=350%2C200&ssl=1","width":350,"height":200},"classes":[]},{"id":72,"url":"https:\/\/www.wallendorff.com\/belogue\/2005\/09\/07\/rhizome-n-p-louse\/","url_meta":{"origin":307,"position":2},"title":"Rhizome n&rsquo;P&rsquo;louse.","author":"dpc","date":"7 septembre 2005","format":false,"excerpt":"Ch\u00e2teau d'Amboise, 17 juillet. En recopiant sa photo, notre ami le photographe fac\u00e9tieux a volontairement dissimul\u00e9 le rhizome dont traite le titre de cette note. Sauras-tu le d\u00e9couvrir1\u00a0? [Pour \u00e9gayer ta r\u00e9flexion, tu peux \u00e9couter la badine bande-son ci-dessous et en profiter pour apprendre \u00e0 siffloter comme un authentique trappeur\u2026","rel":"","context":"Dans &quot;DPC&quot;","block_context":{"text":"DPC","link":"https:\/\/www.wallendorff.com\/belogue\/category\/dpc\/"},"img":{"alt_text":"","src":"https:\/\/i0.wp.com\/www.wallendorff.com\/belogue\/wp-content\/uploads\/2015\/04\/200509071.jpg?resize=350%2C200&ssl=1","width":350,"height":200},"classes":[]},{"id":47097,"url":"https:\/\/www.wallendorff.com\/belogue\/2020\/10\/31\/octobre-2020\/","url_meta":{"origin":307,"position":3},"title":"Octobre 2020.","author":"dpc","date":"31 octobre 2020","format":false,"excerpt":"Un chat pr\u00e9nomm\u00e9 Boustroph\u00e9don, un cr\u00e9puscule, une autoroute, une fen\u00eatre, un chat pr\u00e9nomm\u00e9 Gretzky, un ciel, une autoroute, un anniversaire, un m\u00e9tro, un ap\u00e9ro, un chat pr\u00e9nomm\u00e9 Casse-toi-de-mon-jardin, du silence, un m\u00e9tro, un chat intitul\u00e9 Boustroph\u00e9don, un porteur de matelas, un bar ferm\u00e9, un caf\u00e9 ferm\u00e9, un couple assorti, un\u2026","rel":"","context":"Dans &quot;Blog-note&quot;","block_context":{"text":"Blog-note","link":"https:\/\/www.wallendorff.com\/belogue\/category\/blog-note\/"},"img":{"alt_text":"","src":"https:\/\/i0.wp.com\/www.wallendorff.com\/belogue\/wp-content\/uploads\/2020\/11\/20201116-20.jpg?resize=350%2C200&ssl=1","width":350,"height":200,"srcset":"https:\/\/i0.wp.com\/www.wallendorff.com\/belogue\/wp-content\/uploads\/2020\/11\/20201116-20.jpg?resize=350%2C200&ssl=1 1x, https:\/\/i0.wp.com\/www.wallendorff.com\/belogue\/wp-content\/uploads\/2020\/11\/20201116-20.jpg?resize=525%2C300&ssl=1 1.5x, https:\/\/i0.wp.com\/www.wallendorff.com\/belogue\/wp-content\/uploads\/2020\/11\/20201116-20.jpg?resize=700%2C400&ssl=1 2x, https:\/\/i0.wp.com\/www.wallendorff.com\/belogue\/wp-content\/uploads\/2020\/11\/20201116-20.jpg?resize=1050%2C600&ssl=1 3x"},"classes":[]},{"id":1263,"url":"https:\/\/www.wallendorff.com\/belogue\/2008\/07\/04\/deux-maux-a-l-oui-dire\/","url_meta":{"origin":307,"position":4},"title":"Deux maux \u00e0 l&rsquo;ou\u00ef-dire.","author":"dpc","date":"4 juillet 2008","format":false,"excerpt":"Escalier du ch\u00e2teau, Annecy, 5 juin. \u00a0We Are Scientists \u2013 Ghouls Alain Dister est mort alors que je ne suis qu'aux deux tiers de son Oh, Hippie Days! autobiographique retra\u00e7ant ses ann\u00e9es am\u00e9ricaines au c\u0153ur du summer of love san franciscain. Subitement, les dates qu'il aligne dans son livre s'inversent\u2026","rel":"","context":"Dans &quot;DPC&quot;","block_context":{"text":"DPC","link":"https:\/\/www.wallendorff.com\/belogue\/category\/dpc\/"},"img":{"alt_text":"","src":"https:\/\/i0.wp.com\/www.wallendorff.com\/belogue\/wp-content\/uploads\/2015\/04\/200807041.jpg?resize=350%2C200&ssl=1","width":350,"height":200},"classes":[]},{"id":553,"url":"https:\/\/www.wallendorff.com\/belogue\/2006\/08\/01\/tagada-tsouin-tsouin\/","url_meta":{"origin":307,"position":5},"title":"Tagada, tsouin, tsouin.","author":"dpc","date":"1 ao\u00fbt 2006","format":false,"excerpt":"Studio Midilive, Villet\u00e2\u00e2\u00e2neuse, 30 juillet. \u00ab\u00a0Plusieurs indices m'ont mis la puce \u00e0 l'oreille J'ouvre l'\u0153il J'vais faire une enqu\u00eate pour en avoir le coeur net \u00c7a m'inqui\u00e8te Y'a des d\u00e9tails qui ne trompent pas Les draps la taie d'oreiller et la couette Sont plein d'paillettes \u00c0 c\u00f4t\u00e9 de mon linge\u2026","rel":"","context":"Dans &quot;DPC&quot;","block_context":{"text":"DPC","link":"https:\/\/www.wallendorff.com\/belogue\/category\/dpc\/"},"img":{"alt_text":"","src":"https:\/\/i0.wp.com\/www.wallendorff.com\/belogue\/wp-content\/uploads\/2015\/04\/200608011.jpg?resize=350%2C200&ssl=1","width":350,"height":200},"classes":[]}],"_links":{"self":[{"href":"https:\/\/www.wallendorff.com\/belogue\/wp-json\/wp\/v2\/posts\/307","targetHints":{"allow":["GET"]}}],"collection":[{"href":"https:\/\/www.wallendorff.com\/belogue\/wp-json\/wp\/v2\/posts"}],"about":[{"href":"https:\/\/www.wallendorff.com\/belogue\/wp-json\/wp\/v2\/types\/post"}],"author":[{"embeddable":true,"href":"https:\/\/www.wallendorff.com\/belogue\/wp-json\/wp\/v2\/users\/1"}],"replies":[{"embeddable":true,"href":"https:\/\/www.wallendorff.com\/belogue\/wp-json\/wp\/v2\/comments?post=307"}],"version-history":[{"count":1,"href":"https:\/\/www.wallendorff.com\/belogue\/wp-json\/wp\/v2\/posts\/307\/revisions"}],"predecessor-version":[{"id":17580,"href":"https:\/\/www.wallendorff.com\/belogue\/wp-json\/wp\/v2\/posts\/307\/revisions\/17580"}],"wp:featuredmedia":[{"embeddable":true,"href":"https:\/\/www.wallendorff.com\/belogue\/wp-json\/wp\/v2\/media\/24247"}],"wp:attachment":[{"href":"https:\/\/www.wallendorff.com\/belogue\/wp-json\/wp\/v2\/media?parent=307"}],"wp:term":[{"taxonomy":"category","embeddable":true,"href":"https:\/\/www.wallendorff.com\/belogue\/wp-json\/wp\/v2\/categories?post=307"},{"taxonomy":"post_tag","embeddable":true,"href":"https:\/\/www.wallendorff.com\/belogue\/wp-json\/wp\/v2\/tags?post=307"}],"curies":[{"name":"wp","href":"https:\/\/api.w.org\/{rel}","templated":true}]}}