{"id":30635,"date":"2016-04-11T16:02:08","date_gmt":"2016-04-11T14:02:08","guid":{"rendered":"http:\/\/www.wallendorff.com\/belogue\/?p=30635"},"modified":"2018-05-23T08:19:59","modified_gmt":"2018-05-23T06:19:59","slug":"autoportrait-aux-raies-coupees","status":"publish","type":"post","link":"https:\/\/www.wallendorff.com\/belogue\/2016\/04\/11\/autoportrait-aux-raies-coupees\/","title":{"rendered":"Autoportrait aux raies coup\u00e9es."},"content":{"rendered":"<div id=\"photo\">\n<p><img decoding=\"async\" src=\"https:\/\/www.wallendorff.com\/belogue\/photo\/2016\/04\/20160411.jpg\"><br \/>\n        Abbaye de Fontenay, 6 f&eacute;vrier.<\/p>\n<\/div>\n<p style=\"text-align:right\">[Il va sans dire que les raies qu&rsquo;\u00e9voque le titre de cette &oelig;uvre sont celles de lumi&egrave;re qui partent de son centre, et aucune(s) autre(s).]<\/p>\n<p style=\"text-align:right\">Principe fondamental de l&rsquo;art contemporain&nbsp;: quand on sait que son &oelig;uvre ne vaut pas grand&rsquo;chose, il faut toujours r&eacute;diger un pav&eacute; pour expliquer \u00e0 quel point elle est g&eacute;niale&nbsp;:<\/p>\n<p style=\"text-align:right\">&laquo;&nbsp;<em>Autoportrait aux raies coup&eacute;es<\/em>, deuxi&egrave;me &eacute;pisode de notre s&eacute;rie <em>L&rsquo;auteur de dos dans de grands lieux historiques de France<\/em>, apr&egrave;s l&rsquo;<a href=\"https:\/\/www.wallendorff.com\/belogue\/2013\/08\/21\/autoportrait-a-loseille-coupe\/\"><em>Autorportait &agrave; l&rsquo;oseille coup&eacute;<\/em><\/a>, cr&eacute;&eacute; il y a 3 ans sur le champ de bataille de Gravelotte.<\/p>\n<p>Cette s&eacute;rie d&rsquo;avant-garde d&eacute;nonce la mode du <em>selfie<\/em> (ou &eacute;go-portrait), qui envahit depuis quelques ann&eacute;es notre monde num&eacute;rique moderne. L&agrave; ou le <em>selfie<\/em> se concentre sur l&rsquo;auteur de l&rsquo;&oelig;uvre photographique, au d&eacute;triment du Grand Lieu Empreint d&rsquo;Histoire dans lequel celle-ci est cr&eacute;&eacute;e, la s&eacute;rie des autoportraits montre plut&ocirc;t l&rsquo;auteur de dos, m&eacute;connaissable et comme perdu dans le majestueux espace qui l&rsquo;engloutit totalement, recueilli et humble devant l&rsquo;Histoire, se rem&eacute;morant les grands et petits noms que port&egrave;rent l&rsquo;air qu&rsquo;il respire ou se demandant tout simplement o\u00f9 il a bien pu garer la voiture. L&agrave; ou le <em>selfie<\/em> fait fi du ressenti de la visite du Haut Lieu pour se r\u00e9duire \u00e0 une vaine preuve <em>d&rsquo;y avoir &eacute;t&eacute;<\/em>, ces autoportraits recentrent le propos en regardant toujours l&rsquo;auteur, mais en le remettant &agrave; sa place de minuscule d&eacute;tail anonyme de l&rsquo;Histoire que les si&egrave;cles &eacute;crasent.&nbsp;&raquo;<\/p>\n<div id=\"bandeson\">\n<p><img decoding=\"async\" src=\"https:\/\/www.wallendorff.com\/belogue\/photo\/pochettes\/j\/jabberwocky-lunar_lane.jpg\" align=\"left\" \/><a href=\"http:\/\/www.youtube.com\/watch?v=uD7vtjiPohA\" a style=\"font-weight:normal\" id=\"lienmp3\"><em>Fog<\/em> (feat. Ana Zimmer)<\/a><br \/>\n<a href=\"http:\/\/www.jabberwockyou.com\/\">Jabberwocky<\/a><\/p>\n<\/div>\n","protected":false},"excerpt":{"rendered":"<p>Abbaye de Fontenay, 6 f&eacute;vrier. [Il va sans dire que les raies qu&rsquo;\u00e9voque le titre de cette &oelig;uvre sont celles de lumi&egrave;re qui partent de son centre, et aucune(s) autre(s).] Principe fondamental de l&rsquo;art contemporain&nbsp;: quand on sait que son &oelig;uvre ne vaut pas grand&rsquo;chose, il faut toujours r&eacute;diger un pav&eacute; pour expliquer \u00e0 quel&hellip;<\/p>\n","protected":false},"author":1,"featured_media":30645,"comment_status":"open","ping_status":"open","sticky":false,"template":"","format":"standard","meta":{"_acf_changed":false,"ngg_post_thumbnail":0,"jetpack_post_was_ever_published":false,"_jetpack_newsletter_access":"","_jetpack_dont_email_post_to_subs":false,"_jetpack_newsletter_tier_id":0,"_jetpack_memberships_contains_paywalled_content":false,"_jetpack_memberships_contains_paid_content":false,"footnotes":"","jetpack_publicize_message":"","jetpack_publicize_feature_enabled":true,"jetpack_social_post_already_shared":true,"jetpack_social_options":{"image_generator_settings":{"template":"highway","default_image_id":0,"font":"","enabled":false},"version":2}},"categories":[8],"tags":[12851,11310,11493,8351,11497,10311,12891,10120,8405,12865,8243],"class_list":["post-30635","post","type-post","status-publish","format-standard","has-post-thumbnail","hentry","category-portraits","tag-abbaye-de-fontenay","tag-autoportrait","tag-bourgogne","tag-eos-6d","tag-cote-dor","tag-dos","tag-fog","tag-france","tag-jabberwocky","tag-marmagne","tag-sigma-15-mm-f2-8-ex-dg-diagonal-fish-eye"],"acf":[],"geo":{"latitude":47.6396103,"longitude":4.3893256,"description":"Abbaye de Fontenay, 21500 Montbard, France"},"jetpack_publicize_connections":[],"jetpack_featured_media_url":"https:\/\/www.wallendorff.com\/belogue\/wp-content\/uploads\/2016\/04\/20160411.jpg","jetpack_shortlink":"https:\/\/wp.me\/p3b35P-7Y7","jetpack_sharing_enabled":true,"jetpack-related-posts":[{"id":363,"url":"https:\/\/www.wallendorff.com\/belogue\/2005\/05\/27\/lave-eric-l-amer-rite-cheveux-lavoir-et-gel-aux-raies\/","url_meta":{"origin":30635,"position":0},"title":"Lave \u00c9ric, l&rsquo;amer rite&nbsp;: cheveux, lavoir et gel aux raies.","author":"dpc","date":"27 mai 2005","format":false,"excerpt":"Rue Oberkampf, Paris, 18 mai. Le brainstorming de ce titre a occup\u00e9 deux heures de bouchons sur l'E4111 hier. Quand je vois la photo et le r\u00e9sultat, je me demande comment je fais pour passer de blague \u00e0 tabac \u00e0 du Joe Dassin. Il va faire 33\u00a0\u00b0C \u00e0 Metz, aujourd'hui,\u2026","rel":"","context":"Dans &quot;DPC&quot;","block_context":{"text":"DPC","link":"https:\/\/www.wallendorff.com\/belogue\/category\/dpc\/"},"img":{"alt_text":"","src":"https:\/\/i0.wp.com\/www.wallendorff.com\/belogue\/wp-content\/uploads\/2015\/04\/200505271.jpg?resize=350%2C200&ssl=1","width":350,"height":200},"classes":[]},{"id":30632,"url":"https:\/\/www.wallendorff.com\/belogue\/2016\/04\/07\/arcs-et-type\/","url_meta":{"origin":30635,"position":1},"title":"Arcs [et type.].","author":"dpc","date":"7 avril 2016","format":false,"excerpt":"Abbaye de Fontenay, 6 f\u00e9vrier. No Trouble Other Lives","rel":"","context":"Dans &quot;DPC&quot;","block_context":{"text":"DPC","link":"https:\/\/www.wallendorff.com\/belogue\/category\/dpc\/"},"img":{"alt_text":"","src":"https:\/\/i0.wp.com\/www.wallendorff.com\/belogue\/wp-content\/uploads\/2016\/04\/20160407.jpg?resize=350%2C200&ssl=1","width":350,"height":200,"srcset":"https:\/\/i0.wp.com\/www.wallendorff.com\/belogue\/wp-content\/uploads\/2016\/04\/20160407.jpg?resize=350%2C200&ssl=1 1x, https:\/\/i0.wp.com\/www.wallendorff.com\/belogue\/wp-content\/uploads\/2016\/04\/20160407.jpg?resize=525%2C300&ssl=1 1.5x"},"classes":[]},{"id":21465,"url":"https:\/\/www.wallendorff.com\/belogue\/2013\/08\/21\/autoportrait-a-loseille-coupe\/","url_meta":{"origin":30635,"position":2},"title":"Autoportrait \u00e0 l&rsquo;oseille coup\u00e9.","author":"dpc","date":"21 ao\u00fbt 2013","format":false,"excerpt":"Amanvillers, 23 juin. Shooting people #107 [Danke f\u00fcr Irhe Hilfe.] The Oracle The Rumour Said Fire \u00a0","rel":"","context":"Dans &quot;Portraits&quot;","block_context":{"text":"Portraits","link":"https:\/\/www.wallendorff.com\/belogue\/category\/portraits\/"},"img":{"alt_text":"","src":"https:\/\/i0.wp.com\/www.wallendorff.com\/belogue\/wp-content\/uploads\/2015\/04\/201308211.jpg?resize=350%2C200&ssl=1","width":350,"height":200,"srcset":"https:\/\/i0.wp.com\/www.wallendorff.com\/belogue\/wp-content\/uploads\/2015\/04\/201308211.jpg?resize=350%2C200&ssl=1 1x, https:\/\/i0.wp.com\/www.wallendorff.com\/belogue\/wp-content\/uploads\/2015\/04\/201308211.jpg?resize=525%2C300&ssl=1 1.5x, https:\/\/i0.wp.com\/www.wallendorff.com\/belogue\/wp-content\/uploads\/2015\/04\/201308211.jpg?resize=700%2C400&ssl=1 2x"},"classes":[]},{"id":128878,"url":"https:\/\/www.wallendorff.com\/belogue\/2024\/05\/31\/mai-2024\/","url_meta":{"origin":30635,"position":3},"title":"Mai 2024.","author":"dpc","date":"31 mai 2024","format":false,"excerpt":"Un avion, un reportage, un avion, un champ, un puzzle, une ruelle, un chat pr\u00e9nomm\u00e9 Paupiette, un m\u00e9tro, un chat pr\u00e9nomm\u00e9 Plume, une raie pr\u00e9nomm\u00e9e Odile, une sieste, un reflet, un avion, un graffiti, un ap\u00e9ro, un m\u00e9tro, un mus\u00e9e, un anniversaire, une brocante, une ruelle, un a\u00e9roport, un avion,\u2026","rel":"","context":"Dans &quot;Blog-note&quot;","block_context":{"text":"Blog-note","link":"https:\/\/www.wallendorff.com\/belogue\/category\/blog-note\/"},"img":{"alt_text":"","src":"https:\/\/i0.wp.com\/www.wallendorff.com\/belogue\/wp-content\/uploads\/2024\/07\/20240703-63.jpg?resize=350%2C200&ssl=1","width":350,"height":200,"srcset":"https:\/\/i0.wp.com\/www.wallendorff.com\/belogue\/wp-content\/uploads\/2024\/07\/20240703-63.jpg?resize=350%2C200&ssl=1 1x, https:\/\/i0.wp.com\/www.wallendorff.com\/belogue\/wp-content\/uploads\/2024\/07\/20240703-63.jpg?resize=525%2C300&ssl=1 1.5x, https:\/\/i0.wp.com\/www.wallendorff.com\/belogue\/wp-content\/uploads\/2024\/07\/20240703-63.jpg?resize=700%2C400&ssl=1 2x, https:\/\/i0.wp.com\/www.wallendorff.com\/belogue\/wp-content\/uploads\/2024\/07\/20240703-63.jpg?resize=1050%2C600&ssl=1 3x"},"classes":[]},{"id":45939,"url":"https:\/\/www.wallendorff.com\/belogue\/2020\/07\/05\/les-pas-eurockeennes-belfort-4-juillet\/","url_meta":{"origin":30635,"position":4},"title":"Les pas-Eurock\u00e9ennes, Belfort, 4 juillet.","author":"dpc","date":"5 juillet 2020","format":false,"excerpt":"Annulation ou pas, il faut savoir rester un homme de tradition-tion-tion-tion-tion-tion-tion-tion-tion-tion-tion. [Je r\u00e9alise en publiant cette photo qu'une journ\u00e9e aux Eurock\u00e9ennes, c'est 30\u00a0000 personnes \u00e0 peu pr\u00e8s, soit en gros le nombre de personnes que ce Covid a enlev\u00e9es en France. \u00c7a donne un autre \u2013\u00a0et bien plus triste\u00a0\u2013 sens\u2026","rel":"","context":"Dans &quot;Alive&quot;","block_context":{"text":"Alive","link":"https:\/\/www.wallendorff.com\/belogue\/category\/alive\/"},"img":{"alt_text":"","src":"https:\/\/i0.wp.com\/www.wallendorff.com\/belogue\/wp-content\/uploads\/2020\/07\/20200705.jpg?resize=350%2C200&ssl=1","width":350,"height":200,"srcset":"https:\/\/i0.wp.com\/www.wallendorff.com\/belogue\/wp-content\/uploads\/2020\/07\/20200705.jpg?resize=350%2C200&ssl=1 1x, https:\/\/i0.wp.com\/www.wallendorff.com\/belogue\/wp-content\/uploads\/2020\/07\/20200705.jpg?resize=525%2C300&ssl=1 1.5x, https:\/\/i0.wp.com\/www.wallendorff.com\/belogue\/wp-content\/uploads\/2020\/07\/20200705.jpg?resize=700%2C400&ssl=1 2x, https:\/\/i0.wp.com\/www.wallendorff.com\/belogue\/wp-content\/uploads\/2020\/07\/20200705.jpg?resize=1050%2C600&ssl=1 3x"},"classes":[]},{"id":33259,"url":"https:\/\/www.wallendorff.com\/belogue\/2016\/12\/16\/les-murs-ondes-aux-raies\/","url_meta":{"origin":30635,"position":5},"title":"Les murs ond\u00e9s aux raies.","author":"dpc","date":"16 d\u00e9cembre 2016","format":false,"excerpt":"Cath\u00e9drale Saint-Guy, Prague, 7 septembre. Walls Kings of Leon","rel":"","context":"Dans &quot;DPC&quot;","block_context":{"text":"DPC","link":"https:\/\/www.wallendorff.com\/belogue\/category\/dpc\/"},"img":{"alt_text":"","src":"https:\/\/i0.wp.com\/www.wallendorff.com\/belogue\/wp-content\/uploads\/2016\/12\/20161216.jpg?resize=350%2C200&ssl=1","width":350,"height":200,"srcset":"https:\/\/i0.wp.com\/www.wallendorff.com\/belogue\/wp-content\/uploads\/2016\/12\/20161216.jpg?resize=350%2C200&ssl=1 1x, https:\/\/i0.wp.com\/www.wallendorff.com\/belogue\/wp-content\/uploads\/2016\/12\/20161216.jpg?resize=525%2C300&ssl=1 1.5x"},"classes":[]}],"_links":{"self":[{"href":"https:\/\/www.wallendorff.com\/belogue\/wp-json\/wp\/v2\/posts\/30635","targetHints":{"allow":["GET"]}}],"collection":[{"href":"https:\/\/www.wallendorff.com\/belogue\/wp-json\/wp\/v2\/posts"}],"about":[{"href":"https:\/\/www.wallendorff.com\/belogue\/wp-json\/wp\/v2\/types\/post"}],"author":[{"embeddable":true,"href":"https:\/\/www.wallendorff.com\/belogue\/wp-json\/wp\/v2\/users\/1"}],"replies":[{"embeddable":true,"href":"https:\/\/www.wallendorff.com\/belogue\/wp-json\/wp\/v2\/comments?post=30635"}],"version-history":[{"count":9,"href":"https:\/\/www.wallendorff.com\/belogue\/wp-json\/wp\/v2\/posts\/30635\/revisions"}],"predecessor-version":[{"id":30644,"href":"https:\/\/www.wallendorff.com\/belogue\/wp-json\/wp\/v2\/posts\/30635\/revisions\/30644"}],"wp:featuredmedia":[{"embeddable":true,"href":"https:\/\/www.wallendorff.com\/belogue\/wp-json\/wp\/v2\/media\/30645"}],"wp:attachment":[{"href":"https:\/\/www.wallendorff.com\/belogue\/wp-json\/wp\/v2\/media?parent=30635"}],"wp:term":[{"taxonomy":"category","embeddable":true,"href":"https:\/\/www.wallendorff.com\/belogue\/wp-json\/wp\/v2\/categories?post=30635"},{"taxonomy":"post_tag","embeddable":true,"href":"https:\/\/www.wallendorff.com\/belogue\/wp-json\/wp\/v2\/tags?post=30635"}],"curies":[{"name":"wp","href":"https:\/\/api.w.org\/{rel}","templated":true}]}}