{"id":30632,"date":"2016-04-07T17:20:10","date_gmt":"2016-04-07T15:20:10","guid":{"rendered":"http:\/\/www.wallendorff.com\/belogue\/?p=30632"},"modified":"2018-05-23T08:19:59","modified_gmt":"2018-05-23T06:19:59","slug":"arcs-et-type","status":"publish","type":"post","link":"https:\/\/www.wallendorff.com\/belogue\/2016\/04\/07\/arcs-et-type\/","title":{"rendered":"Arcs [et type.]."},"content":{"rendered":"<div id=\"photo\">\n<p><img decoding=\"async\" src=\"https:\/\/www.wallendorff.com\/belogue\/photo\/2016\/04\/20160407.jpg\"><br \/>\n        Abbaye de Fontenay, 6 f&eacute;vrier.<\/p>\n<\/div>\n<div id=\"bandeson\">\n<p><img decoding=\"async\" src=\"https:\/\/www.wallendorff.com\/belogue\/photo\/pochettes\/o\/other_lives-rituals.jpg\" align=\"left\" \/><a href=\"http:\/\/www.youtube.com\/watch?v=YwMsPaZIqqQ\" a style=\"font-weight:normal\" id=\"lienmp3\"><em>No Trouble<\/em><\/a><br \/>\n<a href=\"http:\/\/www.otherlives.com\/\">Other Lives<\/a><\/p>\n<\/div>\n","protected":false},"excerpt":{"rendered":"<p>Abbaye de Fontenay, 6 f&eacute;vrier. No Trouble Other Lives<\/p>\n","protected":false},"author":1,"featured_media":30634,"comment_status":"open","ping_status":"open","sticky":false,"template":"","format":"standard","meta":{"_acf_changed":false,"ngg_post_thumbnail":0,"jetpack_post_was_ever_published":false,"_jetpack_newsletter_access":"","_jetpack_dont_email_post_to_subs":false,"_jetpack_newsletter_tier_id":0,"_jetpack_memberships_contains_paywalled_content":false,"_jetpack_memberships_contains_paid_content":false,"footnotes":"","jetpack_publicize_message":"","jetpack_publicize_feature_enabled":true,"jetpack_social_post_already_shared":true,"jetpack_social_options":{"image_generator_settings":{"template":"highway","default_image_id":0,"font":"","enabled":false},"version":2}},"categories":[3],"tags":[12851,11493,8170,8351,10246,11497,10238,10120,12865,7052,12890,10940],"class_list":["post-30632","post","type-post","status-publish","format-standard","has-post-thumbnail","hentry","category-dpc","tag-abbaye-de-fontenay","tag-bourgogne","tag-ef-24-70-mm-f2-8l-ii-usm","tag-eos-6d","tag-contre-jour","tag-cote-dor","tag-eglise","tag-france","tag-marmagne","tag-nef","tag-no-trouble","tag-other-lives"],"acf":[],"geo":{"latitude":47.6396103,"longitude":4.3893256,"description":"Abbaye de Fontenay, 21500 Montbard, France"},"jetpack_publicize_connections":[],"jetpack_featured_media_url":"https:\/\/www.wallendorff.com\/belogue\/wp-content\/uploads\/2016\/04\/20160407.jpg","jetpack_shortlink":"https:\/\/wp.me\/p3b35P-7Y4","jetpack_sharing_enabled":true,"jetpack-related-posts":[{"id":30635,"url":"https:\/\/www.wallendorff.com\/belogue\/2016\/04\/11\/autoportrait-aux-raies-coupees\/","url_meta":{"origin":30632,"position":0},"title":"Autoportrait aux raies coup\u00e9es.","author":"dpc","date":"11 avril 2016","format":false,"excerpt":"Abbaye de Fontenay, 6 f\u00e9vrier. [Il va sans dire que les raies qu'\u00e9voque le titre de cette \u0153uvre sont celles de lumi\u00e8re qui partent de son centre, et aucune(s) autre(s).] Principe fondamental de l'art contemporain\u00a0: quand on sait que son \u0153uvre ne vaut pas grand'chose, il faut toujours r\u00e9diger un\u2026","rel":"","context":"Dans &quot;Portraits&quot;","block_context":{"text":"Portraits","link":"https:\/\/www.wallendorff.com\/belogue\/category\/portraits\/"},"img":{"alt_text":"","src":"https:\/\/i0.wp.com\/www.wallendorff.com\/belogue\/wp-content\/uploads\/2016\/04\/20160411.jpg?resize=350%2C200&ssl=1","width":350,"height":200,"srcset":"https:\/\/i0.wp.com\/www.wallendorff.com\/belogue\/wp-content\/uploads\/2016\/04\/20160411.jpg?resize=350%2C200&ssl=1 1x, https:\/\/i0.wp.com\/www.wallendorff.com\/belogue\/wp-content\/uploads\/2016\/04\/20160411.jpg?resize=525%2C300&ssl=1 1.5x, https:\/\/i0.wp.com\/www.wallendorff.com\/belogue\/wp-content\/uploads\/2016\/04\/20160411.jpg?resize=700%2C400&ssl=1 2x"},"classes":[]},{"id":30419,"url":"https:\/\/www.wallendorff.com\/belogue\/2016\/02\/29\/fevrier-2016\/","url_meta":{"origin":30632,"position":1},"title":"F\u00e9vrier 2016.","author":"dpc","date":"29 f\u00e9vrier 2016","format":false,"excerpt":"Un coucher de soleil, une abbaye, une fen\u00eatre, une nef, un clo\u00eetre, une vo\u00fbte, un portrait flou, un num\u00e9ro, un RER, un avion, un S-bahn, un tramway, une \u00e9glise, une fontaine, un caf\u00e9, des coins-coins, une universit\u00e9, un cr\u00e9puscule, une librairie, une clope, un caf\u00e9, un compositeur, une imp\u00e9ratrice, un\u2026","rel":"","context":"Dans &quot;Blog-note&quot;","block_context":{"text":"Blog-note","link":"https:\/\/www.wallendorff.com\/belogue\/category\/blog-note\/"},"img":{"alt_text":"","src":"https:\/\/i0.wp.com\/www.wallendorff.com\/belogue\/wp-content\/uploads\/2016\/03\/20160315-23.jpg?resize=350%2C200&ssl=1","width":350,"height":200,"srcset":"https:\/\/i0.wp.com\/www.wallendorff.com\/belogue\/wp-content\/uploads\/2016\/03\/20160315-23.jpg?resize=350%2C200&ssl=1 1x, https:\/\/i0.wp.com\/www.wallendorff.com\/belogue\/wp-content\/uploads\/2016\/03\/20160315-23.jpg?resize=525%2C300&ssl=1 1.5x, https:\/\/i0.wp.com\/www.wallendorff.com\/belogue\/wp-content\/uploads\/2016\/03\/20160315-23.jpg?resize=700%2C400&ssl=1 2x"},"classes":[]},{"id":125741,"url":"https:\/\/www.wallendorff.com\/belogue\/2023\/08\/03\/into-the-wide-280\/","url_meta":{"origin":30632,"position":2},"title":"Into the wide #280.","author":"dpc","date":"3 ao\u00fbt 2023","format":false,"excerpt":"Abbaye de Jumi\u00e8ges, 10 juin 2023.","rel":"","context":"Dans &quot;Into the wide&quot;","block_context":{"text":"Into the wide","link":"https:\/\/www.wallendorff.com\/belogue\/category\/into-the-wide\/"},"img":{"alt_text":"","src":"https:\/\/i0.wp.com\/www.wallendorff.com\/belogue\/wp-content\/uploads\/2023\/08\/20230803.jpg?resize=350%2C200&ssl=1","width":350,"height":200,"srcset":"https:\/\/i0.wp.com\/www.wallendorff.com\/belogue\/wp-content\/uploads\/2023\/08\/20230803.jpg?resize=350%2C200&ssl=1 1x, https:\/\/i0.wp.com\/www.wallendorff.com\/belogue\/wp-content\/uploads\/2023\/08\/20230803.jpg?resize=525%2C300&ssl=1 1.5x, https:\/\/i0.wp.com\/www.wallendorff.com\/belogue\/wp-content\/uploads\/2023\/08\/20230803.jpg?resize=700%2C400&ssl=1 2x, https:\/\/i0.wp.com\/www.wallendorff.com\/belogue\/wp-content\/uploads\/2023\/08\/20230803.jpg?resize=1050%2C600&ssl=1 3x"},"classes":[]},{"id":125752,"url":"https:\/\/www.wallendorff.com\/belogue\/2023\/08\/08\/labbaye-coule\/","url_meta":{"origin":30632,"position":3},"title":"L&rsquo;abbaye coule.","author":"dpc","date":"8 ao\u00fbt 2023","format":false,"excerpt":"Abbaye de Jumi\u00e8ges, 10 juin 2023.Je suis \u00e0 court de photos. Les suivantes sont en cours d'\u00e9dition. C'est la premi\u00e8re fois que cela m'arrive depuis ao\u00fbt 2006 (je vous ai mis le lien au cas o\u00f9 vous aimez l'arch\u00e9ologie num\u00e9rique).Ce n'est pas une mauvaise nouvelle. Simplement le signe d'un changement.\u2026","rel":"","context":"Dans &quot;DPC&quot;","block_context":{"text":"DPC","link":"https:\/\/www.wallendorff.com\/belogue\/category\/dpc\/"},"img":{"alt_text":"","src":"https:\/\/i0.wp.com\/www.wallendorff.com\/belogue\/wp-content\/uploads\/2023\/08\/20230808.jpg?resize=350%2C200&ssl=1","width":350,"height":200,"srcset":"https:\/\/i0.wp.com\/www.wallendorff.com\/belogue\/wp-content\/uploads\/2023\/08\/20230808.jpg?resize=350%2C200&ssl=1 1x, https:\/\/i0.wp.com\/www.wallendorff.com\/belogue\/wp-content\/uploads\/2023\/08\/20230808.jpg?resize=525%2C300&ssl=1 1.5x, https:\/\/i0.wp.com\/www.wallendorff.com\/belogue\/wp-content\/uploads\/2023\/08\/20230808.jpg?resize=700%2C400&ssl=1 2x, https:\/\/i0.wp.com\/www.wallendorff.com\/belogue\/wp-content\/uploads\/2023\/08\/20230808.jpg?resize=1050%2C600&ssl=1 3x"},"classes":[]},{"id":125251,"url":"https:\/\/www.wallendorff.com\/belogue\/2023\/06\/30\/juin-2023\/","url_meta":{"origin":30632,"position":4},"title":"Juin 2023.","author":"dpc","date":"30 juin 2023","format":false,"excerpt":"Un rayon de soleil, un balcon, une ombre, un bisou, un m\u00e9tro flou, un mus\u00e9e, une ruelle, un reflet, un arr\u00eat de bus, un couloir, un m\u00e9tro flou, un escalier, un papillon, une autoroute, un Intermarch\u00e9, un saxophone, une grotte, une belle famille, un arbre \u00e0 gamins, une station-service, un\u2026","rel":"","context":"Dans &quot;Blog-note&quot;","block_context":{"text":"Blog-note","link":"https:\/\/www.wallendorff.com\/belogue\/category\/blog-note\/"},"img":{"alt_text":"","src":"https:\/\/i0.wp.com\/www.wallendorff.com\/belogue\/wp-content\/uploads\/2023\/07\/20230717-45.jpg?resize=350%2C200&ssl=1","width":350,"height":200,"srcset":"https:\/\/i0.wp.com\/www.wallendorff.com\/belogue\/wp-content\/uploads\/2023\/07\/20230717-45.jpg?resize=350%2C200&ssl=1 1x, https:\/\/i0.wp.com\/www.wallendorff.com\/belogue\/wp-content\/uploads\/2023\/07\/20230717-45.jpg?resize=525%2C300&ssl=1 1.5x, https:\/\/i0.wp.com\/www.wallendorff.com\/belogue\/wp-content\/uploads\/2023\/07\/20230717-45.jpg?resize=700%2C400&ssl=1 2x, https:\/\/i0.wp.com\/www.wallendorff.com\/belogue\/wp-content\/uploads\/2023\/07\/20230717-45.jpg?resize=1050%2C600&ssl=1 3x"},"classes":[]},{"id":27897,"url":"https:\/\/www.wallendorff.com\/belogue\/2015\/06\/30\/juin-2015\/","url_meta":{"origin":30632,"position":5},"title":"Juin 2015.","author":"dpc","date":"30 juin 2015","format":false,"excerpt":"Un pique-nique, un chat-qui-ressemble-\u00e0-Hitler, un concert, un autre concert, une expo, un anniversaire, des g\u00e2telets Bukowski, un duo en grande toilette, un anniversaire, des tires-bouschtroumpfs (ou des schtroumpfs-bouchons, c'est selon), un b\u00e9b\u00e9, une nuit, un concert mouvement\u00e9, des Guinness\u00ae, un b\u00e9b\u00e9, une \u00e9quipe en grande toilette, une cave de bourgogne,\u2026","rel":"","context":"Dans &quot;Blog-note&quot;","block_context":{"text":"Blog-note","link":"https:\/\/www.wallendorff.com\/belogue\/category\/blog-note\/"},"img":{"alt_text":"","src":"https:\/\/i0.wp.com\/www.wallendorff.com\/belogue\/wp-content\/uploads\/2015\/07\/20150702-49.jpg?resize=350%2C200&ssl=1","width":350,"height":200,"srcset":"https:\/\/i0.wp.com\/www.wallendorff.com\/belogue\/wp-content\/uploads\/2015\/07\/20150702-49.jpg?resize=350%2C200&ssl=1 1x, https:\/\/i0.wp.com\/www.wallendorff.com\/belogue\/wp-content\/uploads\/2015\/07\/20150702-49.jpg?resize=525%2C300&ssl=1 1.5x, https:\/\/i0.wp.com\/www.wallendorff.com\/belogue\/wp-content\/uploads\/2015\/07\/20150702-49.jpg?resize=700%2C400&ssl=1 2x"},"classes":[]}],"_links":{"self":[{"href":"https:\/\/www.wallendorff.com\/belogue\/wp-json\/wp\/v2\/posts\/30632","targetHints":{"allow":["GET"]}}],"collection":[{"href":"https:\/\/www.wallendorff.com\/belogue\/wp-json\/wp\/v2\/posts"}],"about":[{"href":"https:\/\/www.wallendorff.com\/belogue\/wp-json\/wp\/v2\/types\/post"}],"author":[{"embeddable":true,"href":"https:\/\/www.wallendorff.com\/belogue\/wp-json\/wp\/v2\/users\/1"}],"replies":[{"embeddable":true,"href":"https:\/\/www.wallendorff.com\/belogue\/wp-json\/wp\/v2\/comments?post=30632"}],"version-history":[{"count":1,"href":"https:\/\/www.wallendorff.com\/belogue\/wp-json\/wp\/v2\/posts\/30632\/revisions"}],"predecessor-version":[{"id":30633,"href":"https:\/\/www.wallendorff.com\/belogue\/wp-json\/wp\/v2\/posts\/30632\/revisions\/30633"}],"wp:featuredmedia":[{"embeddable":true,"href":"https:\/\/www.wallendorff.com\/belogue\/wp-json\/wp\/v2\/media\/30634"}],"wp:attachment":[{"href":"https:\/\/www.wallendorff.com\/belogue\/wp-json\/wp\/v2\/media?parent=30632"}],"wp:term":[{"taxonomy":"category","embeddable":true,"href":"https:\/\/www.wallendorff.com\/belogue\/wp-json\/wp\/v2\/categories?post=30632"},{"taxonomy":"post_tag","embeddable":true,"href":"https:\/\/www.wallendorff.com\/belogue\/wp-json\/wp\/v2\/tags?post=30632"}],"curies":[{"name":"wp","href":"https:\/\/api.w.org\/{rel}","templated":true}]}}