{"id":306,"date":"2005-07-27T11:47:51","date_gmt":"2005-07-27T11:47:51","guid":{"rendered":"http:\/\/www.po-l.com\/wordpress\/?p=306"},"modified":"2012-06-06T10:23:39","modified_gmt":"2012-06-06T08:23:39","slug":"floor-delices","status":"publish","type":"post","link":"https:\/\/www.wallendorff.com\/belogue\/2005\/07\/27\/floor-delices\/","title":{"rendered":"Floor d&eacute;lices."},"content":{"rendered":"<div id=\"photo\">\n<p><img decoding=\"async\" src=\"http:\/\/www.po-L.com\/belogue\/photo\/2005\/07\/20050727.jpg\" \/><br \/>\nCh&acirc;teau d&rsquo;Amboise, 17 juillet.<\/p>\n<\/div>\n<p>La bande-son du bel&ouml;gue change de forme [et les bordures des images aussi, mais &ccedil;a c&rsquo;est moins important]. &Agrave; partir de maintenant, vous pouvez l&rsquo;&eacute;couter que si vous le voulez. Si vous voulez pas, il suffit de pas cliquer, et hop, rien ne se passe. C&rsquo;est chouette.<\/p>\n<div id=\"bandeson\">\n<p><img decoding=\"async\" src=\"https:\/\/www.wallendorff.com\/belogue\/photo\/pochettes\/s\/stevens_sufjan-illinoise.jpg\" align=\"left\" \/>&nbsp;<a href=\"http:\/\/www.sufjan.com\">Sufjan Stevens<\/a> &ndash; <em>Casimir Pulaski<\/em><sup>1<\/sup><em> Day<\/em><\/p>\n<\/p><\/div>\n<p>______<\/p>\n<div id=\"bas_note\">\n<p><sup>1<\/sup> Un Polonais. Dont la bio est <a href=\"http:\/\/en.wikipedia.org\/wiki\/Casimir_Pulaski\">l&agrave;<\/a>. C&rsquo;est chouette, la Pologne. J&rsquo;aime bien la Pologne. [Je sais, je sais, vous vous en foutez.]<\/p>\n<\/div>\n","protected":false},"excerpt":{"rendered":"<p>Ch&acirc;teau d&rsquo;Amboise, 17 juillet. La bande-son du bel&ouml;gue change de forme [et les bordures des images aussi, mais &ccedil;a c&rsquo;est moins important]. &Agrave; partir de maintenant, vous pouvez l&rsquo;&eacute;couter que si vous le voulez. Si vous voulez pas, il suffit de pas cliquer, et hop, rien ne se passe. C&rsquo;est chouette. &nbsp;Sufjan Stevens &ndash; Casimir&hellip;<\/p>\n","protected":false},"author":1,"featured_media":24246,"comment_status":"open","ping_status":"open","sticky":false,"template":"","format":"standard","meta":{"_acf_changed":false,"ngg_post_thumbnail":0,"jetpack_post_was_ever_published":false,"_jetpack_newsletter_access":"","_jetpack_dont_email_post_to_subs":false,"_jetpack_newsletter_tier_id":0,"_jetpack_memberships_contains_paywalled_content":false,"_jetpack_memberships_contains_paid_content":false,"footnotes":"","jetpack_publicize_message":"","jetpack_publicize_feature_enabled":true,"jetpack_social_post_already_shared":false,"jetpack_social_options":{"image_generator_settings":{"template":"highway","default_image_id":0,"font":"","enabled":false},"version":2}},"categories":[3],"tags":[1157,157,132,10630,1161,10304,10633,1158,3594,10120,10306,793,10262,1160],"class_list":["post-306","post","type-post","status-publish","format-standard","has-post-thumbnail","hentry","category-dpc","tag-amboise","tag-ef-50-mm-f18-ii","tag-eos-20d","tag-carrelage","tag-casimir-pulaski-day","tag-centre","tag-chateau","tag-chateau-damboise","tag-fleur-de-lys","tag-france","tag-indre-et-loire","tag-orange","tag-reflet","tag-sufjan-stevens"],"acf":[],"geo":{"latitude":47.4129219,"longitude":0.9856796,"description":null},"jetpack_publicize_connections":[],"jetpack_featured_media_url":"https:\/\/www.wallendorff.com\/belogue\/wp-content\/uploads\/2015\/04\/200507271.jpg","jetpack_shortlink":"https:\/\/wp.me\/p3b35P-4W","jetpack_sharing_enabled":true,"jetpack-related-posts":[{"id":307,"url":"https:\/\/www.wallendorff.com\/belogue\/2005\/07\/26\/aux-hauts-hauts-geolie-poupee\/","url_meta":{"origin":306,"position":0},"title":"Aux hauts hauts, ge&ocirc;lie&sup1; poup&eacute;e.","author":"dpc","date":"26 juillet 2005","format":false,"excerpt":"Ch\u00e2teau d'Amboise, 17 juillet. [S\u00fbrement doit couper.] [C'est chouette, de s'arr\u00eater devant une fen\u00eatre, de trouver sa lumi\u00e8re jolie, de ne pas savoir qu'en faire, d'y passer 5 minutes et de voir d\u00e9bouler d'on ne sait o\u00f9 une gamine qui vient, qui voit et qui s'en va en laissant \u00e0\u2026","rel":"","context":"Dans &quot;DPC&quot;","block_context":{"text":"DPC","link":"https:\/\/www.wallendorff.com\/belogue\/category\/dpc\/"},"img":{"alt_text":"","src":"https:\/\/i0.wp.com\/www.wallendorff.com\/belogue\/wp-content\/uploads\/2015\/04\/200507261.jpg?resize=350%2C200&ssl=1","width":350,"height":200},"classes":[]},{"id":104,"url":"https:\/\/www.wallendorff.com\/belogue\/2006\/03\/17\/mettre-las-chats-rue-a-venles-l-haibeux\/","url_meta":{"origin":306,"position":1},"title":"Mettre las chats, rue \u00e0 Venles l&rsquo;haibeux.","author":"dpc","date":"17 mars 2006","format":false,"excerpt":"Rue Alexandre Dumas, Paris, 12 mars, 18h02. Bon. Ben on va peut-\u00eatre mettre \u00e0 jour la do-do list, main'nant. \u00a0Sufjan Stevens \u2013 Casimir Pulaski Day (live)","rel":"","context":"Dans &quot;DPC&quot;","block_context":{"text":"DPC","link":"https:\/\/www.wallendorff.com\/belogue\/category\/dpc\/"},"img":{"alt_text":"","src":"https:\/\/i0.wp.com\/www.wallendorff.com\/belogue\/wp-content\/uploads\/2015\/04\/200603171.jpg?resize=350%2C200&ssl=1","width":350,"height":200},"classes":[]},{"id":483,"url":"https:\/\/www.wallendorff.com\/belogue\/2005\/01\/27\/a-voir\/","url_meta":{"origin":306,"position":2},"title":"&Agrave; voir.","author":"dpc","date":"27 janvier 2005","format":false,"excerpt":"D\u00e9troit, 7 ao\u00fbt 2004, depuis Windsor-De-Juste-En-Face (rediffusion, je sais, je sais) Ce site\u00a0propose un tour des ruines de D\u00e9troit. Et D\u00e9troit ressemblant plus \u00e0 une ruine g\u00e9ante qu'\u00e0 une vraie ville, \u00e7a fait un tour cons\u00e9quent. Si vous n'avez pas le temps, allez directement l\u00e0, c'est l'exemple le plus frappant\u2026","rel":"","context":"Dans &quot;DPC&quot;","block_context":{"text":"DPC","link":"https:\/\/www.wallendorff.com\/belogue\/category\/dpc\/"},"img":{"alt_text":"","src":"https:\/\/i0.wp.com\/www.wallendorff.com\/belogue\/wp-content\/uploads\/2015\/04\/415.jpg?resize=350%2C200&ssl=1","width":350,"height":200},"classes":[]},{"id":61,"url":"https:\/\/www.wallendorff.com\/belogue\/2005\/09\/17\/un-an-je-passe-2\/","url_meta":{"origin":306,"position":3},"title":"Un an je passe #2.","author":"dpc","date":"17 septembre 2005","format":false,"excerpt":"Auburn Road, Pontiac, 17 septembre 2004. \"If I ever meant to go away I was raised, I was raised In the place, in the place. Still I often think of going back To the farms, to the farms Golden arms, golden arms\" [Bien s\u00fbr que j'en suis pas. Mais c'est\u2026","rel":"","context":"Dans &quot;DPC&quot;","block_context":{"text":"DPC","link":"https:\/\/www.wallendorff.com\/belogue\/category\/dpc\/"},"img":{"alt_text":"","src":"https:\/\/i0.wp.com\/www.wallendorff.com\/belogue\/wp-content\/uploads\/2015\/04\/200509171.jpg?resize=350%2C200&ssl=1","width":350,"height":200,"srcset":"https:\/\/i0.wp.com\/www.wallendorff.com\/belogue\/wp-content\/uploads\/2015\/04\/200509171.jpg?resize=350%2C200&ssl=1 1x, https:\/\/i0.wp.com\/www.wallendorff.com\/belogue\/wp-content\/uploads\/2015\/04\/200509171.jpg?resize=525%2C300&ssl=1 1.5x, https:\/\/i0.wp.com\/www.wallendorff.com\/belogue\/wp-content\/uploads\/2015\/04\/200509171.jpg?resize=700%2C400&ssl=1 2x"},"classes":[]},{"id":72,"url":"https:\/\/www.wallendorff.com\/belogue\/2005\/09\/07\/rhizome-n-p-louse\/","url_meta":{"origin":306,"position":4},"title":"Rhizome n&rsquo;P&rsquo;louse.","author":"dpc","date":"7 septembre 2005","format":false,"excerpt":"Ch\u00e2teau d'Amboise, 17 juillet. En recopiant sa photo, notre ami le photographe fac\u00e9tieux a volontairement dissimul\u00e9 le rhizome dont traite le titre de cette note. Sauras-tu le d\u00e9couvrir1\u00a0? [Pour \u00e9gayer ta r\u00e9flexion, tu peux \u00e9couter la badine bande-son ci-dessous et en profiter pour apprendre \u00e0 siffloter comme un authentique trappeur\u2026","rel":"","context":"Dans &quot;DPC&quot;","block_context":{"text":"DPC","link":"https:\/\/www.wallendorff.com\/belogue\/category\/dpc\/"},"img":{"alt_text":"","src":"https:\/\/i0.wp.com\/www.wallendorff.com\/belogue\/wp-content\/uploads\/2015\/04\/200509071.jpg?resize=350%2C200&ssl=1","width":350,"height":200},"classes":[]},{"id":305,"url":"https:\/\/www.wallendorff.com\/belogue\/2005\/07\/28\/accords-et-a-grille\/","url_meta":{"origin":306,"position":5},"title":"Accords et &agrave; grille&sup1;.","author":"dpc","date":"28 juillet 2005","format":false,"excerpt":"Ch\u00e2teau d'Amboise, 17 juillet. Puisque tout va bien, autant se mettre une bande-son qui \u00e9gaye le matin. \"Tell a tale drink an ale A bottle of white wine Tell a tale drink an ale We all got the time\" \u00a0Papas Fritas \u2014 Let's Go Down to the Town Oasis _____\u2026","rel":"","context":"Dans &quot;DPC&quot;","block_context":{"text":"DPC","link":"https:\/\/www.wallendorff.com\/belogue\/category\/dpc\/"},"img":{"alt_text":"","src":"https:\/\/i0.wp.com\/www.wallendorff.com\/belogue\/wp-content\/uploads\/2015\/04\/200507281.jpg?resize=350%2C200&ssl=1","width":350,"height":200},"classes":[]}],"_links":{"self":[{"href":"https:\/\/www.wallendorff.com\/belogue\/wp-json\/wp\/v2\/posts\/306","targetHints":{"allow":["GET"]}}],"collection":[{"href":"https:\/\/www.wallendorff.com\/belogue\/wp-json\/wp\/v2\/posts"}],"about":[{"href":"https:\/\/www.wallendorff.com\/belogue\/wp-json\/wp\/v2\/types\/post"}],"author":[{"embeddable":true,"href":"https:\/\/www.wallendorff.com\/belogue\/wp-json\/wp\/v2\/users\/1"}],"replies":[{"embeddable":true,"href":"https:\/\/www.wallendorff.com\/belogue\/wp-json\/wp\/v2\/comments?post=306"}],"version-history":[{"count":1,"href":"https:\/\/www.wallendorff.com\/belogue\/wp-json\/wp\/v2\/posts\/306\/revisions"}],"predecessor-version":[{"id":17606,"href":"https:\/\/www.wallendorff.com\/belogue\/wp-json\/wp\/v2\/posts\/306\/revisions\/17606"}],"wp:featuredmedia":[{"embeddable":true,"href":"https:\/\/www.wallendorff.com\/belogue\/wp-json\/wp\/v2\/media\/24246"}],"wp:attachment":[{"href":"https:\/\/www.wallendorff.com\/belogue\/wp-json\/wp\/v2\/media?parent=306"}],"wp:term":[{"taxonomy":"category","embeddable":true,"href":"https:\/\/www.wallendorff.com\/belogue\/wp-json\/wp\/v2\/categories?post=306"},{"taxonomy":"post_tag","embeddable":true,"href":"https:\/\/www.wallendorff.com\/belogue\/wp-json\/wp\/v2\/tags?post=306"}],"curies":[{"name":"wp","href":"https:\/\/api.w.org\/{rel}","templated":true}]}}