{"id":30593,"date":"2016-03-25T17:41:51","date_gmt":"2016-03-25T15:41:51","guid":{"rendered":"http:\/\/www.wallendorff.com\/belogue\/?p=30593"},"modified":"2018-05-23T08:05:09","modified_gmt":"2018-05-23T06:05:09","slug":"solde-pape-est-redu","status":"publish","type":"post","link":"https:\/\/www.wallendorff.com\/belogue\/2016\/03\/25\/solde-pape-est-redu\/","title":{"rendered":"Sold\u00e9 pape est red\u00fb."},"content":{"rendered":"<div id=\"photo\">\n<p><img decoding=\"async\" src=\"https:\/\/www.wallendorff.com\/belogue\/photo\/2016\/03\/20160325.jpg\"><br \/>\n        Tribunal de Commerce, Paris, 12 janvier.<\/p>\n<\/div>\n<div id=\"bandeson\">\n<p><img decoding=\"async\" src=\"https:\/\/www.wallendorff.com\/belogue\/photo\/pochettes\/u\/unkle-psyence_fiction.jpg\" align=\"left\" \/><a href=\"http:\/\/www.youtube.com\/watch?v=NqxajDQCjuQ\" a style=\"font-weight:normal\" id=\"lienmp3\"><em>Rabbit in Your Headlights<\/em> (feat. Thom Yorke)<\/a><br \/>\n<a href=\"http:\/\/www.unkle.com\/\">UNKLE<\/a><\/p>\n<\/div>\n","protected":false},"excerpt":{"rendered":"<p>Tribunal de Commerce, Paris, 12 janvier. Rabbit in Your Headlights (feat. Thom Yorke) UNKLE<\/p>\n","protected":false},"author":1,"featured_media":30594,"comment_status":"open","ping_status":"open","sticky":false,"template":"","format":"standard","meta":{"_acf_changed":false,"ngg_post_thumbnail":0,"jetpack_post_was_ever_published":false,"_jetpack_newsletter_access":"","_jetpack_dont_email_post_to_subs":false,"_jetpack_newsletter_tier_id":0,"_jetpack_memberships_contains_paywalled_content":false,"_jetpack_memberships_contains_paid_content":false,"footnotes":"","jetpack_publicize_message":"","jetpack_publicize_feature_enabled":true,"jetpack_social_post_already_shared":true,"jetpack_social_options":{"image_generator_settings":{"template":"highway","default_image_id":0,"font":"","enabled":false},"version":2}},"categories":[3],"tags":[10277,8351,10120,10970,10279,10121,143,10098,12884,12886,12300,8243,10227,12887,12885,12843,10728],"class_list":["post-30593","post","type-post","status-publish","format-standard","has-post-thumbnail","hentry","category-dpc","tag-10277","tag-eos-6d","tag-france","tag-hall","tag-ile-de-la-cite","tag-ile-de-france","tag-noir-et-blanc","tag-paris","tag-quai-de-la-corse","tag-rabbit-in-your-headlights","tag-salle-des-pas-perdus","tag-sigma-15-mm-f2-8-ex-dg-diagonal-fish-eye","tag-statue","tag-thomy-yorke","tag-tribunal","tag-tribunal-de-commerce-de-paris","tag-unkle"],"acf":[],"geo":{"latitude":48.85569,"longitude":2.3469114,"description":"Paris, \u00cele-de-France, 75020, FR"},"jetpack_publicize_connections":[],"jetpack_featured_media_url":"https:\/\/www.wallendorff.com\/belogue\/wp-content\/uploads\/2016\/03\/20160325.jpg","jetpack_shortlink":"https:\/\/wp.me\/p3b35P-7Xr","jetpack_sharing_enabled":true,"jetpack-related-posts":[{"id":7547,"url":"https:\/\/www.wallendorff.com\/belogue\/2010\/05\/17\/unkle-lelysee-montmartre-paris\/","url_meta":{"origin":30593,"position":0},"title":"UNKLE @ l&rsquo;\u00c9lys\u00e9e-Montmartre, Paris.","author":"dpc","date":"17 mai 2010","format":false,"excerpt":"\u00a0Holy Fuck \u2013 Latin America","rel":"","context":"Dans &quot;Alive&quot;","block_context":{"text":"Alive","link":"https:\/\/www.wallendorff.com\/belogue\/category\/alive\/"},"img":{"alt_text":"","src":"https:\/\/i0.wp.com\/www.wallendorff.com\/belogue\/wp-content\/uploads\/2015\/04\/20100517-011.jpg?resize=350%2C200&ssl=1","width":350,"height":200,"srcset":"https:\/\/i0.wp.com\/www.wallendorff.com\/belogue\/wp-content\/uploads\/2015\/04\/20100517-011.jpg?resize=350%2C200&ssl=1 1x, https:\/\/i0.wp.com\/www.wallendorff.com\/belogue\/wp-content\/uploads\/2015\/04\/20100517-011.jpg?resize=525%2C300&ssl=1 1.5x, https:\/\/i0.wp.com\/www.wallendorff.com\/belogue\/wp-content\/uploads\/2015\/04\/20100517-011.jpg?resize=700%2C400&ssl=1 2x"},"classes":[]},{"id":14761,"url":"https:\/\/www.wallendorff.com\/belogue\/2011\/12\/14\/etoile-filee\/","url_meta":{"origin":30593,"position":1},"title":"\u00c9toile fil\u00e9e.","author":"dpc","date":"14 d\u00e9cembre 2011","format":false,"excerpt":"Place Charles-de-Gaulle, Paris, 12 octobre. UNKLE \u2013 Nursery Rhyme \/ Breather (feat. Badly Drawn Boy) [youtube]http:\/\/www.youtube.com\/watch?v=1TccqNSzskI[\/youtube]","rel":"","context":"Dans &quot;DPC&quot;","block_context":{"text":"DPC","link":"https:\/\/www.wallendorff.com\/belogue\/category\/dpc\/"},"img":{"alt_text":"","src":"https:\/\/i0.wp.com\/www.wallendorff.com\/belogue\/wp-content\/uploads\/2015\/04\/201112141.jpg?resize=350%2C200&ssl=1","width":350,"height":200,"srcset":"https:\/\/i0.wp.com\/www.wallendorff.com\/belogue\/wp-content\/uploads\/2015\/04\/201112141.jpg?resize=350%2C200&ssl=1 1x, https:\/\/i0.wp.com\/www.wallendorff.com\/belogue\/wp-content\/uploads\/2015\/04\/201112141.jpg?resize=525%2C300&ssl=1 1.5x, https:\/\/i0.wp.com\/www.wallendorff.com\/belogue\/wp-content\/uploads\/2015\/04\/201112141.jpg?resize=700%2C400&ssl=1 2x"},"classes":[]},{"id":17234,"url":"https:\/\/www.wallendorff.com\/belogue\/2012\/05\/08\/de-la-fuite-suite\/","url_meta":{"origin":30593,"position":2},"title":"De la fuite [suite].","author":"dpc","date":"8 mai 2012","format":false,"excerpt":"Rue Rollin, Paris, 29 mars. UNKLE \u2013 Lonely Soul (feat. Richard Ashcroft) [youtube]http:\/\/www.youtube.com\/watch?v=VkqQ0OZKhTs[\/youtube]","rel":"","context":"Dans &quot;DPC&quot;","block_context":{"text":"DPC","link":"https:\/\/www.wallendorff.com\/belogue\/category\/dpc\/"},"img":{"alt_text":"","src":"https:\/\/i0.wp.com\/www.wallendorff.com\/belogue\/wp-content\/uploads\/2015\/04\/201205081.jpg?resize=350%2C200&ssl=1","width":350,"height":200,"srcset":"https:\/\/i0.wp.com\/www.wallendorff.com\/belogue\/wp-content\/uploads\/2015\/04\/201205081.jpg?resize=350%2C200&ssl=1 1x, https:\/\/i0.wp.com\/www.wallendorff.com\/belogue\/wp-content\/uploads\/2015\/04\/201205081.jpg?resize=525%2C300&ssl=1 1.5x, https:\/\/i0.wp.com\/www.wallendorff.com\/belogue\/wp-content\/uploads\/2015\/04\/201205081.jpg?resize=700%2C400&ssl=1 2x"},"classes":[]},{"id":13150,"url":"https:\/\/www.wallendorff.com\/belogue\/2011\/08\/25\/h-o-w-d-o-y-o-u-f-e-e-l\/","url_meta":{"origin":30593,"position":3},"title":"H.o.w.d.o.y.o.u.f.e.e.l.","author":"dpc","date":"25 ao\u00fbt 2011","format":false,"excerpt":"Boulevard des Batignolles, Paris, 25 juillet. \u00a0UNKLE \u2013 Unreal","rel":"","context":"Dans &quot;DPC&quot;","block_context":{"text":"DPC","link":"https:\/\/www.wallendorff.com\/belogue\/category\/dpc\/"},"img":{"alt_text":"","src":"https:\/\/i0.wp.com\/www.wallendorff.com\/belogue\/wp-content\/uploads\/2015\/04\/201108251.jpg?resize=350%2C200&ssl=1","width":350,"height":200,"srcset":"https:\/\/i0.wp.com\/www.wallendorff.com\/belogue\/wp-content\/uploads\/2015\/04\/201108251.jpg?resize=350%2C200&ssl=1 1x, https:\/\/i0.wp.com\/www.wallendorff.com\/belogue\/wp-content\/uploads\/2015\/04\/201108251.jpg?resize=525%2C300&ssl=1 1.5x, https:\/\/i0.wp.com\/www.wallendorff.com\/belogue\/wp-content\/uploads\/2015\/04\/201108251.jpg?resize=700%2C400&ssl=1 2x"},"classes":[]},{"id":12301,"url":"https:\/\/www.wallendorff.com\/belogue\/2011\/02\/16\/when-you-went-down-the-men-came-calling\/","url_meta":{"origin":30593,"position":4},"title":"When you went down, the men came calling.","author":"dpc","date":"16 f\u00e9vrier 2011","format":false,"excerpt":"Station Madeleine, Paris, 16 janvier. \u00a0UNKLE \u2013 With You in My Head (feat. The Black Angels)","rel":"","context":"Dans &quot;DPC&quot;","block_context":{"text":"DPC","link":"https:\/\/www.wallendorff.com\/belogue\/category\/dpc\/"},"img":{"alt_text":"","src":"https:\/\/i0.wp.com\/www.wallendorff.com\/belogue\/wp-content\/uploads\/2015\/04\/201102161.jpg?resize=350%2C200&ssl=1","width":350,"height":200,"srcset":"https:\/\/i0.wp.com\/www.wallendorff.com\/belogue\/wp-content\/uploads\/2015\/04\/201102161.jpg?resize=350%2C200&ssl=1 1x, https:\/\/i0.wp.com\/www.wallendorff.com\/belogue\/wp-content\/uploads\/2015\/04\/201102161.jpg?resize=525%2C300&ssl=1 1.5x"},"classes":[]},{"id":16979,"url":"https:\/\/www.wallendorff.com\/belogue\/2012\/04\/20\/rabroue-qusavates-tanguerent\/","url_meta":{"origin":30593,"position":5},"title":"Rabroue qu&rsquo;savates tangu\u00e8rent.","author":"dpc","date":"20 avril 2012","format":false,"excerpt":"Cour d'Alsace-Lorraine, Paris, 2 mars. Grinderman \u2013 Worm Tamer (UNKLE remix) [youtube]http:\/\/www.youtube.com\/watch?v=NtUKaBMRT2w[\/youtube]","rel":"","context":"Dans &quot;DPC&quot;","block_context":{"text":"DPC","link":"https:\/\/www.wallendorff.com\/belogue\/category\/dpc\/"},"img":{"alt_text":"","src":"https:\/\/i0.wp.com\/www.wallendorff.com\/belogue\/wp-content\/uploads\/2015\/04\/201204201.jpg?resize=350%2C200&ssl=1","width":350,"height":200,"srcset":"https:\/\/i0.wp.com\/www.wallendorff.com\/belogue\/wp-content\/uploads\/2015\/04\/201204201.jpg?resize=350%2C200&ssl=1 1x, https:\/\/i0.wp.com\/www.wallendorff.com\/belogue\/wp-content\/uploads\/2015\/04\/201204201.jpg?resize=525%2C300&ssl=1 1.5x, https:\/\/i0.wp.com\/www.wallendorff.com\/belogue\/wp-content\/uploads\/2015\/04\/201204201.jpg?resize=700%2C400&ssl=1 2x"},"classes":[]}],"_links":{"self":[{"href":"https:\/\/www.wallendorff.com\/belogue\/wp-json\/wp\/v2\/posts\/30593","targetHints":{"allow":["GET"]}}],"collection":[{"href":"https:\/\/www.wallendorff.com\/belogue\/wp-json\/wp\/v2\/posts"}],"about":[{"href":"https:\/\/www.wallendorff.com\/belogue\/wp-json\/wp\/v2\/types\/post"}],"author":[{"embeddable":true,"href":"https:\/\/www.wallendorff.com\/belogue\/wp-json\/wp\/v2\/users\/1"}],"replies":[{"embeddable":true,"href":"https:\/\/www.wallendorff.com\/belogue\/wp-json\/wp\/v2\/comments?post=30593"}],"version-history":[{"count":1,"href":"https:\/\/www.wallendorff.com\/belogue\/wp-json\/wp\/v2\/posts\/30593\/revisions"}],"predecessor-version":[{"id":30595,"href":"https:\/\/www.wallendorff.com\/belogue\/wp-json\/wp\/v2\/posts\/30593\/revisions\/30595"}],"wp:featuredmedia":[{"embeddable":true,"href":"https:\/\/www.wallendorff.com\/belogue\/wp-json\/wp\/v2\/media\/30594"}],"wp:attachment":[{"href":"https:\/\/www.wallendorff.com\/belogue\/wp-json\/wp\/v2\/media?parent=30593"}],"wp:term":[{"taxonomy":"category","embeddable":true,"href":"https:\/\/www.wallendorff.com\/belogue\/wp-json\/wp\/v2\/categories?post=30593"},{"taxonomy":"post_tag","embeddable":true,"href":"https:\/\/www.wallendorff.com\/belogue\/wp-json\/wp\/v2\/tags?post=30593"}],"curies":[{"name":"wp","href":"https:\/\/api.w.org\/{rel}","templated":true}]}}