{"id":30562,"date":"2016-03-18T19:40:13","date_gmt":"2016-03-18T17:40:13","guid":{"rendered":"http:\/\/www.wallendorff.com\/belogue\/?p=30562"},"modified":"2016-03-18T19:40:13","modified_gmt":"2016-03-18T17:40:13","slug":"balinger-le-point-ephemere-paris","status":"publish","type":"post","link":"https:\/\/www.wallendorff.com\/belogue\/2016\/03\/18\/balinger-le-point-ephemere-paris\/","title":{"rendered":"Balinger @ le Point \u00c9ph\u00e9m\u00e8re, Paris."},"content":{"rendered":"<div id=\"photo\">\n<p><img decoding=\"async\" src=\"https:\/\/www.wallendorff.com\/belogue\/photo\/galeries\/2016\/03\/20160317-balinger\/20160318-22.jpg\"><\/p>\n<\/div>\n<div id='gallery-1' class='gallery galleryid-30562 gallery-columns-3 gallery-size-medium'><figure class='gallery-item'>\n\t\t\t<div class='gallery-icon landscape'>\n\t\t\t\t<a href='https:\/\/www.wallendorff.com\/belogue\/2016\/03\/18\/balinger-le-point-ephemere-paris\/balinger-le-point-ephemere-paris-17032016\/'><img fetchpriority=\"high\" decoding=\"async\" width=\"300\" height=\"200\" src=\"https:\/\/www.wallendorff.com\/belogue\/wp-content\/uploads\/2016\/03\/20160318-01-300x200.jpg\" class=\"attachment-medium size-medium\" alt=\"\" aria-describedby=\"gallery-1-30564\" srcset=\"https:\/\/www.wallendorff.com\/belogue\/wp-content\/uploads\/2016\/03\/20160318-01-300x200.jpg 300w, https:\/\/www.wallendorff.com\/belogue\/wp-content\/uploads\/2016\/03\/20160318-01-200x133.jpg 200w, https:\/\/www.wallendorff.com\/belogue\/wp-content\/uploads\/2016\/03\/20160318-01-525x350.jpg 525w, https:\/\/www.wallendorff.com\/belogue\/wp-content\/uploads\/2016\/03\/20160318-01-600x400.jpg 600w, https:\/\/www.wallendorff.com\/belogue\/wp-content\/uploads\/2016\/03\/20160318-01.jpg 820w\" sizes=\"(max-width: 300px) 100vw, 300px\" \/><\/a>\n\t\t\t<\/div>\n\t\t\t\t<figcaption class='wp-caption-text gallery-caption' id='gallery-1-30564'>\n\t\t\t\tBalinger @ le Point \u00c9ph\u00e9m\u00e8re, Paris, 17\/03\/2016\n\t\t\t\t<\/figcaption><\/figure><figure class='gallery-item'>\n\t\t\t<div class='gallery-icon landscape'>\n\t\t\t\t<a href='https:\/\/www.wallendorff.com\/belogue\/2016\/03\/18\/balinger-le-point-ephemere-paris\/balinger-le-point-ephemere-paris-17032016-2\/'><img decoding=\"async\" width=\"300\" height=\"200\" src=\"https:\/\/www.wallendorff.com\/belogue\/wp-content\/uploads\/2016\/03\/20160318-02-300x200.jpg\" class=\"attachment-medium size-medium\" alt=\"\" aria-describedby=\"gallery-1-30565\" srcset=\"https:\/\/www.wallendorff.com\/belogue\/wp-content\/uploads\/2016\/03\/20160318-02-300x200.jpg 300w, https:\/\/www.wallendorff.com\/belogue\/wp-content\/uploads\/2016\/03\/20160318-02-200x133.jpg 200w, https:\/\/www.wallendorff.com\/belogue\/wp-content\/uploads\/2016\/03\/20160318-02-525x350.jpg 525w, https:\/\/www.wallendorff.com\/belogue\/wp-content\/uploads\/2016\/03\/20160318-02-600x400.jpg 600w, https:\/\/www.wallendorff.com\/belogue\/wp-content\/uploads\/2016\/03\/20160318-02.jpg 820w\" sizes=\"(max-width: 300px) 100vw, 300px\" \/><\/a>\n\t\t\t<\/div>\n\t\t\t\t<figcaption class='wp-caption-text gallery-caption' id='gallery-1-30565'>\n\t\t\t\tBalinger @ le Point \u00c9ph\u00e9m\u00e8re, Paris, 17\/03\/2016\n\t\t\t\t<\/figcaption><\/figure><figure class='gallery-item'>\n\t\t\t<div class='gallery-icon landscape'>\n\t\t\t\t<a href='https:\/\/www.wallendorff.com\/belogue\/2016\/03\/18\/balinger-le-point-ephemere-paris\/balinger-le-point-ephemere-paris-17032016-3\/'><img decoding=\"async\" width=\"300\" height=\"200\" src=\"https:\/\/www.wallendorff.com\/belogue\/wp-content\/uploads\/2016\/03\/20160318-03-300x200.jpg\" class=\"attachment-medium size-medium\" alt=\"\" aria-describedby=\"gallery-1-30566\" srcset=\"https:\/\/www.wallendorff.com\/belogue\/wp-content\/uploads\/2016\/03\/20160318-03-300x200.jpg 300w, https:\/\/www.wallendorff.com\/belogue\/wp-content\/uploads\/2016\/03\/20160318-03-200x133.jpg 200w, https:\/\/www.wallendorff.com\/belogue\/wp-content\/uploads\/2016\/03\/20160318-03-525x350.jpg 525w, https:\/\/www.wallendorff.com\/belogue\/wp-content\/uploads\/2016\/03\/20160318-03-600x400.jpg 600w, https:\/\/www.wallendorff.com\/belogue\/wp-content\/uploads\/2016\/03\/20160318-03.jpg 820w\" sizes=\"(max-width: 300px) 100vw, 300px\" \/><\/a>\n\t\t\t<\/div>\n\t\t\t\t<figcaption class='wp-caption-text gallery-caption' id='gallery-1-30566'>\n\t\t\t\tBalinger @ le Point \u00c9ph\u00e9m\u00e8re, Paris, 17\/03\/2016\n\t\t\t\t<\/figcaption><\/figure><figure class='gallery-item'>\n\t\t\t<div class='gallery-icon landscape'>\n\t\t\t\t<a href='https:\/\/www.wallendorff.com\/belogue\/2016\/03\/18\/balinger-le-point-ephemere-paris\/balinger-le-point-ephemere-paris-17032016-4\/'><img loading=\"lazy\" decoding=\"async\" width=\"300\" height=\"200\" src=\"https:\/\/www.wallendorff.com\/belogue\/wp-content\/uploads\/2016\/03\/20160318-04-300x200.jpg\" class=\"attachment-medium size-medium\" alt=\"\" aria-describedby=\"gallery-1-30567\" srcset=\"https:\/\/www.wallendorff.com\/belogue\/wp-content\/uploads\/2016\/03\/20160318-04-300x200.jpg 300w, https:\/\/www.wallendorff.com\/belogue\/wp-content\/uploads\/2016\/03\/20160318-04-200x133.jpg 200w, https:\/\/www.wallendorff.com\/belogue\/wp-content\/uploads\/2016\/03\/20160318-04-525x350.jpg 525w, https:\/\/www.wallendorff.com\/belogue\/wp-content\/uploads\/2016\/03\/20160318-04-600x400.jpg 600w, https:\/\/www.wallendorff.com\/belogue\/wp-content\/uploads\/2016\/03\/20160318-04.jpg 820w\" sizes=\"(max-width: 300px) 100vw, 300px\" \/><\/a>\n\t\t\t<\/div>\n\t\t\t\t<figcaption class='wp-caption-text gallery-caption' id='gallery-1-30567'>\n\t\t\t\tBalinger @ le Point \u00c9ph\u00e9m\u00e8re, Paris, 17\/03\/2016\n\t\t\t\t<\/figcaption><\/figure><figure class='gallery-item'>\n\t\t\t<div class='gallery-icon landscape'>\n\t\t\t\t<a href='https:\/\/www.wallendorff.com\/belogue\/2016\/03\/18\/balinger-le-point-ephemere-paris\/balinger-le-point-ephemere-paris-17032016-5\/'><img loading=\"lazy\" decoding=\"async\" width=\"300\" height=\"200\" src=\"https:\/\/www.wallendorff.com\/belogue\/wp-content\/uploads\/2016\/03\/20160318-05-300x200.jpg\" class=\"attachment-medium size-medium\" alt=\"\" aria-describedby=\"gallery-1-30568\" srcset=\"https:\/\/www.wallendorff.com\/belogue\/wp-content\/uploads\/2016\/03\/20160318-05-300x200.jpg 300w, https:\/\/www.wallendorff.com\/belogue\/wp-content\/uploads\/2016\/03\/20160318-05-200x133.jpg 200w, https:\/\/www.wallendorff.com\/belogue\/wp-content\/uploads\/2016\/03\/20160318-05-525x350.jpg 525w, https:\/\/www.wallendorff.com\/belogue\/wp-content\/uploads\/2016\/03\/20160318-05-600x400.jpg 600w, https:\/\/www.wallendorff.com\/belogue\/wp-content\/uploads\/2016\/03\/20160318-05.jpg 820w\" sizes=\"(max-width: 300px) 100vw, 300px\" \/><\/a>\n\t\t\t<\/div>\n\t\t\t\t<figcaption class='wp-caption-text gallery-caption' id='gallery-1-30568'>\n\t\t\t\tBalinger @ le Point \u00c9ph\u00e9m\u00e8re, Paris, 17\/03\/2016\n\t\t\t\t<\/figcaption><\/figure><figure class='gallery-item'>\n\t\t\t<div class='gallery-icon landscape'>\n\t\t\t\t<a href='https:\/\/www.wallendorff.com\/belogue\/2016\/03\/18\/balinger-le-point-ephemere-paris\/balinger-le-point-ephemere-paris-17032016-6\/'><img loading=\"lazy\" decoding=\"async\" width=\"300\" height=\"200\" src=\"https:\/\/www.wallendorff.com\/belogue\/wp-content\/uploads\/2016\/03\/20160318-06-300x200.jpg\" class=\"attachment-medium size-medium\" alt=\"\" aria-describedby=\"gallery-1-30569\" srcset=\"https:\/\/www.wallendorff.com\/belogue\/wp-content\/uploads\/2016\/03\/20160318-06-300x200.jpg 300w, https:\/\/www.wallendorff.com\/belogue\/wp-content\/uploads\/2016\/03\/20160318-06-200x133.jpg 200w, https:\/\/www.wallendorff.com\/belogue\/wp-content\/uploads\/2016\/03\/20160318-06-525x350.jpg 525w, https:\/\/www.wallendorff.com\/belogue\/wp-content\/uploads\/2016\/03\/20160318-06-600x400.jpg 600w, https:\/\/www.wallendorff.com\/belogue\/wp-content\/uploads\/2016\/03\/20160318-06.jpg 820w\" sizes=\"(max-width: 300px) 100vw, 300px\" \/><\/a>\n\t\t\t<\/div>\n\t\t\t\t<figcaption class='wp-caption-text gallery-caption' id='gallery-1-30569'>\n\t\t\t\tBalinger @ le Point \u00c9ph\u00e9m\u00e8re, Paris, 17\/03\/2016\n\t\t\t\t<\/figcaption><\/figure><figure class='gallery-item'>\n\t\t\t<div class='gallery-icon portrait'>\n\t\t\t\t<a href='https:\/\/www.wallendorff.com\/belogue\/2016\/03\/18\/balinger-le-point-ephemere-paris\/balinger-le-point-ephemere-paris-17032016-7\/'><img loading=\"lazy\" decoding=\"async\" width=\"200\" height=\"300\" src=\"https:\/\/www.wallendorff.com\/belogue\/wp-content\/uploads\/2016\/03\/20160318-07-200x300.jpg\" class=\"attachment-medium size-medium\" alt=\"\" aria-describedby=\"gallery-1-30570\" srcset=\"https:\/\/www.wallendorff.com\/belogue\/wp-content\/uploads\/2016\/03\/20160318-07-200x300.jpg 200w, https:\/\/www.wallendorff.com\/belogue\/wp-content\/uploads\/2016\/03\/20160318-07-133x200.jpg 133w, https:\/\/www.wallendorff.com\/belogue\/wp-content\/uploads\/2016\/03\/20160318-07-233x350.jpg 233w, https:\/\/www.wallendorff.com\/belogue\/wp-content\/uploads\/2016\/03\/20160318-07.jpg 547w\" sizes=\"(max-width: 200px) 100vw, 200px\" \/><\/a>\n\t\t\t<\/div>\n\t\t\t\t<figcaption class='wp-caption-text gallery-caption' id='gallery-1-30570'>\n\t\t\t\tBalinger @ le Point \u00c9ph\u00e9m\u00e8re, Paris, 17\/03\/2016\n\t\t\t\t<\/figcaption><\/figure><figure class='gallery-item'>\n\t\t\t<div class='gallery-icon landscape'>\n\t\t\t\t<a href='https:\/\/www.wallendorff.com\/belogue\/2016\/03\/18\/balinger-le-point-ephemere-paris\/balinger-le-point-ephemere-paris-17032016-8\/'><img loading=\"lazy\" decoding=\"async\" width=\"300\" height=\"200\" src=\"https:\/\/www.wallendorff.com\/belogue\/wp-content\/uploads\/2016\/03\/20160318-08-300x200.jpg\" class=\"attachment-medium size-medium\" alt=\"\" aria-describedby=\"gallery-1-30571\" srcset=\"https:\/\/www.wallendorff.com\/belogue\/wp-content\/uploads\/2016\/03\/20160318-08-300x200.jpg 300w, https:\/\/www.wallendorff.com\/belogue\/wp-content\/uploads\/2016\/03\/20160318-08-200x133.jpg 200w, https:\/\/www.wallendorff.com\/belogue\/wp-content\/uploads\/2016\/03\/20160318-08-525x350.jpg 525w, https:\/\/www.wallendorff.com\/belogue\/wp-content\/uploads\/2016\/03\/20160318-08-600x400.jpg 600w, https:\/\/www.wallendorff.com\/belogue\/wp-content\/uploads\/2016\/03\/20160318-08.jpg 820w\" sizes=\"(max-width: 300px) 100vw, 300px\" \/><\/a>\n\t\t\t<\/div>\n\t\t\t\t<figcaption class='wp-caption-text gallery-caption' id='gallery-1-30571'>\n\t\t\t\tBalinger @ le Point \u00c9ph\u00e9m\u00e8re, Paris, 17\/03\/2016\n\t\t\t\t<\/figcaption><\/figure><figure class='gallery-item'>\n\t\t\t<div class='gallery-icon landscape'>\n\t\t\t\t<a href='https:\/\/www.wallendorff.com\/belogue\/2016\/03\/18\/balinger-le-point-ephemere-paris\/balinger-le-point-ephemere-paris-17032016-9\/'><img loading=\"lazy\" decoding=\"async\" width=\"300\" height=\"200\" src=\"https:\/\/www.wallendorff.com\/belogue\/wp-content\/uploads\/2016\/03\/20160318-09-300x200.jpg\" class=\"attachment-medium size-medium\" alt=\"\" aria-describedby=\"gallery-1-30572\" srcset=\"https:\/\/www.wallendorff.com\/belogue\/wp-content\/uploads\/2016\/03\/20160318-09-300x200.jpg 300w, https:\/\/www.wallendorff.com\/belogue\/wp-content\/uploads\/2016\/03\/20160318-09-200x133.jpg 200w, https:\/\/www.wallendorff.com\/belogue\/wp-content\/uploads\/2016\/03\/20160318-09-525x350.jpg 525w, https:\/\/www.wallendorff.com\/belogue\/wp-content\/uploads\/2016\/03\/20160318-09-600x400.jpg 600w, https:\/\/www.wallendorff.com\/belogue\/wp-content\/uploads\/2016\/03\/20160318-09.jpg 820w\" sizes=\"(max-width: 300px) 100vw, 300px\" \/><\/a>\n\t\t\t<\/div>\n\t\t\t\t<figcaption class='wp-caption-text gallery-caption' id='gallery-1-30572'>\n\t\t\t\tBalinger @ le Point \u00c9ph\u00e9m\u00e8re, Paris, 17\/03\/2016\n\t\t\t\t<\/figcaption><\/figure><figure class='gallery-item'>\n\t\t\t<div class='gallery-icon landscape'>\n\t\t\t\t<a href='https:\/\/www.wallendorff.com\/belogue\/2016\/03\/18\/balinger-le-point-ephemere-paris\/balinger-le-point-ephemere-paris-17032016-10\/'><img loading=\"lazy\" decoding=\"async\" width=\"300\" height=\"200\" src=\"https:\/\/www.wallendorff.com\/belogue\/wp-content\/uploads\/2016\/03\/20160318-10-300x200.jpg\" class=\"attachment-medium size-medium\" alt=\"\" aria-describedby=\"gallery-1-30573\" srcset=\"https:\/\/www.wallendorff.com\/belogue\/wp-content\/uploads\/2016\/03\/20160318-10-300x200.jpg 300w, https:\/\/www.wallendorff.com\/belogue\/wp-content\/uploads\/2016\/03\/20160318-10-200x133.jpg 200w, https:\/\/www.wallendorff.com\/belogue\/wp-content\/uploads\/2016\/03\/20160318-10-525x350.jpg 525w, https:\/\/www.wallendorff.com\/belogue\/wp-content\/uploads\/2016\/03\/20160318-10-600x400.jpg 600w, https:\/\/www.wallendorff.com\/belogue\/wp-content\/uploads\/2016\/03\/20160318-10.jpg 820w\" sizes=\"(max-width: 300px) 100vw, 300px\" \/><\/a>\n\t\t\t<\/div>\n\t\t\t\t<figcaption class='wp-caption-text gallery-caption' id='gallery-1-30573'>\n\t\t\t\tBalinger @ le Point \u00c9ph\u00e9m\u00e8re, Paris, 17\/03\/2016\n\t\t\t\t<\/figcaption><\/figure><figure class='gallery-item'>\n\t\t\t<div class='gallery-icon landscape'>\n\t\t\t\t<a href='https:\/\/www.wallendorff.com\/belogue\/2016\/03\/18\/balinger-le-point-ephemere-paris\/balinger-le-point-ephemere-paris-17032016-11\/'><img loading=\"lazy\" decoding=\"async\" width=\"300\" height=\"200\" src=\"https:\/\/www.wallendorff.com\/belogue\/wp-content\/uploads\/2016\/03\/20160318-11-300x200.jpg\" class=\"attachment-medium size-medium\" alt=\"\" aria-describedby=\"gallery-1-30574\" srcset=\"https:\/\/www.wallendorff.com\/belogue\/wp-content\/uploads\/2016\/03\/20160318-11-300x200.jpg 300w, https:\/\/www.wallendorff.com\/belogue\/wp-content\/uploads\/2016\/03\/20160318-11-200x133.jpg 200w, https:\/\/www.wallendorff.com\/belogue\/wp-content\/uploads\/2016\/03\/20160318-11-525x350.jpg 525w, https:\/\/www.wallendorff.com\/belogue\/wp-content\/uploads\/2016\/03\/20160318-11-600x400.jpg 600w, https:\/\/www.wallendorff.com\/belogue\/wp-content\/uploads\/2016\/03\/20160318-11.jpg 820w\" sizes=\"(max-width: 300px) 100vw, 300px\" \/><\/a>\n\t\t\t<\/div>\n\t\t\t\t<figcaption class='wp-caption-text gallery-caption' id='gallery-1-30574'>\n\t\t\t\tBalinger @ le Point \u00c9ph\u00e9m\u00e8re, Paris, 17\/03\/2016\n\t\t\t\t<\/figcaption><\/figure><figure class='gallery-item'>\n\t\t\t<div class='gallery-icon landscape'>\n\t\t\t\t<a href='https:\/\/www.wallendorff.com\/belogue\/2016\/03\/18\/balinger-le-point-ephemere-paris\/balinger-le-point-ephemere-paris-17032016-12\/'><img loading=\"lazy\" decoding=\"async\" width=\"300\" height=\"200\" src=\"https:\/\/www.wallendorff.com\/belogue\/wp-content\/uploads\/2016\/03\/20160318-12-300x200.jpg\" class=\"attachment-medium size-medium\" alt=\"\" aria-describedby=\"gallery-1-30575\" srcset=\"https:\/\/www.wallendorff.com\/belogue\/wp-content\/uploads\/2016\/03\/20160318-12-300x200.jpg 300w, https:\/\/www.wallendorff.com\/belogue\/wp-content\/uploads\/2016\/03\/20160318-12-200x133.jpg 200w, https:\/\/www.wallendorff.com\/belogue\/wp-content\/uploads\/2016\/03\/20160318-12-525x350.jpg 525w, https:\/\/www.wallendorff.com\/belogue\/wp-content\/uploads\/2016\/03\/20160318-12-600x400.jpg 600w, https:\/\/www.wallendorff.com\/belogue\/wp-content\/uploads\/2016\/03\/20160318-12.jpg 820w\" sizes=\"(max-width: 300px) 100vw, 300px\" \/><\/a>\n\t\t\t<\/div>\n\t\t\t\t<figcaption class='wp-caption-text gallery-caption' id='gallery-1-30575'>\n\t\t\t\tBalinger @ le Point \u00c9ph\u00e9m\u00e8re, Paris, 17\/03\/2016\n\t\t\t\t<\/figcaption><\/figure><figure class='gallery-item'>\n\t\t\t<div class='gallery-icon landscape'>\n\t\t\t\t<a href='https:\/\/www.wallendorff.com\/belogue\/2016\/03\/18\/balinger-le-point-ephemere-paris\/balinger-le-point-ephemere-paris-17032016-13\/'><img loading=\"lazy\" decoding=\"async\" width=\"300\" height=\"200\" src=\"https:\/\/www.wallendorff.com\/belogue\/wp-content\/uploads\/2016\/03\/20160318-13-300x200.jpg\" class=\"attachment-medium size-medium\" alt=\"\" aria-describedby=\"gallery-1-30576\" srcset=\"https:\/\/www.wallendorff.com\/belogue\/wp-content\/uploads\/2016\/03\/20160318-13-300x200.jpg 300w, https:\/\/www.wallendorff.com\/belogue\/wp-content\/uploads\/2016\/03\/20160318-13-200x133.jpg 200w, https:\/\/www.wallendorff.com\/belogue\/wp-content\/uploads\/2016\/03\/20160318-13-525x350.jpg 525w, https:\/\/www.wallendorff.com\/belogue\/wp-content\/uploads\/2016\/03\/20160318-13-600x400.jpg 600w, https:\/\/www.wallendorff.com\/belogue\/wp-content\/uploads\/2016\/03\/20160318-13.jpg 820w\" sizes=\"(max-width: 300px) 100vw, 300px\" \/><\/a>\n\t\t\t<\/div>\n\t\t\t\t<figcaption class='wp-caption-text gallery-caption' id='gallery-1-30576'>\n\t\t\t\tBalinger @ le Point \u00c9ph\u00e9m\u00e8re, Paris, 17\/03\/2016\n\t\t\t\t<\/figcaption><\/figure><figure class='gallery-item'>\n\t\t\t<div class='gallery-icon landscape'>\n\t\t\t\t<a href='https:\/\/www.wallendorff.com\/belogue\/2016\/03\/18\/balinger-le-point-ephemere-paris\/balinger-le-point-ephemere-paris-17032016-14\/'><img loading=\"lazy\" decoding=\"async\" width=\"300\" height=\"200\" src=\"https:\/\/www.wallendorff.com\/belogue\/wp-content\/uploads\/2016\/03\/20160318-14-300x200.jpg\" class=\"attachment-medium size-medium\" alt=\"\" aria-describedby=\"gallery-1-30577\" srcset=\"https:\/\/www.wallendorff.com\/belogue\/wp-content\/uploads\/2016\/03\/20160318-14-300x200.jpg 300w, https:\/\/www.wallendorff.com\/belogue\/wp-content\/uploads\/2016\/03\/20160318-14-200x133.jpg 200w, https:\/\/www.wallendorff.com\/belogue\/wp-content\/uploads\/2016\/03\/20160318-14-525x350.jpg 525w, https:\/\/www.wallendorff.com\/belogue\/wp-content\/uploads\/2016\/03\/20160318-14-600x400.jpg 600w, https:\/\/www.wallendorff.com\/belogue\/wp-content\/uploads\/2016\/03\/20160318-14.jpg 820w\" sizes=\"(max-width: 300px) 100vw, 300px\" \/><\/a>\n\t\t\t<\/div>\n\t\t\t\t<figcaption class='wp-caption-text gallery-caption' id='gallery-1-30577'>\n\t\t\t\tBalinger @ le Point \u00c9ph\u00e9m\u00e8re, Paris, 17\/03\/2016\n\t\t\t\t<\/figcaption><\/figure><figure class='gallery-item'>\n\t\t\t<div class='gallery-icon landscape'>\n\t\t\t\t<a href='https:\/\/www.wallendorff.com\/belogue\/2016\/03\/18\/balinger-le-point-ephemere-paris\/balinger-le-point-ephemere-paris-17032016-15\/'><img loading=\"lazy\" decoding=\"async\" width=\"300\" height=\"200\" src=\"https:\/\/www.wallendorff.com\/belogue\/wp-content\/uploads\/2016\/03\/20160318-15-300x200.jpg\" class=\"attachment-medium size-medium\" alt=\"\" aria-describedby=\"gallery-1-30578\" srcset=\"https:\/\/www.wallendorff.com\/belogue\/wp-content\/uploads\/2016\/03\/20160318-15-300x200.jpg 300w, https:\/\/www.wallendorff.com\/belogue\/wp-content\/uploads\/2016\/03\/20160318-15-200x133.jpg 200w, https:\/\/www.wallendorff.com\/belogue\/wp-content\/uploads\/2016\/03\/20160318-15-525x350.jpg 525w, https:\/\/www.wallendorff.com\/belogue\/wp-content\/uploads\/2016\/03\/20160318-15-600x400.jpg 600w, https:\/\/www.wallendorff.com\/belogue\/wp-content\/uploads\/2016\/03\/20160318-15.jpg 820w\" sizes=\"(max-width: 300px) 100vw, 300px\" \/><\/a>\n\t\t\t<\/div>\n\t\t\t\t<figcaption class='wp-caption-text gallery-caption' id='gallery-1-30578'>\n\t\t\t\tBalinger @ le Point \u00c9ph\u00e9m\u00e8re, Paris, 17\/03\/2016\n\t\t\t\t<\/figcaption><\/figure><figure class='gallery-item'>\n\t\t\t<div class='gallery-icon landscape'>\n\t\t\t\t<a href='https:\/\/www.wallendorff.com\/belogue\/2016\/03\/18\/balinger-le-point-ephemere-paris\/balinger-le-point-ephemere-paris-17032016-16\/'><img loading=\"lazy\" decoding=\"async\" width=\"300\" height=\"200\" src=\"https:\/\/www.wallendorff.com\/belogue\/wp-content\/uploads\/2016\/03\/20160318-16-300x200.jpg\" class=\"attachment-medium size-medium\" alt=\"\" aria-describedby=\"gallery-1-30579\" srcset=\"https:\/\/www.wallendorff.com\/belogue\/wp-content\/uploads\/2016\/03\/20160318-16-300x200.jpg 300w, https:\/\/www.wallendorff.com\/belogue\/wp-content\/uploads\/2016\/03\/20160318-16-200x133.jpg 200w, https:\/\/www.wallendorff.com\/belogue\/wp-content\/uploads\/2016\/03\/20160318-16-525x350.jpg 525w, https:\/\/www.wallendorff.com\/belogue\/wp-content\/uploads\/2016\/03\/20160318-16-600x400.jpg 600w, https:\/\/www.wallendorff.com\/belogue\/wp-content\/uploads\/2016\/03\/20160318-16.jpg 820w\" sizes=\"(max-width: 300px) 100vw, 300px\" \/><\/a>\n\t\t\t<\/div>\n\t\t\t\t<figcaption class='wp-caption-text gallery-caption' id='gallery-1-30579'>\n\t\t\t\tBalinger @ le Point \u00c9ph\u00e9m\u00e8re, Paris, 17\/03\/2016\n\t\t\t\t<\/figcaption><\/figure><figure class='gallery-item'>\n\t\t\t<div class='gallery-icon landscape'>\n\t\t\t\t<a href='https:\/\/www.wallendorff.com\/belogue\/2016\/03\/18\/balinger-le-point-ephemere-paris\/balinger-le-point-ephemere-paris-17032016-17\/'><img loading=\"lazy\" decoding=\"async\" width=\"300\" height=\"200\" src=\"https:\/\/www.wallendorff.com\/belogue\/wp-content\/uploads\/2016\/03\/20160318-17-300x200.jpg\" class=\"attachment-medium size-medium\" alt=\"\" aria-describedby=\"gallery-1-30580\" srcset=\"https:\/\/www.wallendorff.com\/belogue\/wp-content\/uploads\/2016\/03\/20160318-17-300x200.jpg 300w, https:\/\/www.wallendorff.com\/belogue\/wp-content\/uploads\/2016\/03\/20160318-17-200x133.jpg 200w, https:\/\/www.wallendorff.com\/belogue\/wp-content\/uploads\/2016\/03\/20160318-17-525x350.jpg 525w, https:\/\/www.wallendorff.com\/belogue\/wp-content\/uploads\/2016\/03\/20160318-17-600x400.jpg 600w, https:\/\/www.wallendorff.com\/belogue\/wp-content\/uploads\/2016\/03\/20160318-17.jpg 820w\" sizes=\"(max-width: 300px) 100vw, 300px\" \/><\/a>\n\t\t\t<\/div>\n\t\t\t\t<figcaption class='wp-caption-text gallery-caption' id='gallery-1-30580'>\n\t\t\t\tBalinger @ le Point \u00c9ph\u00e9m\u00e8re, Paris, 17\/03\/2016\n\t\t\t\t<\/figcaption><\/figure><figure class='gallery-item'>\n\t\t\t<div class='gallery-icon landscape'>\n\t\t\t\t<a href='https:\/\/www.wallendorff.com\/belogue\/2016\/03\/18\/balinger-le-point-ephemere-paris\/balinger-le-point-ephemere-paris-17032016-18\/'><img loading=\"lazy\" decoding=\"async\" width=\"300\" height=\"200\" src=\"https:\/\/www.wallendorff.com\/belogue\/wp-content\/uploads\/2016\/03\/20160318-18-300x200.jpg\" class=\"attachment-medium size-medium\" alt=\"\" aria-describedby=\"gallery-1-30581\" srcset=\"https:\/\/www.wallendorff.com\/belogue\/wp-content\/uploads\/2016\/03\/20160318-18-300x200.jpg 300w, https:\/\/www.wallendorff.com\/belogue\/wp-content\/uploads\/2016\/03\/20160318-18-200x133.jpg 200w, https:\/\/www.wallendorff.com\/belogue\/wp-content\/uploads\/2016\/03\/20160318-18-525x350.jpg 525w, https:\/\/www.wallendorff.com\/belogue\/wp-content\/uploads\/2016\/03\/20160318-18-600x400.jpg 600w, https:\/\/www.wallendorff.com\/belogue\/wp-content\/uploads\/2016\/03\/20160318-18.jpg 820w\" sizes=\"(max-width: 300px) 100vw, 300px\" \/><\/a>\n\t\t\t<\/div>\n\t\t\t\t<figcaption class='wp-caption-text gallery-caption' id='gallery-1-30581'>\n\t\t\t\tBalinger @ le Point \u00c9ph\u00e9m\u00e8re, Paris, 17\/03\/2016\n\t\t\t\t<\/figcaption><\/figure><figure class='gallery-item'>\n\t\t\t<div class='gallery-icon portrait'>\n\t\t\t\t<a href='https:\/\/www.wallendorff.com\/belogue\/2016\/03\/18\/balinger-le-point-ephemere-paris\/balinger-le-point-ephemere-paris-17032016-19\/'><img loading=\"lazy\" decoding=\"async\" width=\"200\" height=\"300\" src=\"https:\/\/www.wallendorff.com\/belogue\/wp-content\/uploads\/2016\/03\/20160318-19-200x300.jpg\" class=\"attachment-medium size-medium\" alt=\"\" aria-describedby=\"gallery-1-30582\" srcset=\"https:\/\/www.wallendorff.com\/belogue\/wp-content\/uploads\/2016\/03\/20160318-19-200x300.jpg 200w, https:\/\/www.wallendorff.com\/belogue\/wp-content\/uploads\/2016\/03\/20160318-19-133x200.jpg 133w, https:\/\/www.wallendorff.com\/belogue\/wp-content\/uploads\/2016\/03\/20160318-19-233x350.jpg 233w, https:\/\/www.wallendorff.com\/belogue\/wp-content\/uploads\/2016\/03\/20160318-19.jpg 547w\" sizes=\"(max-width: 200px) 100vw, 200px\" \/><\/a>\n\t\t\t<\/div>\n\t\t\t\t<figcaption class='wp-caption-text gallery-caption' id='gallery-1-30582'>\n\t\t\t\tBalinger @ le Point \u00c9ph\u00e9m\u00e8re, Paris, 17\/03\/2016\n\t\t\t\t<\/figcaption><\/figure><figure class='gallery-item'>\n\t\t\t<div class='gallery-icon landscape'>\n\t\t\t\t<a href='https:\/\/www.wallendorff.com\/belogue\/2016\/03\/18\/balinger-le-point-ephemere-paris\/balinger-le-point-ephemere-paris-17032016-20\/'><img loading=\"lazy\" decoding=\"async\" width=\"300\" height=\"200\" src=\"https:\/\/www.wallendorff.com\/belogue\/wp-content\/uploads\/2016\/03\/20160318-20-300x200.jpg\" class=\"attachment-medium size-medium\" alt=\"\" aria-describedby=\"gallery-1-30583\" srcset=\"https:\/\/www.wallendorff.com\/belogue\/wp-content\/uploads\/2016\/03\/20160318-20-300x200.jpg 300w, https:\/\/www.wallendorff.com\/belogue\/wp-content\/uploads\/2016\/03\/20160318-20-200x133.jpg 200w, https:\/\/www.wallendorff.com\/belogue\/wp-content\/uploads\/2016\/03\/20160318-20-525x350.jpg 525w, https:\/\/www.wallendorff.com\/belogue\/wp-content\/uploads\/2016\/03\/20160318-20-600x400.jpg 600w, https:\/\/www.wallendorff.com\/belogue\/wp-content\/uploads\/2016\/03\/20160318-20.jpg 820w\" sizes=\"(max-width: 300px) 100vw, 300px\" \/><\/a>\n\t\t\t<\/div>\n\t\t\t\t<figcaption class='wp-caption-text gallery-caption' id='gallery-1-30583'>\n\t\t\t\tBalinger @ le Point \u00c9ph\u00e9m\u00e8re, Paris, 17\/03\/2016\n\t\t\t\t<\/figcaption><\/figure><figure class='gallery-item'>\n\t\t\t<div class='gallery-icon landscape'>\n\t\t\t\t<a href='https:\/\/www.wallendorff.com\/belogue\/2016\/03\/18\/balinger-le-point-ephemere-paris\/balinger-le-point-ephemere-paris-17032016-21\/'><img loading=\"lazy\" decoding=\"async\" width=\"300\" height=\"200\" src=\"https:\/\/www.wallendorff.com\/belogue\/wp-content\/uploads\/2016\/03\/20160318-21-300x200.jpg\" class=\"attachment-medium size-medium\" alt=\"\" aria-describedby=\"gallery-1-30584\" srcset=\"https:\/\/www.wallendorff.com\/belogue\/wp-content\/uploads\/2016\/03\/20160318-21-300x200.jpg 300w, https:\/\/www.wallendorff.com\/belogue\/wp-content\/uploads\/2016\/03\/20160318-21-200x133.jpg 200w, https:\/\/www.wallendorff.com\/belogue\/wp-content\/uploads\/2016\/03\/20160318-21-525x350.jpg 525w, https:\/\/www.wallendorff.com\/belogue\/wp-content\/uploads\/2016\/03\/20160318-21-600x400.jpg 600w, https:\/\/www.wallendorff.com\/belogue\/wp-content\/uploads\/2016\/03\/20160318-21.jpg 820w\" sizes=\"(max-width: 300px) 100vw, 300px\" \/><\/a>\n\t\t\t<\/div>\n\t\t\t\t<figcaption class='wp-caption-text gallery-caption' id='gallery-1-30584'>\n\t\t\t\tBalinger @ le Point \u00c9ph\u00e9m\u00e8re, Paris, 17\/03\/2016\n\t\t\t\t<\/figcaption><\/figure><figure class='gallery-item'>\n\t\t\t<div class='gallery-icon landscape'>\n\t\t\t\t<a href='https:\/\/www.wallendorff.com\/belogue\/2016\/03\/18\/balinger-le-point-ephemere-paris\/balinger-le-point-ephemere-paris-17032016-22\/'><img loading=\"lazy\" decoding=\"async\" width=\"300\" height=\"200\" src=\"https:\/\/www.wallendorff.com\/belogue\/wp-content\/uploads\/2016\/03\/20160318-22-300x200.jpg\" class=\"attachment-medium size-medium\" alt=\"\" aria-describedby=\"gallery-1-30585\" srcset=\"https:\/\/www.wallendorff.com\/belogue\/wp-content\/uploads\/2016\/03\/20160318-22-300x200.jpg 300w, https:\/\/www.wallendorff.com\/belogue\/wp-content\/uploads\/2016\/03\/20160318-22-200x133.jpg 200w, https:\/\/www.wallendorff.com\/belogue\/wp-content\/uploads\/2016\/03\/20160318-22-525x350.jpg 525w, https:\/\/www.wallendorff.com\/belogue\/wp-content\/uploads\/2016\/03\/20160318-22-600x400.jpg 600w, https:\/\/www.wallendorff.com\/belogue\/wp-content\/uploads\/2016\/03\/20160318-22.jpg 820w\" sizes=\"(max-width: 300px) 100vw, 300px\" \/><\/a>\n\t\t\t<\/div>\n\t\t\t\t<figcaption class='wp-caption-text gallery-caption' id='gallery-1-30585'>\n\t\t\t\tBalinger @ le Point \u00c9ph\u00e9m\u00e8re, Paris, 17\/03\/2016\n\t\t\t\t<\/figcaption><\/figure>\n\t\t<\/div>\n\n","protected":false},"excerpt":{"rendered":"Balinger @ le Point \u00c9ph\u00e9m\u00e8re, Paris, 17\/03\/2016 Balinger @ le Point \u00c9ph\u00e9m\u00e8re, Paris, 17\/03\/2016 Balinger @ le Point \u00c9ph\u00e9m\u00e8re, Paris, 17\/03\/2016 Balinger @ le Point \u00c9ph\u00e9m\u00e8re, Paris, 17\/03\/2016 Balinger @ le Point \u00c9ph\u00e9m\u00e8re, Paris, 17\/03\/2016 Balinger @ le Point \u00c9ph\u00e9m\u00e8re, Paris, 17\/03\/2016 Balinger @ le Point \u00c9ph\u00e9m\u00e8re, Paris, 17\/03\/2016 Balinger @ le Point \u00c9ph\u00e9m\u00e8re, Paris,&hellip;","protected":false},"author":1,"featured_media":30587,"comment_status":"open","ping_status":"open","sticky":false,"template":"","format":"standard","meta":{"_acf_changed":false,"ngg_post_thumbnail":0,"jetpack_post_was_ever_published":false,"_jetpack_newsletter_access":"","_jetpack_dont_email_post_to_subs":false,"_jetpack_newsletter_tier_id":0,"_jetpack_memberships_contains_paywalled_content":false,"_jetpack_memberships_contains_paid_content":false,"footnotes":"","jetpack_publicize_message":"","jetpack_publicize_feature_enabled":true,"jetpack_social_post_already_shared":true,"jetpack_social_options":{"image_generator_settings":{"template":"highway","default_image_id":0,"font":"","enabled":false},"version":2}},"categories":[7],"tags":[12813,10267,10084,12459,8170,8351,10120,10121,10302,10098,10357,8243],"class_list":["post-30562","post","type-post","status-publish","format-standard","has-post-thumbnail","hentry","category-alive","tag-12813","tag-10267","tag-alive","tag-balinger","tag-ef-24-70-mm-f2-8l-ii-usm","tag-eos-6d","tag-france","tag-ile-de-france","tag-le-point-ephemere","tag-paris","tag-quai-de-valmy","tag-sigma-15-mm-f2-8-ex-dg-diagonal-fish-eye"],"acf":[],"geo":{"latitude":48.8815308,"longitude":2.3685622,"description":"Quai de Valmy, 75010 Paris, France"},"jetpack_publicize_connections":[],"jetpack_featured_media_url":"https:\/\/www.wallendorff.com\/belogue\/wp-content\/uploads\/2016\/03\/20160318-22-1.jpg","jetpack_shortlink":"https:\/\/wp.me\/p3b35P-7WW","jetpack_sharing_enabled":true,"jetpack-related-posts":[{"id":23866,"url":"https:\/\/www.wallendorff.com\/belogue\/2015\/02\/19\/balinger-3somesisters-la-fleche-dor-paris-16-fevrier\/","url_meta":{"origin":30562,"position":0},"title":"Balinger + 3sOmEsiStERs @ la Fl\u00e8che d&rsquo;Or, Paris, 16 f\u00e9vrier.","author":"dpc","date":"19 f\u00e9vrier 2015","format":false,"excerpt":"3sOmEsiStERs Balinger \u00a0","rel":"","context":"Dans &quot;Alive&quot;","block_context":{"text":"Alive","link":"https:\/\/www.wallendorff.com\/belogue\/category\/alive\/"},"img":{"alt_text":"","src":"https:\/\/i0.wp.com\/www.wallendorff.com\/belogue\/wp-content\/uploads\/2015\/04\/201502201.jpg?resize=350%2C200&ssl=1","width":350,"height":200,"srcset":"https:\/\/i0.wp.com\/www.wallendorff.com\/belogue\/wp-content\/uploads\/2015\/04\/201502201.jpg?resize=350%2C200&ssl=1 1x, https:\/\/i0.wp.com\/www.wallendorff.com\/belogue\/wp-content\/uploads\/2015\/04\/201502201.jpg?resize=525%2C300&ssl=1 1.5x, https:\/\/i0.wp.com\/www.wallendorff.com\/belogue\/wp-content\/uploads\/2015\/04\/201502201.jpg?resize=700%2C400&ssl=1 2x"},"classes":[]},{"id":20405,"url":"https:\/\/www.wallendorff.com\/belogue\/2013\/02\/08\/metz-le-point-ephemere-paris\/","url_meta":{"origin":30562,"position":1},"title":"METZ @ le Point \u00c9ph\u00e9m\u00e8re, Paris.","author":"dpc","date":"8 f\u00e9vrier 2013","format":false,"excerpt":"Ces gens sont fous. Headache METZ \u00a0","rel":"","context":"Dans &quot;Alive&quot;","block_context":{"text":"Alive","link":"https:\/\/www.wallendorff.com\/belogue\/category\/alive\/"},"img":{"alt_text":"","src":"https:\/\/i0.wp.com\/www.wallendorff.com\/belogue\/wp-content\/uploads\/2015\/04\/20130208.jpg?resize=350%2C200&ssl=1","width":350,"height":200,"srcset":"https:\/\/i0.wp.com\/www.wallendorff.com\/belogue\/wp-content\/uploads\/2015\/04\/20130208.jpg?resize=350%2C200&ssl=1 1x, https:\/\/i0.wp.com\/www.wallendorff.com\/belogue\/wp-content\/uploads\/2015\/04\/20130208.jpg?resize=525%2C300&ssl=1 1.5x, https:\/\/i0.wp.com\/www.wallendorff.com\/belogue\/wp-content\/uploads\/2015\/04\/20130208.jpg?resize=700%2C400&ssl=1 2x"},"classes":[]},{"id":23580,"url":"https:\/\/www.wallendorff.com\/belogue\/2014\/11\/21\/white-lung-le-point-ephemere-paris\/","url_meta":{"origin":30562,"position":2},"title":"White Lung @ le Point \u00c9ph\u00e9m\u00e8re, Paris.","author":"dpc","date":"21 novembre 2014","format":false,"excerpt":"Lucky One White Lung \u00a0","rel":"","context":"Dans &quot;Alive&quot;","block_context":{"text":"Alive","link":"https:\/\/www.wallendorff.com\/belogue\/category\/alive\/"},"img":{"alt_text":"","src":"https:\/\/i0.wp.com\/www.wallendorff.com\/belogue\/wp-content\/uploads\/2015\/04\/201411211.jpg?resize=350%2C200&ssl=1","width":350,"height":200,"srcset":"https:\/\/i0.wp.com\/www.wallendorff.com\/belogue\/wp-content\/uploads\/2015\/04\/201411211.jpg?resize=350%2C200&ssl=1 1x, https:\/\/i0.wp.com\/www.wallendorff.com\/belogue\/wp-content\/uploads\/2015\/04\/201411211.jpg?resize=525%2C300&ssl=1 1.5x, https:\/\/i0.wp.com\/www.wallendorff.com\/belogue\/wp-content\/uploads\/2015\/04\/201411211.jpg?resize=700%2C400&ssl=1 2x"},"classes":[]},{"id":20635,"url":"https:\/\/www.wallendorff.com\/belogue\/2013\/03\/17\/the-men-le-point-ephemere-paris-14-mars\/","url_meta":{"origin":30562,"position":3},"title":"The Men @ le Point \u00c9ph\u00e9m\u00e8re, Paris, 14 mars.","author":"dpc","date":"17 mars 2013","format":false,"excerpt":"ElectricThe Men \u00a0","rel":"","context":"Dans &quot;Alive&quot;","block_context":{"text":"Alive","link":"https:\/\/www.wallendorff.com\/belogue\/category\/alive\/"},"img":{"alt_text":"","src":"https:\/\/i0.wp.com\/www.wallendorff.com\/belogue\/wp-content\/uploads\/2015\/04\/20130317.jpg?resize=350%2C200&ssl=1","width":350,"height":200,"srcset":"https:\/\/i0.wp.com\/www.wallendorff.com\/belogue\/wp-content\/uploads\/2015\/04\/20130317.jpg?resize=350%2C200&ssl=1 1x, https:\/\/i0.wp.com\/www.wallendorff.com\/belogue\/wp-content\/uploads\/2015\/04\/20130317.jpg?resize=525%2C300&ssl=1 1.5x, https:\/\/i0.wp.com\/www.wallendorff.com\/belogue\/wp-content\/uploads\/2015\/04\/20130317.jpg?resize=700%2C400&ssl=1 2x"},"classes":[]},{"id":20470,"url":"https:\/\/www.wallendorff.com\/belogue\/2013\/02\/18\/indians-le-point-ephemere-paris-13-fevrier\/","url_meta":{"origin":30562,"position":4},"title":"Indians @ le Point \u00c9ph\u00e9m\u00e8re, Paris, 13 f\u00e9vrier.","author":"dpc","date":"18 f\u00e9vrier 2013","format":false,"excerpt":"New | Bird | Magic Kids | I'm Haunted | Cakelakers | Reality Sublime | Lips Lips Lips | This Moment CakelakersIndians \u00a0","rel":"","context":"Dans &quot;Alive&quot;","block_context":{"text":"Alive","link":"https:\/\/www.wallendorff.com\/belogue\/category\/alive\/"},"img":{"alt_text":"","src":"https:\/\/i0.wp.com\/www.wallendorff.com\/belogue\/wp-content\/uploads\/2015\/04\/20130218.jpg?resize=350%2C200&ssl=1","width":350,"height":200,"srcset":"https:\/\/i0.wp.com\/www.wallendorff.com\/belogue\/wp-content\/uploads\/2015\/04\/20130218.jpg?resize=350%2C200&ssl=1 1x, https:\/\/i0.wp.com\/www.wallendorff.com\/belogue\/wp-content\/uploads\/2015\/04\/20130218.jpg?resize=525%2C300&ssl=1 1.5x, https:\/\/i0.wp.com\/www.wallendorff.com\/belogue\/wp-content\/uploads\/2015\/04\/20130218.jpg?resize=700%2C400&ssl=1 2x"},"classes":[]},{"id":53648,"url":"https:\/\/www.wallendorff.com\/belogue\/2022\/11\/21\/warhaus-le-point-ephemere-paris-18-novembre-2022\/","url_meta":{"origin":30562,"position":5},"title":"Warhaus @ le Point \u00c9ph\u00e9m\u00e8re, Paris, 18 novembre 2022.","author":"dpc","date":"21 novembre 2022","format":false,"excerpt":"","rel":"","context":"Dans &quot;Alive&quot;","block_context":{"text":"Alive","link":"https:\/\/www.wallendorff.com\/belogue\/category\/alive\/"},"img":{"alt_text":"","src":"https:\/\/i0.wp.com\/www.wallendorff.com\/belogue\/wp-content\/uploads\/2022\/11\/20221121-01.jpg?resize=350%2C200&ssl=1","width":350,"height":200,"srcset":"https:\/\/i0.wp.com\/www.wallendorff.com\/belogue\/wp-content\/uploads\/2022\/11\/20221121-01.jpg?resize=350%2C200&ssl=1 1x, https:\/\/i0.wp.com\/www.wallendorff.com\/belogue\/wp-content\/uploads\/2022\/11\/20221121-01.jpg?resize=525%2C300&ssl=1 1.5x, https:\/\/i0.wp.com\/www.wallendorff.com\/belogue\/wp-content\/uploads\/2022\/11\/20221121-01.jpg?resize=700%2C400&ssl=1 2x, https:\/\/i0.wp.com\/www.wallendorff.com\/belogue\/wp-content\/uploads\/2022\/11\/20221121-01.jpg?resize=1050%2C600&ssl=1 3x"},"classes":[]}],"_links":{"self":[{"href":"https:\/\/www.wallendorff.com\/belogue\/wp-json\/wp\/v2\/posts\/30562","targetHints":{"allow":["GET"]}}],"collection":[{"href":"https:\/\/www.wallendorff.com\/belogue\/wp-json\/wp\/v2\/posts"}],"about":[{"href":"https:\/\/www.wallendorff.com\/belogue\/wp-json\/wp\/v2\/types\/post"}],"author":[{"embeddable":true,"href":"https:\/\/www.wallendorff.com\/belogue\/wp-json\/wp\/v2\/users\/1"}],"replies":[{"embeddable":true,"href":"https:\/\/www.wallendorff.com\/belogue\/wp-json\/wp\/v2\/comments?post=30562"}],"version-history":[{"count":2,"href":"https:\/\/www.wallendorff.com\/belogue\/wp-json\/wp\/v2\/posts\/30562\/revisions"}],"predecessor-version":[{"id":30586,"href":"https:\/\/www.wallendorff.com\/belogue\/wp-json\/wp\/v2\/posts\/30562\/revisions\/30586"}],"wp:featuredmedia":[{"embeddable":true,"href":"https:\/\/www.wallendorff.com\/belogue\/wp-json\/wp\/v2\/media\/30587"}],"wp:attachment":[{"href":"https:\/\/www.wallendorff.com\/belogue\/wp-json\/wp\/v2\/media?parent=30562"}],"wp:term":[{"taxonomy":"category","embeddable":true,"href":"https:\/\/www.wallendorff.com\/belogue\/wp-json\/wp\/v2\/categories?post=30562"},{"taxonomy":"post_tag","embeddable":true,"href":"https:\/\/www.wallendorff.com\/belogue\/wp-json\/wp\/v2\/tags?post=30562"}],"curies":[{"name":"wp","href":"https:\/\/api.w.org\/{rel}","templated":true}]}}