{"id":305,"date":"2005-07-28T09:43:55","date_gmt":"2005-07-28T09:43:55","guid":{"rendered":"http:\/\/www.po-l.com\/wordpress\/?p=305"},"modified":"2012-06-07T10:07:13","modified_gmt":"2012-06-07T08:07:13","slug":"accords-et-a-grille","status":"publish","type":"post","link":"https:\/\/www.wallendorff.com\/belogue\/2005\/07\/28\/accords-et-a-grille\/","title":{"rendered":"Accords et &agrave; grille&sup1;."},"content":{"rendered":"<div id=\"photo\">\n<p><img decoding=\"async\" src=\"http:\/\/www.po-L.com\/belogue\/photo\/2005\/07\/20050728.jpg\" \/><br \/>\nCh&acirc;teau d&rsquo;Amboise, 17 juillet.<\/p>\n<\/div>\n<p>Puisque tout va bien, autant se mettre une bande-son qui &eacute;gaye le matin.<\/p>\n<p style=\"text-align:right\">&quot;<em>Tell a tale drink an ale<br \/>\nA bottle of white wine<br \/>\nTell a tale drink an ale<br \/>\nWe all got the time<\/em>&quot;<\/p>\n<div id=\"bandeson\">\n<p><img decoding=\"async\" src=\"https:\/\/www.wallendorff.com\/belogue\/photo\/pochettes\/p\/papas_fritas-pop_has_freed_us.jpg\" align=\"left\" \/>&nbsp;<a href=\"http:\/\/www.papasfritas.com\/\">Papas Fritas<\/a> &mdash; <em>Let&rsquo;s Go Down to the Town Oasis<\/em><\/p>\n<\/p><\/div>\n<p>_____<\/p>\n<div id=\"bas_note\">\n<p><sup>1<\/sup> Double jeu de mot parce que &ccedil;a fait aussi accord et <em>agree<\/em>. Wahou.<\/p>\n<\/div>\n","protected":false},"excerpt":{"rendered":"<p>Ch&acirc;teau d&rsquo;Amboise, 17 juillet. Puisque tout va bien, autant se mettre une bande-son qui &eacute;gaye le matin. &quot;Tell a tale drink an ale A bottle of white wine Tell a tale drink an ale We all got the time&quot; &nbsp;Papas Fritas &mdash; Let&rsquo;s Go Down to the Town Oasis _____ 1 Double jeu de mot&hellip;<\/p>\n","protected":false},"author":1,"featured_media":24245,"comment_status":"open","ping_status":"open","sticky":false,"template":"","format":"standard","meta":{"_acf_changed":false,"ngg_post_thumbnail":0,"jetpack_post_was_ever_published":false,"_jetpack_newsletter_access":"","_jetpack_dont_email_post_to_subs":false,"_jetpack_newsletter_tier_id":0,"_jetpack_memberships_contains_paywalled_content":false,"_jetpack_memberships_contains_paid_content":false,"footnotes":"","jetpack_publicize_message":"","jetpack_publicize_feature_enabled":true,"jetpack_social_post_already_shared":false,"jetpack_social_options":{"image_generator_settings":{"template":"highway","default_image_id":0,"font":"","enabled":false},"version":2}},"categories":[3],"tags":[1157,155,132,10304,10633,1158,10120,10306,1162,1163,10305],"class_list":["post-305","post","type-post","status-publish","format-standard","has-post-thumbnail","hentry","category-dpc","tag-amboise","tag-ef-s-18-55-mm-f35-56-ii","tag-eos-20d","tag-centre","tag-chateau","tag-chateau-damboise","tag-france","tag-indre-et-loire","tag-lets-go-down-to-the-town-oasis","tag-papas-fritas","tag-porte"],"acf":[],"geo":{"latitude":47.4128265,"longitude":0.9854329,"description":null},"jetpack_publicize_connections":[],"jetpack_featured_media_url":"https:\/\/www.wallendorff.com\/belogue\/wp-content\/uploads\/2015\/04\/200507281.jpg","jetpack_shortlink":"https:\/\/wp.me\/p3b35P-4V","jetpack_sharing_enabled":true,"jetpack-related-posts":[{"id":72,"url":"https:\/\/www.wallendorff.com\/belogue\/2005\/09\/07\/rhizome-n-p-louse\/","url_meta":{"origin":305,"position":0},"title":"Rhizome n&rsquo;P&rsquo;louse.","author":"dpc","date":"7 septembre 2005","format":false,"excerpt":"Ch\u00e2teau d'Amboise, 17 juillet. En recopiant sa photo, notre ami le photographe fac\u00e9tieux a volontairement dissimul\u00e9 le rhizome dont traite le titre de cette note. Sauras-tu le d\u00e9couvrir1\u00a0? [Pour \u00e9gayer ta r\u00e9flexion, tu peux \u00e9couter la badine bande-son ci-dessous et en profiter pour apprendre \u00e0 siffloter comme un authentique trappeur\u2026","rel":"","context":"Dans &quot;DPC&quot;","block_context":{"text":"DPC","link":"https:\/\/www.wallendorff.com\/belogue\/category\/dpc\/"},"img":{"alt_text":"","src":"https:\/\/i0.wp.com\/www.wallendorff.com\/belogue\/wp-content\/uploads\/2015\/04\/200509071.jpg?resize=350%2C200&ssl=1","width":350,"height":200},"classes":[]},{"id":306,"url":"https:\/\/www.wallendorff.com\/belogue\/2005\/07\/27\/floor-delices\/","url_meta":{"origin":305,"position":1},"title":"Floor d&eacute;lices.","author":"dpc","date":"27 juillet 2005","format":false,"excerpt":"Ch\u00e2teau d'Amboise, 17 juillet. La bande-son du bel\u00f6gue change de forme [et les bordures des images aussi, mais \u00e7a c'est moins important]. \u00c0 partir de maintenant, vous pouvez l'\u00e9couter que si vous le voulez. Si vous voulez pas, il suffit de pas cliquer, et hop, rien ne se passe. C'est\u2026","rel":"","context":"Dans &quot;DPC&quot;","block_context":{"text":"DPC","link":"https:\/\/www.wallendorff.com\/belogue\/category\/dpc\/"},"img":{"alt_text":"","src":"https:\/\/i0.wp.com\/www.wallendorff.com\/belogue\/wp-content\/uploads\/2015\/04\/200507271.jpg?resize=350%2C200&ssl=1","width":350,"height":200},"classes":[]},{"id":307,"url":"https:\/\/www.wallendorff.com\/belogue\/2005\/07\/26\/aux-hauts-hauts-geolie-poupee\/","url_meta":{"origin":305,"position":2},"title":"Aux hauts hauts, ge&ocirc;lie&sup1; poup&eacute;e.","author":"dpc","date":"26 juillet 2005","format":false,"excerpt":"Ch\u00e2teau d'Amboise, 17 juillet. [S\u00fbrement doit couper.] [C'est chouette, de s'arr\u00eater devant une fen\u00eatre, de trouver sa lumi\u00e8re jolie, de ne pas savoir qu'en faire, d'y passer 5 minutes et de voir d\u00e9bouler d'on ne sait o\u00f9 une gamine qui vient, qui voit et qui s'en va en laissant \u00e0\u2026","rel":"","context":"Dans &quot;DPC&quot;","block_context":{"text":"DPC","link":"https:\/\/www.wallendorff.com\/belogue\/category\/dpc\/"},"img":{"alt_text":"","src":"https:\/\/i0.wp.com\/www.wallendorff.com\/belogue\/wp-content\/uploads\/2015\/04\/200507261.jpg?resize=350%2C200&ssl=1","width":350,"height":200},"classes":[]},{"id":124628,"url":"https:\/\/www.wallendorff.com\/belogue\/2023\/06\/05\/into-the-wide-279\/","url_meta":{"origin":305,"position":3},"title":"Into the wide #279.","author":"dpc","date":"5 juin 2023","format":false,"excerpt":"Pas la meilleure de la s\u00e9rie, d'accord, mais fichtre ! Elle a un ch\u00e2teau ET un arc-en-ciel. Ch\u00e2teau de la Roche-d'Al\u00e8s, Marray, 1er avril 2023.","rel":"","context":"Dans &quot;Into the wide&quot;","block_context":{"text":"Into the wide","link":"https:\/\/www.wallendorff.com\/belogue\/category\/into-the-wide\/"},"img":{"alt_text":"","src":"https:\/\/i0.wp.com\/www.wallendorff.com\/belogue\/wp-content\/uploads\/2023\/06\/20230605-03.jpg?resize=350%2C200&ssl=1","width":350,"height":200,"srcset":"https:\/\/i0.wp.com\/www.wallendorff.com\/belogue\/wp-content\/uploads\/2023\/06\/20230605-03.jpg?resize=350%2C200&ssl=1 1x, https:\/\/i0.wp.com\/www.wallendorff.com\/belogue\/wp-content\/uploads\/2023\/06\/20230605-03.jpg?resize=525%2C300&ssl=1 1.5x, https:\/\/i0.wp.com\/www.wallendorff.com\/belogue\/wp-content\/uploads\/2023\/06\/20230605-03.jpg?resize=700%2C400&ssl=1 2x, https:\/\/i0.wp.com\/www.wallendorff.com\/belogue\/wp-content\/uploads\/2023\/06\/20230605-03.jpg?resize=1050%2C600&ssl=1 3x"},"classes":[]},{"id":135110,"url":"https:\/\/www.wallendorff.com\/belogue\/2026\/01\/26\/czesc-warszawa\/","url_meta":{"origin":305,"position":4},"title":"Cze\u015b\u0107 Warszawa [I].","author":"dpc","date":"26 janvier 2026","format":false,"excerpt":"","rel":"","context":"Dans &quot;DPC&quot;","block_context":{"text":"DPC","link":"https:\/\/www.wallendorff.com\/belogue\/category\/dpc\/"},"img":{"alt_text":"","src":"https:\/\/i0.wp.com\/www.wallendorff.com\/belogue\/wp-content\/uploads\/2026\/01\/20260126-09.jpg?resize=350%2C200&ssl=1","width":350,"height":200,"srcset":"https:\/\/i0.wp.com\/www.wallendorff.com\/belogue\/wp-content\/uploads\/2026\/01\/20260126-09.jpg?resize=350%2C200&ssl=1 1x, https:\/\/i0.wp.com\/www.wallendorff.com\/belogue\/wp-content\/uploads\/2026\/01\/20260126-09.jpg?resize=525%2C300&ssl=1 1.5x, https:\/\/i0.wp.com\/www.wallendorff.com\/belogue\/wp-content\/uploads\/2026\/01\/20260126-09.jpg?resize=700%2C400&ssl=1 2x"},"classes":[]},{"id":132345,"url":"https:\/\/www.wallendorff.com\/belogue\/2025\/05\/19\/csa-budapest-iii\/","url_meta":{"origin":305,"position":5},"title":"Cs\u00e1 Budapest [III].","author":"dpc","date":"19 mai 2025","format":false,"excerpt":"Budapest, 23 et 24 f\u00e9vrier 2025.","rel":"","context":"Dans &quot;DPC&quot;","block_context":{"text":"DPC","link":"https:\/\/www.wallendorff.com\/belogue\/category\/dpc\/"},"img":{"alt_text":"","src":"https:\/\/i0.wp.com\/www.wallendorff.com\/belogue\/wp-content\/uploads\/2025\/05\/20250519-18.jpg?resize=350%2C200&ssl=1","width":350,"height":200,"srcset":"https:\/\/i0.wp.com\/www.wallendorff.com\/belogue\/wp-content\/uploads\/2025\/05\/20250519-18.jpg?resize=350%2C200&ssl=1 1x, https:\/\/i0.wp.com\/www.wallendorff.com\/belogue\/wp-content\/uploads\/2025\/05\/20250519-18.jpg?resize=525%2C300&ssl=1 1.5x, https:\/\/i0.wp.com\/www.wallendorff.com\/belogue\/wp-content\/uploads\/2025\/05\/20250519-18.jpg?resize=700%2C400&ssl=1 2x, https:\/\/i0.wp.com\/www.wallendorff.com\/belogue\/wp-content\/uploads\/2025\/05\/20250519-18.jpg?resize=1050%2C600&ssl=1 3x"},"classes":[]}],"_links":{"self":[{"href":"https:\/\/www.wallendorff.com\/belogue\/wp-json\/wp\/v2\/posts\/305","targetHints":{"allow":["GET"]}}],"collection":[{"href":"https:\/\/www.wallendorff.com\/belogue\/wp-json\/wp\/v2\/posts"}],"about":[{"href":"https:\/\/www.wallendorff.com\/belogue\/wp-json\/wp\/v2\/types\/post"}],"author":[{"embeddable":true,"href":"https:\/\/www.wallendorff.com\/belogue\/wp-json\/wp\/v2\/users\/1"}],"replies":[{"embeddable":true,"href":"https:\/\/www.wallendorff.com\/belogue\/wp-json\/wp\/v2\/comments?post=305"}],"version-history":[{"count":1,"href":"https:\/\/www.wallendorff.com\/belogue\/wp-json\/wp\/v2\/posts\/305\/revisions"}],"predecessor-version":[{"id":17624,"href":"https:\/\/www.wallendorff.com\/belogue\/wp-json\/wp\/v2\/posts\/305\/revisions\/17624"}],"wp:featuredmedia":[{"embeddable":true,"href":"https:\/\/www.wallendorff.com\/belogue\/wp-json\/wp\/v2\/media\/24245"}],"wp:attachment":[{"href":"https:\/\/www.wallendorff.com\/belogue\/wp-json\/wp\/v2\/media?parent=305"}],"wp:term":[{"taxonomy":"category","embeddable":true,"href":"https:\/\/www.wallendorff.com\/belogue\/wp-json\/wp\/v2\/categories?post=305"},{"taxonomy":"post_tag","embeddable":true,"href":"https:\/\/www.wallendorff.com\/belogue\/wp-json\/wp\/v2\/tags?post=305"}],"curies":[{"name":"wp","href":"https:\/\/api.w.org\/{rel}","templated":true}]}}