{"id":303,"date":"2005-07-30T00:02:26","date_gmt":"2005-07-30T00:02:26","guid":{"rendered":"http:\/\/www.po-l.com\/wordpress\/?p=303"},"modified":"2012-06-11T09:22:34","modified_gmt":"2012-06-11T07:22:34","slug":"charpente-savonneuse","status":"publish","type":"post","link":"https:\/\/www.wallendorff.com\/belogue\/2005\/07\/30\/charpente-savonneuse\/","title":{"rendered":"Charpente savonneuse."},"content":{"rendered":"<div id=\"photo\">\n<p><img decoding=\"async\" src=\"http:\/\/www.po-L.com\/belogue\/photo\/2005\/07\/20050730.jpg\"><br \/>\n    Mus&eacute;e d&rsquo;Orsay, Paris, 20 juillet.<\/p>\n<\/div>\n<p style=\"text-align:center\">(merde c&rsquo;&eacute;tait l&rsquo;anniversaire de mon cousin)<\/p>\n<p style=\"text-align:center\">(ah non, c&rsquo;est en ao&ucirc;t, l&rsquo;anniversaire du cousin. Fausse alerte.)<\/p>\n<p>Nous dirons qu&rsquo;au vu de mon grammage actuel, pas si &eacute;lev&eacute; que &ccedil;a mais all&egrave;grement assaisonn&eacute; &agrave; grands coups de fatigue inh&eacute;rente &agrave; un rallye p&eacute;destre parisien et un retour ferr&eacute; vers ma Moselle <strike>natale<\/strike> ch&eacute;rie accompagn&eacute; d&rsquo;<a href=\"http:\/\/www.20six.fr\/sppc\">un joyeux drille aux pieds odorif&egrave;res amateur de U2<\/a> en direction d&rsquo;un mariage qui a lieu demain et que putain, bordel, tu te maries d&eacute;j&agrave;, gros&nbsp;??? et surtout, d&rsquo;une consommation quelque peu excessive de Chardonnay (donc pas cher) (puisqu&rsquo;il est donn&eacute;) (ah, ah, ah), qu&rsquo;en fait, le jeu de mot de ce titre, il est logique je le trouve super-toll, que m&ecirc;me Fr&eacute;mion n&rsquo;aurait pas trouv&eacute; mieux.<\/p>\n<p style=\"text-align:right\">Ou bien.<\/p>\n<p>Vous pouvez d&eacute;poser les cachets d&rsquo;aspirine ici. Merci d&rsquo;avance.<\/p>\n<div id=\"bandeson\">\n<p><strong>Bande-son<\/strong>&nbsp;: Les autres gros. <\/p>\n<\/div>\n","protected":false},"excerpt":{"rendered":"<p>Mus&eacute;e d&rsquo;Orsay, Paris, 20 juillet. (merde c&rsquo;&eacute;tait l&rsquo;anniversaire de mon cousin) (ah non, c&rsquo;est en ao&ucirc;t, l&rsquo;anniversaire du cousin. Fausse alerte.) Nous dirons qu&rsquo;au vu de mon grammage actuel, pas si &eacute;lev&eacute; que &ccedil;a mais all&egrave;grement assaisonn&eacute; &agrave; grands coups de fatigue inh&eacute;rente &agrave; un rallye p&eacute;destre parisien et un retour ferr&eacute; vers ma Moselle&hellip;<\/p>\n","protected":false},"author":1,"featured_media":24243,"comment_status":"open","ping_status":"open","sticky":false,"template":"","format":"standard","meta":{"_acf_changed":false,"ngg_post_thumbnail":0,"jetpack_post_was_ever_published":false,"_jetpack_newsletter_access":"","_jetpack_dont_email_post_to_subs":false,"_jetpack_newsletter_tier_id":0,"_jetpack_memberships_contains_paywalled_content":false,"_jetpack_memberships_contains_paid_content":false,"footnotes":"","jetpack_publicize_message":"","jetpack_publicize_feature_enabled":true,"jetpack_social_post_already_shared":false,"jetpack_social_options":{"image_generator_settings":{"template":"highway","default_image_id":0,"font":"","enabled":false},"version":2}},"categories":[3],"tags":[10235,157,132,10120,1165,10121,10308,10232,1164,10098,10262],"class_list":["post-303","post","type-post","status-publish","format-standard","has-post-thumbnail","hentry","category-dpc","tag-10235","tag-ef-50-mm-f18-ii","tag-eos-20d","tag-france","tag-galerie-des-machines","tag-ile-de-france","tag-maquette","tag-musee","tag-musee-dorsay","tag-paris","tag-reflet"],"acf":[],"geo":{"latitude":48.8595848,"longitude":2.3271704,"description":null},"jetpack_publicize_connections":[],"jetpack_featured_media_url":"https:\/\/www.wallendorff.com\/belogue\/wp-content\/uploads\/2015\/04\/200507301.jpg","jetpack_shortlink":"https:\/\/wp.me\/p3b35P-4T","jetpack_sharing_enabled":true,"jetpack-related-posts":[{"id":3557,"url":"https:\/\/www.wallendorff.com\/belogue\/2008\/11\/05\/shooting-people-38\/","url_meta":{"origin":303,"position":0},"title":"Shooting people #38.","author":"dpc","date":"5 novembre 2008","format":false,"excerpt":"Mus\u00e9e d'Orsay, Paris, 6 octobre. Ryan Adams \u2013 Wonderwall (Oasis cover) Je n'aurais jamais pens\u00e9 qu'un jour je me ferais annoncer le r\u00e9sultat de l'\u00e9lection pr\u00e9sidentielle ricaine le matin au r\u00e9veil par un chanteur de Nada Surf bourr\u00e9 \u00e0 la bi\u00e8re. [Je vous aurais bien mis le MP3 qui va\u2026","rel":"","context":"Dans &quot;Portraits&quot;","block_context":{"text":"Portraits","link":"https:\/\/www.wallendorff.com\/belogue\/category\/portraits\/"},"img":{"alt_text":"","src":"https:\/\/i0.wp.com\/www.wallendorff.com\/belogue\/wp-content\/uploads\/2015\/04\/200811051.jpg?resize=350%2C200&ssl=1","width":350,"height":200},"classes":[]},{"id":302,"url":"https:\/\/www.wallendorff.com\/belogue\/2005\/08\/01\/temps-passe-et-des-m-ailleurs\/","url_meta":{"origin":303,"position":1},"title":"Temps passe et des m&rsquo;ailleurs.","author":"dpc","date":"1 ao\u00fbt 2005","format":false,"excerpt":"Mus\u00e9e d'Orsay, Paris, 20 juillet. \u00c0 force de tourner, squatter, voyager, partir, revenir, passer, laisser, [re]trouver, d\u00e9coller et arriver, On finit par se demander o\u00f9 l'on sera le mieux. Ou \u00e0 parfaitement conna\u00eetre la r\u00e9ponse de cette question. Ce qui est, apr\u00e8s ces deux ann\u00e9es d'a\u00e9roports, d'autoroutes et de gares,\u2026","rel":"","context":"Dans &quot;DPC&quot;","block_context":{"text":"DPC","link":"https:\/\/www.wallendorff.com\/belogue\/category\/dpc\/"},"img":{"alt_text":"","src":"https:\/\/i0.wp.com\/www.wallendorff.com\/belogue\/wp-content\/uploads\/2015\/04\/200508011.jpg?resize=350%2C200&ssl=1","width":350,"height":200,"srcset":"https:\/\/i0.wp.com\/www.wallendorff.com\/belogue\/wp-content\/uploads\/2015\/04\/200508011.jpg?resize=350%2C200&ssl=1 1x, https:\/\/i0.wp.com\/www.wallendorff.com\/belogue\/wp-content\/uploads\/2015\/04\/200508011.jpg?resize=525%2C300&ssl=1 1.5x"},"classes":[]},{"id":3573,"url":"https:\/\/www.wallendorff.com\/belogue\/2008\/11\/11\/i-tried-to-walk-with-god-with-no-avail\/","url_meta":{"origin":303,"position":2},"title":"I tried to talk with God to no avail.","author":"dpc","date":"11 novembre 2008","format":false,"excerpt":"Mus\u00e9e d'Orsay, Paris, 8 octobre. Oasis \u2013 Falling Down","rel":"","context":"Dans &quot;DPC&quot;","block_context":{"text":"DPC","link":"https:\/\/www.wallendorff.com\/belogue\/category\/dpc\/"},"img":{"alt_text":"","src":"https:\/\/i0.wp.com\/www.wallendorff.com\/belogue\/photo\/pochettes\/o\/oasis-dig_out_your_soul.jpg?resize=350%2C200","width":350,"height":200},"classes":[]},{"id":131806,"url":"https:\/\/www.wallendorff.com\/belogue\/2025\/02\/20\/jerigeai-reitre-et-sis-laigre-os\/","url_meta":{"origin":303,"position":3},"title":"J&rsquo;\u00e9rigeai re\u00eetre et sis l&rsquo;aigre os.","author":"dpc","date":"20 f\u00e9vrier 2025","format":false,"excerpt":"Mus\u00e9e de l'Homme, Paris, 12 octobre 2024.","rel":"","context":"Dans &quot;DPC&quot;","block_context":{"text":"DPC","link":"https:\/\/www.wallendorff.com\/belogue\/category\/dpc\/"},"img":{"alt_text":"","src":"https:\/\/i0.wp.com\/www.wallendorff.com\/belogue\/wp-content\/uploads\/2025\/02\/20250220.jpg?resize=350%2C200&ssl=1","width":350,"height":200,"srcset":"https:\/\/i0.wp.com\/www.wallendorff.com\/belogue\/wp-content\/uploads\/2025\/02\/20250220.jpg?resize=350%2C200&ssl=1 1x, https:\/\/i0.wp.com\/www.wallendorff.com\/belogue\/wp-content\/uploads\/2025\/02\/20250220.jpg?resize=525%2C300&ssl=1 1.5x, https:\/\/i0.wp.com\/www.wallendorff.com\/belogue\/wp-content\/uploads\/2025\/02\/20250220.jpg?resize=700%2C400&ssl=1 2x"},"classes":[]},{"id":1239,"url":"https:\/\/www.wallendorff.com\/belogue\/2008\/05\/30\/t-amre-la-butte\/","url_meta":{"origin":303,"position":4},"title":"T&rsquo;am\u00e8re la butte.","author":"dpc","date":"30 mai 2008","format":false,"excerpt":"Rue Cortot, Paris, 12 avril. Ah oui sinon, Nigel Tufnel est toujours vivant et fid\u00e8le \u00e0 lui-m\u00eame. [Et de mon c\u00f4t\u00e9 je squatte chez les Mademoiselle K mais je dis \u00e7a seulement parce que c'est rare qu'on me polaro\u00efde, pas par pur \u00e9gocentrisme \u00e9hont\u00e9.] \u00a0Low \u2013 Point of Disgust","rel":"","context":"Dans &quot;DPC&quot;","block_context":{"text":"DPC","link":"https:\/\/www.wallendorff.com\/belogue\/category\/dpc\/"},"img":{"alt_text":"","src":"https:\/\/i0.wp.com\/www.wallendorff.com\/belogue\/wp-content\/uploads\/2015\/04\/200805301.jpg?resize=350%2C200&ssl=1","width":350,"height":200},"classes":[]},{"id":21552,"url":"https:\/\/www.wallendorff.com\/belogue\/2013\/09\/06\/into-the-wide-17\/","url_meta":{"origin":303,"position":5},"title":"Into the wide #17.","author":"dpc","date":"6 septembre 2013","format":false,"excerpt":"Mus\u00e9e Carnavalet, Paris, 21 juillet. Carnavalet est mon mus\u00e9e pr\u00e9f\u00e9r\u00e9 de Paris. Ce n'est ni le plus grand, ni le plus grandiose, mais le plus \u00e0 part. Carnavalet est mon mus\u00e9e pr\u00e9f\u00e9r\u00e9 de Paris parce que l'on y trouve tout un bric-\u00e0-brac organis\u00e9 par p\u00e9riodes et r\u00e9cup\u00e9r\u00e9 au fur et\u2026","rel":"","context":"Dans &quot;Into the wide&quot;","block_context":{"text":"Into the wide","link":"https:\/\/www.wallendorff.com\/belogue\/category\/into-the-wide\/"},"img":{"alt_text":"","src":"https:\/\/i0.wp.com\/www.wallendorff.com\/belogue\/wp-content\/uploads\/2015\/04\/201309061.jpg?resize=350%2C200&ssl=1","width":350,"height":200,"srcset":"https:\/\/i0.wp.com\/www.wallendorff.com\/belogue\/wp-content\/uploads\/2015\/04\/201309061.jpg?resize=350%2C200&ssl=1 1x, https:\/\/i0.wp.com\/www.wallendorff.com\/belogue\/wp-content\/uploads\/2015\/04\/201309061.jpg?resize=525%2C300&ssl=1 1.5x, https:\/\/i0.wp.com\/www.wallendorff.com\/belogue\/wp-content\/uploads\/2015\/04\/201309061.jpg?resize=700%2C400&ssl=1 2x"},"classes":[]}],"_links":{"self":[{"href":"https:\/\/www.wallendorff.com\/belogue\/wp-json\/wp\/v2\/posts\/303","targetHints":{"allow":["GET"]}}],"collection":[{"href":"https:\/\/www.wallendorff.com\/belogue\/wp-json\/wp\/v2\/posts"}],"about":[{"href":"https:\/\/www.wallendorff.com\/belogue\/wp-json\/wp\/v2\/types\/post"}],"author":[{"embeddable":true,"href":"https:\/\/www.wallendorff.com\/belogue\/wp-json\/wp\/v2\/users\/1"}],"replies":[{"embeddable":true,"href":"https:\/\/www.wallendorff.com\/belogue\/wp-json\/wp\/v2\/comments?post=303"}],"version-history":[{"count":2,"href":"https:\/\/www.wallendorff.com\/belogue\/wp-json\/wp\/v2\/posts\/303\/revisions"}],"predecessor-version":[{"id":17656,"href":"https:\/\/www.wallendorff.com\/belogue\/wp-json\/wp\/v2\/posts\/303\/revisions\/17656"}],"wp:featuredmedia":[{"embeddable":true,"href":"https:\/\/www.wallendorff.com\/belogue\/wp-json\/wp\/v2\/media\/24243"}],"wp:attachment":[{"href":"https:\/\/www.wallendorff.com\/belogue\/wp-json\/wp\/v2\/media?parent=303"}],"wp:term":[{"taxonomy":"category","embeddable":true,"href":"https:\/\/www.wallendorff.com\/belogue\/wp-json\/wp\/v2\/categories?post=303"},{"taxonomy":"post_tag","embeddable":true,"href":"https:\/\/www.wallendorff.com\/belogue\/wp-json\/wp\/v2\/tags?post=303"}],"curies":[{"name":"wp","href":"https:\/\/api.w.org\/{rel}","templated":true}]}}