{"id":30256,"date":"2016-02-17T15:36:14","date_gmt":"2016-02-17T13:36:14","guid":{"rendered":"http:\/\/www.wallendorff.com\/belogue\/?p=30256"},"modified":"2018-05-23T08:05:12","modified_gmt":"2018-05-23T06:05:12","slug":"704-et-demi","status":"publish","type":"post","link":"https:\/\/www.wallendorff.com\/belogue\/2016\/02\/17\/704-et-demi\/","title":{"rendered":"704 et demi."},"content":{"rendered":"<div id=\"photo\">\n<p><img decoding=\"async\" src=\"https:\/\/www.wallendorff.com\/belogue\/photo\/2016\/02\/20160217.jpg\"><\/p>\n<\/div>\n<p class=\"petit\" style=\"text-align:center\">Cet article fait suite \u00e0 <a href=\"https:\/\/www.wallendorff.com\/belogue\/2015\/11\/16\/704\/\"><em>704<\/em><\/a>, publi\u00e9 le 16 novembre dernier.<\/p>\n<p>On ne m&rsquo;a pas accr&eacute;dit&eacute;, comme la premi&egrave;re fois. C&rsquo;est gr&acirc;ce &agrave; <a href=\"http:\/\/www.sebhouis.com\">lui<\/a> et gr&acirc;ce  &agrave; <a href=\"http:\/\/tiphanierose.com\">elle<\/a> que j&rsquo;ai pu avoir une place<sup>1<\/sup>, comme la premi&egrave;re fois. Puis il m&rsquo;a dit qu&rsquo;il  ne pourrait venir qu&rsquo;&agrave; 21&nbsp;h, comme la premi&egrave;re fois. J&rsquo;y ai vu un signe&nbsp;:  cette soir&eacute;e doit recommencer de la m&ecirc;me mani&egrave;re et s&rsquo;achever autrement.<\/p>\n<p>Cette po&eacute;tique th&eacute;orie se casse la gueule d&egrave;s notre entr&eacute;e dans l&rsquo;Olympia. Nous  n&rsquo;arrivons pas au milieu du concert, comme la premi&egrave;re fois. Le groupe a 35&nbsp;min  de retard. Les lumi&egrave;res s&rsquo;&eacute;teignent &agrave; notre entr&eacute;e, comme si l&rsquo;on n&rsquo;attendait  plus que nous. Une clameur incroyable s&rsquo;&eacute;l&egrave;ve dans la salle et couvre la sono  qui joue Dutronc. <em>Il est cinq heures, Paris s&rsquo;&eacute;veille<\/em>. Paris se  r&eacute;veille, oui. Paris hurle une ovation comme je n&rsquo;en avais v&eacute;cue depuis  longtemps. Un public fou, subitement lib&eacute;r&eacute;, qui applaudit chaque  mot, allonge le moindre refrain sur des minutes enti&egrave;res (<em>Got a Woman<\/em>), se secoue comme si c&rsquo;&eacute;tait la derni&egrave;re fois, slame  sans rel&acirc;che et d&eacute;montre une fois de plus qu&rsquo;on ne se sent jamais si vivant que  lorsqu&rsquo;on a fr&ocirc;l&eacute; la mort.<\/p>\n<p>Le groupe rayonne mais reste sobre, n&rsquo;ajoutant presque rien &agrave; sa coutumi&egrave;re  grandiloquence et &eacute;vitant soigneusement de tomber dans le pathos. &Agrave; peine Jesse Hughes &eacute;voque-t-il  les &eacute;v&egrave;nements, s&rsquo;en tenant &agrave; quelques allusions, &agrave; une guitare tricolore, &agrave; un  T-shirt de circonstances ou &agrave; cette poign&eacute;e de secondes de silence pendant <em>I  Only Want You<\/em> pour &laquo;&nbsp;se souvenir&nbsp;&raquo;. Pas la peine d&rsquo;en faire plus. Nous tous  qui sommes l&agrave;, public, artistes et pros, y &eacute;tions d&eacute;j&agrave;&nbsp;; nous tous qui sommes l&agrave;  avons en t&ecirc;te les visages de ceux qui n&rsquo;y sont pas, de ceux qui n&rsquo;y sont plus, de  ceux dont la vie sera &agrave; jamais boulevers&eacute;e. Il suffit de croiser le regard pour se comprendre mutuellement. Les mots sont inutiles. J&rsquo;en vois quelques-uns pleurer, d&rsquo;autres sourire, d&rsquo;autres se serrer tr&egrave;s fort. Une communion. Un rassemblement. Une  c&eacute;l&eacute;bration. Exactement ce qu&rsquo;il nous fallait.<\/p>\n<p>Ces aspects mis &agrave; part, et si l&rsquo;on fait abstraction de la s&eacute;curit&eacute; renforc&eacute;e autour de l&rsquo;Olympia,  ce fut un concert d&rsquo;Eagles of Death Metal normal. Celui que nous aurions d&ucirc;  avoir le 13 novembre dernier. Celui qui n&rsquo;aurait pas d&ucirc; finir atrocement. Je suis venu ce soir pour boucler une boucle, faire un dernier tour en arri&egrave;re avant de repartir de plus belle vers l&rsquo;avant. En m&eacute;canique spatiale, on appelle &ccedil;a l&rsquo;<a href=\"https:\/\/fr.wikipedia.org\/wiki\/Assistance_gravitationnelle\">assistance  gravitationnelle<\/a>. L&rsquo;image n&rsquo;est pas tr&egrave;s s&eacute;duisante, mais je n&rsquo;en vois pas de  meilleure.<\/p>\n<p>PS&nbsp;: J&rsquo;ai pu prendre cette photo gr&acirc;ce au Sony RX100 IV de Seb Houis, avec lequel il m&rsquo;a gentiment laiss&eacute;  jouer hier soir. Quel rus&eacute; petit engin (pas Seb Houis&nbsp;; le RX100). Mille  gr&acirc;ces lui soient rendues (pas au RX100&nbsp;; &agrave; Seb Houis).<\/p>\n<div id=\"bas_note\">\n<p>_____ <\/p>\n<p>1. &laquo;&nbsp;Toutes les personnes pr&eacute;sentes au Bataclan seront invit&eacute;es &agrave; l&rsquo;Olympia&nbsp;&raquo;.  Mes fesses, oui.<\/p>\n<\/p><\/div>\n","protected":false},"excerpt":{"rendered":"<p>Cet article fait suite \u00e0 704, publi\u00e9 le 16 novembre dernier. On ne m&rsquo;a pas accr&eacute;dit&eacute;, comme la premi&egrave;re fois. C&rsquo;est gr&acirc;ce &agrave; lui et gr&acirc;ce &agrave; elle que j&rsquo;ai pu avoir une place1, comme la premi&egrave;re fois. Puis il m&rsquo;a dit qu&rsquo;il ne pourrait venir qu&rsquo;&agrave; 21&nbsp;h, comme la premi&egrave;re fois. J&rsquo;y ai vu&hellip;<\/p>\n","protected":false},"author":1,"featured_media":30258,"comment_status":"open","ping_status":"open","sticky":false,"template":"","format":"standard","meta":{"_acf_changed":false,"ngg_post_thumbnail":0,"jetpack_post_was_ever_published":false,"_jetpack_newsletter_access":"","_jetpack_dont_email_post_to_subs":false,"_jetpack_newsletter_tier_id":0,"_jetpack_memberships_contains_paywalled_content":false,"_jetpack_memberships_contains_paid_content":false,"footnotes":"","jetpack_publicize_message":"","jetpack_publicize_feature_enabled":true,"jetpack_social_post_already_shared":true,"jetpack_social_options":{"image_generator_settings":{"template":"highway","default_image_id":0,"font":"","enabled":false},"version":2}},"categories":[7],"tags":[12712,12813,10223,10084,12420,10509,10120,10121,10434,10098,12844],"class_list":["post-30256","post","type-post","status-publish","format-standard","has-post-thumbnail","hentry","category-alive","tag-13-novembre","tag-12813","tag-10223","tag-alive","tag-boulevard-des-capucines","tag-eagles-of-death-metal","tag-france","tag-ile-de-france","tag-lolympia","tag-paris","tag-sony-rx100-iv"],"acf":[],"geo":{"latitude":48.8703232,"longitude":2.3282957,"description":"2-16 Rue de Caumartin, 75009 Paris, France"},"jetpack_publicize_connections":[],"jetpack_featured_media_url":"https:\/\/www.wallendorff.com\/belogue\/wp-content\/uploads\/2016\/02\/20160217.jpg","jetpack_shortlink":"https:\/\/wp.me\/p3b35P-7S0","jetpack_sharing_enabled":true,"jetpack-related-posts":[{"id":29876,"url":"https:\/\/www.wallendorff.com\/belogue\/2015\/12\/28\/2015-en-10-concerts-qui-envoyrent\/","url_meta":{"origin":30256,"position":0},"title":"2015 en 10 concerts qui envoy&egrave;rent.","author":"dpc","date":"28 d\u00e9cembre 2015","format":false,"excerpt":"\u00c9videmment, le meilleur concert de mon ann\u00e9e 2015 ne sera pas celui dont je me souviendrai le plus. Exactement comme en 2009. Ce n'est toutefois pas une raison pour ne pas faire comme si. Cette soir\u00e9e au Z\u00e9nith fut incroyable. Il y eut la prestation impeccable du groupe, bien s\u00fbr,\u2026","rel":"","context":"Dans &quot;DPC&quot;","block_context":{"text":"DPC","link":"https:\/\/www.wallendorff.com\/belogue\/category\/dpc\/"},"img":{"alt_text":"","src":"https:\/\/i0.wp.com\/www.wallendorff.com\/belogue\/wp-content\/uploads\/2015\/12\/20151228.jpg?resize=350%2C200&ssl=1","width":350,"height":200,"srcset":"https:\/\/i0.wp.com\/www.wallendorff.com\/belogue\/wp-content\/uploads\/2015\/12\/20151228.jpg?resize=350%2C200&ssl=1 1x, https:\/\/i0.wp.com\/www.wallendorff.com\/belogue\/wp-content\/uploads\/2015\/12\/20151228.jpg?resize=525%2C300&ssl=1 1.5x, https:\/\/i0.wp.com\/www.wallendorff.com\/belogue\/wp-content\/uploads\/2015\/12\/20151228.jpg?resize=700%2C400&ssl=1 2x"},"classes":[]},{"id":134358,"url":"https:\/\/www.wallendorff.com\/belogue\/2025\/11\/13\/encyclies\/","url_meta":{"origin":30256,"position":1},"title":"Encyclies.","author":"dpc","date":"13 novembre 2025","format":false,"excerpt":"Paris, 2015 \u2013 2024. Encyclies. Des ronds dans l\u2019eau. Ces millions d\u2019ondes de r\u00e9percussion qu'ont provoqu\u00e9 nos vies lanc\u00e9es \u00e0 pleine vitesse dans le marais du drame. Des ondes qui en ont cr\u00e9\u00e9 d\u2019autres, qui encore aujourd\u2019hui se croisent, se percutent, se conjuguent.Voil\u00e0 10 ans que les pierres de nos\u2026","rel":"","context":"Dans &quot;DPC&quot;","block_context":{"text":"DPC","link":"https:\/\/www.wallendorff.com\/belogue\/category\/dpc\/"},"img":{"alt_text":"","src":"https:\/\/i0.wp.com\/www.wallendorff.com\/belogue\/wp-content\/uploads\/2025\/11\/20251113-05.jpg?resize=350%2C200&ssl=1","width":350,"height":200,"srcset":"https:\/\/i0.wp.com\/www.wallendorff.com\/belogue\/wp-content\/uploads\/2025\/11\/20251113-05.jpg?resize=350%2C200&ssl=1 1x, https:\/\/i0.wp.com\/www.wallendorff.com\/belogue\/wp-content\/uploads\/2025\/11\/20251113-05.jpg?resize=525%2C300&ssl=1 1.5x, https:\/\/i0.wp.com\/www.wallendorff.com\/belogue\/wp-content\/uploads\/2025\/11\/20251113-05.jpg?resize=700%2C400&ssl=1 2x, https:\/\/i0.wp.com\/www.wallendorff.com\/belogue\/wp-content\/uploads\/2025\/11\/20251113-05.jpg?resize=1050%2C600&ssl=1 3x"},"classes":[]},{"id":9835,"url":"https:\/\/www.wallendorff.com\/belogue\/2010\/11\/24\/the-national-lolympia-paris\/","url_meta":{"origin":30256,"position":2},"title":"The National @ l&rsquo;Olympia, Paris.","author":"dpc","date":"24 novembre 2010","format":false,"excerpt":"Et l\u00e0, la s\u00e9cu pas au courant des soucis qu'il y a eu \u00e0 l'entr\u00e9e te vire comme pr\u00e9vu au bout de trois titres, alors que vous n'avez pu arriver qu'\u00e0 2 titres et demi, et vous passez 15 minutes \u00e0 d\u00e9brouiller le quiproquo et n\u00e9gocier avec tout le monde\u2026","rel":"","context":"Dans &quot;Alive&quot;","block_context":{"text":"Alive","link":"https:\/\/www.wallendorff.com\/belogue\/category\/alive\/"},"img":{"alt_text":"","src":"https:\/\/i0.wp.com\/www.wallendorff.com\/belogue\/wp-content\/uploads\/2015\/04\/201011241.jpg?resize=350%2C200&ssl=1","width":350,"height":200,"srcset":"https:\/\/i0.wp.com\/www.wallendorff.com\/belogue\/wp-content\/uploads\/2015\/04\/201011241.jpg?resize=350%2C200&ssl=1 1x, https:\/\/i0.wp.com\/www.wallendorff.com\/belogue\/wp-content\/uploads\/2015\/04\/201011241.jpg?resize=525%2C300&ssl=1 1.5x, https:\/\/i0.wp.com\/www.wallendorff.com\/belogue\/wp-content\/uploads\/2015\/04\/201011241.jpg?resize=700%2C400&ssl=1 2x"},"classes":[]},{"id":4939,"url":"https:\/\/www.wallendorff.com\/belogue\/2009\/10\/29\/the-dead-weather-creature-with-the-atom-brain-lolympia-paris\/","url_meta":{"origin":30256,"position":3},"title":"The Dead Weather + Creature with the Atom Brain @ l&rsquo;Olympia, Paris.","author":"dpc","date":"29 octobre 2009","format":false,"excerpt":"Le constat sera le m\u00eame que la derni\u00e8re fois. \u00c0 part que l'Olympia fut encore plus mal \u00e9clair\u00e9 que la Cigale, comme quoi tout est possible dans la vie, et qu'il y avait moins de groupies fanatiques de Mosshart dans la fosse. Ou alors c'est que je ne les ai\u2026","rel":"","context":"Dans &quot;Alive&quot;","block_context":{"text":"Alive","link":"https:\/\/www.wallendorff.com\/belogue\/category\/alive\/"},"img":{"alt_text":"","src":"https:\/\/i0.wp.com\/www.wallendorff.com\/belogue\/wp-content\/uploads\/2015\/04\/200910291.jpg?resize=350%2C200&ssl=1","width":350,"height":200,"srcset":"https:\/\/i0.wp.com\/www.wallendorff.com\/belogue\/wp-content\/uploads\/2015\/04\/200910291.jpg?resize=350%2C200&ssl=1 1x, https:\/\/i0.wp.com\/www.wallendorff.com\/belogue\/wp-content\/uploads\/2015\/04\/200910291.jpg?resize=525%2C300&ssl=1 1.5x, https:\/\/i0.wp.com\/www.wallendorff.com\/belogue\/wp-content\/uploads\/2015\/04\/200910291.jpg?resize=700%2C400&ssl=1 2x"},"classes":[]},{"id":128261,"url":"https:\/\/www.wallendorff.com\/belogue\/2024\/06\/12\/cetait-2004\/","url_meta":{"origin":30256,"position":4},"title":"C&rsquo;\u00e9tait 2004.","author":"dpc","date":"12 juin 2024","format":false,"excerpt":"En ouvrant ce journal, il y a 20 ans, je n'aurais jamais pens\u00e9 qu'il durerait si longtemps. Mais il a tenu, d'abord sur feu 20six, puis en solitaire sur ce site, traversant les plateformes et les modes jusqu'\u00e0 aujourd'hui. MySpace, Flickr, Facebook, Instagram passent et disparaissent, mais reste ce site.Je\u2026","rel":"","context":"Dans &quot;DPC&quot;","block_context":{"text":"DPC","link":"https:\/\/www.wallendorff.com\/belogue\/category\/dpc\/"},"img":{"alt_text":"","src":"https:\/\/i0.wp.com\/www.wallendorff.com\/belogue\/wp-content\/uploads\/2024\/06\/20240612-03.jpg?resize=350%2C200&ssl=1","width":350,"height":200,"srcset":"https:\/\/i0.wp.com\/www.wallendorff.com\/belogue\/wp-content\/uploads\/2024\/06\/20240612-03.jpg?resize=350%2C200&ssl=1 1x, https:\/\/i0.wp.com\/www.wallendorff.com\/belogue\/wp-content\/uploads\/2024\/06\/20240612-03.jpg?resize=525%2C300&ssl=1 1.5x, https:\/\/i0.wp.com\/www.wallendorff.com\/belogue\/wp-content\/uploads\/2024\/06\/20240612-03.jpg?resize=700%2C400&ssl=1 2x, https:\/\/i0.wp.com\/www.wallendorff.com\/belogue\/wp-content\/uploads\/2024\/06\/20240612-03.jpg?resize=1050%2C600&ssl=1 3x"},"classes":[]},{"id":132422,"url":"https:\/\/www.wallendorff.com\/belogue\/2025\/06\/12\/jaunes-dombres\/","url_meta":{"origin":30256,"position":5},"title":"Jaunes d&rsquo;ombres.","author":"dpc","date":"12 juin 2025","format":false,"excerpt":"Tour Montparnasse, Paris, 18 avril 2024.Merci \u00e0 Lala mais pas \u00e0 Leffe\u00ae ni Twinuts\u00ae car j'ai sottement oubli\u00e9 de faire les commissions. Et \u00e0 part \u00e7a... Il y a vingt-et-un ans, les Pistons de D\u00e9troit \u00e9taient en finale NBA. Il y a vingt ans, les Pistons de D\u00e9troit \u00e9taient encore\u2026","rel":"","context":"Dans &quot;DPC&quot;","block_context":{"text":"DPC","link":"https:\/\/www.wallendorff.com\/belogue\/category\/dpc\/"},"img":{"alt_text":"","src":"https:\/\/i0.wp.com\/www.wallendorff.com\/belogue\/wp-content\/uploads\/2025\/06\/20250612-08.jpg?resize=350%2C200&ssl=1","width":350,"height":200,"srcset":"https:\/\/i0.wp.com\/www.wallendorff.com\/belogue\/wp-content\/uploads\/2025\/06\/20250612-08.jpg?resize=350%2C200&ssl=1 1x, https:\/\/i0.wp.com\/www.wallendorff.com\/belogue\/wp-content\/uploads\/2025\/06\/20250612-08.jpg?resize=525%2C300&ssl=1 1.5x, https:\/\/i0.wp.com\/www.wallendorff.com\/belogue\/wp-content\/uploads\/2025\/06\/20250612-08.jpg?resize=700%2C400&ssl=1 2x, https:\/\/i0.wp.com\/www.wallendorff.com\/belogue\/wp-content\/uploads\/2025\/06\/20250612-08.jpg?resize=1050%2C600&ssl=1 3x"},"classes":[]}],"_links":{"self":[{"href":"https:\/\/www.wallendorff.com\/belogue\/wp-json\/wp\/v2\/posts\/30256","targetHints":{"allow":["GET"]}}],"collection":[{"href":"https:\/\/www.wallendorff.com\/belogue\/wp-json\/wp\/v2\/posts"}],"about":[{"href":"https:\/\/www.wallendorff.com\/belogue\/wp-json\/wp\/v2\/types\/post"}],"author":[{"embeddable":true,"href":"https:\/\/www.wallendorff.com\/belogue\/wp-json\/wp\/v2\/users\/1"}],"replies":[{"embeddable":true,"href":"https:\/\/www.wallendorff.com\/belogue\/wp-json\/wp\/v2\/comments?post=30256"}],"version-history":[{"count":3,"href":"https:\/\/www.wallendorff.com\/belogue\/wp-json\/wp\/v2\/posts\/30256\/revisions"}],"predecessor-version":[{"id":30260,"href":"https:\/\/www.wallendorff.com\/belogue\/wp-json\/wp\/v2\/posts\/30256\/revisions\/30260"}],"wp:featuredmedia":[{"embeddable":true,"href":"https:\/\/www.wallendorff.com\/belogue\/wp-json\/wp\/v2\/media\/30258"}],"wp:attachment":[{"href":"https:\/\/www.wallendorff.com\/belogue\/wp-json\/wp\/v2\/media?parent=30256"}],"wp:term":[{"taxonomy":"category","embeddable":true,"href":"https:\/\/www.wallendorff.com\/belogue\/wp-json\/wp\/v2\/categories?post=30256"},{"taxonomy":"post_tag","embeddable":true,"href":"https:\/\/www.wallendorff.com\/belogue\/wp-json\/wp\/v2\/tags?post=30256"}],"curies":[{"name":"wp","href":"https:\/\/api.w.org\/{rel}","templated":true}]}}