{"id":302,"date":"2005-08-01T11:49:51","date_gmt":"2005-08-01T11:49:51","guid":{"rendered":"http:\/\/www.po-l.com\/wordpress\/?p=302"},"modified":"2012-06-11T09:23:50","modified_gmt":"2012-06-11T07:23:50","slug":"temps-passe-et-des-m-ailleurs","status":"publish","type":"post","link":"https:\/\/www.wallendorff.com\/belogue\/2005\/08\/01\/temps-passe-et-des-m-ailleurs\/","title":{"rendered":"Temps passe et des m&rsquo;ailleurs."},"content":{"rendered":"\n<div id=\"photo\">\n<p><img decoding=\"async\" src=\"http:\/\/www.po-L.com\/belogue\/photo\/2005\/08\/20050801.jpg\" \/><br \/>\n          Mus&eacute;e d&rsquo;Orsay, Paris, 20 juillet.<\/p>\n<\/p><\/div>\n<p style=\"text-align:right\">&Agrave; force de tourner, squatter,<br \/>\n        voyager, partir,<br \/>\n        revenir, passer,<br \/>\n        laisser, [re]trouver,<br \/>\n        d&eacute;coller et arriver,<br \/>\n        On finit par se demander o&ugrave; l&rsquo;on sera le mieux.<\/p>\n<p style=\"text-align:right\">Ou &agrave; parfaitement conna&icirc;tre la r&eacute;ponse de cette question.<\/p>\n<p style=\"text-align:right\">Ce qui est, apr&egrave;s ces deux ann&eacute;es d&rsquo;a&eacute;roports, d&rsquo;autoroutes et de gares, tout aussi &eacute;trange.<\/p>\n<div id=\"bandeson\">\n<p><img decoding=\"async\" src=\"https:\/\/www.wallendorff.com\/belogue\/photo\/pochettes\/e\/eicher_stephan-non_ci_badar_guarda_e_pasa.jpg\" align=\"left\" \/>&nbsp;<a href=\"http:\/\/stephaneicher.artistes.universalmusic.fr\/\">Stephan Eicher<\/a> &mdash; <em>Oh Jesu Du Meine Freunde<\/em><\/p>\n<\/p><\/div>\n","protected":false},"excerpt":{"rendered":"<p>Mus&eacute;e d&rsquo;Orsay, Paris, 20 juillet. &Agrave; force de tourner, squatter, voyager, partir, revenir, passer, laisser, [re]trouver, d&eacute;coller et arriver, On finit par se demander o&ugrave; l&rsquo;on sera le mieux. Ou &agrave; parfaitement conna&icirc;tre la r&eacute;ponse de cette question. Ce qui est, apr&egrave;s ces deux ann&eacute;es d&rsquo;a&eacute;roports, d&rsquo;autoroutes et de gares, tout aussi &eacute;trange. &nbsp;Stephan Eicher&hellip;<\/p>\n","protected":false},"author":1,"featured_media":24242,"comment_status":"open","ping_status":"open","sticky":false,"template":"","format":"standard","meta":{"_acf_changed":false,"ngg_post_thumbnail":0,"jetpack_post_was_ever_published":false,"_jetpack_newsletter_access":"","_jetpack_dont_email_post_to_subs":false,"_jetpack_newsletter_tier_id":0,"_jetpack_memberships_contains_paywalled_content":false,"_jetpack_memberships_contains_paid_content":false,"footnotes":"","jetpack_publicize_message":"","jetpack_publicize_feature_enabled":true,"jetpack_social_post_already_shared":false,"jetpack_social_options":{"image_generator_settings":{"template":"highway","default_image_id":0,"font":"","enabled":false},"version":2}},"categories":[3],"tags":[10235,132,10120,10309,10121,10232,1164,143,1167,10098,173,1067,10261],"class_list":["post-302","post","type-post","status-publish","format-standard","has-post-thumbnail","hentry","category-dpc","tag-10235","tag-eos-20d","tag-france","tag-horloge","tag-ile-de-france","tag-musee","tag-musee-dorsay","tag-noir-et-blanc","tag-oh-jesu-du-meine-freude","tag-paris","tag-sigma-28-70-mm-f28-dg-ex","tag-stephan-eicher","tag-voute"],"acf":[],"geo":{"latitude":48.8600845,"longitude":2.3260868,"description":null},"jetpack_publicize_connections":[],"jetpack_featured_media_url":"https:\/\/www.wallendorff.com\/belogue\/wp-content\/uploads\/2015\/04\/200508011.jpg","jetpack_shortlink":"https:\/\/wp.me\/p3b35P-4S","jetpack_sharing_enabled":true,"jetpack-related-posts":[{"id":303,"url":"https:\/\/www.wallendorff.com\/belogue\/2005\/07\/30\/charpente-savonneuse\/","url_meta":{"origin":302,"position":0},"title":"Charpente savonneuse.","author":"dpc","date":"30 juillet 2005","format":false,"excerpt":"Mus\u00e9e d'Orsay, Paris, 20 juillet. (merde c'\u00e9tait l'anniversaire de mon cousin) (ah non, c'est en ao\u00fbt, l'anniversaire du cousin. Fausse alerte.) Nous dirons qu'au vu de mon grammage actuel, pas si \u00e9lev\u00e9 que \u00e7a mais all\u00e8grement assaisonn\u00e9 \u00e0 grands coups de fatigue inh\u00e9rente \u00e0 un rallye p\u00e9destre parisien et un\u2026","rel":"","context":"Dans &quot;DPC&quot;","block_context":{"text":"DPC","link":"https:\/\/www.wallendorff.com\/belogue\/category\/dpc\/"},"img":{"alt_text":"","src":"https:\/\/i0.wp.com\/www.wallendorff.com\/belogue\/wp-content\/uploads\/2015\/04\/200507301.jpg?resize=350%2C200&ssl=1","width":350,"height":200},"classes":[]},{"id":3557,"url":"https:\/\/www.wallendorff.com\/belogue\/2008\/11\/05\/shooting-people-38\/","url_meta":{"origin":302,"position":1},"title":"Shooting people #38.","author":"dpc","date":"5 novembre 2008","format":false,"excerpt":"Mus\u00e9e d'Orsay, Paris, 6 octobre. Ryan Adams \u2013 Wonderwall (Oasis cover) Je n'aurais jamais pens\u00e9 qu'un jour je me ferais annoncer le r\u00e9sultat de l'\u00e9lection pr\u00e9sidentielle ricaine le matin au r\u00e9veil par un chanteur de Nada Surf bourr\u00e9 \u00e0 la bi\u00e8re. [Je vous aurais bien mis le MP3 qui va\u2026","rel":"","context":"Dans &quot;Portraits&quot;","block_context":{"text":"Portraits","link":"https:\/\/www.wallendorff.com\/belogue\/category\/portraits\/"},"img":{"alt_text":"","src":"https:\/\/i0.wp.com\/www.wallendorff.com\/belogue\/wp-content\/uploads\/2015\/04\/200811051.jpg?resize=350%2C200&ssl=1","width":350,"height":200},"classes":[]},{"id":131806,"url":"https:\/\/www.wallendorff.com\/belogue\/2025\/02\/20\/jerigeai-reitre-et-sis-laigre-os\/","url_meta":{"origin":302,"position":2},"title":"J&rsquo;\u00e9rigeai re\u00eetre et sis l&rsquo;aigre os.","author":"dpc","date":"20 f\u00e9vrier 2025","format":false,"excerpt":"Mus\u00e9e de l'Homme, Paris, 12 octobre 2024.","rel":"","context":"Dans &quot;DPC&quot;","block_context":{"text":"DPC","link":"https:\/\/www.wallendorff.com\/belogue\/category\/dpc\/"},"img":{"alt_text":"","src":"https:\/\/i0.wp.com\/www.wallendorff.com\/belogue\/wp-content\/uploads\/2025\/02\/20250220.jpg?resize=350%2C200&ssl=1","width":350,"height":200,"srcset":"https:\/\/i0.wp.com\/www.wallendorff.com\/belogue\/wp-content\/uploads\/2025\/02\/20250220.jpg?resize=350%2C200&ssl=1 1x, https:\/\/i0.wp.com\/www.wallendorff.com\/belogue\/wp-content\/uploads\/2025\/02\/20250220.jpg?resize=525%2C300&ssl=1 1.5x, https:\/\/i0.wp.com\/www.wallendorff.com\/belogue\/wp-content\/uploads\/2025\/02\/20250220.jpg?resize=700%2C400&ssl=1 2x"},"classes":[]},{"id":3573,"url":"https:\/\/www.wallendorff.com\/belogue\/2008\/11\/11\/i-tried-to-walk-with-god-with-no-avail\/","url_meta":{"origin":302,"position":3},"title":"I tried to talk with God to no avail.","author":"dpc","date":"11 novembre 2008","format":false,"excerpt":"Mus\u00e9e d'Orsay, Paris, 8 octobre. Oasis \u2013 Falling Down","rel":"","context":"Dans &quot;DPC&quot;","block_context":{"text":"DPC","link":"https:\/\/www.wallendorff.com\/belogue\/category\/dpc\/"},"img":{"alt_text":"","src":"https:\/\/i0.wp.com\/www.wallendorff.com\/belogue\/photo\/pochettes\/o\/oasis-dig_out_your_soul.jpg?resize=350%2C200","width":350,"height":200},"classes":[]},{"id":49441,"url":"https:\/\/www.wallendorff.com\/belogue\/2021\/08\/31\/festival-face-b-charleville-mezieres-29-aout-2021\/","url_meta":{"origin":302,"position":4},"title":"Festival Face B, Charleville-M\u00e9zi\u00e8res, 29 ao\u00fbt 2021.","author":"dpc","date":"31 ao\u00fbt 2021","format":false,"excerpt":"Avec Delgr\u00e8s, Pomme et Stephan Eicher. Delgr\u00e8s @ Festival Face B, Charleville-M\u00e9zi\u00e8res, 29\/08\/2021 Festival Face B, Charleville-M\u00e9zi\u00e8res, 29\/08\/2021 Delgr\u00e8s @ Festival Face B, Charleville-M\u00e9zi\u00e8res, 29\/08\/2021 Festival Face B, Charleville-M\u00e9zi\u00e8res, 29\/08\/2021 Delgr\u00e8s @ Festival Face B, Charleville-M\u00e9zi\u00e8res, 29\/08\/2021 Festival Face B, Charleville-M\u00e9zi\u00e8res, 29\/08\/2021 Delgr\u00e8s @ Festival Face B, Charleville-M\u00e9zi\u00e8res, 29\/08\/2021 Delgr\u00e8s\u2026","rel":"","context":"Dans &quot;Alive&quot;","block_context":{"text":"Alive","link":"https:\/\/www.wallendorff.com\/belogue\/category\/alive\/"},"img":{"alt_text":"","src":"https:\/\/i0.wp.com\/www.wallendorff.com\/belogue\/wp-content\/uploads\/2021\/08\/20210830-36.jpg?resize=350%2C200&ssl=1","width":350,"height":200,"srcset":"https:\/\/i0.wp.com\/www.wallendorff.com\/belogue\/wp-content\/uploads\/2021\/08\/20210830-36.jpg?resize=350%2C200&ssl=1 1x, https:\/\/i0.wp.com\/www.wallendorff.com\/belogue\/wp-content\/uploads\/2021\/08\/20210830-36.jpg?resize=525%2C300&ssl=1 1.5x, https:\/\/i0.wp.com\/www.wallendorff.com\/belogue\/wp-content\/uploads\/2021\/08\/20210830-36.jpg?resize=700%2C400&ssl=1 2x, https:\/\/i0.wp.com\/www.wallendorff.com\/belogue\/wp-content\/uploads\/2021\/08\/20210830-36.jpg?resize=1050%2C600&ssl=1 3x"},"classes":[]},{"id":216,"url":"https:\/\/www.wallendorff.com\/belogue\/2005\/06\/14\/on-the-road-since-a-long-time\/","url_meta":{"origin":302,"position":5},"title":"On the road [Since a long time].","author":"dpc","date":"14 juin 2005","format":false,"excerpt":"L'Ardenne, 4 juin. \"You're out of here, wondering how to conjugate the word loneliness. All you really wanna do is to go home. But as soon as you get home, You wanna come out of here again, start all over again.\" \u00a0Stephan Eicher \u2014 Lament","rel":"","context":"Dans &quot;DPC&quot;","block_context":{"text":"DPC","link":"https:\/\/www.wallendorff.com\/belogue\/category\/dpc\/"},"img":{"alt_text":"","src":"https:\/\/i0.wp.com\/www.wallendorff.com\/belogue\/wp-content\/uploads\/2015\/04\/200506141.jpg?resize=350%2C200&ssl=1","width":350,"height":200},"classes":[]}],"_links":{"self":[{"href":"https:\/\/www.wallendorff.com\/belogue\/wp-json\/wp\/v2\/posts\/302","targetHints":{"allow":["GET"]}}],"collection":[{"href":"https:\/\/www.wallendorff.com\/belogue\/wp-json\/wp\/v2\/posts"}],"about":[{"href":"https:\/\/www.wallendorff.com\/belogue\/wp-json\/wp\/v2\/types\/post"}],"author":[{"embeddable":true,"href":"https:\/\/www.wallendorff.com\/belogue\/wp-json\/wp\/v2\/users\/1"}],"replies":[{"embeddable":true,"href":"https:\/\/www.wallendorff.com\/belogue\/wp-json\/wp\/v2\/comments?post=302"}],"version-history":[{"count":1,"href":"https:\/\/www.wallendorff.com\/belogue\/wp-json\/wp\/v2\/posts\/302\/revisions"}],"predecessor-version":[{"id":17657,"href":"https:\/\/www.wallendorff.com\/belogue\/wp-json\/wp\/v2\/posts\/302\/revisions\/17657"}],"wp:featuredmedia":[{"embeddable":true,"href":"https:\/\/www.wallendorff.com\/belogue\/wp-json\/wp\/v2\/media\/24242"}],"wp:attachment":[{"href":"https:\/\/www.wallendorff.com\/belogue\/wp-json\/wp\/v2\/media?parent=302"}],"wp:term":[{"taxonomy":"category","embeddable":true,"href":"https:\/\/www.wallendorff.com\/belogue\/wp-json\/wp\/v2\/categories?post=302"},{"taxonomy":"post_tag","embeddable":true,"href":"https:\/\/www.wallendorff.com\/belogue\/wp-json\/wp\/v2\/tags?post=302"}],"curies":[{"name":"wp","href":"https:\/\/api.w.org\/{rel}","templated":true}]}}