{"id":30191,"date":"2016-02-12T13:35:46","date_gmt":"2016-02-12T11:35:46","guid":{"rendered":"http:\/\/www.wallendorff.com\/belogue\/?p=30191"},"modified":"2018-05-23T08:20:01","modified_gmt":"2018-05-23T06:20:01","slug":"linvite-de-barques","status":"publish","type":"post","link":"https:\/\/www.wallendorff.com\/belogue\/2016\/02\/12\/linvite-de-barques\/","title":{"rendered":"L&rsquo;invit\u00e9 de barques."},"content":{"rendered":"<div id=\"photo\">\n<p><img decoding=\"async\" src=\"https:\/\/www.wallendorff.com\/belogue\/photo\/2016\/02\/20160212.jpg\"><br \/>\n        R&eacute;servoir de Grosbois-en-Montagne, 6 d&eacute;cembre 2015.<\/p>\n<\/div>\n<div id=\"bandeson\">\n<p><img decoding=\"async\" src=\"https:\/\/www.wallendorff.com\/belogue\/photo\/pochettes\/p\/postal_service_the-give_up.jpg\" align=\"left\" \/><a href=\"http:\/\/www.youtube.com\/watch?v=xUIBnmdJJ50\" a style=\"font-weight:normal\" id=\"lienmp3\"><em>The District Sleeps Alone Tonight<\/em><\/a><br \/>\n<a href=\"http:\/\/www.subpop.com\/artists\/the_postal_service\">The Postal Service<\/a><\/p>\n<\/div>\n","protected":false},"excerpt":{"rendered":"<p>R&eacute;servoir de Grosbois-en-Montagne, 6 d&eacute;cembre 2015. The District Sleeps Alone Tonight The Postal Service<\/p>\n","protected":false},"author":1,"featured_media":30193,"comment_status":"open","ping_status":"open","sticky":false,"template":"","format":"standard","meta":{"_acf_changed":false,"ngg_post_thumbnail":0,"jetpack_post_was_ever_published":false,"_jetpack_newsletter_access":"","_jetpack_dont_email_post_to_subs":false,"_jetpack_newsletter_tier_id":0,"_jetpack_memberships_contains_paywalled_content":false,"_jetpack_memberships_contains_paid_content":false,"footnotes":"","jetpack_publicize_message":"","jetpack_publicize_feature_enabled":true,"jetpack_social_post_already_shared":true,"jetpack_social_options":{"image_generator_settings":{"template":"highway","default_image_id":0,"font":"","enabled":false},"version":2}},"categories":[3],"tags":[11493,12824,8751,8351,11497,10484,10120,12821,10667,12822,10673,12823,2140],"class_list":["post-30191","post","type-post","status-publish","format-standard","has-post-thumbnail","hentry","category-dpc","tag-bourgogne","tag-brenne","tag-ef-70-300mm-f4-5-6-is-usm","tag-eos-6d","tag-cote-dor","tag-eau","tag-france","tag-grosbois-en-montagne","tag-lac","tag-reservoir-de-grosbois-en-montagne","tag-riviere","tag-the-district-sleeps-alone-tonight","tag-the-postal-service"],"acf":[],"geo":{"latitude":47.3109779,"longitude":4.6033573,"description":"Grosbois-en-Montagne, Bourgogne, 21540, FR"},"jetpack_publicize_connections":[],"jetpack_featured_media_url":"https:\/\/www.wallendorff.com\/belogue\/wp-content\/uploads\/2016\/02\/20160212.jpg","jetpack_shortlink":"https:\/\/wp.me\/p3b35P-7QX","jetpack_sharing_enabled":true,"jetpack-related-posts":[{"id":30261,"url":"https:\/\/www.wallendorff.com\/belogue\/2016\/02\/19\/alone-in-the-barque\/","url_meta":{"origin":30191,"position":0},"title":"Alone in the barque.","author":"dpc","date":"19 f\u00e9vrier 2016","format":false,"excerpt":"R\u00e9servoir de Grosbois-en-Montagne, 6 d\u00e9cembre 2015. Tuolumne Eddie Vedder","rel":"","context":"Dans &quot;DPC&quot;","block_context":{"text":"DPC","link":"https:\/\/www.wallendorff.com\/belogue\/category\/dpc\/"},"img":{"alt_text":"","src":"https:\/\/i0.wp.com\/www.wallendorff.com\/belogue\/wp-content\/uploads\/2016\/02\/20160219.jpg?resize=350%2C200&ssl=1","width":350,"height":200,"srcset":"https:\/\/i0.wp.com\/www.wallendorff.com\/belogue\/wp-content\/uploads\/2016\/02\/20160219.jpg?resize=350%2C200&ssl=1 1x, https:\/\/i0.wp.com\/www.wallendorff.com\/belogue\/wp-content\/uploads\/2016\/02\/20160219.jpg?resize=525%2C300&ssl=1 1.5x, https:\/\/i0.wp.com\/www.wallendorff.com\/belogue\/wp-content\/uploads\/2016\/02\/20160219.jpg?resize=700%2C400&ssl=1 2x"},"classes":[]},{"id":19174,"url":"https:\/\/www.wallendorff.com\/belogue\/2012\/10\/03\/trempette-dans-un-vert-deau\/","url_meta":{"origin":30191,"position":1},"title":"Trempette [dans un vert d&rsquo;eau].","author":"dpc","date":"3 octobre 2012","format":false,"excerpt":"Lac de Zaovine, 30 juillet. Zulu Winter \u2013 We Should Be Swimming","rel":"","context":"Dans &quot;DPC&quot;","block_context":{"text":"DPC","link":"https:\/\/www.wallendorff.com\/belogue\/category\/dpc\/"},"img":{"alt_text":"","src":"https:\/\/i0.wp.com\/www.wallendorff.com\/belogue\/wp-content\/uploads\/2015\/04\/201210031.jpg?resize=350%2C200&ssl=1","width":350,"height":200,"srcset":"https:\/\/i0.wp.com\/www.wallendorff.com\/belogue\/wp-content\/uploads\/2015\/04\/201210031.jpg?resize=350%2C200&ssl=1 1x, https:\/\/i0.wp.com\/www.wallendorff.com\/belogue\/wp-content\/uploads\/2015\/04\/201210031.jpg?resize=525%2C300&ssl=1 1.5x, https:\/\/i0.wp.com\/www.wallendorff.com\/belogue\/wp-content\/uploads\/2015\/04\/201210031.jpg?resize=700%2C400&ssl=1 2x"},"classes":[]},{"id":19178,"url":"https:\/\/www.wallendorff.com\/belogue\/2012\/10\/04\/bajina-bata-belgrade\/","url_meta":{"origin":30191,"position":2},"title":"Bajina Ba&scaron;ta &#8211; Belgrade.","author":"dpc","date":"4 octobre 2012","format":false,"excerpt":"Kilom\u00e8tres 521 \u00e0 832, 30 juillet. \u00c9tape 1 | \u00c9tape 2 | \u00c9tape 4 | \u00c9tape 5 | \u00c9tape 6 | \u00c9tape 7 Dana Buoy \u2013 Call to Be \u00a0","rel":"","context":"Dans &quot;DPC&quot;","block_context":{"text":"DPC","link":"https:\/\/www.wallendorff.com\/belogue\/category\/dpc\/"},"img":{"alt_text":"","src":"https:\/\/i0.wp.com\/www.wallendorff.com\/belogue\/wp-content\/uploads\/2015\/04\/201210041.jpg?resize=350%2C200&ssl=1","width":350,"height":200,"srcset":"https:\/\/i0.wp.com\/www.wallendorff.com\/belogue\/wp-content\/uploads\/2015\/04\/201210041.jpg?resize=350%2C200&ssl=1 1x, https:\/\/i0.wp.com\/www.wallendorff.com\/belogue\/wp-content\/uploads\/2015\/04\/201210041.jpg?resize=525%2C300&ssl=1 1.5x, https:\/\/i0.wp.com\/www.wallendorff.com\/belogue\/wp-content\/uploads\/2015\/04\/201210041.jpg?resize=700%2C400&ssl=1 2x"},"classes":[]},{"id":5071,"url":"https:\/\/www.wallendorff.com\/belogue\/2009\/11\/17\/lovule-terreux-sa-part-te-gaine\/","url_meta":{"origin":30191,"position":3},"title":"L&rsquo;ovule terreux sa part te gaine.","author":"dpc","date":"17 novembre 2009","format":false,"excerpt":"Rue de la Montagne-Sainte-Genevi\u00e8ve, Paris, 25 juillet. [Oui oui \u00e7a fait loin, j'ai vu.] \u00a0Pete Yorn \u2013 Relator (feat. Scarlett Johansson)","rel":"","context":"Dans &quot;DPC&quot;","block_context":{"text":"DPC","link":"https:\/\/www.wallendorff.com\/belogue\/category\/dpc\/"},"img":{"alt_text":"","src":"https:\/\/i0.wp.com\/www.wallendorff.com\/belogue\/wp-content\/uploads\/2015\/04\/200911171.jpg?resize=350%2C200&ssl=1","width":350,"height":200},"classes":[]},{"id":47284,"url":"https:\/\/www.wallendorff.com\/belogue\/2020\/12\/10\/hallo-salzkammergut\/","url_meta":{"origin":30191,"position":4},"title":"Hallo Salzkammergut","author":"dpc","date":"10 d\u00e9cembre 2020","format":false,"excerpt":"Hallstatt, 28 ao\u00fbt 2020.","rel":"","context":"Dans &quot;DPC&quot;","block_context":{"text":"DPC","link":"https:\/\/www.wallendorff.com\/belogue\/category\/dpc\/"},"img":{"alt_text":"","src":"https:\/\/i0.wp.com\/www.wallendorff.com\/belogue\/wp-content\/uploads\/2020\/12\/20201210-22.jpg?resize=350%2C200&ssl=1","width":350,"height":200,"srcset":"https:\/\/i0.wp.com\/www.wallendorff.com\/belogue\/wp-content\/uploads\/2020\/12\/20201210-22.jpg?resize=350%2C200&ssl=1 1x, https:\/\/i0.wp.com\/www.wallendorff.com\/belogue\/wp-content\/uploads\/2020\/12\/20201210-22.jpg?resize=525%2C300&ssl=1 1.5x, https:\/\/i0.wp.com\/www.wallendorff.com\/belogue\/wp-content\/uploads\/2020\/12\/20201210-22.jpg?resize=700%2C400&ssl=1 2x, https:\/\/i0.wp.com\/www.wallendorff.com\/belogue\/wp-content\/uploads\/2020\/12\/20201210-22.jpg?resize=1050%2C600&ssl=1 3x"},"classes":[]},{"id":909,"url":"https:\/\/www.wallendorff.com\/belogue\/2007\/03\/07\/but-this-one-goes-up-to-the-11th\/","url_meta":{"origin":30191,"position":5},"title":"\u201c&#8230; But this one goes up to the 11th.\u201d","author":"dpc","date":"7 mars 2007","format":false,"excerpt":"Les Yvelines c'est trop bien, 6 mars. \u00catre rock en 2007, c'est aller jusqu'\u00e0 D\u00e2che-l\u00e8s-Bois tra\u00een\u00e9 par les pieds pour \u00e9chouer dans un resto et r\u00e9aliser que le patron est manifestement fan de Spinal Tap. Ah au fait, dans Stonehenge il y a stone, dans Stone il y a pierre,\u2026","rel":"","context":"Dans &quot;DPC&quot;","block_context":{"text":"DPC","link":"https:\/\/www.wallendorff.com\/belogue\/category\/dpc\/"},"img":{"alt_text":"","src":"https:\/\/i0.wp.com\/www.wallendorff.com\/belogue\/wp-content\/uploads\/2015\/04\/200703071.jpg?resize=350%2C200&ssl=1","width":350,"height":200},"classes":[]}],"_links":{"self":[{"href":"https:\/\/www.wallendorff.com\/belogue\/wp-json\/wp\/v2\/posts\/30191","targetHints":{"allow":["GET"]}}],"collection":[{"href":"https:\/\/www.wallendorff.com\/belogue\/wp-json\/wp\/v2\/posts"}],"about":[{"href":"https:\/\/www.wallendorff.com\/belogue\/wp-json\/wp\/v2\/types\/post"}],"author":[{"embeddable":true,"href":"https:\/\/www.wallendorff.com\/belogue\/wp-json\/wp\/v2\/users\/1"}],"replies":[{"embeddable":true,"href":"https:\/\/www.wallendorff.com\/belogue\/wp-json\/wp\/v2\/comments?post=30191"}],"version-history":[{"count":2,"href":"https:\/\/www.wallendorff.com\/belogue\/wp-json\/wp\/v2\/posts\/30191\/revisions"}],"predecessor-version":[{"id":30194,"href":"https:\/\/www.wallendorff.com\/belogue\/wp-json\/wp\/v2\/posts\/30191\/revisions\/30194"}],"wp:featuredmedia":[{"embeddable":true,"href":"https:\/\/www.wallendorff.com\/belogue\/wp-json\/wp\/v2\/media\/30193"}],"wp:attachment":[{"href":"https:\/\/www.wallendorff.com\/belogue\/wp-json\/wp\/v2\/media?parent=30191"}],"wp:term":[{"taxonomy":"category","embeddable":true,"href":"https:\/\/www.wallendorff.com\/belogue\/wp-json\/wp\/v2\/categories?post=30191"},{"taxonomy":"post_tag","embeddable":true,"href":"https:\/\/www.wallendorff.com\/belogue\/wp-json\/wp\/v2\/tags?post=30191"}],"curies":[{"name":"wp","href":"https:\/\/api.w.org\/{rel}","templated":true}]}}