{"id":30183,"date":"2016-02-05T18:03:05","date_gmt":"2016-02-05T16:03:05","guid":{"rendered":"http:\/\/www.wallendorff.com\/belogue\/?p=30183"},"modified":"2018-05-23T08:20:01","modified_gmt":"2018-05-23T06:20:01","slug":"comme-un-nase-haut-sur-la-branche","status":"publish","type":"post","link":"https:\/\/www.wallendorff.com\/belogue\/2016\/02\/05\/comme-un-nase-haut-sur-la-branche\/","title":{"rendered":"Comme un nase, haut sur la branche."},"content":{"rendered":"<div id=\"photo\">\n<p><img decoding=\"async\" src=\"https:\/\/www.wallendorff.com\/belogue\/photo\/2016\/02\/20160205.jpg\"><br \/>\n        Col du Feu, 1<sup>er<\/sup> novembre 2015. <\/p>\n<\/div>\n<p style=\"text-align:right\">Ce titre au jeu de mots moisi ne cherche en rien &agrave; d&eacute;nigrer nos amis parapentistes. Ce n&rsquo;est que le regrettable r&eacute;sultat de plus de 6&nbsp;h d&rsquo;infructueuses congitations pour en trouver un mieux.<\/p>\n<p style=\"text-align:right\">Je m&rsquo;avoue vaincu.<\/p>\n<p style=\"text-align:right\">Pardon.<\/p>\n<p style=\"text-align:right\">J&rsquo;ai honte.<\/p>\n<div id=\"bandeson\">\n<p><img decoding=\"async\" src=\"https:\/\/www.wallendorff.com\/belogue\/photo\/pochettes\/n\/night_beats-who_sold_my_generation.jpg\" align=\"left\" \/><a href=\"http:\/\/www.youtube.com\/watch?v=22-AhCgS8CU\" a style=\"font-weight:normal\" id=\"lienmp3\"><em>Sunday Mourning<\/em><\/a><br \/>\n<a href=\"http:\/\/www.thenightbeats.us\/\">Night Beats<\/a><\/p>\n<\/div>\n","protected":false},"excerpt":{"rendered":"<p>Col du Feu, 1er novembre 2015. Ce titre au jeu de mots moisi ne cherche en rien &agrave; d&eacute;nigrer nos amis parapentistes. Ce n&rsquo;est que le regrettable r&eacute;sultat de plus de 6&nbsp;h d&rsquo;infructueuses congitations pour en trouver un mieux. Je m&rsquo;avoue vaincu. Pardon. J&rsquo;ai honte. Sunday Mourning Night Beats<\/p>\n","protected":false},"author":1,"featured_media":30185,"comment_status":"open","ping_status":"open","sticky":false,"template":"","format":"standard","meta":{"_acf_changed":false,"ngg_post_thumbnail":0,"jetpack_post_was_ever_published":false,"_jetpack_newsletter_access":"","_jetpack_dont_email_post_to_subs":false,"_jetpack_newsletter_tier_id":0,"_jetpack_memberships_contains_paywalled_content":false,"_jetpack_memberships_contains_paid_content":false,"footnotes":"","jetpack_publicize_message":"","jetpack_publicize_feature_enabled":true,"jetpack_social_post_already_shared":true,"jetpack_social_options":{"image_generator_settings":{"template":"highway","default_image_id":0,"font":"","enabled":false},"version":2}},"categories":[3],"tags":[7970,10345,10842,8751,8351,12715,10120,10433,12721,12817,12816,10293,12818],"class_list":["post-30183","post","type-post","status-publish","format-standard","has-post-thumbnail","hentry","category-dpc","tag-alpes","tag-arbre","tag-branche","tag-ef-70-300mm-f4-5-6-is-usm","tag-eos-6d","tag-col-du-feu","tag-france","tag-haute-savoie","tag-lullin","tag-night-beats","tag-parapente","tag-rhone-alpes","tag-sunday-mourning"],"acf":[],"geo":{"latitude":46.2944107,"longitude":6.5090098,"description":"Le Col du Feu, 74470, France"},"jetpack_publicize_connections":[],"jetpack_featured_media_url":"https:\/\/www.wallendorff.com\/belogue\/wp-content\/uploads\/2016\/02\/20160205.jpg","jetpack_shortlink":"https:\/\/wp.me\/p3b35P-7QP","jetpack_sharing_enabled":true,"jetpack-related-posts":[{"id":30177,"url":"https:\/\/www.wallendorff.com\/belogue\/2016\/02\/02\/comme-vous-le-sentier\/","url_meta":{"origin":30183,"position":0},"title":"Comme vous le sentier.","author":"dpc","date":"2 f\u00e9vrier 2016","format":false,"excerpt":"Col du Feu, 1er novembre 2015. \u00c0 part \u00e7a, Fauxve viennent d'annoncer la sortie de leur disque floril\u00e8ge de r\u00e9cital en public, intitul\u00e9 150.9001, comme les 150\u00a0900\u00a0km qu'ils ont aval\u00e9s en trois ans de tourn\u00e9e. Comment ont-il mesur\u00e9 cette distance ? S'en sont-ils tenu \u00e0 utiliser le m\u00eame Fiat Multipla\u2026","rel":"","context":"Dans &quot;DPC&quot;","block_context":{"text":"DPC","link":"https:\/\/www.wallendorff.com\/belogue\/category\/dpc\/"},"img":{"alt_text":"","src":"https:\/\/i0.wp.com\/www.wallendorff.com\/belogue\/wp-content\/uploads\/2016\/02\/20160202.jpg?resize=350%2C200&ssl=1","width":350,"height":200,"srcset":"https:\/\/i0.wp.com\/www.wallendorff.com\/belogue\/wp-content\/uploads\/2016\/02\/20160202.jpg?resize=350%2C200&ssl=1 1x, https:\/\/i0.wp.com\/www.wallendorff.com\/belogue\/wp-content\/uploads\/2016\/02\/20160202.jpg?resize=525%2C300&ssl=1 1.5x, https:\/\/i0.wp.com\/www.wallendorff.com\/belogue\/wp-content\/uploads\/2016\/02\/20160202.jpg?resize=700%2C400&ssl=1 2x"},"classes":[]},{"id":12338,"url":"https:\/\/www.wallendorff.com\/belogue\/2011\/02\/23\/pis-a-prismes-26\/","url_meta":{"origin":30183,"position":1},"title":"Pis \u00e0 prismes #26.","author":"dpc","date":"23 f\u00e9vrier 2011","format":false,"excerpt":"Rue Aza\u00efs, Paris, 29 janvier. \u00a0PJ Harvey \u2013 The Big Guns Called Me Back Again Sinon ce matin j'ai trouv\u00e9 \u00e7a sur la page R\u00e9seau-social-bien-connu d'une inestimable cons\u0153ur\u00a0: \u00ab\u00a0La classe en voiture | Pas la classe en voiture\u00a0\u00bb Alors oui on rit de cette pochette de Blood Pressures mais c'est\u2026","rel":"","context":"Dans &quot;Pis \u00e0 prismes&quot;","block_context":{"text":"Pis \u00e0 prismes","link":"https:\/\/www.wallendorff.com\/belogue\/category\/pis-a-prismes\/"},"img":{"alt_text":"","src":"https:\/\/i0.wp.com\/www.wallendorff.com\/belogue\/wp-content\/uploads\/2015\/04\/201102231.jpg?resize=350%2C200&ssl=1","width":350,"height":200,"srcset":"https:\/\/i0.wp.com\/www.wallendorff.com\/belogue\/wp-content\/uploads\/2015\/04\/201102231.jpg?resize=350%2C200&ssl=1 1x, https:\/\/i0.wp.com\/www.wallendorff.com\/belogue\/wp-content\/uploads\/2015\/04\/201102231.jpg?resize=525%2C300&ssl=1 1.5x"},"classes":[]},{"id":16538,"url":"https:\/\/www.wallendorff.com\/belogue\/2012\/03\/26\/pis-a-prismes-27-2\/","url_meta":{"origin":30183,"position":2},"title":"Pis \u00e0 prismes #27.","author":"dpc","date":"26 mars 2012","format":false,"excerpt":"Rue Aza\u00efs, Paris, 5 f\u00e9vrier. [Joyeux annive.] ...N'est rien de plus qu'une version diurne du num\u00e9ro 26, certes, \u00e0 part que si vous regardez bien, vous pouvez constater qu'en 1 an et 17 jours une grosse b\u00eate branche est venue pousser en plein milieu du champ, ce qui montre bien\u2026","rel":"","context":"Dans &quot;Pis \u00e0 prismes&quot;","block_context":{"text":"Pis \u00e0 prismes","link":"https:\/\/www.wallendorff.com\/belogue\/category\/pis-a-prismes\/"},"img":{"alt_text":"","src":"https:\/\/i0.wp.com\/www.wallendorff.com\/belogue\/wp-content\/uploads\/2015\/04\/201203261.jpg?resize=350%2C200&ssl=1","width":350,"height":200,"srcset":"https:\/\/i0.wp.com\/www.wallendorff.com\/belogue\/wp-content\/uploads\/2015\/04\/201203261.jpg?resize=350%2C200&ssl=1 1x, https:\/\/i0.wp.com\/www.wallendorff.com\/belogue\/wp-content\/uploads\/2015\/04\/201203261.jpg?resize=525%2C300&ssl=1 1.5x"},"classes":[]},{"id":125888,"url":"https:\/\/www.wallendorff.com\/belogue\/2023\/08\/28\/siege-27f\/","url_meta":{"origin":30183,"position":3},"title":"Si\u00e8ge 27F.","author":"dpc","date":"28 ao\u00fbt 2023","format":false,"excerpt":"De Versailles \u00e0 Caserte.","rel":"","context":"Dans &quot;DPC&quot;","block_context":{"text":"DPC","link":"https:\/\/www.wallendorff.com\/belogue\/category\/dpc\/"},"img":{"alt_text":"","src":"https:\/\/i0.wp.com\/www.wallendorff.com\/belogue\/wp-content\/uploads\/2023\/08\/20230828-01.jpg?resize=350%2C200&ssl=1","width":350,"height":200,"srcset":"https:\/\/i0.wp.com\/www.wallendorff.com\/belogue\/wp-content\/uploads\/2023\/08\/20230828-01.jpg?resize=350%2C200&ssl=1 1x, https:\/\/i0.wp.com\/www.wallendorff.com\/belogue\/wp-content\/uploads\/2023\/08\/20230828-01.jpg?resize=525%2C300&ssl=1 1.5x, https:\/\/i0.wp.com\/www.wallendorff.com\/belogue\/wp-content\/uploads\/2023\/08\/20230828-01.jpg?resize=700%2C400&ssl=1 2x, https:\/\/i0.wp.com\/www.wallendorff.com\/belogue\/wp-content\/uploads\/2023\/08\/20230828-01.jpg?resize=1050%2C600&ssl=1 3x"},"classes":[]},{"id":30196,"url":"https:\/\/www.wallendorff.com\/belogue\/2016\/01\/31\/janvier-2016\/","url_meta":{"origin":30183,"position":4},"title":"Janvier 2016.","author":"dpc","date":"31 janvier 2016","format":false,"excerpt":"Un r\u00e9veillon, une belle boule, des patates SM, une team Chartreuse, une grosse pizza, du temps qui passe, un cheulet, une montagne, une offre imbattable, un d\u00e9fi r\u00e9ussi, un chat pr\u00e9nomm\u00e9 Chut-Chut-Pas-de-Marque, une d\u00e9pendaison de cr\u00e9maill\u00e8re, des gens qui s'aiment, un couloir, un num\u00e9ro, une grosse colonne, un sapin en\u2026","rel":"","context":"Dans &quot;Blog-note&quot;","block_context":{"text":"Blog-note","link":"https:\/\/www.wallendorff.com\/belogue\/category\/blog-note\/"},"img":{"alt_text":"","src":"https:\/\/i0.wp.com\/www.wallendorff.com\/belogue\/wp-content\/uploads\/2016\/02\/20160216-20-1.jpg?resize=350%2C200&ssl=1","width":350,"height":200,"srcset":"https:\/\/i0.wp.com\/www.wallendorff.com\/belogue\/wp-content\/uploads\/2016\/02\/20160216-20-1.jpg?resize=350%2C200&ssl=1 1x, https:\/\/i0.wp.com\/www.wallendorff.com\/belogue\/wp-content\/uploads\/2016\/02\/20160216-20-1.jpg?resize=525%2C300&ssl=1 1.5x, https:\/\/i0.wp.com\/www.wallendorff.com\/belogue\/wp-content\/uploads\/2016\/02\/20160216-20-1.jpg?resize=700%2C400&ssl=1 2x"},"classes":[]},{"id":4462,"url":"https:\/\/www.wallendorff.com\/belogue\/2009\/08\/11\/envoies-tu-rare-tur\/","url_meta":{"origin":30183,"position":5},"title":"Envoies-tu rare T\u00fcr.","author":"dpc","date":"11 ao\u00fbt 2009","format":false,"excerpt":"Walled Lake, 4 mai. Zwan \u2013 Of a Broken Heart C'est devant le foss\u00e9 qui s\u00e9pare ce que l'on avait pr\u00e9vu de ce que l'on voit Que l'on constate que bonheur est dans le pr\u00e9.","rel":"","context":"Dans &quot;DPC&quot;","block_context":{"text":"DPC","link":"https:\/\/www.wallendorff.com\/belogue\/category\/dpc\/"},"img":{"alt_text":"","src":"https:\/\/i0.wp.com\/www.wallendorff.com\/belogue\/wp-content\/uploads\/2015\/04\/200908111.jpg?resize=350%2C200&ssl=1","width":350,"height":200},"classes":[]}],"_links":{"self":[{"href":"https:\/\/www.wallendorff.com\/belogue\/wp-json\/wp\/v2\/posts\/30183","targetHints":{"allow":["GET"]}}],"collection":[{"href":"https:\/\/www.wallendorff.com\/belogue\/wp-json\/wp\/v2\/posts"}],"about":[{"href":"https:\/\/www.wallendorff.com\/belogue\/wp-json\/wp\/v2\/types\/post"}],"author":[{"embeddable":true,"href":"https:\/\/www.wallendorff.com\/belogue\/wp-json\/wp\/v2\/users\/1"}],"replies":[{"embeddable":true,"href":"https:\/\/www.wallendorff.com\/belogue\/wp-json\/wp\/v2\/comments?post=30183"}],"version-history":[{"count":2,"href":"https:\/\/www.wallendorff.com\/belogue\/wp-json\/wp\/v2\/posts\/30183\/revisions"}],"predecessor-version":[{"id":30186,"href":"https:\/\/www.wallendorff.com\/belogue\/wp-json\/wp\/v2\/posts\/30183\/revisions\/30186"}],"wp:featuredmedia":[{"embeddable":true,"href":"https:\/\/www.wallendorff.com\/belogue\/wp-json\/wp\/v2\/media\/30185"}],"wp:attachment":[{"href":"https:\/\/www.wallendorff.com\/belogue\/wp-json\/wp\/v2\/media?parent=30183"}],"wp:term":[{"taxonomy":"category","embeddable":true,"href":"https:\/\/www.wallendorff.com\/belogue\/wp-json\/wp\/v2\/categories?post=30183"},{"taxonomy":"post_tag","embeddable":true,"href":"https:\/\/www.wallendorff.com\/belogue\/wp-json\/wp\/v2\/tags?post=30183"}],"curies":[{"name":"wp","href":"https:\/\/api.w.org\/{rel}","templated":true}]}}