{"id":30,"date":"2006-02-12T23:32:39","date_gmt":"2006-02-12T23:32:39","guid":{"rendered":"http:\/\/www.po-l.com\/wordpress\/?p=30"},"modified":"2012-02-02T11:16:50","modified_gmt":"2012-02-02T09:16:50","slug":"ton-beau-ou-vert","status":"publish","type":"post","link":"https:\/\/www.wallendorff.com\/belogue\/2006\/02\/12\/ton-beau-ou-vert\/","title":{"rendered":"&Agrave; ton beau o&ugrave; vert."},"content":{"rendered":"\n<div id=\"photo\">\n<p><img decoding=\"async\" src=\"http:\/\/www.po-L.com\/belogue\/photo\/2006\/02\/20060212.jpg\" \/><br \/>\n          L&rsquo;Ardenne, 12 f&eacute;vrier, 16h01.<\/p>\n<\/p><\/div>\n<p style=\"text-align:right\">(&#8230; And I still don&rsquo;t like Mondays.)<\/p>\n<div id=\"bandeson\">\n<p><img decoding=\"async\" src=\"https:\/\/www.wallendorff.com\/belogue\/photo\/pochettes\/c\/campbell_isobel-mark_lanegan-ballad_of_the_broken_seas.jpg\" align=\"left\" \/>&nbsp;<a href=\"http:\/\/www.isobelcampbell.com\">Isobel Campbell<\/a> &amp; <a href=\"http:\/\/www.marklanegan.com\">Mark Lanegan<\/a> &ndash; <em>Revolver<\/em><\/p>\n<\/div>\n","protected":false},"excerpt":{"rendered":"<p>L&rsquo;Ardenne, 12 f&eacute;vrier, 16h01. (&#8230; And I still don&rsquo;t like Mondays.) &nbsp;Isobel Campbell &amp; Mark Lanegan &ndash; Revolver<\/p>\n","protected":false},"author":1,"featured_media":23965,"comment_status":"open","ping_status":"open","sticky":false,"template":"","format":"standard","meta":{"_acf_changed":false,"ngg_post_thumbnail":0,"jetpack_post_was_ever_published":false,"_jetpack_newsletter_access":"","_jetpack_dont_email_post_to_subs":false,"_jetpack_newsletter_tier_id":0,"_jetpack_memberships_contains_paywalled_content":false,"_jetpack_memberships_contains_paid_content":false,"footnotes":"","jetpack_publicize_message":"","jetpack_publicize_feature_enabled":true,"jetpack_social_post_already_shared":false,"jetpack_social_options":{"image_generator_settings":{"template":"highway","default_image_id":0,"font":"","enabled":false},"version":2}},"categories":[3],"tags":[10255,132,10254,10120,10362,10363,143,1460,10103,173],"class_list":["post-30","post","type-post","status-publish","format-standard","has-post-thumbnail","hentry","category-dpc","tag-ardenne","tag-eos-20d","tag-champagne-ardenne","tag-france","tag-isobel-campbell","tag-mark-lanegan","tag-noir-et-blanc","tag-revolver","tag-route","tag-sigma-28-70-mm-f28-dg-ex"],"acf":[],"geo":{"latitude":49.8405838,"longitude":4.5059395,"description":null},"jetpack_publicize_connections":[],"jetpack_featured_media_url":"https:\/\/www.wallendorff.com\/belogue\/wp-content\/uploads\/2015\/04\/200602121.jpg","jetpack_shortlink":"https:\/\/wp.me\/p3b35P-u","jetpack_sharing_enabled":true,"jetpack-related-posts":[{"id":837,"url":"https:\/\/www.wallendorff.com\/belogue\/2006\/11\/26\/ces-rails-et-la-voie\/","url_meta":{"origin":30,"position":0},"title":"Ces rails et la voie.","author":"dpc","date":"26 novembre 2006","format":false,"excerpt":"Gare Saint-Lazare, Paris, 25 novembre. \u201cNow after all, don't feel like nothing Like walking away Like a mouth full of rain At twelve o'clock The bell starts ringing A dog starts barking And you're still missing Still missing something You've never known what it was And I'm not one for\u2026","rel":"","context":"Dans &quot;DPC&quot;","block_context":{"text":"DPC","link":"https:\/\/www.wallendorff.com\/belogue\/category\/dpc\/"},"img":{"alt_text":"","src":"https:\/\/i0.wp.com\/www.wallendorff.com\/belogue\/wp-content\/uploads\/2015\/04\/200611261.jpg?resize=350%2C200&ssl=1","width":350,"height":200,"srcset":"https:\/\/i0.wp.com\/www.wallendorff.com\/belogue\/wp-content\/uploads\/2015\/04\/200611261.jpg?resize=350%2C200&ssl=1 1x, https:\/\/i0.wp.com\/www.wallendorff.com\/belogue\/wp-content\/uploads\/2015\/04\/200611261.jpg?resize=525%2C300&ssl=1 1.5x, https:\/\/i0.wp.com\/www.wallendorff.com\/belogue\/wp-content\/uploads\/2015\/04\/200611261.jpg?resize=700%2C400&ssl=1 2x"},"classes":[]},{"id":3007,"url":"https:\/\/www.wallendorff.com\/belogue\/2008\/08\/25\/remastered-5\/","url_meta":{"origin":30,"position":1},"title":"Remastered #5","author":"dpc","date":"25 ao\u00fbt 2008","format":false,"excerpt":"\u00c0 la demande g\u00e9n\u00e9rale conjointe de Myoo et Silphi [et m\u00eame si personnellement je pr\u00e9f\u00e8re la version noir et blanc]\u00a0: Pont Neuf, Paris, 24 juillet. Isobel Campbell & Mark Lanegan \u2013 Revolver1 \u201cAnd I dreamed of ending and flying away\u201d _____ 1 \u00c7a tombe quand m\u00eame bigrement bien d'\u00eatre all\u00e9\u2026","rel":"","context":"Dans &quot;DPC&quot;","block_context":{"text":"DPC","link":"https:\/\/www.wallendorff.com\/belogue\/category\/dpc\/"},"img":{"alt_text":"","src":"https:\/\/i0.wp.com\/www.wallendorff.com\/belogue\/wp-content\/uploads\/2015\/04\/200808251.jpg?resize=350%2C200&ssl=1","width":350,"height":200},"classes":[]},{"id":1244,"url":"https:\/\/www.wallendorff.com\/belogue\/2008\/06\/07\/isobel-campbell-mark-lanegan-la-cigale-paris\/","url_meta":{"origin":30,"position":2},"title":"Isobel Campbell &amp; Mark Lanegan @ la Cigale, Paris.","author":"dpc","date":"7 juin 2008","format":false,"excerpt":"Puisque c'est de saison\u00a0: \u00a0Isobel Campbell & Mark Lanegan \u2013 Honeychild, What Can I Do?","rel":"","context":"Dans &quot;Alive&quot;","block_context":{"text":"Alive","link":"https:\/\/www.wallendorff.com\/belogue\/category\/alive\/"},"img":{"alt_text":"","src":"https:\/\/i0.wp.com\/www.wallendorff.com\/belogue\/wp-content\/uploads\/2015\/04\/200806071.jpg?resize=350%2C200&ssl=1","width":350,"height":200,"srcset":"https:\/\/i0.wp.com\/www.wallendorff.com\/belogue\/wp-content\/uploads\/2015\/04\/200806071.jpg?resize=350%2C200&ssl=1 1x, https:\/\/i0.wp.com\/www.wallendorff.com\/belogue\/wp-content\/uploads\/2015\/04\/200806071.jpg?resize=525%2C300&ssl=1 1.5x, https:\/\/i0.wp.com\/www.wallendorff.com\/belogue\/wp-content\/uploads\/2015\/04\/200806071.jpg?resize=700%2C400&ssl=1 2x"},"classes":[]},{"id":3649,"url":"https:\/\/www.wallendorff.com\/belogue\/2008\/12\/04\/isobel-campbell-mark-lanegan-le-trabendo-paris\/","url_meta":{"origin":30,"position":3},"title":"Isobel Campbell &#038; Mark Lanegan @ le Trabendo, Paris.","author":"dpc","date":"4 d\u00e9cembre 2008","format":false,"excerpt":"Isobel Campbell & Mark Lanegan \u2013 Ramblin' Man (Hank William cover) Le truc le plus dingue \u00e0 retenir de la soir\u00e9e, \u00e7a reste que le Mark Lanegan, il porte les m\u00eames pompes que moi, ce qui montre bien qu'il est rock en 2008. \u00c0 part \u00e7a ce Trabendo aura \u00e9t\u00e9\u2026","rel":"","context":"Dans &quot;Alive&quot;","block_context":{"text":"Alive","link":"https:\/\/www.wallendorff.com\/belogue\/category\/alive\/"},"img":{"alt_text":"","src":"https:\/\/i0.wp.com\/www.wallendorff.com\/belogue\/wp-content\/uploads\/2015\/04\/200812041.jpg?resize=350%2C200&ssl=1","width":350,"height":200,"srcset":"https:\/\/i0.wp.com\/www.wallendorff.com\/belogue\/wp-content\/uploads\/2015\/04\/200812041.jpg?resize=350%2C200&ssl=1 1x, https:\/\/i0.wp.com\/www.wallendorff.com\/belogue\/wp-content\/uploads\/2015\/04\/200812041.jpg?resize=525%2C300&ssl=1 1.5x, https:\/\/i0.wp.com\/www.wallendorff.com\/belogue\/wp-content\/uploads\/2015\/04\/200812041.jpg?resize=700%2C400&ssl=1 2x"},"classes":[]},{"id":8904,"url":"https:\/\/www.wallendorff.com\/belogue\/2010\/09\/12\/isobel-campbell-mark-lanegan-damien-jurado-willy-mason-le-cafe-de-la-danse-paris\/","url_meta":{"origin":30,"position":4},"title":"Isobel Campbell &#038; Mark Lanegan + Damien Jurado + Willy Mason @ le Caf\u00e9 de la Danse, Paris.","author":"dpc","date":"12 septembre 2010","format":false,"excerpt":"La formule a \u00e9volu\u00e9 en deux ans. C'est une bonne chose, d'ailleurs, quand on consid\u00e8re ce Sunday at Devil's Dirt qui, en 2008, laissait un arri\u00e8re-go\u00fbt de redite pas vraiment \u00e0 la hauteur de Ballads of the Broken Seas. Sur Hawk, Campbell et Lanegan ont vari\u00e9 les plaisirs, invitant du\u2026","rel":"","context":"Dans &quot;Alive&quot;","block_context":{"text":"Alive","link":"https:\/\/www.wallendorff.com\/belogue\/category\/alive\/"},"img":{"alt_text":"","src":"https:\/\/i0.wp.com\/www.wallendorff.com\/belogue\/wp-content\/uploads\/2015\/04\/201009121.jpg?resize=350%2C200&ssl=1","width":350,"height":200,"srcset":"https:\/\/i0.wp.com\/www.wallendorff.com\/belogue\/wp-content\/uploads\/2015\/04\/201009121.jpg?resize=350%2C200&ssl=1 1x, https:\/\/i0.wp.com\/www.wallendorff.com\/belogue\/wp-content\/uploads\/2015\/04\/201009121.jpg?resize=525%2C300&ssl=1 1.5x, https:\/\/i0.wp.com\/www.wallendorff.com\/belogue\/wp-content\/uploads\/2015\/04\/201009121.jpg?resize=700%2C400&ssl=1 2x"},"classes":[]},{"id":20242,"url":"https:\/\/www.wallendorff.com\/belogue\/2006\/01\/30\/20242\/","url_meta":{"origin":30,"position":5},"title":"Isobel Campbell &amp; Mark Lanegan &ndash; Ballad of the Broken Seas","author":"dpc","date":"30 janvier 2006","format":false,"excerpt":"V2_42\u201939\"_30\/01 Enregistr\u00e9 entre Glasgow et Los Angeles avec un minimum d\u2019instruments, ce Ballad of the Broken Seas tient plus de l\u2019oc\u00e9an de douceur que de la mer ag\u00eet\u00e9e. Si la patte de Lanegan est omnipr\u00e9sente \u2014\u00a0acoustique folk \u00e0 gogo et voix rauque comme on aime\u00a0\u2014 la main d\u2019Isobel Campbell apporte\u2026","rel":"","context":"Dans &quot;Chroniques&quot;","block_context":{"text":"Chroniques","link":"https:\/\/www.wallendorff.com\/belogue\/category\/chroniques\/"},"img":{"alt_text":"","src":"","width":0,"height":0},"classes":[]}],"_links":{"self":[{"href":"https:\/\/www.wallendorff.com\/belogue\/wp-json\/wp\/v2\/posts\/30","targetHints":{"allow":["GET"]}}],"collection":[{"href":"https:\/\/www.wallendorff.com\/belogue\/wp-json\/wp\/v2\/posts"}],"about":[{"href":"https:\/\/www.wallendorff.com\/belogue\/wp-json\/wp\/v2\/types\/post"}],"author":[{"embeddable":true,"href":"https:\/\/www.wallendorff.com\/belogue\/wp-json\/wp\/v2\/users\/1"}],"replies":[{"embeddable":true,"href":"https:\/\/www.wallendorff.com\/belogue\/wp-json\/wp\/v2\/comments?post=30"}],"version-history":[{"count":1,"href":"https:\/\/www.wallendorff.com\/belogue\/wp-json\/wp\/v2\/posts\/30\/revisions"}],"predecessor-version":[{"id":15686,"href":"https:\/\/www.wallendorff.com\/belogue\/wp-json\/wp\/v2\/posts\/30\/revisions\/15686"}],"wp:featuredmedia":[{"embeddable":true,"href":"https:\/\/www.wallendorff.com\/belogue\/wp-json\/wp\/v2\/media\/23965"}],"wp:attachment":[{"href":"https:\/\/www.wallendorff.com\/belogue\/wp-json\/wp\/v2\/media?parent=30"}],"wp:term":[{"taxonomy":"category","embeddable":true,"href":"https:\/\/www.wallendorff.com\/belogue\/wp-json\/wp\/v2\/categories?post=30"},{"taxonomy":"post_tag","embeddable":true,"href":"https:\/\/www.wallendorff.com\/belogue\/wp-json\/wp\/v2\/tags?post=30"}],"curies":[{"name":"wp","href":"https:\/\/api.w.org\/{rel}","templated":true}]}}