{"id":29876,"date":"2015-12-28T12:05:00","date_gmt":"2015-12-28T10:05:00","guid":{"rendered":"http:\/\/www.wallendorff.com\/belogue\/?p=29876"},"modified":"2015-12-28T12:05:00","modified_gmt":"2015-12-28T10:05:00","slug":"2015-en-10-concerts-qui-envoyrent","status":"publish","type":"post","link":"https:\/\/www.wallendorff.com\/belogue\/2015\/12\/28\/2015-en-10-concerts-qui-envoyrent\/","title":{"rendered":"2015 en 10 concerts qui envoy&egrave;rent."},"content":{"rendered":"<div id=\"photo\">\n<p><img decoding=\"async\" src=\"https:\/\/www.wallendorff.com\/belogue\/photo\/2015\/12\/20151228.jpg\" \/><\/p>\n<\/div>\n<p>&Eacute;videmment, le meilleur concert de mon ann&eacute;e 2015 ne sera pas <a href=\"https:\/\/www.wallendorff.com\/belogue\/2015\/11\/16\/704\/\">celui dont je me souviendrai le plus<\/a>. Exactement <a href=\"https:\/\/www.wallendorff.com\/belogue\/2009\/12\/28\/en-3\/\">comme en 2009<\/a>. Ce n&rsquo;est toutefois pas une raison pour ne pas faire comme si.<\/p>\n<p>Cette soir&eacute;e au Z&eacute;nith fut incroyable. Il y eut la prestation impeccable du groupe, bien s&ucirc;r, mais surtout les interventions incessantes de Shirley Manson qui, s&rsquo;adressant &agrave; tous comme si elle d&rsquo;adressait &agrave; chacun, sut transformer un Z&eacute;nith combl&eacute; en salon intime. Ce fut comme si Garbage jouait pour moi tout seul. Ce genre de moment est rare. Et il marque beaucoup.<\/p>\n<p>2015 fut globalement marquante, d&rsquo;ailleurs, avec un show d&eacute;mesur&eacute; de 120 Secondes &agrave; Pal&eacute;o, des Triggerfinger hallucinants le jour de la Saint-Belge, Kasabian en grande forme &agrave; Rock en Seine, Interpol &agrave; qui l&rsquo;Olympia sied si bien, Editors grandioses au Trianon, Eagles of Death Metal et leur Josh Homme-surprise, Soviet Suprem et son show communiste &agrave; Pal&eacute;o, I&rsquo;m from Barcelona amoindris mais toujours aussi fous &agrave; la Maroquinerie et un concert d&rsquo;adieu d&rsquo;Explosion de Caca &agrave; Pal&eacute;o &ndash;&nbsp;Pal&eacute;o avait d&eacute;cid&eacute;ment une chouette prog&rsquo;, cette ann&eacute;e&nbsp;&ndash; dont je me souviendrai longtemps. Une bonne ann&eacute;e de concert, malgr&eacute; tout.\n<\/p>\n<ol>\n<ol>\n<ol>\n<li><a href=\"https:\/\/www.wallendorff.com\/belogue\/2015\/11\/08\/garbage-le-zenith-paris\/\">Garbage, le Z\u00e9nith &ndash; Paris &ndash; 7 novembre<\/a><\/li>\n<li><a href=\"https:\/\/www.wallendorff.com\/belogue\/2015\/08\/05\/paleo-festival-2015-jour-5\/\">120 Secondes pr\u00e9sente Pal\u00e9o @ Pal\u00e9o Festival &ndash; Nyon &ndash; 24 juillet<\/a><\/li>\n<li><a href=\"https:\/\/www.wallendorff.com\/belogue\/2015\/07\/30\/paleo-festival-2015-jour-2\/\">Triggerfinger @ Pal\u00e9o Festival &ndash; Nyon &ndash; 21 juillet<\/a><\/li>\n<li><a href=\"https:\/\/www.wallendorff.com\/belogue\/2015\/01\/29\/interpol-lolympia-paris-27-janvier\/\">Interpol &ndash; l&rsquo;Olympia &ndash; Paris &ndash; 27 janvier<\/a><\/li>\n<li><a href=\"https:\/\/www.wallendorff.com\/belogue\/2015\/08\/31\/rock-en-seine-2015-jour-1\/\">Kasabian @ Rock en Seine &ndash; Saint-Cloud &ndash; 28 ao\u00fbt<\/a><\/li>\n<li><a href=\"https:\/\/www.wallendorff.com\/belogue\/2015\/06\/10\/eagles-of-death-metal-dolomite-minor-le-trianon-paris\/\">Eagles of Death Metal &ndash; le Trianon &ndash; Paris &ndash; 9 juin<\/a><\/li>\n<li><a href=\"https:\/\/www.wallendorff.com\/belogue\/2015\/10\/29\/editors-le-trianon-paris\/\">Editors &ndash; le Trianon &ndash; Paris &ndash; 28 octobre<\/a><\/li>\n<li><a href=\"https:\/\/www.wallendorff.com\/belogue\/2015\/08\/05\/paleo-festival-2015-jour-5\/\">Soviet Suprem @ Pal\u00e9o Festival &ndash; Nyon &ndash; 24 juillet<\/a><\/li>\n<li><a href=\"https:\/\/www.wallendorff.com\/belogue\/2015\/05\/07\/im-from-barcelona-nico-and-the-red-shoes-la-maroquinerie-paris\/\">I&rsquo;m from Barcelona &ndash; la Maroquinerie &ndash; Paris &ndash; 6 mai<\/a><\/li>\n<li><a href=\"https:\/\/www.wallendorff.com\/belogue\/2015\/07\/29\/paleo-festival-2015-jour-1\/\">Explosion de Caca @ Pal\u00e9o Festival &ndash; Nyon &ndash; 20 juillet<\/a><\/li>\n<\/ol>\n<\/ol>\n<\/ol>\n<h2>Hors concours<\/h2>\n<ul>\n<ul>\n<ul>\n<li><a href=\"https:\/\/www.wallendorff.com\/belogue\/2015\/06\/24\/oui-fm-festival-jour-1\/\">&laquo;&nbsp;Faites l&rsquo;amour Gallagher&nbsp;&raquo; au O&uuml;i FM festival &ndash; 23 juin<\/a><\/li>\n<li><a href=\"https:\/\/www.wallendorff.com\/belogue\/2015\/02\/02\/mademoiselle-k-la-cigale-paris-26-janvier\/\">Des retrouvailles &agrave; la Cigale avec Mademoiselle K, 9 ans apr&egrave;s la premi&egrave;re fois &ndash; 26 janvier<\/a><\/li>\n<li><a href=\"https:\/\/www.wallendorff.com\/belogue\/2015\/05\/29\/cali-le-zenith-paris-27-mai\/\">Un Z&eacute;nith de Cali qui finit &agrave; 1&nbsp;h du matin &ndash; 27 mai<\/a><\/li>\n<li><a href=\"https:\/\/www.wallendorff.com\/belogue\/2015\/06\/26\/oui-fm-festival-jour-3\/\">Un Cali-fourchon au O&uuml;i FM Festival &ndash; 25 juin<\/a><\/li>\n<li>Un apr&egrave;s-midi indochinois dont des photos suivront peut-&ecirc;tre, un jour &ndash; 9 d&eacute;cembre<\/li>\n<\/ul>\n<\/ul>\n<\/ul>\n<p style=\"text-align:center\"> <img decoding=\"async\" src=\"https:\/\/www.wallendorff.com\/belogue\/photo\/2005\/12\/archives.gif\" \/><\/p>\n<h1>2014 en 10 concerts qui poutr&egrave;rent.<\/h1>\n<ol>\n<ol>\n<ol>\n<li><strong><a href=\"http:\/\/www.wallendorff.com\/2014\/06\/04\/arcade-fire-le-zenith-paris\">Arcade    Fire + Antibalas &ndash; le Z&eacute;nith &ndash; Paris &ndash; 03 juin<\/a><\/strong><\/li>\n<li><a href=\"https:\/\/www.wallendorff.com\/belogue\/2015\/05\/14\/on-expose-3\/\">Black Rebel Motorcycle Club + Dead Combo &ndash; Le Trianon &ndash; Paris &ndash; 24 f&eacute;vrier<\/a><\/li>\n<li><a href=\"http:\/\/www.wallendorff.com\/2014\/05\/21\/kasabian-le-bataclan-paris-30-avril\/\">Kasabian    + Martin C. &ndash; Le Bataclan &ndash; Paris &ndash; 30 avril<\/a><\/li>\n<li><a href=\"http:\/\/www.wallendorff.com\/2014\/03\/18\/editors-la-cigale-paris-2\/\">Editors    + Dry the River &ndash; La Cigale &ndash; Paris &ndash; 17 mars<\/a><\/li>\n<li><a href=\"http:\/\/www.wallendorff.com\/2014\/06\/26\/interpol-theatre-de-lalhambra-paris-24-juin\/\">Interpol    + Childhood &ndash; Th&eacute;&acirc;tre de l&rsquo;Alhambra &ndash; Paris &ndash; 24 juin<\/a><\/li>\n<li><a href=\"http:\/\/www.wallendorff.com\/2014\/08\/26\/rock-en-seine-2014-jour-1\/\">Royal Blood @ Rock en Seine,    Domaine National de Saint-Cloud, 22 ao&ucirc;t<\/a><\/li>\n<li><a href=\"http:\/\/www.wallendorff.com\/2014\/04\/26\/augustines-le-cafe-de-la-danse-paris\/\">Clap    Your Hands Festival&nbsp;: Augustines + Agua Roja &ndash; Le Caf&eacute; de la Danse &ndash;    Paris &ndash; 25 avril<\/a><\/li>\n<li><a href=\"http:\/\/www.wallendorff.com\/2014\/12\/10\/alb-le-cafe-de-la-danse-paris\/\">ALB    + Stal &ndash; le Caf&eacute; de la Danse &ndash; Paris &ndash; 09 d&eacute;cembre<\/a><\/li>\n<li><a href=\"http:\/\/www.wallendorff.com\/2014\/04\/23\/kaiser-chiefs-la-fleche-dor-paris\/\">Kaiser    Chiefs &ndash; La Fl&egrave;che d&rsquo;Or &ndash; Paris &ndash; 22 avril<\/a><\/li>\n<li><a href=\"http:\/\/www.wallendorff.com\/2014\/03\/20\/blood-red-shoes-la-gaite-lyrique-paris\/\">Blood    Red Shoes + Slaves &ndash; La Ga&icirc;t&eacute; Lyrique &ndash; Paris &ndash; 19 mars<\/a><\/li>\n<\/ol>\n<\/ol>\n<\/ol>\n<h1>2005 en 5 concerts outrageusement flaquog&egrave;nes.<\/h1>\n<ol>\n<ol>\n<ol>\n<li><strong><a href=\"https:\/\/www.wallendorff.com\/belogue\/2005\/11\/03\/black-rebel-motorcycle-club-l-elysee-montmartre-paris\/\">Black Rebel Motorcycle Club &ndash; l&rsquo;&Eacute;lys&eacute;e-Montmartre &ndash; Paris &ndash; 2 novembre <\/a><\/strong><\/li>\n<li>The White Stripes + The Greenhornes &ndash; le Z&eacute;nith &ndash; Paris &ndash; 16-17 octobre<\/li>\n<li><a href=\"https:\/\/www.wallendorff.com\/belogue\/2005\/05\/19\/the-arcade-fire-l-elysee-montmartre-paris-16-mai\/\">Arcade Fire &ndash; l&rsquo;&Eacute;lys&eacute;e-Montmartre &ndash; Paris &ndash; 16 mai<\/a><\/li>\n<li>Ghinzu &ndash; l&rsquo;Olympia &ndash; Paris &ndash; 13 juin<\/li>\n<li><a href=\"https:\/\/www.wallendorff.com\/belogue\/2005\/11\/12\/the-warlocks-l-elysee-montmartre-paris\/\">The Warlocks &ndash; l&rsquo;&Eacute;lys&eacute;e-Montmartre &ndash; Paris &ndash; 11 novembre<\/a><\/li>\n<\/ol>\n<\/ol>\n<\/ol>\n","protected":false},"excerpt":{"rendered":"<p>&Eacute;videmment, le meilleur concert de mon ann&eacute;e 2015 ne sera pas celui dont je me souviendrai le plus. Exactement comme en 2009. Ce n&rsquo;est toutefois pas une raison pour ne pas faire comme si. Cette soir&eacute;e au Z&eacute;nith fut incroyable. Il y eut la prestation impeccable du groupe, bien s&ucirc;r, mais surtout les interventions incessantes&hellip;<\/p>\n","protected":false},"author":1,"featured_media":29878,"comment_status":"open","ping_status":"open","sticky":false,"template":"","format":"standard","meta":{"_acf_changed":false,"ngg_post_thumbnail":0,"jetpack_post_was_ever_published":false,"_jetpack_newsletter_access":"","_jetpack_dont_email_post_to_subs":false,"_jetpack_newsletter_tier_id":0,"_jetpack_memberships_contains_paywalled_content":false,"_jetpack_memberships_contains_paid_content":false,"footnotes":"","jetpack_publicize_message":"","jetpack_publicize_feature_enabled":true,"jetpack_social_post_already_shared":true,"jetpack_social_options":{"image_generator_settings":{"template":"highway","default_image_id":0,"font":"","enabled":false},"version":2}},"categories":[3],"tags":[7199,10028,167,168,10509,10337,10008,10213,10431,10111,10241,10030,11221],"class_list":["post-29876","post","type-post","status-publish","format-standard","has-post-thumbnail","hentry","category-dpc","tag-120-secondes","tag-120-secondes-presente-paleo","tag-classements-de-fin-dannee","tag-concerts","tag-eagles-of-death-metal","tag-editors","tag-explosion-de-caca","tag-garbage","tag-im-from-barcelona","tag-interpol","tag-kasabian","tag-soviet-suprem","tag-triggerfinger"],"acf":[],"geo":{"latitude":48.8943062,"longitude":2.3931313,"description":"All\u00e9e du Z\u00e9nith, 75019 Paris, France"},"jetpack_publicize_connections":[],"jetpack_featured_media_url":"https:\/\/www.wallendorff.com\/belogue\/wp-content\/uploads\/2015\/12\/20151228.jpg","jetpack_shortlink":"https:\/\/wp.me\/p3b35P-7LS","jetpack_sharing_enabled":true,"jetpack-related-posts":[{"id":33318,"url":"https:\/\/www.wallendorff.com\/belogue\/2016\/12\/28\/2016-en-3\/","url_meta":{"origin":29876,"position":0},"title":"2016 en&#8230; #3.","author":"dpc","date":"28 d\u00e9cembre 2016","format":false,"excerpt":"2016 en 10 concerts. Autant leur dernier concert de 2015 marqua l'ann\u00e9e pour les mauvaises raisons, autant, cette fois-ci, ce fut pour les bonnes. Des 151 entr\u00e9es en sc\u00e8ne auxquelles j'ai assist\u00e9 cette ann\u00e9e, celle de l'Olympia du 16 f\u00e9vrier restera inoubliable. Je n'avais jamais entendu un public hurler aussi\u2026","rel":"","context":"Dans &quot;DPC&quot;","block_context":{"text":"DPC","link":"https:\/\/www.wallendorff.com\/belogue\/category\/dpc\/"},"img":{"alt_text":"","src":"https:\/\/i0.wp.com\/www.wallendorff.com\/belogue\/wp-content\/uploads\/2016\/12\/20161228.jpg?resize=350%2C200&ssl=1","width":350,"height":200,"srcset":"https:\/\/i0.wp.com\/www.wallendorff.com\/belogue\/wp-content\/uploads\/2016\/12\/20161228.jpg?resize=350%2C200&ssl=1 1x, https:\/\/i0.wp.com\/www.wallendorff.com\/belogue\/wp-content\/uploads\/2016\/12\/20161228.jpg?resize=525%2C300&ssl=1 1.5x, https:\/\/i0.wp.com\/www.wallendorff.com\/belogue\/wp-content\/uploads\/2016\/12\/20161228.jpg?resize=700%2C400&ssl=1 2x"},"classes":[]},{"id":28565,"url":"https:\/\/www.wallendorff.com\/belogue\/2015\/08\/05\/paleo-festival-2015-jour-5\/","url_meta":{"origin":29876,"position":1},"title":"Pal\u00e9o Festival 2015, jour 5.","author":"dpc","date":"5 ao\u00fbt 2015","format":false,"excerpt":"On attendait beaucoup de 120 Secondes pr\u00e9sente Pal\u00e9o, et on n'a pas \u00e9t\u00e9 d\u00e9\u00e7u. M\u00eame l'orage qui tombe sur la grand sc\u00e8ne quelques minutes apr\u00e8s le d\u00e9but et qui continue malgr\u00e9 les invectives du lieutenant-colonel Karl-Heinz In\u00e4bnit lui ordonnant de s'arr\u00eater ne g\u00e2che pas la f\u00eate\u00a0; une f\u00eate d\u00e9mesur\u00e9e, avec\u2026","rel":"","context":"Dans &quot;Alive&quot;","block_context":{"text":"Alive","link":"https:\/\/www.wallendorff.com\/belogue\/category\/alive\/"},"img":{"alt_text":"","src":"https:\/\/i0.wp.com\/www.wallendorff.com\/belogue\/wp-content\/uploads\/2015\/08\/20150804-421.jpg?resize=350%2C200&ssl=1","width":350,"height":200,"srcset":"https:\/\/i0.wp.com\/www.wallendorff.com\/belogue\/wp-content\/uploads\/2015\/08\/20150804-421.jpg?resize=350%2C200&ssl=1 1x, https:\/\/i0.wp.com\/www.wallendorff.com\/belogue\/wp-content\/uploads\/2015\/08\/20150804-421.jpg?resize=525%2C300&ssl=1 1.5x, https:\/\/i0.wp.com\/www.wallendorff.com\/belogue\/wp-content\/uploads\/2015\/08\/20150804-421.jpg?resize=700%2C400&ssl=1 2x"},"classes":[]},{"id":36828,"url":"https:\/\/www.wallendorff.com\/belogue\/2017\/12\/28\/2017-en-1\/","url_meta":{"origin":29876,"position":2},"title":"2017 en&#8230; #1.","author":"dpc","date":"28 d\u00e9cembre 2017","format":false,"excerpt":"2017 en 10 concerts. Le set d'Arcade Fire aux Eurock\u00e9ennes fut inoubliable\u00a0: temps id\u00e9al, public dingue et final \u00e9tir\u00e9 \u00e0 un point tel que le feu d'artifice qui cl\u00f4t traditionnellement le festival d\u00fbt d\u00e9marrer avant la fin de Wake Up. L'image de Win Butler qui continue son morceau sans se\u2026","rel":"","context":"Dans &quot;DPC&quot;","block_context":{"text":"DPC","link":"https:\/\/www.wallendorff.com\/belogue\/category\/dpc\/"},"img":{"alt_text":"","src":"https:\/\/i0.wp.com\/www.wallendorff.com\/belogue\/wp-content\/uploads\/2017\/11\/20171130-33.jpg?resize=350%2C200&ssl=1","width":350,"height":200,"srcset":"https:\/\/i0.wp.com\/www.wallendorff.com\/belogue\/wp-content\/uploads\/2017\/11\/20171130-33.jpg?resize=350%2C200&ssl=1 1x, https:\/\/i0.wp.com\/www.wallendorff.com\/belogue\/wp-content\/uploads\/2017\/11\/20171130-33.jpg?resize=525%2C300&ssl=1 1.5x, https:\/\/i0.wp.com\/www.wallendorff.com\/belogue\/wp-content\/uploads\/2017\/11\/20171130-33.jpg?resize=700%2C400&ssl=1 2x"},"classes":[]},{"id":40755,"url":"https:\/\/www.wallendorff.com\/belogue\/2018\/12\/29\/2018-en-1\/","url_meta":{"origin":29876,"position":3},"title":"2018 en&#8230; #1.","author":"dpc","date":"29 d\u00e9cembre 2018","format":false,"excerpt":"2018 en 10 concerts. On me r\u00e9torquera \u2013\u00a0\u00e0 juste titre\u00a0\u2013 que, de toute fa\u00e7on, d\u00e8s que Pearl Jam surgissent dans mon programme, ils finissent concert de l'ann\u00e9e comme en 2012, 2010 et (... ah tiens non, pas en) 2006. Et on aura bien raison. Le fait est que, de tous\u2026","rel":"","context":"Dans &quot;DPC&quot;","block_context":{"text":"DPC","link":"https:\/\/www.wallendorff.com\/belogue\/category\/dpc\/"},"img":{"alt_text":"","src":"https:\/\/i0.wp.com\/www.wallendorff.com\/belogue\/wp-content\/uploads\/2018\/07\/20180727-50.jpg?resize=350%2C200&ssl=1","width":350,"height":200,"srcset":"https:\/\/i0.wp.com\/www.wallendorff.com\/belogue\/wp-content\/uploads\/2018\/07\/20180727-50.jpg?resize=350%2C200&ssl=1 1x, https:\/\/i0.wp.com\/www.wallendorff.com\/belogue\/wp-content\/uploads\/2018\/07\/20180727-50.jpg?resize=525%2C300&ssl=1 1.5x, https:\/\/i0.wp.com\/www.wallendorff.com\/belogue\/wp-content\/uploads\/2018\/07\/20180727-50.jpg?resize=700%2C400&ssl=1 2x, https:\/\/i0.wp.com\/www.wallendorff.com\/belogue\/wp-content\/uploads\/2018\/07\/20180727-50.jpg?resize=1050%2C600&ssl=1 3x"},"classes":[]},{"id":29629,"url":"https:\/\/www.wallendorff.com\/belogue\/2015\/11\/08\/garbage-le-zenith-paris\/","url_meta":{"origin":29876,"position":4},"title":"Garbage @ le Z\u00e9nith, Paris.","author":"dpc","date":"8 novembre 2015","format":false,"excerpt":"Alien Sex Fiend (20 Years Queer video intro) | Subhuman | Supervixen | Queer | Girl Don't Come | As Heaven Is Wide | The Butterfly Collector (The Jam) | Not My Idea | Trip My Wire | Milk | Fix Me Now | My Lover's Box | Sleep |\u2026","rel":"","context":"Dans &quot;Alive&quot;","block_context":{"text":"Alive","link":"https:\/\/www.wallendorff.com\/belogue\/category\/alive\/"},"img":{"alt_text":"","src":"https:\/\/i0.wp.com\/www.wallendorff.com\/belogue\/wp-content\/uploads\/2015\/11\/20151108-281.jpg?resize=350%2C200&ssl=1","width":350,"height":200,"srcset":"https:\/\/i0.wp.com\/www.wallendorff.com\/belogue\/wp-content\/uploads\/2015\/11\/20151108-281.jpg?resize=350%2C200&ssl=1 1x, https:\/\/i0.wp.com\/www.wallendorff.com\/belogue\/wp-content\/uploads\/2015\/11\/20151108-281.jpg?resize=525%2C300&ssl=1 1.5x, https:\/\/i0.wp.com\/www.wallendorff.com\/belogue\/wp-content\/uploads\/2015\/11\/20151108-281.jpg?resize=700%2C400&ssl=1 2x"},"classes":[]},{"id":30256,"url":"https:\/\/www.wallendorff.com\/belogue\/2016\/02\/17\/704-et-demi\/","url_meta":{"origin":29876,"position":5},"title":"704 et demi.","author":"dpc","date":"17 f\u00e9vrier 2016","format":false,"excerpt":"Cet article fait suite \u00e0 704, publi\u00e9 le 16 novembre dernier. On ne m'a pas accr\u00e9dit\u00e9, comme la premi\u00e8re fois. C'est gr\u00e2ce \u00e0 lui et gr\u00e2ce \u00e0 elle que j'ai pu avoir une place1, comme la premi\u00e8re fois. Puis il m\u2019a dit qu\u2019il ne pourrait venir qu\u2019\u00e0 21\u00a0h, comme la\u2026","rel":"","context":"Dans &quot;Alive&quot;","block_context":{"text":"Alive","link":"https:\/\/www.wallendorff.com\/belogue\/category\/alive\/"},"img":{"alt_text":"","src":"https:\/\/i0.wp.com\/www.wallendorff.com\/belogue\/wp-content\/uploads\/2016\/02\/20160217.jpg?resize=350%2C200&ssl=1","width":350,"height":200,"srcset":"https:\/\/i0.wp.com\/www.wallendorff.com\/belogue\/wp-content\/uploads\/2016\/02\/20160217.jpg?resize=350%2C200&ssl=1 1x, https:\/\/i0.wp.com\/www.wallendorff.com\/belogue\/wp-content\/uploads\/2016\/02\/20160217.jpg?resize=525%2C300&ssl=1 1.5x, https:\/\/i0.wp.com\/www.wallendorff.com\/belogue\/wp-content\/uploads\/2016\/02\/20160217.jpg?resize=700%2C400&ssl=1 2x"},"classes":[]}],"_links":{"self":[{"href":"https:\/\/www.wallendorff.com\/belogue\/wp-json\/wp\/v2\/posts\/29876","targetHints":{"allow":["GET"]}}],"collection":[{"href":"https:\/\/www.wallendorff.com\/belogue\/wp-json\/wp\/v2\/posts"}],"about":[{"href":"https:\/\/www.wallendorff.com\/belogue\/wp-json\/wp\/v2\/types\/post"}],"author":[{"embeddable":true,"href":"https:\/\/www.wallendorff.com\/belogue\/wp-json\/wp\/v2\/users\/1"}],"replies":[{"embeddable":true,"href":"https:\/\/www.wallendorff.com\/belogue\/wp-json\/wp\/v2\/comments?post=29876"}],"version-history":[{"count":2,"href":"https:\/\/www.wallendorff.com\/belogue\/wp-json\/wp\/v2\/posts\/29876\/revisions"}],"predecessor-version":[{"id":29879,"href":"https:\/\/www.wallendorff.com\/belogue\/wp-json\/wp\/v2\/posts\/29876\/revisions\/29879"}],"wp:featuredmedia":[{"embeddable":true,"href":"https:\/\/www.wallendorff.com\/belogue\/wp-json\/wp\/v2\/media\/29878"}],"wp:attachment":[{"href":"https:\/\/www.wallendorff.com\/belogue\/wp-json\/wp\/v2\/media?parent=29876"}],"wp:term":[{"taxonomy":"category","embeddable":true,"href":"https:\/\/www.wallendorff.com\/belogue\/wp-json\/wp\/v2\/categories?post=29876"},{"taxonomy":"post_tag","embeddable":true,"href":"https:\/\/www.wallendorff.com\/belogue\/wp-json\/wp\/v2\/tags?post=29876"}],"curies":[{"name":"wp","href":"https:\/\/api.w.org\/{rel}","templated":true}]}}