{"id":298,"date":"2005-08-05T10:49:41","date_gmt":"2005-08-05T10:49:41","guid":{"rendered":"http:\/\/www.po-l.com\/wordpress\/?p=298"},"modified":"2012-06-14T09:25:33","modified_gmt":"2012-06-14T07:25:33","slug":"le-rock-entache","status":"publish","type":"post","link":"https:\/\/www.wallendorff.com\/belogue\/2005\/08\/05\/le-rock-entache\/","title":{"rendered":"Le rock entache."},"content":{"rendered":"\n<div id=\"photo\">\n<p><img decoding=\"async\" src=\"http:\/\/www.po-L.com\/belogue\/photo\/2005\/08\/20050805.jpg\" \/><br \/>\n          Clifford St., D&eacute;troit, 6 f&eacute;vrier.<\/p>\n<\/p><\/div>\n<p style=\"text-align:right\">C&rsquo;est vrai que c&rsquo;est pas mal non plus, les photos de fin fond de tiroir, le rock n&rsquo;roll, les presque usines Packard et les presque Stripes en fond.<\/p>\n<div id=\"bandeson\">\n<p><img decoding=\"async\" src=\"https:\/\/www.wallendorff.com\/belogue\/photo\/pochettes\/p\/paybacks_the-knock_loud.jpg\" align=\"left\" \/>&nbsp;<a href=\"http:\/\/www.myspace.com\/thepaybacks\">The Paybacks<\/a> &ndash; <em>Tie Me in a Knot<\/em><\/p>\n<\/div>\n","protected":false},"excerpt":{"rendered":"<p>Clifford St., D&eacute;troit, 6 f&eacute;vrier. C&rsquo;est vrai que c&rsquo;est pas mal non plus, les photos de fin fond de tiroir, le rock n&rsquo;roll, les presque usines Packard et les presque Stripes en fond. &nbsp;The Paybacks &ndash; Tie Me in a Knot<\/p>\n","protected":false},"author":1,"featured_media":24238,"comment_status":"open","ping_status":"open","sticky":false,"template":"","format":"standard","meta":{"_acf_changed":false,"ngg_post_thumbnail":0,"jetpack_post_was_ever_published":false,"_jetpack_newsletter_access":"","_jetpack_dont_email_post_to_subs":false,"_jetpack_newsletter_tier_id":0,"_jetpack_memberships_contains_paywalled_content":false,"_jetpack_memberships_contains_paid_content":false,"footnotes":"","jetpack_publicize_message":"","jetpack_publicize_feature_enabled":true,"jetpack_social_post_already_shared":false,"jetpack_social_options":{"image_generator_settings":{"template":"highway","default_image_id":0,"font":"","enabled":false},"version":2}},"categories":[3],"tags":[155,132,1174,10099,55,54,10101,10202,82,1173],"class_list":["post-298","post","type-post","status-publish","format-standard","has-post-thumbnail","hentry","category-dpc","tag-ef-s-18-55-mm-f35-56-ii","tag-eos-20d","tag-clifford-street","tag-detroit","tag-etats-unis","tag-michigan","tag-parking","tag-ruines","tag-the-paybacks","tag-tie-me-in-a-knot"],"acf":[],"geo":{"latitude":42.3360939,"longitude":-83.0539246,"description":null},"jetpack_publicize_connections":[],"jetpack_featured_media_url":"https:\/\/www.wallendorff.com\/belogue\/wp-content\/uploads\/2015\/04\/200508051.jpg","jetpack_shortlink":"https:\/\/wp.me\/p3b35P-4O","jetpack_sharing_enabled":true,"jetpack-related-posts":[{"id":762,"url":"https:\/\/www.wallendorff.com\/belogue\/2004\/06\/21\/the-paybacks-rock-city-festival-detroit\/","url_meta":{"origin":298,"position":0},"title":"Rock City Festival, D\u00e9troit.","author":"dpc","date":"21 juin 2004","format":false,"excerpt":"Blanche. On croirait que ce groupe n\u2019existe que pour permettre \u00e0 Dan et Tracee Miller (cravate et robe blanche) de montrer au monde \u00e0 quel point ils s\u2019aiment. Sur sc\u00e8ne, \u00e7a d\u00e9borde d\u2019amour mutuel. Et musicalement \u00e7a reste le nez enfonc\u00e9 dans le r\u00e9troviseur. Ils sont \u00e0 Belfort cette ann\u00e9e,\u2026","rel":"","context":"Dans &quot;Alive&quot;","block_context":{"text":"Alive","link":"https:\/\/www.wallendorff.com\/belogue\/category\/alive\/"},"img":{"alt_text":"","src":"https:\/\/i0.wp.com\/www.wallendorff.com\/belogue\/wp-content\/uploads\/2015\/04\/200406211.jpg?resize=350%2C200&ssl=1","width":350,"height":200,"srcset":"https:\/\/i0.wp.com\/www.wallendorff.com\/belogue\/wp-content\/uploads\/2015\/04\/200406211.jpg?resize=350%2C200&ssl=1 1x, https:\/\/i0.wp.com\/www.wallendorff.com\/belogue\/wp-content\/uploads\/2015\/04\/200406211.jpg?resize=525%2C300&ssl=1 1.5x, https:\/\/i0.wp.com\/www.wallendorff.com\/belogue\/wp-content\/uploads\/2015\/04\/200406211.jpg?resize=700%2C400&ssl=1 2x"},"classes":[]},{"id":507,"url":"https:\/\/www.wallendorff.com\/belogue\/2005\/01\/10\/the-paybacks-the-blind-pig-ann-arbor-8-janvier\/","url_meta":{"origin":298,"position":1},"title":"The Paybacks @ The Blind Pig, Ann Arbor, 8 janvier.","author":"dpc","date":"10 janvier 2005","format":false,"excerpt":"Les concerts de groupes qui jouent \u00e0 la maison, c'est toujours sympa. Surtout quand il fait froid dehors: On est content de trouver dedans une atmosph\u00e8re chaleureuse, relev\u00e9e \u00e0 la tequila. \"Ce morceau est d\u00e9di\u00e9 \u00e0 notre pote du fond, et le suivant le sera \u00e0 l'autre, l\u00e0, celui qui\u2026","rel":"","context":"Dans &quot;Alive&quot;","block_context":{"text":"Alive","link":"https:\/\/www.wallendorff.com\/belogue\/category\/alive\/"},"img":{"alt_text":"","src":"https:\/\/i0.wp.com\/www.wallendorff.com\/belogue\/wp-content\/uploads\/2015\/04\/200501091.jpg?resize=350%2C200&ssl=1","width":350,"height":200,"srcset":"https:\/\/i0.wp.com\/www.wallendorff.com\/belogue\/wp-content\/uploads\/2015\/04\/200501091.jpg?resize=350%2C200&ssl=1 1x, https:\/\/i0.wp.com\/www.wallendorff.com\/belogue\/wp-content\/uploads\/2015\/04\/200501091.jpg?resize=525%2C300&ssl=1 1.5x, https:\/\/i0.wp.com\/www.wallendorff.com\/belogue\/wp-content\/uploads\/2015\/04\/200501091.jpg?resize=700%2C400&ssl=1 2x"},"classes":[]},{"id":401,"url":"https:\/\/www.wallendorff.com\/belogue\/2005\/04\/18\/sein-drole-de-l-apache-blanche\/","url_meta":{"origin":298,"position":2},"title":"Sein dr&ocirc;le de l&rsquo;Apache blanche&sup1;.","author":"dpc","date":"18 avril 2005","format":false,"excerpt":"Passerelle Solf\u00e9rino, Paris, 11 avril. [Je m'excuse une fois de plus aupr\u00e8s de ceux qui ne souhaitaient pas se faire d\u00e9crasser les oreilles de la sorte, surtout un lundi matin.] [mais bon, quand m\u00eame, un Paybacks, comme \u00e7a, hein, bon. Detroit Rock City, quoi.] _____ 1 En langage clair\u00a0: \u00ab\u00a0\u00e7a\u2026","rel":"","context":"Dans &quot;DPC&quot;","block_context":{"text":"DPC","link":"https:\/\/www.wallendorff.com\/belogue\/category\/dpc\/"},"img":{"alt_text":"","src":"https:\/\/i0.wp.com\/www.wallendorff.com\/belogue\/wp-content\/uploads\/2015\/04\/200504181.jpg?resize=350%2C200&ssl=1","width":350,"height":200},"classes":[]},{"id":398,"url":"https:\/\/www.wallendorff.com\/belogue\/2005\/04\/20\/here-we-go-folks\/","url_meta":{"origin":298,"position":3},"title":"Here we go, folks.","author":"dpc","date":"20 avril 2005","format":false,"excerpt":"Magic Stick, D\u00e9troit, 26 novembre 20041. Tout \u00e7a pour vous dire qu'aujourd'hui commence ceci2. Que dans ce cadre, y a une chouette\u00a0expo de photos de\u00a0Sue Rynski\u00a0au Majestic Caf\u00e9, que Sue Rynski, je trouve qu'elle a une vie cool3, et que je savais pas que Gotlib4 avait fait du rock. Ah\u2026","rel":"","context":"Dans &quot;DPC&quot;","block_context":{"text":"DPC","link":"https:\/\/www.wallendorff.com\/belogue\/category\/dpc\/"},"img":{"alt_text":"","src":"https:\/\/i0.wp.com\/www.wallendorff.com\/belogue\/wp-content\/uploads\/2015\/04\/20050420-21.jpg?resize=350%2C200&ssl=1","width":350,"height":200},"classes":[]},{"id":796,"url":"https:\/\/www.wallendorff.com\/belogue\/2006\/09\/26\/batteur-a-eux\/","url_meta":{"origin":298,"position":4},"title":"Batteur [\u00e0 eux].","author":"dpc","date":"26 septembre 2006","format":false,"excerpt":"Plus 44, le Trabendo, Paris, 20 septembre. Il ont un site officiel en travaux depuis moult, un label fant\u00f4me, \u00e7a fait deux ans que tout le monde1 attend leur 3e album et enfin, \u00e7a y est, LeurEspace en offre 4 morceaux qui disjoignent leur ethnie grave je te dis pas.\u2026","rel":"","context":"Dans &quot;DPC&quot;","block_context":{"text":"DPC","link":"https:\/\/www.wallendorff.com\/belogue\/category\/dpc\/"},"img":{"alt_text":"","src":"https:\/\/i0.wp.com\/www.wallendorff.com\/belogue\/wp-content\/uploads\/2015\/04\/200609261.jpg?resize=350%2C200&ssl=1","width":350,"height":200},"classes":[]},{"id":325,"url":"https:\/\/www.wallendorff.com\/belogue\/2005\/07\/05\/les-eurockeennes-belfort-day-1\/","url_meta":{"origin":298,"position":5},"title":"Les Eurock&eacute;ennes, Belfort, day #1.","author":"dpc","date":"5 juillet 2005","format":false,"excerpt":"Premier jour, donc. Apr\u00e8s v\u00e9rification, s\u00e9lection, pr\u00e9paration et validation, il s'av\u00e8re qu'il n'y aura pas de photo du troisi\u00e8me jour ici. J'ai d\u00fb quitter le site t\u00f4t, pour de sombres raisons de week-end tirant sur sa fin, et ce que j'ai eu le temps de prendre, avant, ne vaut pas\u2026","rel":"","context":"Dans &quot;Alive&quot;","block_context":{"text":"Alive","link":"https:\/\/www.wallendorff.com\/belogue\/category\/alive\/"},"img":{"alt_text":"","src":"https:\/\/i0.wp.com\/www.wallendorff.com\/belogue\/wp-content\/uploads\/2015\/04\/200507051.jpg?resize=350%2C200&ssl=1","width":350,"height":200,"srcset":"https:\/\/i0.wp.com\/www.wallendorff.com\/belogue\/wp-content\/uploads\/2015\/04\/200507051.jpg?resize=350%2C200&ssl=1 1x, https:\/\/i0.wp.com\/www.wallendorff.com\/belogue\/wp-content\/uploads\/2015\/04\/200507051.jpg?resize=525%2C300&ssl=1 1.5x, https:\/\/i0.wp.com\/www.wallendorff.com\/belogue\/wp-content\/uploads\/2015\/04\/200507051.jpg?resize=700%2C400&ssl=1 2x"},"classes":[]}],"_links":{"self":[{"href":"https:\/\/www.wallendorff.com\/belogue\/wp-json\/wp\/v2\/posts\/298","targetHints":{"allow":["GET"]}}],"collection":[{"href":"https:\/\/www.wallendorff.com\/belogue\/wp-json\/wp\/v2\/posts"}],"about":[{"href":"https:\/\/www.wallendorff.com\/belogue\/wp-json\/wp\/v2\/types\/post"}],"author":[{"embeddable":true,"href":"https:\/\/www.wallendorff.com\/belogue\/wp-json\/wp\/v2\/users\/1"}],"replies":[{"embeddable":true,"href":"https:\/\/www.wallendorff.com\/belogue\/wp-json\/wp\/v2\/comments?post=298"}],"version-history":[{"count":1,"href":"https:\/\/www.wallendorff.com\/belogue\/wp-json\/wp\/v2\/posts\/298\/revisions"}],"predecessor-version":[{"id":17730,"href":"https:\/\/www.wallendorff.com\/belogue\/wp-json\/wp\/v2\/posts\/298\/revisions\/17730"}],"wp:featuredmedia":[{"embeddable":true,"href":"https:\/\/www.wallendorff.com\/belogue\/wp-json\/wp\/v2\/media\/24238"}],"wp:attachment":[{"href":"https:\/\/www.wallendorff.com\/belogue\/wp-json\/wp\/v2\/media?parent=298"}],"wp:term":[{"taxonomy":"category","embeddable":true,"href":"https:\/\/www.wallendorff.com\/belogue\/wp-json\/wp\/v2\/categories?post=298"},{"taxonomy":"post_tag","embeddable":true,"href":"https:\/\/www.wallendorff.com\/belogue\/wp-json\/wp\/v2\/tags?post=298"}],"curies":[{"name":"wp","href":"https:\/\/api.w.org\/{rel}","templated":true}]}}