{"id":29751,"date":"2015-12-14T12:29:30","date_gmt":"2015-12-14T10:29:30","guid":{"rendered":"http:\/\/www.wallendorff.com\/belogue\/?p=29751"},"modified":"2018-05-23T08:06:00","modified_gmt":"2018-05-23T06:06:00","slug":"shooting-people-113","status":"publish","type":"post","link":"https:\/\/www.wallendorff.com\/belogue\/2015\/12\/14\/shooting-people-113\/","title":{"rendered":"Shooting people #113."},"content":{"rendered":"\n<div id=\"photo\">\n<p><img decoding=\"async\" src=\"https:\/\/www.wallendorff.com\/belogue\/photo\/2015\/12\/20151214.jpg\"><br \/>\nVillebon-sur-Yvette, 17 ao&ucirc;t.<\/p>\n<\/p><\/div>\n<div id=\"bandeson\">\n<p><img decoding=\"async\" src=\"https:\/\/www.wallendorff.com\/belogue\/photo\/pochettes\/f\/fidlar-too.jpg\" align=\"left\" \/><a style=\"font-weight:normal\" id=\"lienmp3\" href=\"http:\/\/www.youtube.com\/watch?v=ztlZq_qqu-4\"><em>West Coast<\/em><\/a><br \/>\n<a href=\"http:\/\/fidlarmusic.com\/\">FIDLAR<\/a><\/p>\n<\/p><\/div>\n","protected":false},"excerpt":{"rendered":"<p>Villebon-sur-Yvette, 17 ao&ucirc;t. West Coast FIDLAR<\/p>\n","protected":false},"author":1,"featured_media":29754,"comment_status":"open","ping_status":"open","sticky":false,"template":"","format":"standard","meta":{"_acf_changed":false,"ngg_post_thumbnail":0,"jetpack_post_was_ever_published":false,"_jetpack_newsletter_access":"","_jetpack_dont_email_post_to_subs":false,"_jetpack_newsletter_tier_id":0,"_jetpack_memberships_contains_paywalled_content":false,"_jetpack_memberships_contains_paid_content":false,"footnotes":"","jetpack_publicize_message":"","jetpack_publicize_feature_enabled":true,"jetpack_social_post_already_shared":true,"jetpack_social_options":{"image_generator_settings":{"template":"highway","default_image_id":0,"font":"","enabled":false},"version":2}},"categories":[8],"tags":[8170,8351,10322,10294,11242,10120,10121,10959,13090,12557,12711],"class_list":["post-29751","post","type-post","status-publish","format-standard","has-post-thumbnail","hentry","category-portraits","tag-ef-24-70-mm-f2-8l-ii-usm","tag-eos-6d","tag-couloir","tag-essonne","tag-fidlar","tag-france","tag-ile-de-france","tag-saut","tag-too","tag-villebon-sur-yvette","tag-west-coast"],"acf":[],"geo":{"latitude":48.6901245,"longitude":2.2168887,"description":"Villejust, \u00cele-de-France, 91140, FR"},"jetpack_publicize_connections":[],"jetpack_featured_media_url":"https:\/\/www.wallendorff.com\/belogue\/wp-content\/uploads\/2015\/12\/20151214.jpg","jetpack_shortlink":"https:\/\/wp.me\/p3b35P-7JR","jetpack_sharing_enabled":true,"jetpack-related-posts":[{"id":31554,"url":"https:\/\/www.wallendorff.com\/belogue\/2016\/07\/14\/fidlar-la-maroquinerie-paris\/","url_meta":{"origin":29751,"position":0},"title":"FIDLAR @ la Maroquinerie, Paris.","author":"dpc","date":"14 juillet 2016","format":false,"excerpt":"Toujours aussi fous. Punks FIDLAR","rel":"","context":"Dans &quot;Alive&quot;","block_context":{"text":"Alive","link":"https:\/\/www.wallendorff.com\/belogue\/category\/alive\/"},"img":{"alt_text":"","src":"https:\/\/i0.wp.com\/www.wallendorff.com\/belogue\/wp-content\/uploads\/2016\/07\/20160714-09-1.jpg?resize=350%2C200&ssl=1","width":350,"height":200,"srcset":"https:\/\/i0.wp.com\/www.wallendorff.com\/belogue\/wp-content\/uploads\/2016\/07\/20160714-09-1.jpg?resize=350%2C200&ssl=1 1x, https:\/\/i0.wp.com\/www.wallendorff.com\/belogue\/wp-content\/uploads\/2016\/07\/20160714-09-1.jpg?resize=525%2C300&ssl=1 1.5x, https:\/\/i0.wp.com\/www.wallendorff.com\/belogue\/wp-content\/uploads\/2016\/07\/20160714-09-1.jpg?resize=700%2C400&ssl=1 2x"},"classes":[]},{"id":22429,"url":"https:\/\/www.wallendorff.com\/belogue\/2014\/01\/21\/solives-me-alone\/","url_meta":{"origin":29751,"position":1},"title":"Solives me alone.","author":"dpc","date":"21 janvier 2014","format":false,"excerpt":"Centre Pompidou-Metz, Metz, 27 d\u00e9cembre 2013. Cocaine FIDLAR","rel":"","context":"Dans &quot;DPC&quot;","block_context":{"text":"DPC","link":"https:\/\/www.wallendorff.com\/belogue\/category\/dpc\/"},"img":{"alt_text":"","src":"https:\/\/i0.wp.com\/www.wallendorff.com\/belogue\/wp-content\/uploads\/2015\/04\/201401211.jpg?resize=350%2C200&ssl=1","width":350,"height":200,"srcset":"https:\/\/i0.wp.com\/www.wallendorff.com\/belogue\/wp-content\/uploads\/2015\/04\/201401211.jpg?resize=350%2C200&ssl=1 1x, https:\/\/i0.wp.com\/www.wallendorff.com\/belogue\/wp-content\/uploads\/2015\/04\/201401211.jpg?resize=525%2C300&ssl=1 1.5x"},"classes":[]},{"id":19740,"url":"https:\/\/www.wallendorff.com\/belogue\/2012\/12\/10\/chat-cest-encore-le\/","url_meta":{"origin":29751,"position":2},"title":"Chat (c&rsquo;est encore le).","author":"dpc","date":"10 d\u00e9cembre 2012","format":false,"excerpt":"Quai de Valmy, Paris, 19 ao\u00fbt. FIDLAR \u2013 Cheap Beer","rel":"","context":"Dans &quot;DPC&quot;","block_context":{"text":"DPC","link":"https:\/\/www.wallendorff.com\/belogue\/category\/dpc\/"},"img":{"alt_text":"","src":"https:\/\/i0.wp.com\/www.wallendorff.com\/belogue\/wp-content\/uploads\/2015\/04\/201212101.jpg?resize=350%2C200&ssl=1","width":350,"height":200,"srcset":"https:\/\/i0.wp.com\/www.wallendorff.com\/belogue\/wp-content\/uploads\/2015\/04\/201212101.jpg?resize=350%2C200&ssl=1 1x, https:\/\/i0.wp.com\/www.wallendorff.com\/belogue\/wp-content\/uploads\/2015\/04\/201212101.jpg?resize=525%2C300&ssl=1 1.5x, https:\/\/i0.wp.com\/www.wallendorff.com\/belogue\/wp-content\/uploads\/2015\/04\/201212101.jpg?resize=700%2C400&ssl=1 2x"},"classes":[]},{"id":29267,"url":"https:\/\/www.wallendorff.com\/belogue\/2015\/08\/31\/aout-2015\/","url_meta":{"origin":29751,"position":3},"title":"Ao\u00fbt 2015.","author":"dpc","date":"31 ao\u00fbt 2015","format":false,"excerpt":"Un clavier sale, un dernier coup d'\u0153il, des gens saouls, une pochette de di\u0161que, des toilettes en pochette d'album, un mannequin \u00e0 poulpe, un balcon, un b\u00e9b\u00e9, une belle bouteille, une nuit en ville, un chat qui s'appelle Henri-Krasucki, une derni\u00e8re main \u00e0 la d\u00e9co, une session photo, un rayon\u2026","rel":"","context":"Dans &quot;Blog-note&quot;","block_context":{"text":"Blog-note","link":"https:\/\/www.wallendorff.com\/belogue\/category\/blog-note\/"},"img":{"alt_text":"","src":"https:\/\/i0.wp.com\/www.wallendorff.com\/belogue\/wp-content\/uploads\/2015\/09\/20150925-051.jpg?resize=350%2C200&ssl=1","width":350,"height":200,"srcset":"https:\/\/i0.wp.com\/www.wallendorff.com\/belogue\/wp-content\/uploads\/2015\/09\/20150925-051.jpg?resize=350%2C200&ssl=1 1x, https:\/\/i0.wp.com\/www.wallendorff.com\/belogue\/wp-content\/uploads\/2015\/09\/20150925-051.jpg?resize=525%2C300&ssl=1 1.5x, https:\/\/i0.wp.com\/www.wallendorff.com\/belogue\/wp-content\/uploads\/2015\/09\/20150925-051.jpg?resize=700%2C400&ssl=1 2x"},"classes":[]},{"id":21565,"url":"https:\/\/www.wallendorff.com\/belogue\/2013\/09\/09\/soie-belge-et-des-toits\/","url_meta":{"origin":29751,"position":4},"title":"Soie belge et des toits.","author":"dpc","date":"9 septembre 2013","format":false,"excerpt":"Arcades du Cinquantenaire, Bruxelles, 4 ao\u00fbt. Version belge et diurne de celle-ci, oui. AwkwardFIDLAR","rel":"","context":"Dans &quot;DPC&quot;","block_context":{"text":"DPC","link":"https:\/\/www.wallendorff.com\/belogue\/category\/dpc\/"},"img":{"alt_text":"","src":"https:\/\/i0.wp.com\/www.wallendorff.com\/belogue\/wp-content\/uploads\/2015\/04\/201309091.jpg?resize=350%2C200&ssl=1","width":350,"height":200,"srcset":"https:\/\/i0.wp.com\/www.wallendorff.com\/belogue\/wp-content\/uploads\/2015\/04\/201309091.jpg?resize=350%2C200&ssl=1 1x, https:\/\/i0.wp.com\/www.wallendorff.com\/belogue\/wp-content\/uploads\/2015\/04\/201309091.jpg?resize=525%2C300&ssl=1 1.5x, https:\/\/i0.wp.com\/www.wallendorff.com\/belogue\/wp-content\/uploads\/2015\/04\/201309091.jpg?resize=700%2C400&ssl=1 2x"},"classes":[]},{"id":21283,"url":"https:\/\/www.wallendorff.com\/belogue\/2013\/07\/10\/les-eurockeennes-belfort-5-juillet\/","url_meta":{"origin":29751,"position":5},"title":"Les Eurock\u00e9ennes, Belfort, 5 juillet.","author":"dpc","date":"10 juillet 2013","format":false,"excerpt":"Manger du lard, errer dans la poussi\u00e8re, boire des bi\u00e8res, voir le coucher de soleil, re-boire des bi\u00e8res, regarder la radio, tra\u00eener au milieu des cadavres, finir dans une tente et rentrer sans ses pieds. L'ensemble des photos est sous ce mot-clef. She's Dead to Me The Von Bondies \u00a0","rel":"","context":"Dans &quot;Alive&quot;","block_context":{"text":"Alive","link":"https:\/\/www.wallendorff.com\/belogue\/category\/alive\/"},"img":{"alt_text":"","src":"https:\/\/i0.wp.com\/www.wallendorff.com\/belogue\/wp-content\/uploads\/2015\/04\/201307101.jpg?resize=350%2C200&ssl=1","width":350,"height":200,"srcset":"https:\/\/i0.wp.com\/www.wallendorff.com\/belogue\/wp-content\/uploads\/2015\/04\/201307101.jpg?resize=350%2C200&ssl=1 1x, https:\/\/i0.wp.com\/www.wallendorff.com\/belogue\/wp-content\/uploads\/2015\/04\/201307101.jpg?resize=525%2C300&ssl=1 1.5x, https:\/\/i0.wp.com\/www.wallendorff.com\/belogue\/wp-content\/uploads\/2015\/04\/201307101.jpg?resize=700%2C400&ssl=1 2x"},"classes":[]}],"_links":{"self":[{"href":"https:\/\/www.wallendorff.com\/belogue\/wp-json\/wp\/v2\/posts\/29751","targetHints":{"allow":["GET"]}}],"collection":[{"href":"https:\/\/www.wallendorff.com\/belogue\/wp-json\/wp\/v2\/posts"}],"about":[{"href":"https:\/\/www.wallendorff.com\/belogue\/wp-json\/wp\/v2\/types\/post"}],"author":[{"embeddable":true,"href":"https:\/\/www.wallendorff.com\/belogue\/wp-json\/wp\/v2\/users\/1"}],"replies":[{"embeddable":true,"href":"https:\/\/www.wallendorff.com\/belogue\/wp-json\/wp\/v2\/comments?post=29751"}],"version-history":[{"count":3,"href":"https:\/\/www.wallendorff.com\/belogue\/wp-json\/wp\/v2\/posts\/29751\/revisions"}],"predecessor-version":[{"id":29755,"href":"https:\/\/www.wallendorff.com\/belogue\/wp-json\/wp\/v2\/posts\/29751\/revisions\/29755"}],"wp:featuredmedia":[{"embeddable":true,"href":"https:\/\/www.wallendorff.com\/belogue\/wp-json\/wp\/v2\/media\/29754"}],"wp:attachment":[{"href":"https:\/\/www.wallendorff.com\/belogue\/wp-json\/wp\/v2\/media?parent=29751"}],"wp:term":[{"taxonomy":"category","embeddable":true,"href":"https:\/\/www.wallendorff.com\/belogue\/wp-json\/wp\/v2\/categories?post=29751"},{"taxonomy":"post_tag","embeddable":true,"href":"https:\/\/www.wallendorff.com\/belogue\/wp-json\/wp\/v2\/tags?post=29751"}],"curies":[{"name":"wp","href":"https:\/\/api.w.org\/{rel}","templated":true}]}}