{"id":29742,"date":"2015-12-08T12:27:53","date_gmt":"2015-12-08T10:27:53","guid":{"rendered":"http:\/\/www.wallendorff.com\/belogue\/?p=29742"},"modified":"2015-12-08T12:27:53","modified_gmt":"2015-12-08T10:27:53","slug":"lavion","status":"publish","type":"post","link":"https:\/\/www.wallendorff.com\/belogue\/2015\/12\/08\/lavion\/","title":{"rendered":"L&rsquo;avion."},"content":{"rendered":"\n<div id=\"photo\">\n<p><img decoding=\"async\" src=\"https:\/\/www.wallendorff.com\/belogue\/photo\/2015\/12\/20151208.jpg\"><br \/>\nPlaine de l&rsquo;Asse, Nyon, 24 juillet.<\/p>\n<\/p><\/div>\n<p style=\"text-align:right\">L&rsquo;avion.<\/p>\n<p style=\"text-align:right\">L&rsquo;avion.<\/p>\n<div id=\"bandeson\">\n<p><img decoding=\"async\" src=\"https:\/\/www.wallendorff.com\/belogue\/photo\/pochettes\/e\/exmagician-kiss_that_wealth_goodbye.jpg\" align=\"left\" \/><a style=\"font-weight:normal\" id=\"lienmp3\" href=\"http:\/\/www.youtube.com\/watch?v=2SedWyC-9T8\"><em>Kiss That Wealth Goodbye<\/em><\/a><br \/>\n<a href=\"http:\/\/www.tenclub.net\/\">Exmagician<\/a><\/p>\n<\/p><\/div>\n","protected":false},"excerpt":{"rendered":"<p>Plaine de l&rsquo;Asse, Nyon, 24 juillet. L&rsquo;avion. L&rsquo;avion. Kiss That Wealth Goodbye Exmagician<\/p>\n","protected":false},"author":1,"featured_media":29744,"comment_status":"open","ping_status":"open","sticky":false,"template":"","format":"standard","meta":{"_acf_changed":false,"ngg_post_thumbnail":0,"jetpack_post_was_ever_published":false,"_jetpack_newsletter_access":"","_jetpack_dont_email_post_to_subs":false,"_jetpack_newsletter_tier_id":0,"_jetpack_memberships_contains_paywalled_content":false,"_jetpack_memberships_contains_paid_content":false,"footnotes":"","jetpack_publicize_message":"","jetpack_publicize_feature_enabled":true,"jetpack_social_post_already_shared":true,"jetpack_social_options":{"image_generator_settings":{"template":"highway","default_image_id":0,"font":"","enabled":false},"version":2}},"categories":[3],"tags":[10176,8170,8351,10887,10144,7859,12708,12709,10599,10449,12099,10886],"class_list":["post-29742","post","type-post","status-publish","format-standard","has-post-thumbnail","hentry","category-dpc","tag-avion","tag-ef-24-70-mm-f2-8l-ii-usm","tag-eos-6d","tag-canton-de-vaud","tag-ciel","tag-district-de-nyon","tag-exmagician","tag-kiss-that-wealth-goodbye","tag-nuage","tag-nyon","tag-plaine-de-lasse","tag-suisse"],"acf":[],"geo":{"latitude":46.4043083,"longitude":6.2068462,"description":"Signy, Canton de Vaud, 1274, CH"},"jetpack_publicize_connections":[],"jetpack_featured_media_url":"https:\/\/www.wallendorff.com\/belogue\/wp-content\/uploads\/2015\/12\/20151208.jpg","jetpack_shortlink":"https:\/\/wp.me\/s3b35P-lavion","jetpack_sharing_enabled":true,"jetpack-related-posts":[{"id":42711,"url":"https:\/\/www.wallendorff.com\/belogue\/2019\/07\/24\/paleo-festival-2019-nyon-jour-1\/","url_meta":{"origin":29742,"position":0},"title":"Pal\u00e9o Festival 2019, Nyon, jour 1.","author":"dpc","date":"24 juillet 2019","format":false,"excerpt":"\u00a0","rel":"","context":"Dans &quot;Alive&quot;","block_context":{"text":"Alive","link":"https:\/\/www.wallendorff.com\/belogue\/category\/alive\/"},"img":{"alt_text":"","src":"https:\/\/i0.wp.com\/www.wallendorff.com\/belogue\/wp-content\/uploads\/2019\/07\/20190724-66.jpg?resize=350%2C200&ssl=1","width":350,"height":200,"srcset":"https:\/\/i0.wp.com\/www.wallendorff.com\/belogue\/wp-content\/uploads\/2019\/07\/20190724-66.jpg?resize=350%2C200&ssl=1 1x, https:\/\/i0.wp.com\/www.wallendorff.com\/belogue\/wp-content\/uploads\/2019\/07\/20190724-66.jpg?resize=525%2C300&ssl=1 1.5x, https:\/\/i0.wp.com\/www.wallendorff.com\/belogue\/wp-content\/uploads\/2019\/07\/20190724-66.jpg?resize=700%2C400&ssl=1 2x, https:\/\/i0.wp.com\/www.wallendorff.com\/belogue\/wp-content\/uploads\/2019\/07\/20190724-66.jpg?resize=1050%2C600&ssl=1 3x"},"classes":[]},{"id":23409,"url":"https:\/\/www.wallendorff.com\/belogue\/2014\/09\/29\/into-the-wide-33\/","url_meta":{"origin":29742,"position":1},"title":"Into the wide #33.","author":"dpc","date":"29 septembre 2014","format":false,"excerpt":"Hunger of the Pine \u0394","rel":"","context":"Dans &quot;Into the wide&quot;","block_context":{"text":"Into the wide","link":"https:\/\/www.wallendorff.com\/belogue\/category\/into-the-wide\/"},"img":{"alt_text":"","src":"https:\/\/i0.wp.com\/www.wallendorff.com\/belogue\/wp-content\/uploads\/2015\/04\/201409291.jpg?resize=350%2C200&ssl=1","width":350,"height":200,"srcset":"https:\/\/i0.wp.com\/www.wallendorff.com\/belogue\/wp-content\/uploads\/2015\/04\/201409291.jpg?resize=350%2C200&ssl=1 1x, https:\/\/i0.wp.com\/www.wallendorff.com\/belogue\/wp-content\/uploads\/2015\/04\/201409291.jpg?resize=525%2C300&ssl=1 1.5x, https:\/\/i0.wp.com\/www.wallendorff.com\/belogue\/wp-content\/uploads\/2015\/04\/201409291.jpg?resize=700%2C400&ssl=1 2x"},"classes":[]},{"id":42951,"url":"https:\/\/www.wallendorff.com\/belogue\/2019\/07\/26\/paleo-festival-2019-nyon-jour-3\/","url_meta":{"origin":29742,"position":2},"title":"Pal\u00e9o Festival 2019, Nyon, jour 3.","author":"dpc","date":"26 juillet 2019","format":false,"excerpt":"","rel":"","context":"Dans &quot;Alive&quot;","block_context":{"text":"Alive","link":"https:\/\/www.wallendorff.com\/belogue\/category\/alive\/"},"img":{"alt_text":"","src":"https:\/\/i0.wp.com\/www.wallendorff.com\/belogue\/wp-content\/uploads\/2019\/07\/20190726-84.jpg?resize=350%2C200&ssl=1","width":350,"height":200,"srcset":"https:\/\/i0.wp.com\/www.wallendorff.com\/belogue\/wp-content\/uploads\/2019\/07\/20190726-84.jpg?resize=350%2C200&ssl=1 1x, https:\/\/i0.wp.com\/www.wallendorff.com\/belogue\/wp-content\/uploads\/2019\/07\/20190726-84.jpg?resize=525%2C300&ssl=1 1.5x, https:\/\/i0.wp.com\/www.wallendorff.com\/belogue\/wp-content\/uploads\/2019\/07\/20190726-84.jpg?resize=700%2C400&ssl=1 2x, https:\/\/i0.wp.com\/www.wallendorff.com\/belogue\/wp-content\/uploads\/2019\/07\/20190726-84.jpg?resize=1050%2C600&ssl=1 3x"},"classes":[]},{"id":42794,"url":"https:\/\/www.wallendorff.com\/belogue\/2019\/07\/25\/paleo-festival-2019-nyon-jour-2\/","url_meta":{"origin":29742,"position":3},"title":"Pal\u00e9o Festival 2019, Nyon, jour 2.","author":"dpc","date":"25 juillet 2019","format":false,"excerpt":"","rel":"","context":"Dans &quot;Alive&quot;","block_context":{"text":"Alive","link":"https:\/\/www.wallendorff.com\/belogue\/category\/alive\/"},"img":{"alt_text":"","src":"https:\/\/i0.wp.com\/www.wallendorff.com\/belogue\/wp-content\/uploads\/2019\/07\/20190725-64.jpg?resize=350%2C200&ssl=1","width":350,"height":200,"srcset":"https:\/\/i0.wp.com\/www.wallendorff.com\/belogue\/wp-content\/uploads\/2019\/07\/20190725-64.jpg?resize=350%2C200&ssl=1 1x, https:\/\/i0.wp.com\/www.wallendorff.com\/belogue\/wp-content\/uploads\/2019\/07\/20190725-64.jpg?resize=525%2C300&ssl=1 1.5x, https:\/\/i0.wp.com\/www.wallendorff.com\/belogue\/wp-content\/uploads\/2019\/07\/20190725-64.jpg?resize=700%2C400&ssl=1 2x, https:\/\/i0.wp.com\/www.wallendorff.com\/belogue\/wp-content\/uploads\/2019\/07\/20190725-64.jpg?resize=1050%2C600&ssl=1 3x"},"classes":[]},{"id":23255,"url":"https:\/\/www.wallendorff.com\/belogue\/2014\/08\/05\/paleo-festival-nyon-26-juillet\/","url_meta":{"origin":29742,"position":4},"title":"Pal\u00e9o Festival, Nyon, 26 juillet.","author":"dpc","date":"5 ao\u00fbt 2014","format":false,"excerpt":"Samedi embourb\u00e9, on tra\u00eene 5\u00a0kg de terre par godasse et on glisse dans les pentes. Casseurs Flowters impressionnants dans le coucher de soleil, un tour de grande roue et des Fills Monkey g\u00e9niaux. Pour le reste des photos, suivre ce lien. So Destroyed Prince Rama \u00a0","rel":"","context":"Dans &quot;Alive&quot;","block_context":{"text":"Alive","link":"https:\/\/www.wallendorff.com\/belogue\/category\/alive\/"},"img":{"alt_text":"","src":"https:\/\/i0.wp.com\/www.wallendorff.com\/belogue\/wp-content\/uploads\/2015\/04\/201408051.jpg?resize=350%2C200&ssl=1","width":350,"height":200,"srcset":"https:\/\/i0.wp.com\/www.wallendorff.com\/belogue\/wp-content\/uploads\/2015\/04\/201408051.jpg?resize=350%2C200&ssl=1 1x, https:\/\/i0.wp.com\/www.wallendorff.com\/belogue\/wp-content\/uploads\/2015\/04\/201408051.jpg?resize=525%2C300&ssl=1 1.5x, https:\/\/i0.wp.com\/www.wallendorff.com\/belogue\/wp-content\/uploads\/2015\/04\/201408051.jpg?resize=700%2C400&ssl=1 2x"},"classes":[]},{"id":43043,"url":"https:\/\/www.wallendorff.com\/belogue\/2019\/07\/27\/paleo-festival-2019-nyon-jour-4\/","url_meta":{"origin":29742,"position":5},"title":"Pal\u00e9o Festival 2019, Nyon, jour 4.","author":"dpc","date":"27 juillet 2019","format":false,"excerpt":"","rel":"","context":"Dans &quot;Alive&quot;","block_context":{"text":"Alive","link":"https:\/\/www.wallendorff.com\/belogue\/category\/alive\/"},"img":{"alt_text":"","src":"https:\/\/i0.wp.com\/www.wallendorff.com\/belogue\/wp-content\/uploads\/2019\/07\/20190727-31.jpg?resize=350%2C200&ssl=1","width":350,"height":200,"srcset":"https:\/\/i0.wp.com\/www.wallendorff.com\/belogue\/wp-content\/uploads\/2019\/07\/20190727-31.jpg?resize=350%2C200&ssl=1 1x, https:\/\/i0.wp.com\/www.wallendorff.com\/belogue\/wp-content\/uploads\/2019\/07\/20190727-31.jpg?resize=525%2C300&ssl=1 1.5x, https:\/\/i0.wp.com\/www.wallendorff.com\/belogue\/wp-content\/uploads\/2019\/07\/20190727-31.jpg?resize=700%2C400&ssl=1 2x, https:\/\/i0.wp.com\/www.wallendorff.com\/belogue\/wp-content\/uploads\/2019\/07\/20190727-31.jpg?resize=1050%2C600&ssl=1 3x"},"classes":[]}],"_links":{"self":[{"href":"https:\/\/www.wallendorff.com\/belogue\/wp-json\/wp\/v2\/posts\/29742","targetHints":{"allow":["GET"]}}],"collection":[{"href":"https:\/\/www.wallendorff.com\/belogue\/wp-json\/wp\/v2\/posts"}],"about":[{"href":"https:\/\/www.wallendorff.com\/belogue\/wp-json\/wp\/v2\/types\/post"}],"author":[{"embeddable":true,"href":"https:\/\/www.wallendorff.com\/belogue\/wp-json\/wp\/v2\/users\/1"}],"replies":[{"embeddable":true,"href":"https:\/\/www.wallendorff.com\/belogue\/wp-json\/wp\/v2\/comments?post=29742"}],"version-history":[{"count":2,"href":"https:\/\/www.wallendorff.com\/belogue\/wp-json\/wp\/v2\/posts\/29742\/revisions"}],"predecessor-version":[{"id":29745,"href":"https:\/\/www.wallendorff.com\/belogue\/wp-json\/wp\/v2\/posts\/29742\/revisions\/29745"}],"wp:featuredmedia":[{"embeddable":true,"href":"https:\/\/www.wallendorff.com\/belogue\/wp-json\/wp\/v2\/media\/29744"}],"wp:attachment":[{"href":"https:\/\/www.wallendorff.com\/belogue\/wp-json\/wp\/v2\/media?parent=29742"}],"wp:term":[{"taxonomy":"category","embeddable":true,"href":"https:\/\/www.wallendorff.com\/belogue\/wp-json\/wp\/v2\/categories?post=29742"},{"taxonomy":"post_tag","embeddable":true,"href":"https:\/\/www.wallendorff.com\/belogue\/wp-json\/wp\/v2\/tags?post=29742"}],"curies":[{"name":"wp","href":"https:\/\/api.w.org\/{rel}","templated":true}]}}