{"id":29624,"date":"2015-11-05T16:31:11","date_gmt":"2015-11-05T14:31:11","guid":{"rendered":"http:\/\/www.wallendorff.com\/belogue\/?p=29624"},"modified":"2018-05-23T08:20:02","modified_gmt":"2018-05-23T06:20:02","slug":"late-on-the-pier-v","status":"publish","type":"post","link":"https:\/\/www.wallendorff.com\/belogue\/2015\/11\/05\/late-on-the-pier-v\/","title":{"rendered":"Late on the pier [V]."},"content":{"rendered":"\n<div id=\"photo\">\n<p><img decoding=\"async\" src=\"https:\/\/www.wallendorff.com\/belogue\/photo\/2015\/11\/20151105.jpg\"><br \/>\nSciez, 19 juillet.<\/p>\n<\/p><\/div>\n<p style=\"text-align:right\">La suite de <a href=\"https:\/\/www.wallendorff.com\/belogue\/2012\/08\/03\/late-on-the-pier-iii\/\">celle-ci<\/a>, pour ceux qui ont suivi.<\/p>\n<div id=\"bandeson\">\n<p><img decoding=\"async\" src=\"https:\/\/www.wallendorff.com\/belogue\/photo\/pochettes\/f\/foals-what_went_down.jpg\" align=\"left\" \/><a style=\"font-weight:normal\" id=\"lienmp3\" href=\"http:\/\/www.youtube.com\/watch?v=g-n4U2KZZVs\"><em>A Knife in the Ocean<\/em><\/a><br \/>\n<a href=\"http:\/\/www.foals.co.uk\/\">Foals<\/a><\/p>\n<\/p><\/div>\n","protected":false},"excerpt":{"rendered":"<p>Sciez, 19 juillet. La suite de celle-ci, pour ceux qui ont suivi. A Knife in the Ocean Foals<\/p>\n","protected":false},"author":1,"featured_media":29627,"comment_status":"open","ping_status":"open","sticky":false,"template":"","format":"standard","meta":{"_acf_changed":false,"ngg_post_thumbnail":0,"jetpack_post_was_ever_published":false,"_jetpack_newsletter_access":"","_jetpack_dont_email_post_to_subs":false,"_jetpack_newsletter_tier_id":0,"_jetpack_memberships_contains_paywalled_content":false,"_jetpack_memberships_contains_paid_content":false,"footnotes":"","jetpack_publicize_message":"","jetpack_publicize_feature_enabled":true,"jetpack_social_post_already_shared":true,"jetpack_social_options":{"image_generator_settings":{"template":"highway","default_image_id":0,"font":"","enabled":false},"version":2}},"categories":[3],"tags":[12657,2571,8351,12656,11022,10359,10484,10222,10120,10433,10719,10667,11041,10426,10714,10816,10293,10060,10407,12750],"class_list":["post-29624","post","type-post","status-publish","format-standard","has-post-thumbnail","hentry","category-dpc","tag-a-knife-in-the-ocean","tag-ef-16-35-mm-f28l-ii-usm","tag-eos-6d","tag-chemin-de-la-renouillere","tag-coucher-de-soleil","tag-couple","tag-eau","tag-foals","tag-france","tag-haute-savoie","tag-jetee","tag-lac","tag-lac-leman","tag-montagne","tag-plage","tag-ponton","tag-rhone-alpes","tag-sciez","tag-silhouette","tag-what-went-down-album"],"acf":[],"geo":{"latitude":46.3426666,"longitude":6.3928695,"description":"Sciez, Rh\u00f4ne-Alpes, 74140, FR"},"jetpack_publicize_connections":[],"jetpack_featured_media_url":"https:\/\/www.wallendorff.com\/belogue\/wp-content\/uploads\/2015\/11\/20151105.jpg","jetpack_shortlink":"https:\/\/wp.me\/p3b35P-7HO","jetpack_sharing_enabled":true,"jetpack-related-posts":[{"id":134893,"url":"https:\/\/www.wallendorff.com\/belogue\/2025\/12\/29\/late-on-the-pier-vi-2\/","url_meta":{"origin":29624,"position":0},"title":"Late on the pier [VI].","author":"dpc","date":"29 d\u00e9cembre 2025","format":false,"excerpt":"Sciez, 20 juillet 2025.La suite de celle-l\u00e0 et celle-ci, si vous suivez toujours.","rel":"","context":"Dans &quot;DPC&quot;","block_context":{"text":"DPC","link":"https:\/\/www.wallendorff.com\/belogue\/category\/dpc\/"},"img":{"alt_text":"","src":"https:\/\/i0.wp.com\/www.wallendorff.com\/belogue\/wp-content\/uploads\/2025\/12\/20251229.jpg?resize=350%2C200&ssl=1","width":350,"height":200,"srcset":"https:\/\/i0.wp.com\/www.wallendorff.com\/belogue\/wp-content\/uploads\/2025\/12\/20251229.jpg?resize=350%2C200&ssl=1 1x, https:\/\/i0.wp.com\/www.wallendorff.com\/belogue\/wp-content\/uploads\/2025\/12\/20251229.jpg?resize=525%2C300&ssl=1 1.5x, https:\/\/i0.wp.com\/www.wallendorff.com\/belogue\/wp-content\/uploads\/2025\/12\/20251229.jpg?resize=700%2C400&ssl=1 2x, https:\/\/i0.wp.com\/www.wallendorff.com\/belogue\/wp-content\/uploads\/2025\/12\/20251229.jpg?resize=1050%2C600&ssl=1 3x"},"classes":[]},{"id":22024,"url":"https:\/\/www.wallendorff.com\/belogue\/2013\/11\/17\/foals-breton-festival-des-inrocks-le-zenith-paris-12-novembre\/","url_meta":{"origin":29624,"position":1},"title":"Foals + Breton @ Festival des Inrocks, le Z\u00e9nith, Paris, 12 novembre.","author":"dpc","date":"17 novembre 2013","format":false,"excerpt":"Breton \u00a0 Foals \u00a0","rel":"","context":"Dans &quot;Alive&quot;","block_context":{"text":"Alive","link":"https:\/\/www.wallendorff.com\/belogue\/category\/alive\/"},"img":{"alt_text":"","src":"https:\/\/i0.wp.com\/www.wallendorff.com\/belogue\/wp-content\/uploads\/2015\/04\/201311171.jpg?resize=350%2C200&ssl=1","width":350,"height":200,"srcset":"https:\/\/i0.wp.com\/www.wallendorff.com\/belogue\/wp-content\/uploads\/2015\/04\/201311171.jpg?resize=350%2C200&ssl=1 1x, https:\/\/i0.wp.com\/www.wallendorff.com\/belogue\/wp-content\/uploads\/2015\/04\/201311171.jpg?resize=525%2C300&ssl=1 1.5x, https:\/\/i0.wp.com\/www.wallendorff.com\/belogue\/wp-content\/uploads\/2015\/04\/201311171.jpg?resize=700%2C400&ssl=1 2x"},"classes":[]},{"id":51506,"url":"https:\/\/www.wallendorff.com\/belogue\/2022\/05\/17\/foals-le-zenith-paris-16-mai-2022\/","url_meta":{"origin":29624,"position":2},"title":"Foals @ le Z\u00e9nith, Paris, 16 mai 2022.","author":"dpc","date":"17 mai 2022","format":false,"excerpt":"Foals @ le Z\u00e9nith, Paris, 16\/05\/2022 Foals @ le Z\u00e9nith, Paris, 16\/05\/2022 Foals @ le Z\u00e9nith, Paris, 16\/05\/2022 Foals @ le Z\u00e9nith, Paris, 16\/05\/2022 Foals @ le Z\u00e9nith, Paris, 16\/05\/2022 Foals @ le Z\u00e9nith, Paris, 16\/05\/2022 Foals @ le Z\u00e9nith, Paris, 16\/05\/2022 Foals @ le Z\u00e9nith, Paris, 16\/05\/2022 Foals @\u2026","rel":"","context":"Dans &quot;Alive&quot;","block_context":{"text":"Alive","link":"https:\/\/www.wallendorff.com\/belogue\/category\/alive\/"},"img":{"alt_text":"","src":"https:\/\/i0.wp.com\/www.wallendorff.com\/belogue\/wp-content\/uploads\/2022\/05\/20220517-25.jpg?resize=350%2C200&ssl=1","width":350,"height":200,"srcset":"https:\/\/i0.wp.com\/www.wallendorff.com\/belogue\/wp-content\/uploads\/2022\/05\/20220517-25.jpg?resize=350%2C200&ssl=1 1x, https:\/\/i0.wp.com\/www.wallendorff.com\/belogue\/wp-content\/uploads\/2022\/05\/20220517-25.jpg?resize=525%2C300&ssl=1 1.5x, https:\/\/i0.wp.com\/www.wallendorff.com\/belogue\/wp-content\/uploads\/2022\/05\/20220517-25.jpg?resize=700%2C400&ssl=1 2x, https:\/\/i0.wp.com\/www.wallendorff.com\/belogue\/wp-content\/uploads\/2022\/05\/20220517-25.jpg?resize=1050%2C600&ssl=1 3x"},"classes":[]},{"id":9047,"url":"https:\/\/www.wallendorff.com\/belogue\/2010\/09\/16\/mire-ou-menent-iles\/","url_meta":{"origin":29624,"position":3},"title":"Mire o\u00f9 m\u00e8nent \u00eeles.","author":"dpc","date":"16 septembre 2010","format":false,"excerpt":"Pointe du Raz, 24 juillet. Mission accomplie. \u00a0Sad Day for Puppets \u2013 Tingle in My Hand","rel":"","context":"Dans &quot;DPC&quot;","block_context":{"text":"DPC","link":"https:\/\/www.wallendorff.com\/belogue\/category\/dpc\/"},"img":{"alt_text":"","src":"https:\/\/i0.wp.com\/www.wallendorff.com\/belogue\/wp-content\/uploads\/2015\/04\/201009161.jpg?resize=350%2C200&ssl=1","width":350,"height":200,"srcset":"https:\/\/i0.wp.com\/www.wallendorff.com\/belogue\/wp-content\/uploads\/2015\/04\/201009161.jpg?resize=350%2C200&ssl=1 1x, https:\/\/i0.wp.com\/www.wallendorff.com\/belogue\/wp-content\/uploads\/2015\/04\/201009161.jpg?resize=525%2C300&ssl=1 1.5x, https:\/\/i0.wp.com\/www.wallendorff.com\/belogue\/wp-content\/uploads\/2015\/04\/201009161.jpg?resize=700%2C400&ssl=1 2x"},"classes":[]},{"id":20488,"url":"https:\/\/www.wallendorff.com\/belogue\/2013\/02\/20\/garage-bandes\/","url_meta":{"origin":29624,"position":4},"title":"Garage bandes.","author":"dpc","date":"20 f\u00e9vrier 2013","format":false,"excerpt":"Rue Daviel, Paris, 3 janvier. PreludeFoals","rel":"","context":"Dans &quot;DPC&quot;","block_context":{"text":"DPC","link":"https:\/\/www.wallendorff.com\/belogue\/category\/dpc\/"},"img":{"alt_text":"","src":"https:\/\/i0.wp.com\/www.wallendorff.com\/belogue\/wp-content\/uploads\/2015\/04\/20130220.jpg?resize=350%2C200&ssl=1","width":350,"height":200,"srcset":"https:\/\/i0.wp.com\/www.wallendorff.com\/belogue\/wp-content\/uploads\/2015\/04\/20130220.jpg?resize=350%2C200&ssl=1 1x, https:\/\/i0.wp.com\/www.wallendorff.com\/belogue\/wp-content\/uploads\/2015\/04\/20130220.jpg?resize=525%2C300&ssl=1 1.5x"},"classes":[]},{"id":29220,"url":"https:\/\/www.wallendorff.com\/belogue\/2015\/09\/08\/odejsc-wrocic\/","url_meta":{"origin":29624,"position":5},"title":"Odej\u015b\u0107, wr\u00f3ci\u0107.","author":"dpc","date":"8 septembre 2015","format":false,"excerpt":"Gare centrale de Cracovie, 12 mai. Mountain at My Gates Foals","rel":"","context":"Dans &quot;DPC&quot;","block_context":{"text":"DPC","link":"https:\/\/www.wallendorff.com\/belogue\/category\/dpc\/"},"img":{"alt_text":"","src":"https:\/\/i0.wp.com\/www.wallendorff.com\/belogue\/wp-content\/uploads\/2015\/09\/20150908.jpg?resize=350%2C200&ssl=1","width":350,"height":200,"srcset":"https:\/\/i0.wp.com\/www.wallendorff.com\/belogue\/wp-content\/uploads\/2015\/09\/20150908.jpg?resize=350%2C200&ssl=1 1x, https:\/\/i0.wp.com\/www.wallendorff.com\/belogue\/wp-content\/uploads\/2015\/09\/20150908.jpg?resize=525%2C300&ssl=1 1.5x, https:\/\/i0.wp.com\/www.wallendorff.com\/belogue\/wp-content\/uploads\/2015\/09\/20150908.jpg?resize=700%2C400&ssl=1 2x"},"classes":[]}],"_links":{"self":[{"href":"https:\/\/www.wallendorff.com\/belogue\/wp-json\/wp\/v2\/posts\/29624","targetHints":{"allow":["GET"]}}],"collection":[{"href":"https:\/\/www.wallendorff.com\/belogue\/wp-json\/wp\/v2\/posts"}],"about":[{"href":"https:\/\/www.wallendorff.com\/belogue\/wp-json\/wp\/v2\/types\/post"}],"author":[{"embeddable":true,"href":"https:\/\/www.wallendorff.com\/belogue\/wp-json\/wp\/v2\/users\/1"}],"replies":[{"embeddable":true,"href":"https:\/\/www.wallendorff.com\/belogue\/wp-json\/wp\/v2\/comments?post=29624"}],"version-history":[{"count":4,"href":"https:\/\/www.wallendorff.com\/belogue\/wp-json\/wp\/v2\/posts\/29624\/revisions"}],"predecessor-version":[{"id":29882,"href":"https:\/\/www.wallendorff.com\/belogue\/wp-json\/wp\/v2\/posts\/29624\/revisions\/29882"}],"wp:featuredmedia":[{"embeddable":true,"href":"https:\/\/www.wallendorff.com\/belogue\/wp-json\/wp\/v2\/media\/29627"}],"wp:attachment":[{"href":"https:\/\/www.wallendorff.com\/belogue\/wp-json\/wp\/v2\/media?parent=29624"}],"wp:term":[{"taxonomy":"category","embeddable":true,"href":"https:\/\/www.wallendorff.com\/belogue\/wp-json\/wp\/v2\/categories?post=29624"},{"taxonomy":"post_tag","embeddable":true,"href":"https:\/\/www.wallendorff.com\/belogue\/wp-json\/wp\/v2\/tags?post=29624"}],"curies":[{"name":"wp","href":"https:\/\/api.w.org\/{rel}","templated":true}]}}