{"id":29621,"date":"2015-11-03T12:14:21","date_gmt":"2015-11-03T10:14:21","guid":{"rendered":"http:\/\/www.wallendorff.com\/belogue\/?p=29621"},"modified":"2018-05-23T08:06:01","modified_gmt":"2018-05-23T06:06:01","slug":"we-are-the-lampions","status":"publish","type":"post","link":"https:\/\/www.wallendorff.com\/belogue\/2015\/11\/03\/we-are-the-lampions\/","title":{"rendered":"We are the lampions."},"content":{"rendered":"\n<div id=\"photo\">\n<p><img decoding=\"async\" src=\"https:\/\/www.wallendorff.com\/belogue\/photo\/2015\/11\/20151103.jpg\"><br \/>\nRue du Cardinal-Dubois, Paris, 19 mai.<\/p>\n<\/p><\/div>\n<div id=\"bandeson\">\n<p><img decoding=\"async\" src=\"https:\/\/www.wallendorff.com\/belogue\/photo\/pochettes\/a\/arcade_fire-the_reflektor_tapes.jpg\" align=\"left\" \/><a style=\"font-weight:normal\" id=\"lienmp3\" href=\"http:\/\/www.youtube.com\/watch?v=3yHPTg3BRSA\"><em>Apocrypha<\/em><\/a><br \/>\n<a href=\"http:\/\/www.arcadefire.com\/\">Arcade Fire<\/a><\/p>\n<\/p><\/div>\n","protected":false},"excerpt":{"rendered":"<p>Rue du Cardinal-Dubois, Paris, 19 mai. Apocrypha Arcade Fire<\/p>\n","protected":false},"author":1,"featured_media":29623,"comment_status":"open","ping_status":"open","sticky":false,"template":"","format":"standard","meta":{"_acf_changed":false,"ngg_post_thumbnail":0,"jetpack_post_was_ever_published":false,"_jetpack_newsletter_access":"","_jetpack_dont_email_post_to_subs":false,"_jetpack_newsletter_tier_id":0,"_jetpack_memberships_contains_paywalled_content":false,"_jetpack_memberships_contains_paid_content":false,"footnotes":"","jetpack_publicize_message":"","jetpack_publicize_feature_enabled":true,"jetpack_social_post_already_shared":true,"jetpack_social_options":{"image_generator_settings":{"template":"highway","default_image_id":0,"font":"","enabled":false},"version":2}},"categories":[3],"tags":[10143,12655,10263,11058,10487,8170,8351,10120,10121,12654,10142,143,10147,10098,7452],"class_list":["post-29621","post","type-post","status-publish","format-standard","has-post-thumbnail","hentry","category-dpc","tag-10143","tag-apocrypha","tag-arcade-fire","tag-ballon","tag-basilique-du-sacre-coeur","tag-ef-24-70-mm-f2-8l-ii-usm","tag-eos-6d","tag-france","tag-ile-de-france","tag-lampion","tag-montmartre","tag-noir-et-blanc","tag-nuit","tag-paris","tag-rue-du-cardinal-dubois"],"acf":[],"geo":{"latitude":48.8858871,"longitude":2.3431053,"description":"Paris 18, \u00cele-de-France, 75018, FR"},"jetpack_publicize_connections":[],"jetpack_featured_media_url":"https:\/\/www.wallendorff.com\/belogue\/wp-content\/uploads\/2015\/11\/20151103.jpg","jetpack_shortlink":"https:\/\/wp.me\/p3b35P-7HL","jetpack_sharing_enabled":true,"jetpack-related-posts":[{"id":22540,"url":"https:\/\/www.wallendorff.com\/belogue\/2014\/02\/18\/i-dont-want-to-go-out-on-my-own-anymore\/","url_meta":{"origin":29621,"position":0},"title":"I don&rsquo;t want to go out on my own anymore.","author":"dpc","date":"18 f\u00e9vrier 2014","format":false,"excerpt":"Rue du Cardinal-Dubois, Paris, 20 janvier. \u00a0 Well Worn Hand (live at BBC Electric Proms) Editors","rel":"","context":"Dans &quot;DPC&quot;","block_context":{"text":"DPC","link":"https:\/\/www.wallendorff.com\/belogue\/category\/dpc\/"},"img":{"alt_text":"","src":"https:\/\/i0.wp.com\/www.wallendorff.com\/belogue\/wp-content\/uploads\/2015\/04\/201402181.jpg?resize=350%2C200&ssl=1","width":350,"height":200,"srcset":"https:\/\/i0.wp.com\/www.wallendorff.com\/belogue\/wp-content\/uploads\/2015\/04\/201402181.jpg?resize=350%2C200&ssl=1 1x, https:\/\/i0.wp.com\/www.wallendorff.com\/belogue\/wp-content\/uploads\/2015\/04\/201402181.jpg?resize=525%2C300&ssl=1 1.5x, https:\/\/i0.wp.com\/www.wallendorff.com\/belogue\/wp-content\/uploads\/2015\/04\/201402181.jpg?resize=700%2C400&ssl=1 2x"},"classes":[]},{"id":20543,"url":"https:\/\/www.wallendorff.com\/belogue\/2013\/03\/05\/into-the-wide-2\/","url_meta":{"origin":29621,"position":1},"title":"Into the wide #2.","author":"dpc","date":"5 mars 2013","format":false,"excerpt":"Paris, 19 janvier. Thumbtacks + GlueWoodpigeon","rel":"","context":"Dans &quot;Into the wide&quot;","block_context":{"text":"Into the wide","link":"https:\/\/www.wallendorff.com\/belogue\/category\/into-the-wide\/"},"img":{"alt_text":"","src":"https:\/\/i0.wp.com\/www.wallendorff.com\/belogue\/wp-content\/uploads\/2015\/04\/20130305.jpg?resize=350%2C200&ssl=1","width":350,"height":200,"srcset":"https:\/\/i0.wp.com\/www.wallendorff.com\/belogue\/wp-content\/uploads\/2015\/04\/20130305.jpg?resize=350%2C200&ssl=1 1x, https:\/\/i0.wp.com\/www.wallendorff.com\/belogue\/wp-content\/uploads\/2015\/04\/20130305.jpg?resize=525%2C300&ssl=1 1.5x, https:\/\/i0.wp.com\/www.wallendorff.com\/belogue\/wp-content\/uploads\/2015\/04\/20130305.jpg?resize=700%2C400&ssl=1 2x"},"classes":[]},{"id":16507,"url":"https:\/\/www.wallendorff.com\/belogue\/2012\/03\/23\/la-tour-montparnasse-hivernale\/","url_meta":{"origin":29621,"position":2},"title":"La tour Montparnasse hivernale.","author":"dpc","date":"23 mars 2012","format":false,"excerpt":"Paris, 5 f\u00e9vrier. Air \u2013 Alone in Kyoto [youtube]http:\/\/www.youtube.com\/watch?v=QJ4Pm0N8s78[\/youtube]","rel":"","context":"Dans &quot;DPC&quot;","block_context":{"text":"DPC","link":"https:\/\/www.wallendorff.com\/belogue\/category\/dpc\/"},"img":{"alt_text":"","src":"https:\/\/i0.wp.com\/www.wallendorff.com\/belogue\/wp-content\/uploads\/2015\/04\/201203231.jpg?resize=350%2C200&ssl=1","width":350,"height":200,"srcset":"https:\/\/i0.wp.com\/www.wallendorff.com\/belogue\/wp-content\/uploads\/2015\/04\/201203231.jpg?resize=350%2C200&ssl=1 1x, https:\/\/i0.wp.com\/www.wallendorff.com\/belogue\/wp-content\/uploads\/2015\/04\/201203231.jpg?resize=525%2C300&ssl=1 1.5x, https:\/\/i0.wp.com\/www.wallendorff.com\/belogue\/wp-content\/uploads\/2015\/04\/201203231.jpg?resize=700%2C400&ssl=1 2x"},"classes":[]},{"id":45418,"url":"https:\/\/www.wallendorff.com\/belogue\/2020\/04\/02\/tant-de-degres-a-lombre\/","url_meta":{"origin":29621,"position":3},"title":"Tant de degr\u00e9s \u00e0 l&rsquo;ombre.","author":"dpc","date":"2 avril 2020","format":false,"excerpt":"Rue du Cardinal-Dubois, Paris, 19 d\u00e9cembre 2019. Jane Jane Bonny Light Horseman","rel":"","context":"Dans &quot;DPC&quot;","block_context":{"text":"DPC","link":"https:\/\/www.wallendorff.com\/belogue\/category\/dpc\/"},"img":{"alt_text":"","src":"https:\/\/i0.wp.com\/www.wallendorff.com\/belogue\/wp-content\/uploads\/2020\/04\/20200402.jpg?resize=350%2C200&ssl=1","width":350,"height":200,"srcset":"https:\/\/i0.wp.com\/www.wallendorff.com\/belogue\/wp-content\/uploads\/2020\/04\/20200402.jpg?resize=350%2C200&ssl=1 1x, https:\/\/i0.wp.com\/www.wallendorff.com\/belogue\/wp-content\/uploads\/2020\/04\/20200402.jpg?resize=525%2C300&ssl=1 1.5x, https:\/\/i0.wp.com\/www.wallendorff.com\/belogue\/wp-content\/uploads\/2020\/04\/20200402.jpg?resize=700%2C400&ssl=1 2x, https:\/\/i0.wp.com\/www.wallendorff.com\/belogue\/wp-content\/uploads\/2020\/04\/20200402.jpg?resize=1050%2C600&ssl=1 3x"},"classes":[]},{"id":19827,"url":"https:\/\/www.wallendorff.com\/belogue\/2012\/12\/23\/de-bleu-en-bleu\/","url_meta":{"origin":29621,"position":4},"title":"De bleu [en bleu].","author":"dpc","date":"23 d\u00e9cembre 2012","format":false,"excerpt":"Paris, 1er novembre. \u00a0Editors \u2013 Push Your Head Towards the Air","rel":"","context":"Dans &quot;DPC&quot;","block_context":{"text":"DPC","link":"https:\/\/www.wallendorff.com\/belogue\/category\/dpc\/"},"img":{"alt_text":"","src":"https:\/\/i0.wp.com\/www.wallendorff.com\/belogue\/wp-content\/uploads\/2015\/04\/201212231.jpg?resize=350%2C200&ssl=1","width":350,"height":200,"srcset":"https:\/\/i0.wp.com\/www.wallendorff.com\/belogue\/wp-content\/uploads\/2015\/04\/201212231.jpg?resize=350%2C200&ssl=1 1x, https:\/\/i0.wp.com\/www.wallendorff.com\/belogue\/wp-content\/uploads\/2015\/04\/201212231.jpg?resize=525%2C300&ssl=1 1.5x, https:\/\/i0.wp.com\/www.wallendorff.com\/belogue\/wp-content\/uploads\/2015\/04\/201212231.jpg?resize=700%2C400&ssl=1 2x"},"classes":[]},{"id":40404,"url":"https:\/\/www.wallendorff.com\/belogue\/2018\/11\/09\/love-mitaines-dheures-love-mi-trous\/","url_meta":{"origin":29621,"position":5},"title":"Love mitaines d&rsquo;heures, love mi-trous.","author":"dpc","date":"9 novembre 2018","format":false,"excerpt":"Rue du Cardinal-Dubois, Paris, 22 ao\u00fbt 2018. Ils \u00e9taient pos\u00e9s comme \u00e7a quand je les ai vus de loin. Je me suis approch\u00e9 d'eux le plus discr\u00e8tement possible, ne m'arr\u00eatant qu'une seconde pour faire une premi\u00e8re photo pas tr\u00e8s bien cadr\u00e9e, au cas o\u00f9 ils bougeraient avant que j'eusse le\u2026","rel":"","context":"Dans &quot;DPC&quot;","block_context":{"text":"DPC","link":"https:\/\/www.wallendorff.com\/belogue\/category\/dpc\/"},"img":{"alt_text":"Rue du Cardinal-Dubois, Paris, 22 ao&ucirc;t 2018.","src":"https:\/\/i0.wp.com\/www.wallendorff.com\/belogue\/wp-content\/uploads\/2018\/11\/20181109.jpg?resize=350%2C200&ssl=1","width":350,"height":200,"srcset":"https:\/\/i0.wp.com\/www.wallendorff.com\/belogue\/wp-content\/uploads\/2018\/11\/20181109.jpg?resize=350%2C200&ssl=1 1x, https:\/\/i0.wp.com\/www.wallendorff.com\/belogue\/wp-content\/uploads\/2018\/11\/20181109.jpg?resize=525%2C300&ssl=1 1.5x, https:\/\/i0.wp.com\/www.wallendorff.com\/belogue\/wp-content\/uploads\/2018\/11\/20181109.jpg?resize=700%2C400&ssl=1 2x"},"classes":[]}],"_links":{"self":[{"href":"https:\/\/www.wallendorff.com\/belogue\/wp-json\/wp\/v2\/posts\/29621","targetHints":{"allow":["GET"]}}],"collection":[{"href":"https:\/\/www.wallendorff.com\/belogue\/wp-json\/wp\/v2\/posts"}],"about":[{"href":"https:\/\/www.wallendorff.com\/belogue\/wp-json\/wp\/v2\/types\/post"}],"author":[{"embeddable":true,"href":"https:\/\/www.wallendorff.com\/belogue\/wp-json\/wp\/v2\/users\/1"}],"replies":[{"embeddable":true,"href":"https:\/\/www.wallendorff.com\/belogue\/wp-json\/wp\/v2\/comments?post=29621"}],"version-history":[{"count":1,"href":"https:\/\/www.wallendorff.com\/belogue\/wp-json\/wp\/v2\/posts\/29621\/revisions"}],"predecessor-version":[{"id":29622,"href":"https:\/\/www.wallendorff.com\/belogue\/wp-json\/wp\/v2\/posts\/29621\/revisions\/29622"}],"wp:featuredmedia":[{"embeddable":true,"href":"https:\/\/www.wallendorff.com\/belogue\/wp-json\/wp\/v2\/media\/29623"}],"wp:attachment":[{"href":"https:\/\/www.wallendorff.com\/belogue\/wp-json\/wp\/v2\/media?parent=29621"}],"wp:term":[{"taxonomy":"category","embeddable":true,"href":"https:\/\/www.wallendorff.com\/belogue\/wp-json\/wp\/v2\/categories?post=29621"},{"taxonomy":"post_tag","embeddable":true,"href":"https:\/\/www.wallendorff.com\/belogue\/wp-json\/wp\/v2\/tags?post=29621"}],"curies":[{"name":"wp","href":"https:\/\/api.w.org\/{rel}","templated":true}]}}