{"id":29562,"date":"2015-10-29T00:13:35","date_gmt":"2015-10-28T22:13:35","guid":{"rendered":"http:\/\/www.wallendorff.com\/belogue\/?p=29562"},"modified":"2018-05-23T08:06:02","modified_gmt":"2018-05-23T06:06:02","slug":"metz-la-maroquinerie-paris","status":"publish","type":"post","link":"https:\/\/www.wallendorff.com\/belogue\/2015\/10\/29\/metz-la-maroquinerie-paris\/","title":{"rendered":"METZ @ la Maroquinerie, Paris."},"content":{"rendered":"\n<div id=\"photo\">\n<p><img decoding=\"async\" src=\"https:\/\/www.wallendorff.com\/belogue\/photo\/galeries\/2015\/10\/20151027-metz\/20151028-10.jpg\"><\/p>\n<\/p><\/div>\n<p style=\"text-align:right\">Ces gens sont fous.<\/p>\n<div id=\"bandeson\">\n<p><img decoding=\"async\" src=\"https:\/\/www.wallendorff.com\/belogue\/photo\/pochettes\/m\/metz-ii.jpg\" align=\"left\" \/><a style=\"font-weight:normal\" id=\"lienmp3\" href=\"http:\/\/www.youtube.com\/watch?v=fqbbPzmvuoE\"><em>The Swimmer<\/em><\/a><br \/>\n<a href=\"http:\/\/www.metzztem.com\/\">METZ<\/a><\/p>\n<\/p><\/div>\n<div id='gallery-1' class='gallery galleryid-29562 gallery-columns-3 gallery-size-thumbnail'><figure class='gallery-item'>\n\t\t\t<div class='gallery-icon landscape'>\n\t\t\t\t<a href='https:\/\/www.wallendorff.com\/belogue\/2015\/10\/29\/metz-la-maroquinerie-paris\/metz-la-maroquinerie-paris-27102015\/'><img decoding=\"async\" width=\"96\" height=\"96\" src=\"https:\/\/www.wallendorff.com\/belogue\/wp-content\/uploads\/2015\/10\/20151028-01-188x188.jpg\" class=\"attachment-thumbnail size-thumbnail\" alt=\"\" aria-describedby=\"gallery-1-29564\" srcset=\"https:\/\/www.wallendorff.com\/belogue\/wp-content\/uploads\/2015\/10\/20151028-01-188x188.jpg 188w, https:\/\/www.wallendorff.com\/belogue\/wp-content\/uploads\/2015\/10\/20151028-01-220x220.jpg 220w\" sizes=\"(max-width: 96px) 100vw, 96px\" \/><\/a>\n\t\t\t<\/div>\n\t\t\t\t<figcaption class='wp-caption-text gallery-caption' id='gallery-1-29564'>\n\t\t\t\tMETZ @ la Maroquinerie, Paris, 27\/10\/2015\n\t\t\t\t<\/figcaption><\/figure><figure class='gallery-item'>\n\t\t\t<div class='gallery-icon landscape'>\n\t\t\t\t<a href='https:\/\/www.wallendorff.com\/belogue\/2015\/10\/29\/metz-la-maroquinerie-paris\/metz-la-maroquinerie-paris-27102015-2\/'><img decoding=\"async\" width=\"96\" height=\"96\" src=\"https:\/\/www.wallendorff.com\/belogue\/wp-content\/uploads\/2015\/10\/20151028-02-188x188.jpg\" class=\"attachment-thumbnail size-thumbnail\" alt=\"\" aria-describedby=\"gallery-1-29565\" srcset=\"https:\/\/www.wallendorff.com\/belogue\/wp-content\/uploads\/2015\/10\/20151028-02-188x188.jpg 188w, https:\/\/www.wallendorff.com\/belogue\/wp-content\/uploads\/2015\/10\/20151028-02-220x220.jpg 220w\" sizes=\"(max-width: 96px) 100vw, 96px\" \/><\/a>\n\t\t\t<\/div>\n\t\t\t\t<figcaption class='wp-caption-text gallery-caption' id='gallery-1-29565'>\n\t\t\t\tMETZ @ la Maroquinerie, Paris, 27\/10\/2015\n\t\t\t\t<\/figcaption><\/figure><figure class='gallery-item'>\n\t\t\t<div class='gallery-icon landscape'>\n\t\t\t\t<a href='https:\/\/www.wallendorff.com\/belogue\/2015\/10\/29\/metz-la-maroquinerie-paris\/metz-la-maroquinerie-paris-27102015-3\/'><img decoding=\"async\" width=\"96\" height=\"96\" src=\"https:\/\/www.wallendorff.com\/belogue\/wp-content\/uploads\/2015\/10\/20151028-03-188x188.jpg\" class=\"attachment-thumbnail size-thumbnail\" alt=\"\" aria-describedby=\"gallery-1-29566\" srcset=\"https:\/\/www.wallendorff.com\/belogue\/wp-content\/uploads\/2015\/10\/20151028-03-188x188.jpg 188w, https:\/\/www.wallendorff.com\/belogue\/wp-content\/uploads\/2015\/10\/20151028-03-220x220.jpg 220w\" sizes=\"(max-width: 96px) 100vw, 96px\" \/><\/a>\n\t\t\t<\/div>\n\t\t\t\t<figcaption class='wp-caption-text gallery-caption' id='gallery-1-29566'>\n\t\t\t\tMETZ @ la Maroquinerie, Paris, 27\/10\/2015\n\t\t\t\t<\/figcaption><\/figure><figure class='gallery-item'>\n\t\t\t<div class='gallery-icon landscape'>\n\t\t\t\t<a href='https:\/\/www.wallendorff.com\/belogue\/2015\/10\/29\/metz-la-maroquinerie-paris\/metz-la-maroquinerie-paris-27102015-4\/'><img loading=\"lazy\" decoding=\"async\" width=\"96\" height=\"96\" src=\"https:\/\/www.wallendorff.com\/belogue\/wp-content\/uploads\/2015\/10\/20151028-04-188x188.jpg\" class=\"attachment-thumbnail size-thumbnail\" alt=\"\" aria-describedby=\"gallery-1-29567\" srcset=\"https:\/\/www.wallendorff.com\/belogue\/wp-content\/uploads\/2015\/10\/20151028-04-188x188.jpg 188w, https:\/\/www.wallendorff.com\/belogue\/wp-content\/uploads\/2015\/10\/20151028-04-220x220.jpg 220w\" sizes=\"(max-width: 96px) 100vw, 96px\" \/><\/a>\n\t\t\t<\/div>\n\t\t\t\t<figcaption class='wp-caption-text gallery-caption' id='gallery-1-29567'>\n\t\t\t\tMETZ @ la Maroquinerie, Paris, 27\/10\/2015\n\t\t\t\t<\/figcaption><\/figure><figure class='gallery-item'>\n\t\t\t<div class='gallery-icon landscape'>\n\t\t\t\t<a href='https:\/\/www.wallendorff.com\/belogue\/2015\/10\/29\/metz-la-maroquinerie-paris\/metz-la-maroquinerie-paris-27102015-5\/'><img loading=\"lazy\" decoding=\"async\" width=\"96\" height=\"96\" src=\"https:\/\/www.wallendorff.com\/belogue\/wp-content\/uploads\/2015\/10\/20151028-05-188x188.jpg\" class=\"attachment-thumbnail size-thumbnail\" alt=\"\" aria-describedby=\"gallery-1-29568\" srcset=\"https:\/\/www.wallendorff.com\/belogue\/wp-content\/uploads\/2015\/10\/20151028-05-188x188.jpg 188w, https:\/\/www.wallendorff.com\/belogue\/wp-content\/uploads\/2015\/10\/20151028-05-220x220.jpg 220w\" sizes=\"(max-width: 96px) 100vw, 96px\" \/><\/a>\n\t\t\t<\/div>\n\t\t\t\t<figcaption class='wp-caption-text gallery-caption' id='gallery-1-29568'>\n\t\t\t\tMETZ @ la Maroquinerie, Paris, 27\/10\/2015\n\t\t\t\t<\/figcaption><\/figure><figure class='gallery-item'>\n\t\t\t<div class='gallery-icon landscape'>\n\t\t\t\t<a href='https:\/\/www.wallendorff.com\/belogue\/2015\/10\/29\/metz-la-maroquinerie-paris\/metz-la-maroquinerie-paris-27102015-6\/'><img loading=\"lazy\" decoding=\"async\" width=\"96\" height=\"96\" src=\"https:\/\/www.wallendorff.com\/belogue\/wp-content\/uploads\/2015\/10\/20151028-06-188x188.jpg\" class=\"attachment-thumbnail size-thumbnail\" alt=\"\" aria-describedby=\"gallery-1-29569\" srcset=\"https:\/\/www.wallendorff.com\/belogue\/wp-content\/uploads\/2015\/10\/20151028-06-188x188.jpg 188w, https:\/\/www.wallendorff.com\/belogue\/wp-content\/uploads\/2015\/10\/20151028-06-220x220.jpg 220w\" sizes=\"(max-width: 96px) 100vw, 96px\" \/><\/a>\n\t\t\t<\/div>\n\t\t\t\t<figcaption class='wp-caption-text gallery-caption' id='gallery-1-29569'>\n\t\t\t\tMETZ @ la Maroquinerie, Paris, 27\/10\/2015\n\t\t\t\t<\/figcaption><\/figure><figure class='gallery-item'>\n\t\t\t<div class='gallery-icon landscape'>\n\t\t\t\t<a href='https:\/\/www.wallendorff.com\/belogue\/2015\/10\/29\/metz-la-maroquinerie-paris\/metz-la-maroquinerie-paris-27102015-7\/'><img loading=\"lazy\" decoding=\"async\" width=\"96\" height=\"96\" src=\"https:\/\/www.wallendorff.com\/belogue\/wp-content\/uploads\/2015\/10\/20151028-07-188x188.jpg\" class=\"attachment-thumbnail size-thumbnail\" alt=\"\" aria-describedby=\"gallery-1-29570\" srcset=\"https:\/\/www.wallendorff.com\/belogue\/wp-content\/uploads\/2015\/10\/20151028-07-188x188.jpg 188w, https:\/\/www.wallendorff.com\/belogue\/wp-content\/uploads\/2015\/10\/20151028-07-220x220.jpg 220w\" sizes=\"(max-width: 96px) 100vw, 96px\" \/><\/a>\n\t\t\t<\/div>\n\t\t\t\t<figcaption class='wp-caption-text gallery-caption' id='gallery-1-29570'>\n\t\t\t\tMETZ @ la Maroquinerie, Paris, 27\/10\/2015\n\t\t\t\t<\/figcaption><\/figure><figure class='gallery-item'>\n\t\t\t<div class='gallery-icon landscape'>\n\t\t\t\t<a href='https:\/\/www.wallendorff.com\/belogue\/2015\/10\/29\/metz-la-maroquinerie-paris\/metz-la-maroquinerie-paris-27102015-8\/'><img loading=\"lazy\" decoding=\"async\" width=\"96\" height=\"96\" src=\"https:\/\/www.wallendorff.com\/belogue\/wp-content\/uploads\/2015\/10\/20151028-08-188x188.jpg\" class=\"attachment-thumbnail size-thumbnail\" alt=\"\" aria-describedby=\"gallery-1-29571\" srcset=\"https:\/\/www.wallendorff.com\/belogue\/wp-content\/uploads\/2015\/10\/20151028-08-188x188.jpg 188w, https:\/\/www.wallendorff.com\/belogue\/wp-content\/uploads\/2015\/10\/20151028-08-220x220.jpg 220w\" sizes=\"(max-width: 96px) 100vw, 96px\" \/><\/a>\n\t\t\t<\/div>\n\t\t\t\t<figcaption class='wp-caption-text gallery-caption' id='gallery-1-29571'>\n\t\t\t\tMETZ @ la Maroquinerie, Paris, 27\/10\/2015\n\t\t\t\t<\/figcaption><\/figure><figure class='gallery-item'>\n\t\t\t<div class='gallery-icon portrait'>\n\t\t\t\t<a href='https:\/\/www.wallendorff.com\/belogue\/2015\/10\/29\/metz-la-maroquinerie-paris\/metz-la-maroquinerie-paris-27102015-9\/'><img loading=\"lazy\" decoding=\"async\" width=\"96\" height=\"96\" src=\"https:\/\/www.wallendorff.com\/belogue\/wp-content\/uploads\/2015\/10\/20151028-09-188x188.jpg\" class=\"attachment-thumbnail size-thumbnail\" alt=\"\" aria-describedby=\"gallery-1-29572\" srcset=\"https:\/\/www.wallendorff.com\/belogue\/wp-content\/uploads\/2015\/10\/20151028-09-188x188.jpg 188w, https:\/\/www.wallendorff.com\/belogue\/wp-content\/uploads\/2015\/10\/20151028-09-220x220.jpg 220w\" sizes=\"(max-width: 96px) 100vw, 96px\" \/><\/a>\n\t\t\t<\/div>\n\t\t\t\t<figcaption class='wp-caption-text gallery-caption' id='gallery-1-29572'>\n\t\t\t\tMETZ @ la Maroquinerie, Paris, 27\/10\/2015\n\t\t\t\t<\/figcaption><\/figure><figure class='gallery-item'>\n\t\t\t<div class='gallery-icon landscape'>\n\t\t\t\t<a href='https:\/\/www.wallendorff.com\/belogue\/2015\/10\/29\/metz-la-maroquinerie-paris\/metz-la-maroquinerie-paris-27102015-10\/'><img loading=\"lazy\" decoding=\"async\" width=\"96\" height=\"96\" src=\"https:\/\/www.wallendorff.com\/belogue\/wp-content\/uploads\/2015\/10\/20151028-10-188x188.jpg\" class=\"attachment-thumbnail size-thumbnail\" alt=\"\" aria-describedby=\"gallery-1-29573\" srcset=\"https:\/\/www.wallendorff.com\/belogue\/wp-content\/uploads\/2015\/10\/20151028-10-188x188.jpg 188w, https:\/\/www.wallendorff.com\/belogue\/wp-content\/uploads\/2015\/10\/20151028-10-220x220.jpg 220w\" sizes=\"(max-width: 96px) 100vw, 96px\" \/><\/a>\n\t\t\t<\/div>\n\t\t\t\t<figcaption class='wp-caption-text gallery-caption' id='gallery-1-29573'>\n\t\t\t\tMETZ @ la Maroquinerie, Paris, 27\/10\/2015\n\t\t\t\t<\/figcaption><\/figure><figure class='gallery-item'>\n\t\t\t<div class='gallery-icon portrait'>\n\t\t\t\t<a href='https:\/\/www.wallendorff.com\/belogue\/2015\/10\/29\/metz-la-maroquinerie-paris\/metz-la-maroquinerie-paris-27102015-11\/'><img loading=\"lazy\" decoding=\"async\" width=\"96\" height=\"96\" src=\"https:\/\/www.wallendorff.com\/belogue\/wp-content\/uploads\/2015\/10\/20151028-11-188x188.jpg\" class=\"attachment-thumbnail size-thumbnail\" alt=\"\" aria-describedby=\"gallery-1-29574\" srcset=\"https:\/\/www.wallendorff.com\/belogue\/wp-content\/uploads\/2015\/10\/20151028-11-188x188.jpg 188w, https:\/\/www.wallendorff.com\/belogue\/wp-content\/uploads\/2015\/10\/20151028-11-220x220.jpg 220w\" sizes=\"(max-width: 96px) 100vw, 96px\" \/><\/a>\n\t\t\t<\/div>\n\t\t\t\t<figcaption class='wp-caption-text gallery-caption' id='gallery-1-29574'>\n\t\t\t\tMETZ @ la Maroquinerie, Paris, 27\/10\/2015\n\t\t\t\t<\/figcaption><\/figure><figure class='gallery-item'>\n\t\t\t<div class='gallery-icon landscape'>\n\t\t\t\t<a href='https:\/\/www.wallendorff.com\/belogue\/2015\/10\/29\/metz-la-maroquinerie-paris\/metz-la-maroquinerie-paris-27102015-12\/'><img loading=\"lazy\" decoding=\"async\" width=\"96\" height=\"96\" src=\"https:\/\/www.wallendorff.com\/belogue\/wp-content\/uploads\/2015\/10\/20151028-12-188x188.jpg\" class=\"attachment-thumbnail size-thumbnail\" alt=\"\" aria-describedby=\"gallery-1-29575\" srcset=\"https:\/\/www.wallendorff.com\/belogue\/wp-content\/uploads\/2015\/10\/20151028-12-188x188.jpg 188w, https:\/\/www.wallendorff.com\/belogue\/wp-content\/uploads\/2015\/10\/20151028-12-220x220.jpg 220w\" sizes=\"(max-width: 96px) 100vw, 96px\" \/><\/a>\n\t\t\t<\/div>\n\t\t\t\t<figcaption class='wp-caption-text gallery-caption' id='gallery-1-29575'>\n\t\t\t\tMETZ @ la Maroquinerie, Paris, 27\/10\/2015\n\t\t\t\t<\/figcaption><\/figure><figure class='gallery-item'>\n\t\t\t<div class='gallery-icon landscape'>\n\t\t\t\t<a href='https:\/\/www.wallendorff.com\/belogue\/2015\/10\/29\/metz-la-maroquinerie-paris\/metz-la-maroquinerie-paris-27102015-13\/'><img loading=\"lazy\" decoding=\"async\" width=\"96\" height=\"96\" src=\"https:\/\/www.wallendorff.com\/belogue\/wp-content\/uploads\/2015\/10\/20151028-13-188x188.jpg\" class=\"attachment-thumbnail size-thumbnail\" alt=\"\" aria-describedby=\"gallery-1-29576\" srcset=\"https:\/\/www.wallendorff.com\/belogue\/wp-content\/uploads\/2015\/10\/20151028-13-188x188.jpg 188w, https:\/\/www.wallendorff.com\/belogue\/wp-content\/uploads\/2015\/10\/20151028-13-220x220.jpg 220w\" sizes=\"(max-width: 96px) 100vw, 96px\" \/><\/a>\n\t\t\t<\/div>\n\t\t\t\t<figcaption class='wp-caption-text gallery-caption' id='gallery-1-29576'>\n\t\t\t\tMETZ @ la Maroquinerie, Paris, 27\/10\/2015\n\t\t\t\t<\/figcaption><\/figure><figure class='gallery-item'>\n\t\t\t<div class='gallery-icon landscape'>\n\t\t\t\t<a href='https:\/\/www.wallendorff.com\/belogue\/2015\/10\/29\/metz-la-maroquinerie-paris\/metz-la-maroquinerie-paris-27102015-14\/'><img loading=\"lazy\" decoding=\"async\" width=\"96\" height=\"96\" src=\"https:\/\/www.wallendorff.com\/belogue\/wp-content\/uploads\/2015\/10\/20151028-14-188x188.jpg\" class=\"attachment-thumbnail size-thumbnail\" alt=\"\" aria-describedby=\"gallery-1-29577\" srcset=\"https:\/\/www.wallendorff.com\/belogue\/wp-content\/uploads\/2015\/10\/20151028-14-188x188.jpg 188w, https:\/\/www.wallendorff.com\/belogue\/wp-content\/uploads\/2015\/10\/20151028-14-220x220.jpg 220w\" sizes=\"(max-width: 96px) 100vw, 96px\" \/><\/a>\n\t\t\t<\/div>\n\t\t\t\t<figcaption class='wp-caption-text gallery-caption' id='gallery-1-29577'>\n\t\t\t\tMETZ @ la Maroquinerie, Paris, 27\/10\/2015\n\t\t\t\t<\/figcaption><\/figure><figure class='gallery-item'>\n\t\t\t<div class='gallery-icon landscape'>\n\t\t\t\t<a href='https:\/\/www.wallendorff.com\/belogue\/2015\/10\/29\/metz-la-maroquinerie-paris\/metz-la-maroquinerie-paris-27102015-15\/'><img loading=\"lazy\" decoding=\"async\" width=\"96\" height=\"96\" src=\"https:\/\/www.wallendorff.com\/belogue\/wp-content\/uploads\/2015\/10\/20151028-15-188x188.jpg\" class=\"attachment-thumbnail size-thumbnail\" alt=\"\" aria-describedby=\"gallery-1-29578\" srcset=\"https:\/\/www.wallendorff.com\/belogue\/wp-content\/uploads\/2015\/10\/20151028-15-188x188.jpg 188w, https:\/\/www.wallendorff.com\/belogue\/wp-content\/uploads\/2015\/10\/20151028-15-220x220.jpg 220w\" sizes=\"(max-width: 96px) 100vw, 96px\" \/><\/a>\n\t\t\t<\/div>\n\t\t\t\t<figcaption class='wp-caption-text gallery-caption' id='gallery-1-29578'>\n\t\t\t\tMETZ @ la Maroquinerie, Paris, 27\/10\/2015\n\t\t\t\t<\/figcaption><\/figure>\n\t\t<\/div>\n\n","protected":false},"excerpt":{"rendered":"<p>Ces gens sont fous. The Swimmer METZ<\/p>\n","protected":false},"author":1,"featured_media":29580,"comment_status":"open","ping_status":"open","sticky":false,"template":"","format":"standard","meta":{"_acf_changed":false,"ngg_post_thumbnail":0,"jetpack_post_was_ever_published":false,"_jetpack_newsletter_access":"","_jetpack_dont_email_post_to_subs":false,"_jetpack_newsletter_tier_id":0,"_jetpack_memberships_contains_paywalled_content":false,"_jetpack_memberships_contains_paid_content":false,"footnotes":"","jetpack_publicize_message":"","jetpack_publicize_feature_enabled":true,"jetpack_social_post_already_shared":true,"jetpack_social_options":{"image_generator_settings":{"template":"highway","default_image_id":0,"font":"","enabled":false},"version":2}},"categories":[7],"tags":[10216,10084,8170,181,8351,10120,10121,10290,11111,10098,10661,8243,12653],"class_list":["post-29562","post","type-post","status-publish","format-standard","has-post-thumbnail","hentry","category-alive","tag-10216","tag-alive","tag-ef-24-70-mm-f2-8l-ii-usm","tag-ef-70-200-mm-f28l-usm","tag-eos-6d","tag-france","tag-ile-de-france","tag-la-maroquinerie","tag-metz-groupe","tag-paris","tag-rue-boyer","tag-sigma-15-mm-f2-8-ex-dg-diagonal-fish-eye","tag-the-swimmer"],"acf":[],"geo":{"latitude":48.8685608,"longitude":2.3919244,"description":"18-26 Rue Boyer, 75020 Paris, France"},"jetpack_publicize_connections":[],"jetpack_featured_media_url":"https:\/\/www.wallendorff.com\/belogue\/wp-content\/uploads\/2015\/10\/20151028-101.jpg","jetpack_shortlink":"https:\/\/wp.me\/p3b35P-7GO","jetpack_sharing_enabled":true,"jetpack-related-posts":[{"id":20405,"url":"https:\/\/www.wallendorff.com\/belogue\/2013\/02\/08\/metz-le-point-ephemere-paris\/","url_meta":{"origin":29562,"position":0},"title":"METZ @ le Point \u00c9ph\u00e9m\u00e8re, Paris.","author":"dpc","date":"8 f\u00e9vrier 2013","format":false,"excerpt":"Ces gens sont fous. Headache METZ \u00a0","rel":"","context":"Dans &quot;Alive&quot;","block_context":{"text":"Alive","link":"https:\/\/www.wallendorff.com\/belogue\/category\/alive\/"},"img":{"alt_text":"","src":"https:\/\/i0.wp.com\/www.wallendorff.com\/belogue\/wp-content\/uploads\/2015\/04\/20130208.jpg?resize=350%2C200&ssl=1","width":350,"height":200,"srcset":"https:\/\/i0.wp.com\/www.wallendorff.com\/belogue\/wp-content\/uploads\/2015\/04\/20130208.jpg?resize=350%2C200&ssl=1 1x, https:\/\/i0.wp.com\/www.wallendorff.com\/belogue\/wp-content\/uploads\/2015\/04\/20130208.jpg?resize=525%2C300&ssl=1 1.5x, https:\/\/i0.wp.com\/www.wallendorff.com\/belogue\/wp-content\/uploads\/2015\/04\/20130208.jpg?resize=700%2C400&ssl=1 2x"},"classes":[]},{"id":23884,"url":"https:\/\/www.wallendorff.com\/belogue\/2015\/03\/08\/metz-the-bodies-le-point-ephemere-paris\/","url_meta":{"origin":29562,"position":1},"title":"METZ + The Bodies @ le Point \u00c9ph\u00e9m\u00e8re, Paris.","author":"dpc","date":"8 mars 2015","format":false,"excerpt":"Acetate METZ Ces gens sont fous. Et \u00e7a m'avait manqu\u00e9, de faire des photos au milieu d'un pogo. The Bodies METZ \u00a0","rel":"","context":"Dans &quot;Alive&quot;","block_context":{"text":"Alive","link":"https:\/\/www.wallendorff.com\/belogue\/category\/alive\/"},"img":{"alt_text":"","src":"https:\/\/i0.wp.com\/www.wallendorff.com\/belogue\/wp-content\/uploads\/2015\/04\/201503061.jpg?resize=350%2C200&ssl=1","width":350,"height":200,"srcset":"https:\/\/i0.wp.com\/www.wallendorff.com\/belogue\/wp-content\/uploads\/2015\/04\/201503061.jpg?resize=350%2C200&ssl=1 1x, https:\/\/i0.wp.com\/www.wallendorff.com\/belogue\/wp-content\/uploads\/2015\/04\/201503061.jpg?resize=525%2C300&ssl=1 1.5x, https:\/\/i0.wp.com\/www.wallendorff.com\/belogue\/wp-content\/uploads\/2015\/04\/201503061.jpg?resize=700%2C400&ssl=1 2x"},"classes":[]},{"id":31554,"url":"https:\/\/www.wallendorff.com\/belogue\/2016\/07\/14\/fidlar-la-maroquinerie-paris\/","url_meta":{"origin":29562,"position":2},"title":"FIDLAR @ la Maroquinerie, Paris.","author":"dpc","date":"14 juillet 2016","format":false,"excerpt":"Toujours aussi fous. Punks FIDLAR","rel":"","context":"Dans &quot;Alive&quot;","block_context":{"text":"Alive","link":"https:\/\/www.wallendorff.com\/belogue\/category\/alive\/"},"img":{"alt_text":"","src":"https:\/\/i0.wp.com\/www.wallendorff.com\/belogue\/wp-content\/uploads\/2016\/07\/20160714-09-1.jpg?resize=350%2C200&ssl=1","width":350,"height":200,"srcset":"https:\/\/i0.wp.com\/www.wallendorff.com\/belogue\/wp-content\/uploads\/2016\/07\/20160714-09-1.jpg?resize=350%2C200&ssl=1 1x, https:\/\/i0.wp.com\/www.wallendorff.com\/belogue\/wp-content\/uploads\/2016\/07\/20160714-09-1.jpg?resize=525%2C300&ssl=1 1.5x, https:\/\/i0.wp.com\/www.wallendorff.com\/belogue\/wp-content\/uploads\/2016\/07\/20160714-09-1.jpg?resize=700%2C400&ssl=1 2x"},"classes":[]},{"id":21746,"url":"https:\/\/www.wallendorff.com\/belogue\/2013\/10\/08\/tunng-la-maroquinerie-paris\/","url_meta":{"origin":29562,"position":3},"title":"Tunng @ la Maroquinerie, Paris.","author":"dpc","date":"8 octobre 2013","format":false,"excerpt":"The VillageTunng \u00a0","rel":"","context":"Dans &quot;Alive&quot;","block_context":{"text":"Alive","link":"https:\/\/www.wallendorff.com\/belogue\/category\/alive\/"},"img":{"alt_text":"","src":"https:\/\/i0.wp.com\/www.wallendorff.com\/belogue\/wp-content\/uploads\/2015\/04\/201310081.jpg?resize=350%2C200&ssl=1","width":350,"height":200,"srcset":"https:\/\/i0.wp.com\/www.wallendorff.com\/belogue\/wp-content\/uploads\/2015\/04\/201310081.jpg?resize=350%2C200&ssl=1 1x, https:\/\/i0.wp.com\/www.wallendorff.com\/belogue\/wp-content\/uploads\/2015\/04\/201310081.jpg?resize=525%2C300&ssl=1 1.5x, https:\/\/i0.wp.com\/www.wallendorff.com\/belogue\/wp-content\/uploads\/2015\/04\/201310081.jpg?resize=700%2C400&ssl=1 2x"},"classes":[]},{"id":20919,"url":"https:\/\/www.wallendorff.com\/belogue\/2013\/05\/14\/the-raveonettes-la-maroquinerie-paris-12-mai\/","url_meta":{"origin":29562,"position":4},"title":"The Raveonettes @ la Maroquinerie, Paris, 12 mai.","author":"dpc","date":"14 mai 2013","format":false,"excerpt":"TwilightThe Raveonettes \u00a0","rel":"","context":"Dans &quot;Alive&quot;","block_context":{"text":"Alive","link":"https:\/\/www.wallendorff.com\/belogue\/category\/alive\/"},"img":{"alt_text":"","src":"https:\/\/i0.wp.com\/www.wallendorff.com\/belogue\/wp-content\/uploads\/2015\/04\/20130514.jpg?resize=350%2C200&ssl=1","width":350,"height":200,"srcset":"https:\/\/i0.wp.com\/www.wallendorff.com\/belogue\/wp-content\/uploads\/2015\/04\/20130514.jpg?resize=350%2C200&ssl=1 1x, https:\/\/i0.wp.com\/www.wallendorff.com\/belogue\/wp-content\/uploads\/2015\/04\/20130514.jpg?resize=525%2C300&ssl=1 1.5x, https:\/\/i0.wp.com\/www.wallendorff.com\/belogue\/wp-content\/uploads\/2015\/04\/20130514.jpg?resize=700%2C400&ssl=1 2x"},"classes":[]},{"id":19129,"url":"https:\/\/www.wallendorff.com\/belogue\/2012\/09\/28\/boy-la-maroquinerie-paris\/","url_meta":{"origin":29562,"position":5},"title":"Boy @ la Maroquinerie, Paris.","author":"dpc","date":"28 septembre 2012","format":false,"excerpt":"Drive Darling | Waitress | Oh Boy | Army | Boris | Skin | Railway | July | This Is the Beginning | Silver Streets | Little Numbers || Waltz for Pony | Hotel Room || [Very old song] Amanda Palmer feat. The Grand Theft Orchestra \u2013 Want It Back\u2026","rel":"","context":"Dans &quot;Alive&quot;","block_context":{"text":"Alive","link":"https:\/\/www.wallendorff.com\/belogue\/category\/alive\/"},"img":{"alt_text":"","src":"https:\/\/i0.wp.com\/www.wallendorff.com\/belogue\/wp-content\/uploads\/2015\/04\/201209281.jpg?resize=350%2C200&ssl=1","width":350,"height":200,"srcset":"https:\/\/i0.wp.com\/www.wallendorff.com\/belogue\/wp-content\/uploads\/2015\/04\/201209281.jpg?resize=350%2C200&ssl=1 1x, https:\/\/i0.wp.com\/www.wallendorff.com\/belogue\/wp-content\/uploads\/2015\/04\/201209281.jpg?resize=525%2C300&ssl=1 1.5x, https:\/\/i0.wp.com\/www.wallendorff.com\/belogue\/wp-content\/uploads\/2015\/04\/201209281.jpg?resize=700%2C400&ssl=1 2x"},"classes":[]}],"_links":{"self":[{"href":"https:\/\/www.wallendorff.com\/belogue\/wp-json\/wp\/v2\/posts\/29562","targetHints":{"allow":["GET"]}}],"collection":[{"href":"https:\/\/www.wallendorff.com\/belogue\/wp-json\/wp\/v2\/posts"}],"about":[{"href":"https:\/\/www.wallendorff.com\/belogue\/wp-json\/wp\/v2\/types\/post"}],"author":[{"embeddable":true,"href":"https:\/\/www.wallendorff.com\/belogue\/wp-json\/wp\/v2\/users\/1"}],"replies":[{"embeddable":true,"href":"https:\/\/www.wallendorff.com\/belogue\/wp-json\/wp\/v2\/comments?post=29562"}],"version-history":[{"count":2,"href":"https:\/\/www.wallendorff.com\/belogue\/wp-json\/wp\/v2\/posts\/29562\/revisions"}],"predecessor-version":[{"id":29579,"href":"https:\/\/www.wallendorff.com\/belogue\/wp-json\/wp\/v2\/posts\/29562\/revisions\/29579"}],"wp:featuredmedia":[{"embeddable":true,"href":"https:\/\/www.wallendorff.com\/belogue\/wp-json\/wp\/v2\/media\/29580"}],"wp:attachment":[{"href":"https:\/\/www.wallendorff.com\/belogue\/wp-json\/wp\/v2\/media?parent=29562"}],"wp:term":[{"taxonomy":"category","embeddable":true,"href":"https:\/\/www.wallendorff.com\/belogue\/wp-json\/wp\/v2\/categories?post=29562"},{"taxonomy":"post_tag","embeddable":true,"href":"https:\/\/www.wallendorff.com\/belogue\/wp-json\/wp\/v2\/tags?post=29562"}],"curies":[{"name":"wp","href":"https:\/\/api.w.org\/{rel}","templated":true}]}}