{"id":295,"date":"2005-08-09T10:52:59","date_gmt":"2005-08-09T10:52:59","guid":{"rendered":"http:\/\/www.po-l.com\/wordpress\/?p=295"},"modified":"2012-06-18T10:32:35","modified_gmt":"2012-06-18T08:32:35","slug":"y-a-d-la-verte-hure-dans-le-vide-or-dur","status":"publish","type":"post","link":"https:\/\/www.wallendorff.com\/belogue\/2005\/08\/09\/y-a-d-la-verte-hure-dans-le-vide-or-dur\/","title":{"rendered":"Y a d&rsquo;la verte hure&sup1; [dans le vide or dur.]"},"content":{"rendered":"<div id=\"photo\">\n<p><img decoding=\"async\" src=\"http:\/\/www.po-L.com\/belogue\/photo\/2005\/08\/20050809.jpg\" \/><br \/>\nLa Fourmi, Paris, 2 ao&ucirc;t.<\/p>\n<\/div>\n<p style=\"text-align:right\">[La prochaine fois, penser &agrave; mettre un gens sur la table, &ccedil;a rend plus joli en photo.]<\/p>\n<div id=\"bandeson\">\n<p><img decoding=\"async\" src=\"https:\/\/www.wallendorff.com\/belogue\/photo\/pochettes\/i\/i_am_kloot-gods_and_monsters.jpg\" align=\"left\" \/>&nbsp;<a href=\"http:\/\/www.iamkloot.com\">I Am Kloot<\/a> &ndash; <em>Over My Shoulder<\/em><\/p>\n<\/div>\n<div id=\"bas_note\">\n<p>_____<\/p>\n<p><sup>1<\/sup> L&rsquo;&eacute;tymologie de hure, c&rsquo;est &laquo;&nbsp;t&ecirc;te hirsute d&rsquo;une b&ecirc;te f&eacute;roce&nbsp;&raquo;. On dirait une description de moi au r&eacute;veil, dis donc.<\/p>\n<\/div>\n","protected":false},"excerpt":{"rendered":"<p>La Fourmi, Paris, 2 ao&ucirc;t. [La prochaine fois, penser &agrave; mettre un gens sur la table, &ccedil;a rend plus joli en photo.] &nbsp;I Am Kloot &ndash; Over My Shoulder _____ 1 L&rsquo;&eacute;tymologie de hure, c&rsquo;est &laquo;&nbsp;t&ecirc;te hirsute d&rsquo;une b&ecirc;te f&eacute;roce&nbsp;&raquo;. On dirait une description de moi au r&eacute;veil, dis donc.<\/p>\n","protected":false},"author":1,"featured_media":24235,"comment_status":"open","ping_status":"open","sticky":false,"template":"","format":"standard","meta":{"_acf_changed":false,"ngg_post_thumbnail":0,"jetpack_post_was_ever_published":false,"_jetpack_newsletter_access":"","_jetpack_dont_email_post_to_subs":false,"_jetpack_newsletter_tier_id":0,"_jetpack_memberships_contains_paywalled_content":false,"_jetpack_memberships_contains_paid_content":false,"footnotes":"","jetpack_publicize_message":"","jetpack_publicize_feature_enabled":true,"jetpack_social_post_already_shared":false,"jetpack_social_options":{"image_generator_settings":{"template":"highway","default_image_id":0,"font":"","enabled":false},"version":2}},"categories":[3],"tags":[10143,10115,132,10240,10246,10307,10120,10221,10121,1179,143,1180,10098,173,10334],"class_list":["post-295","post","type-post","status-publish","format-standard","has-post-thumbnail","hentry","category-dpc","tag-10143","tag-bar","tag-eos-20d","tag-chaises","tag-contre-jour","tag-fenetre","tag-france","tag-i-am-kloot","tag-ile-de-france","tag-la-fourmi","tag-noir-et-blanc","tag-over-my-shoulder","tag-paris","tag-sigma-28-70-mm-f28-dg-ex","tag-table"],"acf":[],"geo":{"latitude":48.882328,"longitude":2.3397312,"description":"74-76 Rue des Martyrs, 75018 Paris, France"},"jetpack_publicize_connections":[],"jetpack_featured_media_url":"https:\/\/www.wallendorff.com\/belogue\/wp-content\/uploads\/2015\/04\/200508091.jpg","jetpack_shortlink":"https:\/\/wp.me\/p3b35P-4L","jetpack_sharing_enabled":true,"jetpack-related-posts":[{"id":9575,"url":"https:\/\/www.wallendorff.com\/belogue\/2010\/09\/28\/lete-les-thes-laits-tels-etaient\/","url_meta":{"origin":295,"position":0},"title":"L&rsquo;\u00e9t\u00e9, les th\u00e9s, lait tels \u00e9taient.","author":"dpc","date":"28 septembre 2010","format":false,"excerpt":"La Fourmi Ail\u00e9e, Paris, Paris, 30 juillet. \u00a0Rogue Wave \u2013 Sleepwalker (acoustic)","rel":"","context":"Dans &quot;DPC&quot;","block_context":{"text":"DPC","link":"https:\/\/www.wallendorff.com\/belogue\/category\/dpc\/"},"img":{"alt_text":"","src":"https:\/\/i0.wp.com\/www.wallendorff.com\/belogue\/wp-content\/uploads\/2015\/04\/201009281.jpg?resize=350%2C200&ssl=1","width":350,"height":200},"classes":[]},{"id":9703,"url":"https:\/\/www.wallendorff.com\/belogue\/2010\/10\/25\/i-am-kloot-la-maroquinerie-paris-2\/","url_meta":{"origin":295,"position":1},"title":"I Am Kloot @ la Maroquinerie, Paris.","author":"dpc","date":"25 octobre 2010","format":false,"excerpt":"Northern Skies | Lately | To the Brink | The Stars Looks Familiar | Hey Little Bird | It's Just the Night | Somone Like You | From Your Favourite Sky | Storm Warning | Over My Shoulder | 86 TV's | Bigger Wheels | I Still Do | ?\u2026","rel":"","context":"Dans &quot;Alive&quot;","block_context":{"text":"Alive","link":"https:\/\/www.wallendorff.com\/belogue\/category\/alive\/"},"img":{"alt_text":"","src":"https:\/\/i0.wp.com\/www.wallendorff.com\/belogue\/wp-content\/uploads\/2015\/04\/201010251.jpg?resize=350%2C200&ssl=1","width":350,"height":200,"srcset":"https:\/\/i0.wp.com\/www.wallendorff.com\/belogue\/wp-content\/uploads\/2015\/04\/201010251.jpg?resize=350%2C200&ssl=1 1x, https:\/\/i0.wp.com\/www.wallendorff.com\/belogue\/wp-content\/uploads\/2015\/04\/201010251.jpg?resize=525%2C300&ssl=1 1.5x, https:\/\/i0.wp.com\/www.wallendorff.com\/belogue\/wp-content\/uploads\/2015\/04\/201010251.jpg?resize=700%2C400&ssl=1 2x"},"classes":[]},{"id":9593,"url":"https:\/\/www.wallendorff.com\/belogue\/2010\/09\/30\/livres-et-laisser-mouvrir\/","url_meta":{"origin":295,"position":2},"title":"Livres et laisser m&rsquo;ouvrir.","author":"dpc","date":"30 septembre 2010","format":false,"excerpt":"La Fourmi Ail\u00e9e, Paris, 30 juillet. \u00a0LCD Soundsystem \u2013 All I Want Trop bath id\u00e9e de dessin anim\u00e9 hier soir, pass\u00e9 deux heures \u00e0 bosser le personnage principal\u00a0: Avant de r\u00e9aliser un peu tard que le jeu de mot avait d\u00e9j\u00e0 \u00e9t\u00e9 fait. Ma vie craint.","rel":"","context":"Dans &quot;DPC&quot;","block_context":{"text":"DPC","link":"https:\/\/www.wallendorff.com\/belogue\/category\/dpc\/"},"img":{"alt_text":"","src":"https:\/\/i0.wp.com\/www.wallendorff.com\/belogue\/wp-content\/uploads\/2015\/04\/201009301.jpg?resize=350%2C200&ssl=1","width":350,"height":200},"classes":[]},{"id":21183,"url":"https:\/\/www.wallendorff.com\/belogue\/2013\/06\/19\/shooting-people-105\/","url_meta":{"origin":295,"position":3},"title":"Shooting people #105.","author":"dpc","date":"19 juin 2013","format":false,"excerpt":"Cannibale caf\u00e9, Paris, 10 mai. Northern SkiesI Am Kloot","rel":"","context":"Dans &quot;Portraits&quot;","block_context":{"text":"Portraits","link":"https:\/\/www.wallendorff.com\/belogue\/category\/portraits\/"},"img":{"alt_text":"","src":"https:\/\/i0.wp.com\/www.wallendorff.com\/belogue\/wp-content\/uploads\/2015\/04\/20130619.jpg?resize=350%2C200&ssl=1","width":350,"height":200,"srcset":"https:\/\/i0.wp.com\/www.wallendorff.com\/belogue\/wp-content\/uploads\/2015\/04\/20130619.jpg?resize=350%2C200&ssl=1 1x, https:\/\/i0.wp.com\/www.wallendorff.com\/belogue\/wp-content\/uploads\/2015\/04\/20130619.jpg?resize=525%2C300&ssl=1 1.5x, https:\/\/i0.wp.com\/www.wallendorff.com\/belogue\/wp-content\/uploads\/2015\/04\/20130619.jpg?resize=700%2C400&ssl=1 2x"},"classes":[]},{"id":313,"url":"https:\/\/www.wallendorff.com\/belogue\/2005\/07\/20\/entr-aides-artistes\/","url_meta":{"origin":295,"position":4},"title":"Entr&rsquo;aid&eacute;s artistes.","author":"dpc","date":"20 juillet 2005","format":false,"excerpt":"Rue de M\u00e9nilmontant, Paris, 13 juillet. \"'Cause we've seen, now we believe.\" \u00a0I Am Kloot \u2013 I Believe","rel":"","context":"Dans &quot;DPC&quot;","block_context":{"text":"DPC","link":"https:\/\/www.wallendorff.com\/belogue\/category\/dpc\/"},"img":{"alt_text":"","src":"https:\/\/i0.wp.com\/www.wallendorff.com\/belogue\/wp-content\/uploads\/2015\/04\/200507201.jpg?resize=350%2C200&ssl=1","width":350,"height":200},"classes":[]},{"id":20513,"url":"https:\/\/www.wallendorff.com\/belogue\/2013\/02\/26\/into-the-wide-1\/","url_meta":{"origin":295,"position":5},"title":"Into the wide #1.","author":"dpc","date":"26 f\u00e9vrier 2013","format":false,"excerpt":"Rue Clauzel, Paris, 13 janvier. Du m\u00eame toit qu'il y a 5 ans. Proof (reinterpreted)I Am Kloot","rel":"","context":"Dans &quot;Into the wide&quot;","block_context":{"text":"Into the wide","link":"https:\/\/www.wallendorff.com\/belogue\/category\/into-the-wide\/"},"img":{"alt_text":"","src":"https:\/\/i0.wp.com\/www.wallendorff.com\/belogue\/wp-content\/uploads\/2015\/04\/20130226.jpg?resize=350%2C200&ssl=1","width":350,"height":200,"srcset":"https:\/\/i0.wp.com\/www.wallendorff.com\/belogue\/wp-content\/uploads\/2015\/04\/20130226.jpg?resize=350%2C200&ssl=1 1x, https:\/\/i0.wp.com\/www.wallendorff.com\/belogue\/wp-content\/uploads\/2015\/04\/20130226.jpg?resize=525%2C300&ssl=1 1.5x, https:\/\/i0.wp.com\/www.wallendorff.com\/belogue\/wp-content\/uploads\/2015\/04\/20130226.jpg?resize=700%2C400&ssl=1 2x"},"classes":[]}],"_links":{"self":[{"href":"https:\/\/www.wallendorff.com\/belogue\/wp-json\/wp\/v2\/posts\/295","targetHints":{"allow":["GET"]}}],"collection":[{"href":"https:\/\/www.wallendorff.com\/belogue\/wp-json\/wp\/v2\/posts"}],"about":[{"href":"https:\/\/www.wallendorff.com\/belogue\/wp-json\/wp\/v2\/types\/post"}],"author":[{"embeddable":true,"href":"https:\/\/www.wallendorff.com\/belogue\/wp-json\/wp\/v2\/users\/1"}],"replies":[{"embeddable":true,"href":"https:\/\/www.wallendorff.com\/belogue\/wp-json\/wp\/v2\/comments?post=295"}],"version-history":[{"count":2,"href":"https:\/\/www.wallendorff.com\/belogue\/wp-json\/wp\/v2\/posts\/295\/revisions"}],"predecessor-version":[{"id":17772,"href":"https:\/\/www.wallendorff.com\/belogue\/wp-json\/wp\/v2\/posts\/295\/revisions\/17772"}],"wp:featuredmedia":[{"embeddable":true,"href":"https:\/\/www.wallendorff.com\/belogue\/wp-json\/wp\/v2\/media\/24235"}],"wp:attachment":[{"href":"https:\/\/www.wallendorff.com\/belogue\/wp-json\/wp\/v2\/media?parent=295"}],"wp:term":[{"taxonomy":"category","embeddable":true,"href":"https:\/\/www.wallendorff.com\/belogue\/wp-json\/wp\/v2\/categories?post=295"},{"taxonomy":"post_tag","embeddable":true,"href":"https:\/\/www.wallendorff.com\/belogue\/wp-json\/wp\/v2\/tags?post=295"}],"curies":[{"name":"wp","href":"https:\/\/api.w.org\/{rel}","templated":true}]}}