{"id":294,"date":"2005-08-10T11:11:44","date_gmt":"2005-08-10T11:11:44","guid":{"rendered":"http:\/\/www.po-l.com\/wordpress\/?p=294"},"modified":"2014-06-09T11:03:28","modified_gmt":"2014-06-09T09:03:28","slug":"l-etrange-noelle-de-monsieur-jacques","status":"publish","type":"post","link":"https:\/\/www.wallendorff.com\/belogue\/2005\/08\/10\/l-etrange-noelle-de-monsieur-jacques\/","title":{"rendered":"L&rsquo;&eacute;trange No&euml;lle de Monsieur Jacques."},"content":{"rendered":"\n<div id=\"photo\">\n<p><img decoding=\"async\" src=\"http:\/\/www.po-L.com\/belogue\/photo\/2005\/08\/20050810.jpg\" \/><br \/>\n          Atelier Attali, Paris, 27 juillet.<\/p>\n<\/p><\/div>\n<div id=\"bandeson\">\n<p><img decoding=\"async\" src=\"https:\/\/www.wallendorff.com\/belogue\/photo\/pochettes\/b\/broken_social_scene-you_forgot_it_in_people.jpg\" align=\"left\" \/>&nbsp;<a href=\"http:\/\/www.brokensocialscene.ca\/\">Broken Social Scene<\/a> &mdash; <em>Almost Crimes<\/em> (feat. Feist)<\/p>\n<\/p><\/div>\n","protected":false},"excerpt":{"rendered":"<p>Atelier Attali, Paris, 27 juillet. &nbsp;Broken Social Scene &mdash; Almost Crimes (feat. Feist)<\/p>\n","protected":false},"author":1,"featured_media":24234,"comment_status":"open","ping_status":"open","sticky":false,"template":"","format":"standard","meta":{"_acf_changed":false,"ngg_post_thumbnail":0,"jetpack_post_was_ever_published":false,"_jetpack_newsletter_access":"","_jetpack_dont_email_post_to_subs":false,"_jetpack_newsletter_tier_id":0,"_jetpack_memberships_contains_paywalled_content":false,"_jetpack_memberships_contains_paid_content":false,"footnotes":"","jetpack_publicize_message":"","jetpack_publicize_feature_enabled":true,"jetpack_social_post_already_shared":false,"jetpack_social_options":{"image_generator_settings":{"template":"highway","default_image_id":0,"font":"","enabled":false},"version":2}},"categories":[3],"tags":[10271,1182,8631,1181,157,132,10359,663,10120,10121,10447,143,10098,1183,10419,10676],"class_list":["post-294","post","type-post","status-publish","format-standard","has-post-thumbnail","hentry","category-dpc","tag-10271","tag-almost-crimes","tag-atelier-attali","tag-broken-social-scene","tag-ef-50-mm-f18-ii","tag-eos-20d","tag-couple","tag-feist","tag-france","tag-ile-de-france","tag-mariage","tag-noir-et-blanc","tag-paris","tag-rue-claude-tillier","tag-squelette","tag-vitrine"],"acf":[],"geo":{"latitude":48.8483925,"longitude":2.3882389,"description":null},"jetpack_publicize_connections":[],"jetpack_featured_media_url":"https:\/\/www.wallendorff.com\/belogue\/wp-content\/uploads\/2015\/04\/200508101.jpg","jetpack_shortlink":"https:\/\/wp.me\/p3b35P-4K","jetpack_sharing_enabled":true,"jetpack-related-posts":[{"id":1176,"url":"https:\/\/www.wallendorff.com\/belogue\/2008\/03\/03\/shooting-people-25\/","url_meta":{"origin":294,"position":0},"title":"Shooting people #25.","author":"dpc","date":"3 mars 2008","format":false,"excerpt":"Le Trabendo, Paris, 2 f\u00e9vrier. Les Hard Lessons, ce trio power-pop qu'on aimerait bien voir sortir d'Ann Arbor plus souvent, reviennent avec un B&G Sides \u00e0 t\u00e9l\u00e9charger sur leur site et prouvent au passage qu'ils comptent plus loin et surtout mieux que Feist. Profitez. \u00a0The Hard Lessons \u2013 12345678","rel":"","context":"Dans &quot;Portraits&quot;","block_context":{"text":"Portraits","link":"https:\/\/www.wallendorff.com\/belogue\/category\/portraits\/"},"img":{"alt_text":"","src":"https:\/\/i0.wp.com\/www.wallendorff.com\/belogue\/wp-content\/uploads\/2015\/04\/200803031.jpg?resize=350%2C200&ssl=1","width":350,"height":200},"classes":[]},{"id":1055,"url":"https:\/\/www.wallendorff.com\/belogue\/2007\/10\/10\/previously-unreleased-71\/","url_meta":{"origin":294,"position":1},"title":"Previously unreleased #71\u00b9.","author":"dpc","date":"10 octobre 2007","format":false,"excerpt":"Interpol, Verizon Wireless Theater, Houston, 25 septembre. Je devais prendre de gros gens en photos dans un restaurant. Passionnant. Alors quand l'autre est venu me voir pour faire une session avec Doherty, j'ai dit oui. Doherty \u00e9tait au fond d'un cimeti\u00e8re, teint en blond, d'ailleurs il ne ressemblait pas \u00e0\u2026","rel":"","context":"Dans &quot;Previously unreleased&quot;","block_context":{"text":"Previously unreleased","link":"https:\/\/www.wallendorff.com\/belogue\/category\/previously-unreleased\/"},"img":{"alt_text":"","src":"https:\/\/i0.wp.com\/www.wallendorff.com\/belogue\/wp-content\/uploads\/2015\/04\/200710101.jpg?resize=350%2C200&ssl=1","width":350,"height":200},"classes":[]},{"id":559,"url":"https:\/\/www.wallendorff.com\/belogue\/2004\/11\/27\/the-kills-blanche-magic-stick-detroit\/","url_meta":{"origin":294,"position":2},"title":"The Kills + Blanche @ Magic Stick, D&eacute;troit.","author":"dpc","date":"27 novembre 2004","format":false,"excerpt":"Y avait longtemps que j'avais pas fait un concert o\u00f9 la moiti\u00e9 des gens se barre apr\u00e8s la premi\u00e8re partie. Le Magic Stick \u00e9tait blind\u00e9 (au d\u00e9but. Ensuite il n'\u00e9tait plus qu'\u00e0 moiti\u00e9 blind\u00e9, forc\u00e9ment.), Blanche a b\u00e9n\u00e9fici\u00e9 d'un soutien vocal sans faille de la salle et en a profit\u00e9\u2026","rel":"","context":"Dans &quot;Alive&quot;","block_context":{"text":"Alive","link":"https:\/\/www.wallendorff.com\/belogue\/category\/alive\/"},"img":{"alt_text":"","src":"https:\/\/i0.wp.com\/www.wallendorff.com\/belogue\/wp-content\/uploads\/2015\/04\/691.jpg?resize=350%2C200&ssl=1","width":350,"height":200},"classes":[]},{"id":4010,"url":"https:\/\/www.wallendorff.com\/belogue\/2009\/03\/11\/ton-nid-darc-haut\/","url_meta":{"origin":294,"position":3},"title":"Ton nid d&rsquo;arc haut.","author":"dpc","date":"11 mars 2009","format":false,"excerpt":"Avenue de la Grande Arm\u00e9e, Paris, 7 f\u00e9vrier. Broken social Scene \u2013 Anthems for a Seventeen Year-Old Girl [Vivement la sortie de la version publique de Photoshop CSi, que je puisse d\u00e9placer la mise au point vers le gars qui traverse, plut\u00f4t.] \/Edit\u00a0: je viens d'enlever-remettre la photo parce qu'elle\u2026","rel":"","context":"Dans &quot;DPC&quot;","block_context":{"text":"DPC","link":"https:\/\/www.wallendorff.com\/belogue\/category\/dpc\/"},"img":{"alt_text":"","src":"https:\/\/i0.wp.com\/www.wallendorff.com\/belogue\/wp-content\/uploads\/2015\/04\/200903111.jpg?resize=350%2C200&ssl=1","width":350,"height":200},"classes":[]},{"id":50424,"url":"https:\/\/www.wallendorff.com\/belogue\/2022\/01\/05\/atelier-portraits-en-situation-paris-18-22-novembre-2021\/","url_meta":{"origin":294,"position":4},"title":"Atelier portraits en situation, Paris, 18 \u2013 22 novembre 2021.","author":"dpc","date":"5 janvier 2022","format":false,"excerpt":"Un atelier propos\u00e9 par l'agence VU' sous l'\u00e9gide de Franck Ferville.\u00a0 Merci \u00e0 nos mod\u00e8les pour leur participation durant cette studieuse semaine : Carla Ventre, \u00c9va Cort\u00e8s, Sophie Nicollas. Merci \u00e9galement aux autres photographes pour leur bonne humeur et leur professionnalisme : ma complice de toujours Anne Bichsel,\u00a0Franck Crusiaux, Pascaline\u2026","rel":"","context":"Dans &quot;Portraits&quot;","block_context":{"text":"Portraits","link":"https:\/\/www.wallendorff.com\/belogue\/category\/portraits\/"},"img":{"alt_text":"","src":"https:\/\/i0.wp.com\/www.wallendorff.com\/belogue\/wp-content\/uploads\/2022\/01\/20220105-03.jpg?resize=350%2C200&ssl=1","width":350,"height":200,"srcset":"https:\/\/i0.wp.com\/www.wallendorff.com\/belogue\/wp-content\/uploads\/2022\/01\/20220105-03.jpg?resize=350%2C200&ssl=1 1x, https:\/\/i0.wp.com\/www.wallendorff.com\/belogue\/wp-content\/uploads\/2022\/01\/20220105-03.jpg?resize=525%2C300&ssl=1 1.5x, https:\/\/i0.wp.com\/www.wallendorff.com\/belogue\/wp-content\/uploads\/2022\/01\/20220105-03.jpg?resize=700%2C400&ssl=1 2x, https:\/\/i0.wp.com\/www.wallendorff.com\/belogue\/wp-content\/uploads\/2022\/01\/20220105-03.jpg?resize=1050%2C600&ssl=1 3x"},"classes":[]},{"id":1394,"url":"https:\/\/www.wallendorff.com\/belogue\/2008\/04\/27\/joie-2\/","url_meta":{"origin":294,"position":5},"title":"Joie.","author":"dpc","date":"27 avril 2008","format":false,"excerpt":"Paris, 26 avril. Et de conclure cette Semaine Internationale du Classement Musical et son atelier-d\u00e9bat par l'acquisition de ces merveilles fort utiles. \u00a0The Mooney Suzuki \u2013 Sweet Susannah (Ghetto Recorders)","rel":"","context":"Dans &quot;DPC&quot;","block_context":{"text":"DPC","link":"https:\/\/www.wallendorff.com\/belogue\/category\/dpc\/"},"img":{"alt_text":"","src":"https:\/\/i0.wp.com\/www.wallendorff.com\/belogue\/wp-content\/uploads\/2015\/04\/200804271.jpg?resize=350%2C200&ssl=1","width":350,"height":200},"classes":[]}],"_links":{"self":[{"href":"https:\/\/www.wallendorff.com\/belogue\/wp-json\/wp\/v2\/posts\/294","targetHints":{"allow":["GET"]}}],"collection":[{"href":"https:\/\/www.wallendorff.com\/belogue\/wp-json\/wp\/v2\/posts"}],"about":[{"href":"https:\/\/www.wallendorff.com\/belogue\/wp-json\/wp\/v2\/types\/post"}],"author":[{"embeddable":true,"href":"https:\/\/www.wallendorff.com\/belogue\/wp-json\/wp\/v2\/users\/1"}],"replies":[{"embeddable":true,"href":"https:\/\/www.wallendorff.com\/belogue\/wp-json\/wp\/v2\/comments?post=294"}],"version-history":[{"count":2,"href":"https:\/\/www.wallendorff.com\/belogue\/wp-json\/wp\/v2\/posts\/294\/revisions"}],"predecessor-version":[{"id":22934,"href":"https:\/\/www.wallendorff.com\/belogue\/wp-json\/wp\/v2\/posts\/294\/revisions\/22934"}],"wp:featuredmedia":[{"embeddable":true,"href":"https:\/\/www.wallendorff.com\/belogue\/wp-json\/wp\/v2\/media\/24234"}],"wp:attachment":[{"href":"https:\/\/www.wallendorff.com\/belogue\/wp-json\/wp\/v2\/media?parent=294"}],"wp:term":[{"taxonomy":"category","embeddable":true,"href":"https:\/\/www.wallendorff.com\/belogue\/wp-json\/wp\/v2\/categories?post=294"},{"taxonomy":"post_tag","embeddable":true,"href":"https:\/\/www.wallendorff.com\/belogue\/wp-json\/wp\/v2\/tags?post=294"}],"curies":[{"name":"wp","href":"https:\/\/api.w.org\/{rel}","templated":true}]}}