{"id":29342,"date":"2015-10-09T14:55:58","date_gmt":"2015-10-09T12:55:58","guid":{"rendered":"http:\/\/www.wallendorff.com\/belogue\/?p=29342"},"modified":"2015-10-09T14:55:58","modified_gmt":"2015-10-09T12:55:58","slug":"les-4-bancs-tastiques","status":"publish","type":"post","link":"https:\/\/www.wallendorff.com\/belogue\/2015\/10\/09\/les-4-bancs-tastiques\/","title":{"rendered":"Les 4 bancs t&rsquo;astiques."},"content":{"rendered":"\n<div id=\"photo\">\n<p><img decoding=\"async\" src=\"https:\/\/www.wallendorff.com\/belogue\/photo\/2015\/10\/20151009.jpg\"><br \/>\nFacult&eacute; Pontificale de Th&eacute;ologie, Wroc&#322;aw, 15 mai.<\/p>\n<\/p><\/div>\n<div id=\"bandeson\">\n<p><img decoding=\"async\" src=\"https:\/\/www.wallendorff.com\/belogue\/photo\/pochettes\/w\/wavves-v.jpg\" align=\"left\" \/><a style=\"font-weight:normal\" id=\"lienmp3\" href=\"http:\/\/www.youtube.com\/watch?v=n1ATz2ocOsk\"><em>Heavy Metal Detox<\/em><\/a><br \/>\n<a href=\"http:\/\/www.wavves.net\/\">Wavves<\/a><\/p>\n<\/p><\/div>\n","protected":false},"excerpt":{"rendered":"<p>Facult&eacute; Pontificale de Th&eacute;ologie, Wroc&#322;aw, 15 mai. Heavy Metal Detox Wavves<\/p>\n","protected":false},"author":1,"featured_media":29345,"comment_status":"open","ping_status":"open","sticky":false,"template":"","format":"standard","meta":{"_acf_changed":false,"ngg_post_thumbnail":0,"jetpack_post_was_ever_published":false,"_jetpack_newsletter_access":"","_jetpack_dont_email_post_to_subs":false,"_jetpack_newsletter_tier_id":0,"_jetpack_memberships_contains_paywalled_content":false,"_jetpack_memberships_contains_paid_content":false,"footnotes":"","jetpack_publicize_message":"","jetpack_publicize_feature_enabled":true,"jetpack_social_post_already_shared":true,"jetpack_social_options":{"image_generator_settings":{"template":"highway","default_image_id":0,"font":"","enabled":false},"version":2}},"categories":[3],"tags":[10226,9856,10311,12569,12570,9880,10619,12567,12568,10504,9909,7960,9927],"class_list":["post-29342","post","type-post","status-publish","format-standard","has-post-thumbnail","hentry","category-dpc","tag-banc","tag-basse-silesie","tag-dos","tag-faculte-pontificale-de-theologie-de-wroclaw","tag-heavy-metal-detox","tag-ile-de-la-cathedrale","tag-jardin","tag-katedralna","tag-papieski-wydzial-teologiczny","tag-parc","tag-pologne","tag-wavves","tag-wroclaw"],"acf":[],"geo":{"latitude":51.1139488,"longitude":17.0439873,"description":"Wroc\u0142aw, Dolno\u015bl\u0105skie, 51-524, PL"},"jetpack_publicize_connections":[],"jetpack_featured_media_url":"https:\/\/www.wallendorff.com\/belogue\/wp-content\/uploads\/2015\/10\/20151009.jpg","jetpack_shortlink":"https:\/\/wp.me\/p3b35P-7Dg","jetpack_sharing_enabled":true,"jetpack-related-posts":[{"id":29667,"url":"https:\/\/www.wallendorff.com\/belogue\/2015\/10\/31\/octobre-2015\/","url_meta":{"origin":29342,"position":0},"title":"Octobre 2015.","author":"dpc","date":"31 octobre 2015","format":false,"excerpt":"Un vernissage, un escalier, un di\u0161que, une moustache, un test \u00e0 l'aveugle, un coucher de soleil, une cr\u00e9maill\u00e8re, un d\u00e9m\u00e9nagement, un emm\u00e9nagement, un num\u00e9ro, un trottoir, un duo pock et roll, des pieds, un anniversaire, un concert, un anniversaire, un di\u0161que, un bar, un concert, un dictionnaire, un ch\u00e2teau haut-perch\u00e9,\u2026","rel":"","context":"Dans &quot;Blog-note&quot;","block_context":{"text":"Blog-note","link":"https:\/\/www.wallendorff.com\/belogue\/category\/blog-note\/"},"img":{"alt_text":"","src":"https:\/\/i0.wp.com\/www.wallendorff.com\/belogue\/wp-content\/uploads\/2015\/11\/20151116-30.jpg?resize=350%2C200&ssl=1","width":350,"height":200,"srcset":"https:\/\/i0.wp.com\/www.wallendorff.com\/belogue\/wp-content\/uploads\/2015\/11\/20151116-30.jpg?resize=350%2C200&ssl=1 1x, https:\/\/i0.wp.com\/www.wallendorff.com\/belogue\/wp-content\/uploads\/2015\/11\/20151116-30.jpg?resize=525%2C300&ssl=1 1.5x, https:\/\/i0.wp.com\/www.wallendorff.com\/belogue\/wp-content\/uploads\/2015\/11\/20151116-30.jpg?resize=700%2C400&ssl=1 2x"},"classes":[]},{"id":33793,"url":"https:\/\/www.wallendorff.com\/belogue\/2017\/04\/06\/into-the-wide-92\/","url_meta":{"origin":29342,"position":1},"title":"Into the wide #92.","author":"dpc","date":"6 avril 2017","format":false,"excerpt":"Place du March\u00e9, Wroc\u0142aw, 26 f\u00e9vrier. In Cold Blood\u0394","rel":"","context":"Dans &quot;Into the wide&quot;","block_context":{"text":"Into the wide","link":"https:\/\/www.wallendorff.com\/belogue\/category\/into-the-wide\/"},"img":{"alt_text":"","src":"https:\/\/i0.wp.com\/www.wallendorff.com\/belogue\/wp-content\/uploads\/2017\/04\/20170406.jpg?resize=350%2C200&ssl=1","width":350,"height":200,"srcset":"https:\/\/i0.wp.com\/www.wallendorff.com\/belogue\/wp-content\/uploads\/2017\/04\/20170406.jpg?resize=350%2C200&ssl=1 1x, https:\/\/i0.wp.com\/www.wallendorff.com\/belogue\/wp-content\/uploads\/2017\/04\/20170406.jpg?resize=525%2C300&ssl=1 1.5x, https:\/\/i0.wp.com\/www.wallendorff.com\/belogue\/wp-content\/uploads\/2017\/04\/20170406.jpg?resize=700%2C400&ssl=1 2x"},"classes":[]},{"id":33751,"url":"https:\/\/www.wallendorff.com\/belogue\/2017\/03\/24\/dachy\/","url_meta":{"origin":29342,"position":2},"title":"Dachy.","author":"dpc","date":"24 mars 2017","format":false,"excerpt":"\u00a0 Basilique Sainte-\u00c9lisabeth, Wroc\u0142aw, 25 f\u00e9vrier. Church (live) Gary Clark, Jr.","rel":"","context":"Dans &quot;DPC&quot;","block_context":{"text":"DPC","link":"https:\/\/www.wallendorff.com\/belogue\/category\/dpc\/"},"img":{"alt_text":"","src":"https:\/\/i0.wp.com\/www.wallendorff.com\/belogue\/wp-content\/uploads\/2017\/03\/20170324.jpg?resize=350%2C200&ssl=1","width":350,"height":200,"srcset":"https:\/\/i0.wp.com\/www.wallendorff.com\/belogue\/wp-content\/uploads\/2017\/03\/20170324.jpg?resize=350%2C200&ssl=1 1x, https:\/\/i0.wp.com\/www.wallendorff.com\/belogue\/wp-content\/uploads\/2017\/03\/20170324.jpg?resize=525%2C300&ssl=1 1.5x"},"classes":[]},{"id":33787,"url":"https:\/\/www.wallendorff.com\/belogue\/2017\/04\/04\/into-the-wide-91\/","url_meta":{"origin":29342,"position":3},"title":"Into the wide #91.","author":"dpc","date":"4 avril 2017","format":false,"excerpt":"\u00a0 Place du March\u00e9, Wroc\u0142aw, 26 f\u00e9vrier. Road Not Taken Tall Ships","rel":"","context":"Dans &quot;Into the wide&quot;","block_context":{"text":"Into the wide","link":"https:\/\/www.wallendorff.com\/belogue\/category\/into-the-wide\/"},"img":{"alt_text":"","src":"https:\/\/i0.wp.com\/www.wallendorff.com\/belogue\/wp-content\/uploads\/2017\/04\/20170404.jpg?resize=350%2C200&ssl=1","width":350,"height":200,"srcset":"https:\/\/i0.wp.com\/www.wallendorff.com\/belogue\/wp-content\/uploads\/2017\/04\/20170404.jpg?resize=350%2C200&ssl=1 1x, https:\/\/i0.wp.com\/www.wallendorff.com\/belogue\/wp-content\/uploads\/2017\/04\/20170404.jpg?resize=525%2C300&ssl=1 1.5x, https:\/\/i0.wp.com\/www.wallendorff.com\/belogue\/wp-content\/uploads\/2017\/04\/20170404.jpg?resize=700%2C400&ssl=1 2x, https:\/\/i0.wp.com\/www.wallendorff.com\/belogue\/wp-content\/uploads\/2017\/04\/20170404.jpg?resize=1050%2C600&ssl=1 3x"},"classes":[]},{"id":33799,"url":"https:\/\/www.wallendorff.com\/belogue\/2017\/04\/10\/voute-n0-8-504\/","url_meta":{"origin":29342,"position":4},"title":"Vo\u00fbte no 8&nbsp;504.","author":"dpc","date":"10 avril 2017","format":false,"excerpt":"Universit\u00e9 de Wroc\u0142aw, 26 f\u00e9vrier. VesselsThe Moonlandingz","rel":"","context":"Dans &quot;DPC&quot;","block_context":{"text":"DPC","link":"https:\/\/www.wallendorff.com\/belogue\/category\/dpc\/"},"img":{"alt_text":"","src":"https:\/\/i0.wp.com\/www.wallendorff.com\/belogue\/wp-content\/uploads\/2017\/04\/20170410.jpg?resize=350%2C200&ssl=1","width":350,"height":200,"srcset":"https:\/\/i0.wp.com\/www.wallendorff.com\/belogue\/wp-content\/uploads\/2017\/04\/20170410.jpg?resize=350%2C200&ssl=1 1x, https:\/\/i0.wp.com\/www.wallendorff.com\/belogue\/wp-content\/uploads\/2017\/04\/20170410.jpg?resize=525%2C300&ssl=1 1.5x"},"classes":[]},{"id":33762,"url":"https:\/\/www.wallendorff.com\/belogue\/2017\/03\/29\/dachy-ii\/","url_meta":{"origin":29342,"position":5},"title":"Dachy [II].","author":"dpc","date":"29 mars 2017","format":false,"excerpt":"Cath\u00e9drale Saint-Jean-Baptiste, Wroc\u0142aw, 25 f\u00e9vrier. Colour of Water Rose Elinor Dougall","rel":"","context":"Dans &quot;DPC&quot;","block_context":{"text":"DPC","link":"https:\/\/www.wallendorff.com\/belogue\/category\/dpc\/"},"img":{"alt_text":"","src":"https:\/\/i0.wp.com\/www.wallendorff.com\/belogue\/wp-content\/uploads\/2017\/03\/20170329.jpg?resize=350%2C200&ssl=1","width":350,"height":200,"srcset":"https:\/\/i0.wp.com\/www.wallendorff.com\/belogue\/wp-content\/uploads\/2017\/03\/20170329.jpg?resize=350%2C200&ssl=1 1x, https:\/\/i0.wp.com\/www.wallendorff.com\/belogue\/wp-content\/uploads\/2017\/03\/20170329.jpg?resize=525%2C300&ssl=1 1.5x"},"classes":[]}],"_links":{"self":[{"href":"https:\/\/www.wallendorff.com\/belogue\/wp-json\/wp\/v2\/posts\/29342","targetHints":{"allow":["GET"]}}],"collection":[{"href":"https:\/\/www.wallendorff.com\/belogue\/wp-json\/wp\/v2\/posts"}],"about":[{"href":"https:\/\/www.wallendorff.com\/belogue\/wp-json\/wp\/v2\/types\/post"}],"author":[{"embeddable":true,"href":"https:\/\/www.wallendorff.com\/belogue\/wp-json\/wp\/v2\/users\/1"}],"replies":[{"embeddable":true,"href":"https:\/\/www.wallendorff.com\/belogue\/wp-json\/wp\/v2\/comments?post=29342"}],"version-history":[{"count":2,"href":"https:\/\/www.wallendorff.com\/belogue\/wp-json\/wp\/v2\/posts\/29342\/revisions"}],"predecessor-version":[{"id":29344,"href":"https:\/\/www.wallendorff.com\/belogue\/wp-json\/wp\/v2\/posts\/29342\/revisions\/29344"}],"wp:featuredmedia":[{"embeddable":true,"href":"https:\/\/www.wallendorff.com\/belogue\/wp-json\/wp\/v2\/media\/29345"}],"wp:attachment":[{"href":"https:\/\/www.wallendorff.com\/belogue\/wp-json\/wp\/v2\/media?parent=29342"}],"wp:term":[{"taxonomy":"category","embeddable":true,"href":"https:\/\/www.wallendorff.com\/belogue\/wp-json\/wp\/v2\/categories?post=29342"},{"taxonomy":"post_tag","embeddable":true,"href":"https:\/\/www.wallendorff.com\/belogue\/wp-json\/wp\/v2\/tags?post=29342"}],"curies":[{"name":"wp","href":"https:\/\/api.w.org\/{rel}","templated":true}]}}