{"id":29338,"date":"2015-10-07T15:49:21","date_gmt":"2015-10-07T13:49:21","guid":{"rendered":"http:\/\/www.wallendorff.com\/belogue\/?p=29338"},"modified":"2015-12-29T11:03:12","modified_gmt":"2015-12-29T09:03:12","slug":"encense-averse","status":"publish","type":"post","link":"https:\/\/www.wallendorff.com\/belogue\/2015\/10\/07\/encense-averse\/","title":{"rendered":"Encense averse."},"content":{"rendered":"\n<div id=\"photo\">\n<p><img decoding=\"async\" src=\"https:\/\/www.wallendorff.com\/belogue\/photo\/2015\/10\/20151007.jpg\"><br \/>\nUlica Jagiello&#324;ska,  Cracovie, 14 mai.<\/p>\n<\/p><\/div>\n<div id=\"bandeson\">\n<p><img decoding=\"async\" src=\"https:\/\/www.wallendorff.com\/belogue\/photo\/pochettes\/f\/foals-what_went_down.jpg\" align=\"left\" \/><a style=\"font-weight:normal\" id=\"lienmp3\" href=\"http:\/\/www.youtube.com\/watch?v=WRvfh_ztzLk\"><em>Give It All<\/em><\/a><br \/>\n<a href=\"http:\/\/www.foals.co.uk\/\">Foals<\/a><\/p>\n<\/p><\/div>\n","protected":false},"excerpt":{"rendered":"<p>Ulica Jagiello&#324;ska, Cracovie, 14 mai. Give It All Foals<\/p>\n","protected":false},"author":1,"featured_media":29341,"comment_status":"open","ping_status":"open","sticky":false,"template":"","format":"standard","meta":{"_acf_changed":false,"ngg_post_thumbnail":0,"jetpack_post_was_ever_published":false,"_jetpack_newsletter_access":"","_jetpack_dont_email_post_to_subs":false,"_jetpack_newsletter_tier_id":0,"_jetpack_memberships_contains_paywalled_content":false,"_jetpack_memberships_contains_paid_content":false,"footnotes":"","jetpack_publicize_message":"","jetpack_publicize_feature_enabled":true,"jetpack_social_post_already_shared":true,"jetpack_social_options":{"image_generator_settings":{"template":"highway","default_image_id":0,"font":"","enabled":false},"version":2}},"categories":[3],"tags":[8170,8351,10322,10620,9865,10222,12566,10700,9899,10102,9909,9920,9923,9925,12750],"class_list":["post-29338","post","type-post","status-publish","format-standard","has-post-thumbnail","hentry","category-dpc","tag-ef-24-70-mm-f2-8l-ii-usm","tag-eos-6d","tag-couloir","tag-cour","tag-cracovie","tag-foals","tag-give-it-all","tag-parapluie","tag-petite-pologne","tag-pluie","tag-pologne","tag-ulica-jagiellonska","tag-universite-jagellonne","tag-vieille-ville-cracovie","tag-what-went-down-album"],"acf":[],"geo":{"latitude":50.0613899,"longitude":19.9344234,"description":"Krak\u00f3w, Ma\u0142opolskie, 30-205, PL"},"jetpack_publicize_connections":[],"jetpack_featured_media_url":"https:\/\/www.wallendorff.com\/belogue\/wp-content\/uploads\/2015\/10\/20151007.jpg","jetpack_shortlink":"https:\/\/wp.me\/p3b35P-7Dc","jetpack_sharing_enabled":true,"jetpack-related-posts":[{"id":29220,"url":"https:\/\/www.wallendorff.com\/belogue\/2015\/09\/08\/odejsc-wrocic\/","url_meta":{"origin":29338,"position":0},"title":"Odej\u015b\u0107, wr\u00f3ci\u0107.","author":"dpc","date":"8 septembre 2015","format":false,"excerpt":"Gare centrale de Cracovie, 12 mai. Mountain at My Gates Foals","rel":"","context":"Dans &quot;DPC&quot;","block_context":{"text":"DPC","link":"https:\/\/www.wallendorff.com\/belogue\/category\/dpc\/"},"img":{"alt_text":"","src":"https:\/\/i0.wp.com\/www.wallendorff.com\/belogue\/wp-content\/uploads\/2015\/09\/20150908.jpg?resize=350%2C200&ssl=1","width":350,"height":200,"srcset":"https:\/\/i0.wp.com\/www.wallendorff.com\/belogue\/wp-content\/uploads\/2015\/09\/20150908.jpg?resize=350%2C200&ssl=1 1x, https:\/\/i0.wp.com\/www.wallendorff.com\/belogue\/wp-content\/uploads\/2015\/09\/20150908.jpg?resize=525%2C300&ssl=1 1.5x, https:\/\/i0.wp.com\/www.wallendorff.com\/belogue\/wp-content\/uploads\/2015\/09\/20150908.jpg?resize=700%2C400&ssl=1 2x"},"classes":[]},{"id":27543,"url":"https:\/\/www.wallendorff.com\/belogue\/2015\/05\/31\/mai-2015\/","url_meta":{"origin":29338,"position":1},"title":"Mai 2015.","author":"dpc","date":"31 mai 2015","format":false,"excerpt":"Un anniversaire, un mariage de nouilles, un ap\u00e9ro plein de mains, un concert plein de confettis, un voyage en bus, un mus\u00e9e, une grosse bi\u00e8re, une halle, une chaise, un mur, une visite de nuit, un m\u00e9morial, des moines, une porte, un pape, un caf\u00e9 au lait, un taxi, un\u2026","rel":"","context":"Dans &quot;Blog-note&quot;","block_context":{"text":"Blog-note","link":"https:\/\/www.wallendorff.com\/belogue\/category\/blog-note\/"},"img":{"alt_text":"","src":"https:\/\/i0.wp.com\/www.wallendorff.com\/belogue\/wp-content\/uploads\/2015\/06\/20150618-301.jpg?resize=350%2C200&ssl=1","width":350,"height":200,"srcset":"https:\/\/i0.wp.com\/www.wallendorff.com\/belogue\/wp-content\/uploads\/2015\/06\/20150618-301.jpg?resize=350%2C200&ssl=1 1x, https:\/\/i0.wp.com\/www.wallendorff.com\/belogue\/wp-content\/uploads\/2015\/06\/20150618-301.jpg?resize=525%2C300&ssl=1 1.5x, https:\/\/i0.wp.com\/www.wallendorff.com\/belogue\/wp-content\/uploads\/2015\/06\/20150618-301.jpg?resize=700%2C400&ssl=1 2x"},"classes":[]},{"id":28915,"url":"https:\/\/www.wallendorff.com\/belogue\/2015\/08\/27\/polskichromie\/","url_meta":{"origin":29338,"position":2},"title":"Polskichromie.","author":"dpc","date":"27 ao\u00fbt 2015","format":false,"excerpt":"Pijarska, Cracovie, 11 mai. Told Ya so Adult Mom","rel":"","context":"Dans &quot;DPC&quot;","block_context":{"text":"DPC","link":"https:\/\/www.wallendorff.com\/belogue\/category\/dpc\/"},"img":{"alt_text":"","src":"https:\/\/i0.wp.com\/www.wallendorff.com\/belogue\/wp-content\/uploads\/2015\/08\/20150827.jpg?resize=350%2C200&ssl=1","width":350,"height":200,"srcset":"https:\/\/i0.wp.com\/www.wallendorff.com\/belogue\/wp-content\/uploads\/2015\/08\/20150827.jpg?resize=350%2C200&ssl=1 1x, https:\/\/i0.wp.com\/www.wallendorff.com\/belogue\/wp-content\/uploads\/2015\/08\/20150827.jpg?resize=525%2C300&ssl=1 1.5x, https:\/\/i0.wp.com\/www.wallendorff.com\/belogue\/wp-content\/uploads\/2015\/08\/20150827.jpg?resize=700%2C400&ssl=1 2x"},"classes":[]},{"id":29330,"url":"https:\/\/www.wallendorff.com\/belogue\/2015\/09\/30\/into-the-wide-54\/","url_meta":{"origin":29338,"position":3},"title":"Into the wide #54.","author":"dpc","date":"30 septembre 2015","format":false,"excerpt":"Floria\u0144ska, Cracovie, 13 mai. Pretty Pimpin Kurt Vile","rel":"","context":"Dans &quot;Into the wide&quot;","block_context":{"text":"Into the wide","link":"https:\/\/www.wallendorff.com\/belogue\/category\/into-the-wide\/"},"img":{"alt_text":"","src":"https:\/\/i0.wp.com\/www.wallendorff.com\/belogue\/wp-content\/uploads\/2015\/09\/20150930.jpg?resize=350%2C200&ssl=1","width":350,"height":200,"srcset":"https:\/\/i0.wp.com\/www.wallendorff.com\/belogue\/wp-content\/uploads\/2015\/09\/20150930.jpg?resize=350%2C200&ssl=1 1x, https:\/\/i0.wp.com\/www.wallendorff.com\/belogue\/wp-content\/uploads\/2015\/09\/20150930.jpg?resize=525%2C300&ssl=1 1.5x, https:\/\/i0.wp.com\/www.wallendorff.com\/belogue\/wp-content\/uploads\/2015\/09\/20150930.jpg?resize=700%2C400&ssl=1 2x, https:\/\/i0.wp.com\/www.wallendorff.com\/belogue\/wp-content\/uploads\/2015\/09\/20150930.jpg?resize=1050%2C600&ssl=1 3x"},"classes":[]},{"id":28904,"url":"https:\/\/www.wallendorff.com\/belogue\/2015\/08\/24\/into-the-wide-51\/","url_meta":{"origin":29338,"position":4},"title":"Into the wide #51.","author":"dpc","date":"24 ao\u00fbt 2015","format":false,"excerpt":"Place du March\u00e9-Principal, Cracovie, 10 mai. Leaf Off \/ The Cave Jos\u00e9 Gonz\u00e1lez","rel":"","context":"Dans &quot;Into the wide&quot;","block_context":{"text":"Into the wide","link":"https:\/\/www.wallendorff.com\/belogue\/category\/into-the-wide\/"},"img":{"alt_text":"","src":"https:\/\/i0.wp.com\/www.wallendorff.com\/belogue\/wp-content\/uploads\/2015\/08\/20150824.jpg?resize=350%2C200&ssl=1","width":350,"height":200,"srcset":"https:\/\/i0.wp.com\/www.wallendorff.com\/belogue\/wp-content\/uploads\/2015\/08\/20150824.jpg?resize=350%2C200&ssl=1 1x, https:\/\/i0.wp.com\/www.wallendorff.com\/belogue\/wp-content\/uploads\/2015\/08\/20150824.jpg?resize=525%2C300&ssl=1 1.5x, https:\/\/i0.wp.com\/www.wallendorff.com\/belogue\/wp-content\/uploads\/2015\/08\/20150824.jpg?resize=700%2C400&ssl=1 2x"},"classes":[]},{"id":28908,"url":"https:\/\/www.wallendorff.com\/belogue\/2015\/08\/26\/into-the-wide-52\/","url_meta":{"origin":29338,"position":5},"title":"Into the wide #52.","author":"dpc","date":"26 ao\u00fbt 2015","format":false,"excerpt":"Place du March\u00e9-Principal, Cracovie, 10 mai. 12-17-12 The Decemberists","rel":"","context":"Dans &quot;Into the wide&quot;","block_context":{"text":"Into the wide","link":"https:\/\/www.wallendorff.com\/belogue\/category\/into-the-wide\/"},"img":{"alt_text":"","src":"https:\/\/i0.wp.com\/www.wallendorff.com\/belogue\/wp-content\/uploads\/2015\/08\/20150826.jpg?resize=350%2C200&ssl=1","width":350,"height":200,"srcset":"https:\/\/i0.wp.com\/www.wallendorff.com\/belogue\/wp-content\/uploads\/2015\/08\/20150826.jpg?resize=350%2C200&ssl=1 1x, https:\/\/i0.wp.com\/www.wallendorff.com\/belogue\/wp-content\/uploads\/2015\/08\/20150826.jpg?resize=525%2C300&ssl=1 1.5x, https:\/\/i0.wp.com\/www.wallendorff.com\/belogue\/wp-content\/uploads\/2015\/08\/20150826.jpg?resize=700%2C400&ssl=1 2x, https:\/\/i0.wp.com\/www.wallendorff.com\/belogue\/wp-content\/uploads\/2015\/08\/20150826.jpg?resize=1050%2C600&ssl=1 3x"},"classes":[]}],"_links":{"self":[{"href":"https:\/\/www.wallendorff.com\/belogue\/wp-json\/wp\/v2\/posts\/29338","targetHints":{"allow":["GET"]}}],"collection":[{"href":"https:\/\/www.wallendorff.com\/belogue\/wp-json\/wp\/v2\/posts"}],"about":[{"href":"https:\/\/www.wallendorff.com\/belogue\/wp-json\/wp\/v2\/types\/post"}],"author":[{"embeddable":true,"href":"https:\/\/www.wallendorff.com\/belogue\/wp-json\/wp\/v2\/users\/1"}],"replies":[{"embeddable":true,"href":"https:\/\/www.wallendorff.com\/belogue\/wp-json\/wp\/v2\/comments?post=29338"}],"version-history":[{"count":2,"href":"https:\/\/www.wallendorff.com\/belogue\/wp-json\/wp\/v2\/posts\/29338\/revisions"}],"predecessor-version":[{"id":29340,"href":"https:\/\/www.wallendorff.com\/belogue\/wp-json\/wp\/v2\/posts\/29338\/revisions\/29340"}],"wp:featuredmedia":[{"embeddable":true,"href":"https:\/\/www.wallendorff.com\/belogue\/wp-json\/wp\/v2\/media\/29341"}],"wp:attachment":[{"href":"https:\/\/www.wallendorff.com\/belogue\/wp-json\/wp\/v2\/media?parent=29338"}],"wp:term":[{"taxonomy":"category","embeddable":true,"href":"https:\/\/www.wallendorff.com\/belogue\/wp-json\/wp\/v2\/categories?post=29338"},{"taxonomy":"post_tag","embeddable":true,"href":"https:\/\/www.wallendorff.com\/belogue\/wp-json\/wp\/v2\/tags?post=29338"}],"curies":[{"name":"wp","href":"https:\/\/api.w.org\/{rel}","templated":true}]}}