{"id":29310,"date":"2015-09-28T11:57:48","date_gmt":"2015-09-28T09:57:48","guid":{"rendered":"http:\/\/www.wallendorff.com\/belogue\/?p=29310"},"modified":"2018-05-23T08:06:05","modified_gmt":"2018-05-23T06:06:05","slug":"the-apartments-la-gaite-lyrique-paris-23-septembre","status":"publish","type":"post","link":"https:\/\/www.wallendorff.com\/belogue\/2015\/09\/28\/the-apartments-la-gaite-lyrique-paris-23-septembre\/","title":{"rendered":"The Apartments @ la Ga\u00eet\u00e9-Lyrique, Paris, 23 septembre."},"content":{"rendered":"\n<div id=\"photo\">\n<p><img decoding=\"async\" src=\"https:\/\/www.wallendorff.com\/belogue\/photo\/galeries\/2015\/09\/20150923-apartments\/20150927-02.jpg\"><\/p>\n<\/p><\/div>\n<div id='gallery-1' class='gallery galleryid-29310 gallery-columns-3 gallery-size-thumbnail'><figure class='gallery-item'>\n\t\t\t<div class='gallery-icon landscape'>\n\t\t\t\t<a href='https:\/\/www.wallendorff.com\/belogue\/2015\/09\/28\/the-apartments-la-gaite-lyrique-paris-23-septembre\/the-apartments-la-gaite-lyrique-paris-23092015\/'><img decoding=\"async\" width=\"96\" height=\"96\" src=\"https:\/\/www.wallendorff.com\/belogue\/wp-content\/uploads\/2015\/09\/20150927-01-188x188.jpg\" class=\"attachment-thumbnail size-thumbnail\" alt=\"\" aria-describedby=\"gallery-1-29312\" srcset=\"https:\/\/www.wallendorff.com\/belogue\/wp-content\/uploads\/2015\/09\/20150927-01-188x188.jpg 188w, https:\/\/www.wallendorff.com\/belogue\/wp-content\/uploads\/2015\/09\/20150927-01-220x220.jpg 220w\" sizes=\"(max-width: 96px) 100vw, 96px\" \/><\/a>\n\t\t\t<\/div>\n\t\t\t\t<figcaption class='wp-caption-text gallery-caption' id='gallery-1-29312'>\n\t\t\t\tThe Apartments @ la Ga\u00eet\u00e9 Lyrique, Paris, 23\/09\/2015\n\t\t\t\t<\/figcaption><\/figure><figure class='gallery-item'>\n\t\t\t<div class='gallery-icon landscape'>\n\t\t\t\t<a href='https:\/\/www.wallendorff.com\/belogue\/2015\/09\/28\/the-apartments-la-gaite-lyrique-paris-23-septembre\/the-apartments-la-gaite-lyrique-paris-23092015-2\/'><img decoding=\"async\" width=\"96\" height=\"96\" src=\"https:\/\/www.wallendorff.com\/belogue\/wp-content\/uploads\/2015\/09\/20150927-02-188x188.jpg\" class=\"attachment-thumbnail size-thumbnail\" alt=\"\" aria-describedby=\"gallery-1-29313\" srcset=\"https:\/\/www.wallendorff.com\/belogue\/wp-content\/uploads\/2015\/09\/20150927-02-188x188.jpg 188w, https:\/\/www.wallendorff.com\/belogue\/wp-content\/uploads\/2015\/09\/20150927-02-220x220.jpg 220w\" sizes=\"(max-width: 96px) 100vw, 96px\" \/><\/a>\n\t\t\t<\/div>\n\t\t\t\t<figcaption class='wp-caption-text gallery-caption' id='gallery-1-29313'>\n\t\t\t\tThe Apartments @ la Ga\u00eet\u00e9 Lyrique, Paris, 23\/09\/2015\n\t\t\t\t<\/figcaption><\/figure><figure class='gallery-item'>\n\t\t\t<div class='gallery-icon landscape'>\n\t\t\t\t<a href='https:\/\/www.wallendorff.com\/belogue\/2015\/09\/28\/the-apartments-la-gaite-lyrique-paris-23-septembre\/the-apartments-la-gaite-lyrique-paris-23092015-3\/'><img decoding=\"async\" width=\"96\" height=\"96\" src=\"https:\/\/www.wallendorff.com\/belogue\/wp-content\/uploads\/2015\/09\/20150927-03-188x188.jpg\" class=\"attachment-thumbnail size-thumbnail\" alt=\"\" aria-describedby=\"gallery-1-29314\" srcset=\"https:\/\/www.wallendorff.com\/belogue\/wp-content\/uploads\/2015\/09\/20150927-03-188x188.jpg 188w, https:\/\/www.wallendorff.com\/belogue\/wp-content\/uploads\/2015\/09\/20150927-03-550x550.jpg 550w, https:\/\/www.wallendorff.com\/belogue\/wp-content\/uploads\/2015\/09\/20150927-03-220x220.jpg 220w\" sizes=\"(max-width: 96px) 100vw, 96px\" \/><\/a>\n\t\t\t<\/div>\n\t\t\t\t<figcaption class='wp-caption-text gallery-caption' id='gallery-1-29314'>\n\t\t\t\tThe Apartments @ la Ga\u00eet\u00e9 Lyrique, Paris, 23\/09\/2015\n\t\t\t\t<\/figcaption><\/figure><figure class='gallery-item'>\n\t\t\t<div class='gallery-icon portrait'>\n\t\t\t\t<a href='https:\/\/www.wallendorff.com\/belogue\/2015\/09\/28\/the-apartments-la-gaite-lyrique-paris-23-septembre\/the-apartments-la-gaite-lyrique-paris-23092015-4\/'><img loading=\"lazy\" decoding=\"async\" width=\"96\" height=\"96\" src=\"https:\/\/www.wallendorff.com\/belogue\/wp-content\/uploads\/2015\/09\/20150927-04-188x188.jpg\" class=\"attachment-thumbnail size-thumbnail\" alt=\"\" aria-describedby=\"gallery-1-29315\" srcset=\"https:\/\/www.wallendorff.com\/belogue\/wp-content\/uploads\/2015\/09\/20150927-04-188x188.jpg 188w, https:\/\/www.wallendorff.com\/belogue\/wp-content\/uploads\/2015\/09\/20150927-04-220x220.jpg 220w\" sizes=\"(max-width: 96px) 100vw, 96px\" \/><\/a>\n\t\t\t<\/div>\n\t\t\t\t<figcaption class='wp-caption-text gallery-caption' id='gallery-1-29315'>\n\t\t\t\tThe Apartments @ la Ga\u00eet\u00e9 Lyrique, Paris, 23\/09\/2015\n\t\t\t\t<\/figcaption><\/figure><figure class='gallery-item'>\n\t\t\t<div class='gallery-icon landscape'>\n\t\t\t\t<a href='https:\/\/www.wallendorff.com\/belogue\/2015\/09\/28\/the-apartments-la-gaite-lyrique-paris-23-septembre\/the-apartments-la-gaite-lyrique-paris-23092015-5\/'><img loading=\"lazy\" decoding=\"async\" width=\"96\" height=\"96\" src=\"https:\/\/www.wallendorff.com\/belogue\/wp-content\/uploads\/2015\/09\/20150927-05-188x188.jpg\" class=\"attachment-thumbnail size-thumbnail\" alt=\"\" aria-describedby=\"gallery-1-29316\" srcset=\"https:\/\/www.wallendorff.com\/belogue\/wp-content\/uploads\/2015\/09\/20150927-05-188x188.jpg 188w, https:\/\/www.wallendorff.com\/belogue\/wp-content\/uploads\/2015\/09\/20150927-05-220x220.jpg 220w\" sizes=\"(max-width: 96px) 100vw, 96px\" \/><\/a>\n\t\t\t<\/div>\n\t\t\t\t<figcaption class='wp-caption-text gallery-caption' id='gallery-1-29316'>\n\t\t\t\tThe Apartments @ la Ga\u00eet\u00e9 Lyrique, Paris, 23\/09\/2015\n\t\t\t\t<\/figcaption><\/figure><figure class='gallery-item'>\n\t\t\t<div class='gallery-icon landscape'>\n\t\t\t\t<a href='https:\/\/www.wallendorff.com\/belogue\/2015\/09\/28\/the-apartments-la-gaite-lyrique-paris-23-septembre\/the-apartments-la-gaite-lyrique-paris-23092015-6\/'><img loading=\"lazy\" decoding=\"async\" width=\"96\" height=\"96\" src=\"https:\/\/www.wallendorff.com\/belogue\/wp-content\/uploads\/2015\/09\/20150927-06-188x188.jpg\" class=\"attachment-thumbnail size-thumbnail\" alt=\"\" aria-describedby=\"gallery-1-29317\" srcset=\"https:\/\/www.wallendorff.com\/belogue\/wp-content\/uploads\/2015\/09\/20150927-06-188x188.jpg 188w, https:\/\/www.wallendorff.com\/belogue\/wp-content\/uploads\/2015\/09\/20150927-06-220x220.jpg 220w\" sizes=\"(max-width: 96px) 100vw, 96px\" \/><\/a>\n\t\t\t<\/div>\n\t\t\t\t<figcaption class='wp-caption-text gallery-caption' id='gallery-1-29317'>\n\t\t\t\tThe Apartments @ la Ga\u00eet\u00e9 Lyrique, Paris, 23\/09\/2015\n\t\t\t\t<\/figcaption><\/figure><figure class='gallery-item'>\n\t\t\t<div class='gallery-icon landscape'>\n\t\t\t\t<a href='https:\/\/www.wallendorff.com\/belogue\/2015\/09\/28\/the-apartments-la-gaite-lyrique-paris-23-septembre\/the-apartments-la-gaite-lyrique-paris-23092015-7\/'><img loading=\"lazy\" decoding=\"async\" width=\"96\" height=\"96\" src=\"https:\/\/www.wallendorff.com\/belogue\/wp-content\/uploads\/2015\/09\/20150927-07-188x188.jpg\" class=\"attachment-thumbnail size-thumbnail\" alt=\"\" aria-describedby=\"gallery-1-29318\" srcset=\"https:\/\/www.wallendorff.com\/belogue\/wp-content\/uploads\/2015\/09\/20150927-07-188x188.jpg 188w, https:\/\/www.wallendorff.com\/belogue\/wp-content\/uploads\/2015\/09\/20150927-07-220x220.jpg 220w\" sizes=\"(max-width: 96px) 100vw, 96px\" \/><\/a>\n\t\t\t<\/div>\n\t\t\t\t<figcaption class='wp-caption-text gallery-caption' id='gallery-1-29318'>\n\t\t\t\tThe Apartments @ la Ga\u00eet\u00e9 Lyrique, Paris, 23\/09\/2015\n\t\t\t\t<\/figcaption><\/figure><figure class='gallery-item'>\n\t\t\t<div class='gallery-icon landscape'>\n\t\t\t\t<a href='https:\/\/www.wallendorff.com\/belogue\/2015\/09\/28\/the-apartments-la-gaite-lyrique-paris-23-septembre\/the-apartments-la-gaite-lyrique-paris-23092015-8\/'><img loading=\"lazy\" decoding=\"async\" width=\"96\" height=\"96\" src=\"https:\/\/www.wallendorff.com\/belogue\/wp-content\/uploads\/2015\/09\/20150927-08-188x188.jpg\" class=\"attachment-thumbnail size-thumbnail\" alt=\"\" aria-describedby=\"gallery-1-29319\" srcset=\"https:\/\/www.wallendorff.com\/belogue\/wp-content\/uploads\/2015\/09\/20150927-08-188x188.jpg 188w, https:\/\/www.wallendorff.com\/belogue\/wp-content\/uploads\/2015\/09\/20150927-08-220x220.jpg 220w\" sizes=\"(max-width: 96px) 100vw, 96px\" \/><\/a>\n\t\t\t<\/div>\n\t\t\t\t<figcaption class='wp-caption-text gallery-caption' id='gallery-1-29319'>\n\t\t\t\tThe Apartments @ la Ga\u00eet\u00e9 Lyrique, Paris, 23\/09\/2015\n\t\t\t\t<\/figcaption><\/figure><figure class='gallery-item'>\n\t\t\t<div class='gallery-icon landscape'>\n\t\t\t\t<a href='https:\/\/www.wallendorff.com\/belogue\/2015\/09\/28\/the-apartments-la-gaite-lyrique-paris-23-septembre\/the-apartments-la-gaite-lyrique-paris-23092015-9\/'><img loading=\"lazy\" decoding=\"async\" width=\"96\" height=\"96\" src=\"https:\/\/www.wallendorff.com\/belogue\/wp-content\/uploads\/2015\/09\/20150927-09-188x188.jpg\" class=\"attachment-thumbnail size-thumbnail\" alt=\"\" aria-describedby=\"gallery-1-29320\" srcset=\"https:\/\/www.wallendorff.com\/belogue\/wp-content\/uploads\/2015\/09\/20150927-09-188x188.jpg 188w, https:\/\/www.wallendorff.com\/belogue\/wp-content\/uploads\/2015\/09\/20150927-09-220x220.jpg 220w\" sizes=\"(max-width: 96px) 100vw, 96px\" \/><\/a>\n\t\t\t<\/div>\n\t\t\t\t<figcaption class='wp-caption-text gallery-caption' id='gallery-1-29320'>\n\t\t\t\tThe Apartments @ la Ga\u00eet\u00e9 Lyrique, Paris, 23\/09\/2015\n\t\t\t\t<\/figcaption><\/figure>\n\t\t<\/div>\n\n","protected":false},"excerpt":{"rendered":"The Apartments @ la Ga\u00eet\u00e9 Lyrique, Paris, 23\/09\/2015 The Apartments @ la Ga\u00eet\u00e9 Lyrique, Paris, 23\/09\/2015 The Apartments @ la Ga\u00eet\u00e9 Lyrique, Paris, 23\/09\/2015 The Apartments @ la Ga\u00eet\u00e9 Lyrique, Paris, 23\/09\/2015 The Apartments @ la Ga\u00eet\u00e9 Lyrique, Paris, 23\/09\/2015 The Apartments @ la Ga\u00eet\u00e9 Lyrique, Paris, 23\/09\/2015 The Apartments @ la Ga\u00eet\u00e9 Lyrique, Paris,&hellip;","protected":false},"author":1,"featured_media":29322,"comment_status":"open","ping_status":"open","sticky":false,"template":"","format":"standard","meta":{"_acf_changed":false,"ngg_post_thumbnail":0,"jetpack_post_was_ever_published":false,"_jetpack_newsletter_access":"","_jetpack_dont_email_post_to_subs":true,"_jetpack_newsletter_tier_id":0,"_jetpack_memberships_contains_paywalled_content":false,"_jetpack_memberships_contains_paid_content":false,"footnotes":"","jetpack_publicize_message":"","jetpack_publicize_feature_enabled":true,"jetpack_social_post_already_shared":true,"jetpack_social_options":{"image_generator_settings":{"template":"highway","default_image_id":0,"font":"","enabled":false},"version":2}},"categories":[7],"tags":[12417,10336,10084,8170,181,6766,8351,10120,10121,11204,10098,11865,12558],"class_list":["post-29310","post","type-post","status-publish","format-standard","has-post-thumbnail","hentry","category-alive","tag-12417","tag-10336","tag-alive","tag-ef-24-70-mm-f2-8l-ii-usm","tag-ef-70-200-mm-f28l-usm","tag-eos-5d-mark-iii","tag-eos-6d","tag-france","tag-ile-de-france","tag-la-gaite-lyrique","tag-paris","tag-rue-papin","tag-the-apartments"],"acf":[],"geo":{"latitude":48.8666534,"longitude":2.3534882,"description":"Paris 10, \u00cele-de-France, 75010, FR"},"jetpack_publicize_connections":[],"jetpack_featured_media_url":"https:\/\/www.wallendorff.com\/belogue\/wp-content\/uploads\/2015\/09\/20150927-021.jpg","jetpack_shortlink":"https:\/\/wp.me\/p3b35P-7CK","jetpack_sharing_enabled":true,"jetpack-related-posts":[{"id":32341,"url":"https:\/\/www.wallendorff.com\/belogue\/2016\/09\/25\/griefjoy-la-gaite-lyrique-paris-23-septembre\/","url_meta":{"origin":29310,"position":0},"title":"Griefjoy @ la Ga\u00eet\u00e9-Lyrique, Paris, 23 septembre.","author":"dpc","date":"25 septembre 2016","format":false,"excerpt":"","rel":"","context":"Dans &quot;Alive&quot;","block_context":{"text":"Alive","link":"https:\/\/www.wallendorff.com\/belogue\/category\/alive\/"},"img":{"alt_text":"","src":"https:\/\/i0.wp.com\/www.wallendorff.com\/belogue\/wp-content\/uploads\/2016\/09\/20160924-09-1.jpg?resize=350%2C200&ssl=1","width":350,"height":200,"srcset":"https:\/\/i0.wp.com\/www.wallendorff.com\/belogue\/wp-content\/uploads\/2016\/09\/20160924-09-1.jpg?resize=350%2C200&ssl=1 1x, https:\/\/i0.wp.com\/www.wallendorff.com\/belogue\/wp-content\/uploads\/2016\/09\/20160924-09-1.jpg?resize=525%2C300&ssl=1 1.5x, https:\/\/i0.wp.com\/www.wallendorff.com\/belogue\/wp-content\/uploads\/2016\/09\/20160924-09-1.jpg?resize=700%2C400&ssl=1 2x"},"classes":[]},{"id":32460,"url":"https:\/\/www.wallendorff.com\/belogue\/2016\/10\/15\/wild-beasts-la-gaite-lyrique-paris\/","url_meta":{"origin":29310,"position":1},"title":"Wild Beasts @ la Ga\u00eet\u00e9-Lyrique, Paris.","author":"dpc","date":"15 octobre 2016","format":false,"excerpt":"","rel":"","context":"Dans &quot;Alive&quot;","block_context":{"text":"Alive","link":"https:\/\/www.wallendorff.com\/belogue\/category\/alive\/"},"img":{"alt_text":"","src":"https:\/\/i0.wp.com\/www.wallendorff.com\/belogue\/wp-content\/uploads\/2016\/10\/20161014-10-1.jpg?resize=350%2C200&ssl=1","width":350,"height":200,"srcset":"https:\/\/i0.wp.com\/www.wallendorff.com\/belogue\/wp-content\/uploads\/2016\/10\/20161014-10-1.jpg?resize=350%2C200&ssl=1 1x, https:\/\/i0.wp.com\/www.wallendorff.com\/belogue\/wp-content\/uploads\/2016\/10\/20161014-10-1.jpg?resize=525%2C300&ssl=1 1.5x, https:\/\/i0.wp.com\/www.wallendorff.com\/belogue\/wp-content\/uploads\/2016\/10\/20161014-10-1.jpg?resize=700%2C400&ssl=1 2x"},"classes":[]},{"id":38282,"url":"https:\/\/www.wallendorff.com\/belogue\/2018\/05\/30\/phoenix-la-gaite-lyrique-paris-29-mai-2018\/","url_meta":{"origin":29310,"position":2},"title":"Phoenix @ la Ga\u00eet\u00e9-Lyrique, Paris, 29 mai 2018.","author":"dpc","date":"30 mai 2018","format":false,"excerpt":"Merci merci \u00e0 l'\u00e9quipe de la Ga\u00eet\u00e9-Lyrique pour m'avoir laiss\u00e9 acc\u00e9der \u00e0 la coursive du fond.","rel":"","context":"Dans &quot;Alive&quot;","block_context":{"text":"Alive","link":"https:\/\/www.wallendorff.com\/belogue\/category\/alive\/"},"img":{"alt_text":"","src":"https:\/\/i0.wp.com\/www.wallendorff.com\/belogue\/wp-content\/uploads\/2018\/05\/20180530-29.jpg?resize=350%2C200&ssl=1","width":350,"height":200,"srcset":"https:\/\/i0.wp.com\/www.wallendorff.com\/belogue\/wp-content\/uploads\/2018\/05\/20180530-29.jpg?resize=350%2C200&ssl=1 1x, https:\/\/i0.wp.com\/www.wallendorff.com\/belogue\/wp-content\/uploads\/2018\/05\/20180530-29.jpg?resize=525%2C300&ssl=1 1.5x, https:\/\/i0.wp.com\/www.wallendorff.com\/belogue\/wp-content\/uploads\/2018\/05\/20180530-29.jpg?resize=700%2C400&ssl=1 2x, https:\/\/i0.wp.com\/www.wallendorff.com\/belogue\/wp-content\/uploads\/2018\/05\/20180530-29.jpg?resize=1050%2C600&ssl=1 3x"},"classes":[]},{"id":22795,"url":"https:\/\/www.wallendorff.com\/belogue\/2014\/05\/19\/the-horrors-la-gaite-lyrique-paris-15-mai\/","url_meta":{"origin":29310,"position":3},"title":"The Horrors @ la Ga\u00eet\u00e9-Lyrique, Paris, 15 mai.","author":"dpc","date":"19 mai 2014","format":false,"excerpt":"Sea Within a Sea | Who Can Say | Scarlet Fields | In and Out of Sight | Endless Blue | I See You | Mirror's Image | Falling Star | So Now You Know | Still Life || Moving Further Away So Now You Know The Horrors \u00a0","rel":"","context":"Dans &quot;Alive&quot;","block_context":{"text":"Alive","link":"https:\/\/www.wallendorff.com\/belogue\/category\/alive\/"},"img":{"alt_text":"","src":"https:\/\/i0.wp.com\/www.wallendorff.com\/belogue\/wp-content\/uploads\/2015\/04\/201405191.jpg?resize=350%2C200&ssl=1","width":350,"height":200,"srcset":"https:\/\/i0.wp.com\/www.wallendorff.com\/belogue\/wp-content\/uploads\/2015\/04\/201405191.jpg?resize=350%2C200&ssl=1 1x, https:\/\/i0.wp.com\/www.wallendorff.com\/belogue\/wp-content\/uploads\/2015\/04\/201405191.jpg?resize=525%2C300&ssl=1 1.5x, https:\/\/i0.wp.com\/www.wallendorff.com\/belogue\/wp-content\/uploads\/2015\/04\/201405191.jpg?resize=700%2C400&ssl=1 2x"},"classes":[]},{"id":22634,"url":"https:\/\/www.wallendorff.com\/belogue\/2014\/03\/20\/blood-red-shoes-la-gaite-lyrique-paris\/","url_meta":{"origin":29310,"position":4},"title":"Blood Red Shoes @ la Ga\u00eet\u00e9-Lyrique, Paris.","author":"dpc","date":"20 mars 2014","format":false,"excerpt":"Welcome Home | I Wish I Was Someone Better | Don't Ask | Speech Coma | Everything All at Once | This Is Not for You | It Is Happening Again | Cold | The Perfect Mess | Black Distractions | An Animal | Light It Up | Say Something,\u2026","rel":"","context":"Dans &quot;Alive&quot;","block_context":{"text":"Alive","link":"https:\/\/www.wallendorff.com\/belogue\/category\/alive\/"},"img":{"alt_text":"","src":"https:\/\/i0.wp.com\/www.wallendorff.com\/belogue\/wp-content\/uploads\/2015\/04\/201403201.jpg?resize=350%2C200&ssl=1","width":350,"height":200,"srcset":"https:\/\/i0.wp.com\/www.wallendorff.com\/belogue\/wp-content\/uploads\/2015\/04\/201403201.jpg?resize=350%2C200&ssl=1 1x, https:\/\/i0.wp.com\/www.wallendorff.com\/belogue\/wp-content\/uploads\/2015\/04\/201403201.jpg?resize=525%2C300&ssl=1 1.5x, https:\/\/i0.wp.com\/www.wallendorff.com\/belogue\/wp-content\/uploads\/2015\/04\/201403201.jpg?resize=700%2C400&ssl=1 2x"},"classes":[]},{"id":9770,"url":"https:\/\/www.wallendorff.com\/belogue\/2010\/11\/09\/guitart-10\/","url_meta":{"origin":29310,"position":5},"title":"Guit&rsquo;art #10.","author":"dpc","date":"9 novembre 2010","format":false,"excerpt":"Hellstone Music, Stockholm, 30 ao\u00fbt. Le dernier datait un peu. The Wombats \u2013 Jump into the Fog","rel":"","context":"Dans &quot;Guit'Art&quot;","block_context":{"text":"Guit'Art","link":"https:\/\/www.wallendorff.com\/belogue\/category\/guit-art\/"},"img":{"alt_text":"","src":"https:\/\/i0.wp.com\/www.wallendorff.com\/belogue\/wp-content\/uploads\/2015\/04\/201011091.jpg?resize=350%2C200&ssl=1","width":350,"height":200},"classes":[]}],"_links":{"self":[{"href":"https:\/\/www.wallendorff.com\/belogue\/wp-json\/wp\/v2\/posts\/29310","targetHints":{"allow":["GET"]}}],"collection":[{"href":"https:\/\/www.wallendorff.com\/belogue\/wp-json\/wp\/v2\/posts"}],"about":[{"href":"https:\/\/www.wallendorff.com\/belogue\/wp-json\/wp\/v2\/types\/post"}],"author":[{"embeddable":true,"href":"https:\/\/www.wallendorff.com\/belogue\/wp-json\/wp\/v2\/users\/1"}],"replies":[{"embeddable":true,"href":"https:\/\/www.wallendorff.com\/belogue\/wp-json\/wp\/v2\/comments?post=29310"}],"version-history":[{"count":3,"href":"https:\/\/www.wallendorff.com\/belogue\/wp-json\/wp\/v2\/posts\/29310\/revisions"}],"predecessor-version":[{"id":32462,"href":"https:\/\/www.wallendorff.com\/belogue\/wp-json\/wp\/v2\/posts\/29310\/revisions\/32462"}],"wp:featuredmedia":[{"embeddable":true,"href":"https:\/\/www.wallendorff.com\/belogue\/wp-json\/wp\/v2\/media\/29322"}],"wp:attachment":[{"href":"https:\/\/www.wallendorff.com\/belogue\/wp-json\/wp\/v2\/media?parent=29310"}],"wp:term":[{"taxonomy":"category","embeddable":true,"href":"https:\/\/www.wallendorff.com\/belogue\/wp-json\/wp\/v2\/categories?post=29310"},{"taxonomy":"post_tag","embeddable":true,"href":"https:\/\/www.wallendorff.com\/belogue\/wp-json\/wp\/v2\/tags?post=29310"}],"curies":[{"name":"wp","href":"https:\/\/api.w.org\/{rel}","templated":true}]}}