{"id":29151,"date":"2015-09-02T14:57:20","date_gmt":"2015-09-02T12:57:20","guid":{"rendered":"http:\/\/www.wallendorff.com\/belogue\/?p=29151"},"modified":"2018-05-23T08:06:22","modified_gmt":"2018-05-23T06:06:22","slug":"rock-en-seine-2015-jour-3","status":"publish","type":"post","link":"https:\/\/www.wallendorff.com\/belogue\/2015\/09\/02\/rock-en-seine-2015-jour-3\/","title":{"rendered":"Rock en Seine 2015, jour 3."},"content":{"rendered":"\n<div id=\"photo\">\n<p><img decoding=\"async\" src=\"https:\/\/www.wallendorff.com\/belogue\/photo\/galeries\/2015\/08\/20150830-res\/20150902-46.jpg\"><\/p>\n<\/p><\/div>\n<p style=\"text-align:right\">Les photos des autres jours du festival sont disponibles <a href=\"https:\/\/www.wallendorff.com\/belogue\/tag\/rock-en-seine-2015\">sur ce lien<\/a>.<\/p>\n<div id='gallery-1' class='gallery galleryid-29151 gallery-columns-3 gallery-size-thumbnail'><figure class='gallery-item'>\n\t\t\t<div class='gallery-icon landscape'>\n\t\t\t\t<a href='https:\/\/www.wallendorff.com\/belogue\/2015\/09\/02\/rock-en-seine-2015-jour-3\/my-morning-jacket-rock-en-seine-domaine-national-de-saint-cloud-30082015\/'><img decoding=\"async\" width=\"96\" height=\"96\" src=\"https:\/\/www.wallendorff.com\/belogue\/wp-content\/uploads\/2015\/09\/20150902-01-188x188.jpg\" class=\"attachment-thumbnail size-thumbnail\" alt=\"\" aria-describedby=\"gallery-1-29154\" srcset=\"https:\/\/www.wallendorff.com\/belogue\/wp-content\/uploads\/2015\/09\/20150902-01-188x188.jpg 188w, https:\/\/www.wallendorff.com\/belogue\/wp-content\/uploads\/2015\/09\/20150902-01-220x220.jpg 220w\" sizes=\"(max-width: 96px) 100vw, 96px\" \/><\/a>\n\t\t\t<\/div>\n\t\t\t\t<figcaption class='wp-caption-text gallery-caption' id='gallery-1-29154'>\n\t\t\t\tMy Morning Jacket @ Rock en Seine, Domaine National de Saint-Cloud, 30\/08\/2015\n\t\t\t\t<\/figcaption><\/figure><figure class='gallery-item'>\n\t\t\t<div class='gallery-icon landscape'>\n\t\t\t\t<a href='https:\/\/www.wallendorff.com\/belogue\/2015\/09\/02\/rock-en-seine-2015-jour-3\/rock-en-seine-domaine-national-de-saint-cloud-30082015\/'><img decoding=\"async\" width=\"96\" height=\"96\" src=\"https:\/\/www.wallendorff.com\/belogue\/wp-content\/uploads\/2015\/09\/20150902-02-188x188.jpg\" class=\"attachment-thumbnail size-thumbnail\" alt=\"\" aria-describedby=\"gallery-1-29155\" srcset=\"https:\/\/www.wallendorff.com\/belogue\/wp-content\/uploads\/2015\/09\/20150902-02-188x188.jpg 188w, https:\/\/www.wallendorff.com\/belogue\/wp-content\/uploads\/2015\/09\/20150902-02-220x220.jpg 220w\" sizes=\"(max-width: 96px) 100vw, 96px\" \/><\/a>\n\t\t\t<\/div>\n\t\t\t\t<figcaption class='wp-caption-text gallery-caption' id='gallery-1-29155'>\n\t\t\t\tRock en Seine, Domaine National de Saint-Cloud, 30\/08\/2015\n\t\t\t\t<\/figcaption><\/figure><figure class='gallery-item'>\n\t\t\t<div class='gallery-icon landscape'>\n\t\t\t\t<a href='https:\/\/www.wallendorff.com\/belogue\/2015\/09\/02\/rock-en-seine-2015-jour-3\/my-morning-jacket-rock-en-seine-domaine-national-de-saint-cloud-30082015-2\/'><img decoding=\"async\" width=\"96\" height=\"96\" src=\"https:\/\/www.wallendorff.com\/belogue\/wp-content\/uploads\/2015\/09\/20150902-03-188x188.jpg\" class=\"attachment-thumbnail size-thumbnail\" alt=\"\" aria-describedby=\"gallery-1-29156\" srcset=\"https:\/\/www.wallendorff.com\/belogue\/wp-content\/uploads\/2015\/09\/20150902-03-188x188.jpg 188w, https:\/\/www.wallendorff.com\/belogue\/wp-content\/uploads\/2015\/09\/20150902-03-220x220.jpg 220w\" sizes=\"(max-width: 96px) 100vw, 96px\" \/><\/a>\n\t\t\t<\/div>\n\t\t\t\t<figcaption class='wp-caption-text gallery-caption' id='gallery-1-29156'>\n\t\t\t\tMy Morning Jacket @ Rock en Seine, Domaine National de Saint-Cloud, 30\/08\/2015\n\t\t\t\t<\/figcaption><\/figure><figure class='gallery-item'>\n\t\t\t<div class='gallery-icon landscape'>\n\t\t\t\t<a href='https:\/\/www.wallendorff.com\/belogue\/2015\/09\/02\/rock-en-seine-2015-jour-3\/my-morning-jacket-rock-en-seine-domaine-national-de-saint-cloud-30082015-3\/'><img loading=\"lazy\" decoding=\"async\" width=\"96\" height=\"96\" src=\"https:\/\/www.wallendorff.com\/belogue\/wp-content\/uploads\/2015\/09\/20150902-04-188x188.jpg\" class=\"attachment-thumbnail size-thumbnail\" alt=\"\" aria-describedby=\"gallery-1-29157\" srcset=\"https:\/\/www.wallendorff.com\/belogue\/wp-content\/uploads\/2015\/09\/20150902-04-188x188.jpg 188w, https:\/\/www.wallendorff.com\/belogue\/wp-content\/uploads\/2015\/09\/20150902-04-220x220.jpg 220w\" sizes=\"(max-width: 96px) 100vw, 96px\" \/><\/a>\n\t\t\t<\/div>\n\t\t\t\t<figcaption class='wp-caption-text gallery-caption' id='gallery-1-29157'>\n\t\t\t\tMy Morning Jacket @ Rock en Seine, Domaine National de Saint-Cloud, 30\/08\/2015\n\t\t\t\t<\/figcaption><\/figure><figure class='gallery-item'>\n\t\t\t<div class='gallery-icon landscape'>\n\t\t\t\t<a href='https:\/\/www.wallendorff.com\/belogue\/2015\/09\/02\/rock-en-seine-2015-jour-3\/my-morning-jacket-rock-en-seine-domaine-national-de-saint-cloud-30082015-4\/'><img loading=\"lazy\" decoding=\"async\" width=\"96\" height=\"96\" src=\"https:\/\/www.wallendorff.com\/belogue\/wp-content\/uploads\/2015\/09\/20150902-05-188x188.jpg\" class=\"attachment-thumbnail size-thumbnail\" alt=\"\" aria-describedby=\"gallery-1-29158\" srcset=\"https:\/\/www.wallendorff.com\/belogue\/wp-content\/uploads\/2015\/09\/20150902-05-188x188.jpg 188w, https:\/\/www.wallendorff.com\/belogue\/wp-content\/uploads\/2015\/09\/20150902-05-220x220.jpg 220w\" sizes=\"(max-width: 96px) 100vw, 96px\" \/><\/a>\n\t\t\t<\/div>\n\t\t\t\t<figcaption class='wp-caption-text gallery-caption' id='gallery-1-29158'>\n\t\t\t\tMy Morning Jacket @ Rock en Seine, Domaine National de Saint-Cloud, 30\/08\/2015\n\t\t\t\t<\/figcaption><\/figure><figure class='gallery-item'>\n\t\t\t<div class='gallery-icon landscape'>\n\t\t\t\t<a href='https:\/\/www.wallendorff.com\/belogue\/2015\/09\/02\/rock-en-seine-2015-jour-3\/my-morning-jacket-rock-en-seine-domaine-national-de-saint-cloud-30082015-5\/'><img loading=\"lazy\" decoding=\"async\" width=\"96\" height=\"96\" src=\"https:\/\/www.wallendorff.com\/belogue\/wp-content\/uploads\/2015\/09\/20150902-06-188x188.jpg\" class=\"attachment-thumbnail size-thumbnail\" alt=\"\" aria-describedby=\"gallery-1-29159\" srcset=\"https:\/\/www.wallendorff.com\/belogue\/wp-content\/uploads\/2015\/09\/20150902-06-188x188.jpg 188w, https:\/\/www.wallendorff.com\/belogue\/wp-content\/uploads\/2015\/09\/20150902-06-220x220.jpg 220w\" sizes=\"(max-width: 96px) 100vw, 96px\" \/><\/a>\n\t\t\t<\/div>\n\t\t\t\t<figcaption class='wp-caption-text gallery-caption' id='gallery-1-29159'>\n\t\t\t\tMy Morning Jacket @ Rock en Seine, Domaine National de Saint-Cloud, 30\/08\/2015\n\t\t\t\t<\/figcaption><\/figure><figure class='gallery-item'>\n\t\t\t<div class='gallery-icon portrait'>\n\t\t\t\t<a href='https:\/\/www.wallendorff.com\/belogue\/2015\/09\/02\/rock-en-seine-2015-jour-3\/my-morning-jacket-rock-en-seine-domaine-national-de-saint-cloud-30082015-6\/'><img loading=\"lazy\" decoding=\"async\" width=\"96\" height=\"96\" src=\"https:\/\/www.wallendorff.com\/belogue\/wp-content\/uploads\/2015\/09\/20150902-07-188x188.jpg\" class=\"attachment-thumbnail size-thumbnail\" alt=\"\" aria-describedby=\"gallery-1-29160\" srcset=\"https:\/\/www.wallendorff.com\/belogue\/wp-content\/uploads\/2015\/09\/20150902-07-188x188.jpg 188w, https:\/\/www.wallendorff.com\/belogue\/wp-content\/uploads\/2015\/09\/20150902-07-220x220.jpg 220w\" sizes=\"(max-width: 96px) 100vw, 96px\" \/><\/a>\n\t\t\t<\/div>\n\t\t\t\t<figcaption class='wp-caption-text gallery-caption' id='gallery-1-29160'>\n\t\t\t\tMy Morning Jacket @ Rock en Seine, Domaine National de Saint-Cloud, 30\/08\/2015\n\t\t\t\t<\/figcaption><\/figure><figure class='gallery-item'>\n\t\t\t<div class='gallery-icon portrait'>\n\t\t\t\t<a href='https:\/\/www.wallendorff.com\/belogue\/2015\/09\/02\/rock-en-seine-2015-jour-3\/my-morning-jacket-rock-en-seine-domaine-national-de-saint-cloud-30082015-7\/'><img loading=\"lazy\" decoding=\"async\" width=\"96\" height=\"96\" src=\"https:\/\/www.wallendorff.com\/belogue\/wp-content\/uploads\/2015\/09\/20150902-08-188x188.jpg\" class=\"attachment-thumbnail size-thumbnail\" alt=\"\" aria-describedby=\"gallery-1-29161\" srcset=\"https:\/\/www.wallendorff.com\/belogue\/wp-content\/uploads\/2015\/09\/20150902-08-188x188.jpg 188w, https:\/\/www.wallendorff.com\/belogue\/wp-content\/uploads\/2015\/09\/20150902-08-220x220.jpg 220w\" sizes=\"(max-width: 96px) 100vw, 96px\" \/><\/a>\n\t\t\t<\/div>\n\t\t\t\t<figcaption class='wp-caption-text gallery-caption' id='gallery-1-29161'>\n\t\t\t\tMy Morning Jacket @ Rock en Seine, Domaine National de Saint-Cloud, 30\/08\/2015\n\t\t\t\t<\/figcaption><\/figure><figure class='gallery-item'>\n\t\t\t<div class='gallery-icon landscape'>\n\t\t\t\t<a href='https:\/\/www.wallendorff.com\/belogue\/2015\/09\/02\/rock-en-seine-2015-jour-3\/my-morning-jacket-rock-en-seine-domaine-national-de-saint-cloud-30082015-8\/'><img loading=\"lazy\" decoding=\"async\" width=\"96\" height=\"96\" src=\"https:\/\/www.wallendorff.com\/belogue\/wp-content\/uploads\/2015\/09\/20150902-09-188x188.jpg\" class=\"attachment-thumbnail size-thumbnail\" alt=\"\" aria-describedby=\"gallery-1-29162\" srcset=\"https:\/\/www.wallendorff.com\/belogue\/wp-content\/uploads\/2015\/09\/20150902-09-188x188.jpg 188w, https:\/\/www.wallendorff.com\/belogue\/wp-content\/uploads\/2015\/09\/20150902-09-220x220.jpg 220w\" sizes=\"(max-width: 96px) 100vw, 96px\" \/><\/a>\n\t\t\t<\/div>\n\t\t\t\t<figcaption class='wp-caption-text gallery-caption' id='gallery-1-29162'>\n\t\t\t\tMy Morning Jacket @ Rock en Seine, Domaine National de Saint-Cloud, 30\/08\/2015\n\t\t\t\t<\/figcaption><\/figure><figure class='gallery-item'>\n\t\t\t<div class='gallery-icon landscape'>\n\t\t\t\t<a href='https:\/\/www.wallendorff.com\/belogue\/2015\/09\/02\/rock-en-seine-2015-jour-3\/rock-en-seine-domaine-national-de-saint-cloud-30082015-2\/'><img loading=\"lazy\" decoding=\"async\" width=\"96\" height=\"96\" src=\"https:\/\/www.wallendorff.com\/belogue\/wp-content\/uploads\/2015\/09\/20150902-10-188x188.jpg\" class=\"attachment-thumbnail size-thumbnail\" alt=\"\" aria-describedby=\"gallery-1-29163\" srcset=\"https:\/\/www.wallendorff.com\/belogue\/wp-content\/uploads\/2015\/09\/20150902-10-188x188.jpg 188w, https:\/\/www.wallendorff.com\/belogue\/wp-content\/uploads\/2015\/09\/20150902-10-220x220.jpg 220w\" sizes=\"(max-width: 96px) 100vw, 96px\" \/><\/a>\n\t\t\t<\/div>\n\t\t\t\t<figcaption class='wp-caption-text gallery-caption' id='gallery-1-29163'>\n\t\t\t\tRock en Seine, Domaine National de Saint-Cloud, 30\/08\/2015\n\t\t\t\t<\/figcaption><\/figure><figure class='gallery-item'>\n\t\t\t<div class='gallery-icon landscape'>\n\t\t\t\t<a href='https:\/\/www.wallendorff.com\/belogue\/2015\/09\/02\/rock-en-seine-2015-jour-3\/my-morning-jacket-rock-en-seine-domaine-national-de-saint-cloud-30082015-9\/'><img loading=\"lazy\" decoding=\"async\" width=\"96\" height=\"96\" src=\"https:\/\/www.wallendorff.com\/belogue\/wp-content\/uploads\/2015\/09\/20150902-11-188x188.jpg\" class=\"attachment-thumbnail size-thumbnail\" alt=\"\" aria-describedby=\"gallery-1-29164\" srcset=\"https:\/\/www.wallendorff.com\/belogue\/wp-content\/uploads\/2015\/09\/20150902-11-188x188.jpg 188w, https:\/\/www.wallendorff.com\/belogue\/wp-content\/uploads\/2015\/09\/20150902-11-220x220.jpg 220w\" sizes=\"(max-width: 96px) 100vw, 96px\" \/><\/a>\n\t\t\t<\/div>\n\t\t\t\t<figcaption class='wp-caption-text gallery-caption' id='gallery-1-29164'>\n\t\t\t\tMy Morning Jacket @ Rock en Seine, Domaine National de Saint-Cloud, 30\/08\/2015\n\t\t\t\t<\/figcaption><\/figure><figure class='gallery-item'>\n\t\t\t<div class='gallery-icon landscape'>\n\t\t\t\t<a href='https:\/\/www.wallendorff.com\/belogue\/2015\/09\/02\/rock-en-seine-2015-jour-3\/my-morning-jacket-rock-en-seine-domaine-national-de-saint-cloud-30082015-10\/'><img loading=\"lazy\" decoding=\"async\" width=\"96\" height=\"96\" src=\"https:\/\/www.wallendorff.com\/belogue\/wp-content\/uploads\/2015\/09\/20150902-12-188x188.jpg\" class=\"attachment-thumbnail size-thumbnail\" alt=\"\" aria-describedby=\"gallery-1-29165\" srcset=\"https:\/\/www.wallendorff.com\/belogue\/wp-content\/uploads\/2015\/09\/20150902-12-188x188.jpg 188w, https:\/\/www.wallendorff.com\/belogue\/wp-content\/uploads\/2015\/09\/20150902-12-220x220.jpg 220w\" sizes=\"(max-width: 96px) 100vw, 96px\" \/><\/a>\n\t\t\t<\/div>\n\t\t\t\t<figcaption class='wp-caption-text gallery-caption' id='gallery-1-29165'>\n\t\t\t\tMy Morning Jacket @ Rock en Seine, Domaine National de Saint-Cloud, 30\/08\/2015\n\t\t\t\t<\/figcaption><\/figure><figure class='gallery-item'>\n\t\t\t<div class='gallery-icon landscape'>\n\t\t\t\t<a href='https:\/\/www.wallendorff.com\/belogue\/2015\/09\/02\/rock-en-seine-2015-jour-3\/my-morning-jacket-rock-en-seine-domaine-national-de-saint-cloud-30082015-11\/'><img loading=\"lazy\" decoding=\"async\" width=\"96\" height=\"96\" src=\"https:\/\/www.wallendorff.com\/belogue\/wp-content\/uploads\/2015\/09\/20150902-13-188x188.jpg\" class=\"attachment-thumbnail size-thumbnail\" alt=\"\" aria-describedby=\"gallery-1-29166\" srcset=\"https:\/\/www.wallendorff.com\/belogue\/wp-content\/uploads\/2015\/09\/20150902-13-188x188.jpg 188w, https:\/\/www.wallendorff.com\/belogue\/wp-content\/uploads\/2015\/09\/20150902-13-220x220.jpg 220w\" sizes=\"(max-width: 96px) 100vw, 96px\" \/><\/a>\n\t\t\t<\/div>\n\t\t\t\t<figcaption class='wp-caption-text gallery-caption' id='gallery-1-29166'>\n\t\t\t\tMy Morning Jacket @ Rock en Seine, Domaine National de Saint-Cloud, 30\/08\/2015\n\t\t\t\t<\/figcaption><\/figure><figure class='gallery-item'>\n\t\t\t<div class='gallery-icon landscape'>\n\t\t\t\t<a href='https:\/\/www.wallendorff.com\/belogue\/2015\/09\/02\/rock-en-seine-2015-jour-3\/last-train-rock-en-seine-domaine-national-de-saint-cloud-30082015\/'><img loading=\"lazy\" decoding=\"async\" width=\"96\" height=\"96\" src=\"https:\/\/www.wallendorff.com\/belogue\/wp-content\/uploads\/2015\/09\/20150902-14-188x188.jpg\" class=\"attachment-thumbnail size-thumbnail\" alt=\"\" aria-describedby=\"gallery-1-29167\" srcset=\"https:\/\/www.wallendorff.com\/belogue\/wp-content\/uploads\/2015\/09\/20150902-14-188x188.jpg 188w, https:\/\/www.wallendorff.com\/belogue\/wp-content\/uploads\/2015\/09\/20150902-14-220x220.jpg 220w\" sizes=\"(max-width: 96px) 100vw, 96px\" \/><\/a>\n\t\t\t<\/div>\n\t\t\t\t<figcaption class='wp-caption-text gallery-caption' id='gallery-1-29167'>\n\t\t\t\tLast Train @ Rock en Seine, Domaine National de Saint-Cloud, 30\/08\/2015\n\t\t\t\t<\/figcaption><\/figure><figure class='gallery-item'>\n\t\t\t<div class='gallery-icon landscape'>\n\t\t\t\t<a href='https:\/\/www.wallendorff.com\/belogue\/2015\/09\/02\/rock-en-seine-2015-jour-3\/fuzz-rock-en-seine-domaine-national-de-saint-cloud-30082015\/'><img loading=\"lazy\" decoding=\"async\" width=\"96\" height=\"96\" src=\"https:\/\/www.wallendorff.com\/belogue\/wp-content\/uploads\/2015\/09\/20150902-15-188x188.jpg\" class=\"attachment-thumbnail size-thumbnail\" alt=\"\" aria-describedby=\"gallery-1-29168\" srcset=\"https:\/\/www.wallendorff.com\/belogue\/wp-content\/uploads\/2015\/09\/20150902-15-188x188.jpg 188w, https:\/\/www.wallendorff.com\/belogue\/wp-content\/uploads\/2015\/09\/20150902-15-220x220.jpg 220w\" sizes=\"(max-width: 96px) 100vw, 96px\" \/><\/a>\n\t\t\t<\/div>\n\t\t\t\t<figcaption class='wp-caption-text gallery-caption' id='gallery-1-29168'>\n\t\t\t\tFuzz @ Rock en Seine, Domaine National de Saint-Cloud, 30\/08\/2015\n\t\t\t\t<\/figcaption><\/figure><figure class='gallery-item'>\n\t\t\t<div class='gallery-icon landscape'>\n\t\t\t\t<a href='https:\/\/www.wallendorff.com\/belogue\/2015\/09\/02\/rock-en-seine-2015-jour-3\/fuzz-rock-en-seine-domaine-national-de-saint-cloud-30082015-2\/'><img loading=\"lazy\" decoding=\"async\" width=\"96\" height=\"96\" src=\"https:\/\/www.wallendorff.com\/belogue\/wp-content\/uploads\/2015\/09\/20150902-16-188x188.jpg\" class=\"attachment-thumbnail size-thumbnail\" alt=\"\" aria-describedby=\"gallery-1-29169\" srcset=\"https:\/\/www.wallendorff.com\/belogue\/wp-content\/uploads\/2015\/09\/20150902-16-188x188.jpg 188w, https:\/\/www.wallendorff.com\/belogue\/wp-content\/uploads\/2015\/09\/20150902-16-220x220.jpg 220w\" sizes=\"(max-width: 96px) 100vw, 96px\" \/><\/a>\n\t\t\t<\/div>\n\t\t\t\t<figcaption class='wp-caption-text gallery-caption' id='gallery-1-29169'>\n\t\t\t\tFuzz @ Rock en Seine, Domaine National de Saint-Cloud, 30\/08\/2015\n\t\t\t\t<\/figcaption><\/figure><figure class='gallery-item'>\n\t\t\t<div class='gallery-icon landscape'>\n\t\t\t\t<a href='https:\/\/www.wallendorff.com\/belogue\/2015\/09\/02\/rock-en-seine-2015-jour-3\/rock-en-seine-domaine-national-de-saint-cloud-30082015-3\/'><img loading=\"lazy\" decoding=\"async\" width=\"96\" height=\"96\" src=\"https:\/\/www.wallendorff.com\/belogue\/wp-content\/uploads\/2015\/09\/20150902-17-188x188.jpg\" class=\"attachment-thumbnail size-thumbnail\" alt=\"\" aria-describedby=\"gallery-1-29170\" srcset=\"https:\/\/www.wallendorff.com\/belogue\/wp-content\/uploads\/2015\/09\/20150902-17-188x188.jpg 188w, https:\/\/www.wallendorff.com\/belogue\/wp-content\/uploads\/2015\/09\/20150902-17-220x220.jpg 220w\" sizes=\"(max-width: 96px) 100vw, 96px\" \/><\/a>\n\t\t\t<\/div>\n\t\t\t\t<figcaption class='wp-caption-text gallery-caption' id='gallery-1-29170'>\n\t\t\t\tRock en Seine, Domaine National de Saint-Cloud, 30\/08\/2015\n\t\t\t\t<\/figcaption><\/figure><figure class='gallery-item'>\n\t\t\t<div class='gallery-icon landscape'>\n\t\t\t\t<a href='https:\/\/www.wallendorff.com\/belogue\/2015\/09\/02\/rock-en-seine-2015-jour-3\/fuzz-rock-en-seine-domaine-national-de-saint-cloud-30082015-3\/'><img loading=\"lazy\" decoding=\"async\" width=\"96\" height=\"96\" src=\"https:\/\/www.wallendorff.com\/belogue\/wp-content\/uploads\/2015\/09\/20150902-18-188x188.jpg\" class=\"attachment-thumbnail size-thumbnail\" alt=\"\" aria-describedby=\"gallery-1-29171\" srcset=\"https:\/\/www.wallendorff.com\/belogue\/wp-content\/uploads\/2015\/09\/20150902-18-188x188.jpg 188w, https:\/\/www.wallendorff.com\/belogue\/wp-content\/uploads\/2015\/09\/20150902-18-220x220.jpg 220w\" sizes=\"(max-width: 96px) 100vw, 96px\" \/><\/a>\n\t\t\t<\/div>\n\t\t\t\t<figcaption class='wp-caption-text gallery-caption' id='gallery-1-29171'>\n\t\t\t\tFuzz @ Rock en Seine, Domaine National de Saint-Cloud, 30\/08\/2015\n\t\t\t\t<\/figcaption><\/figure><figure class='gallery-item'>\n\t\t\t<div class='gallery-icon landscape'>\n\t\t\t\t<a href='https:\/\/www.wallendorff.com\/belogue\/2015\/09\/02\/rock-en-seine-2015-jour-3\/fuzz-rock-en-seine-domaine-national-de-saint-cloud-30082015-4\/'><img loading=\"lazy\" decoding=\"async\" width=\"96\" height=\"96\" src=\"https:\/\/www.wallendorff.com\/belogue\/wp-content\/uploads\/2015\/09\/20150902-19-188x188.jpg\" class=\"attachment-thumbnail size-thumbnail\" alt=\"\" aria-describedby=\"gallery-1-29172\" srcset=\"https:\/\/www.wallendorff.com\/belogue\/wp-content\/uploads\/2015\/09\/20150902-19-188x188.jpg 188w, https:\/\/www.wallendorff.com\/belogue\/wp-content\/uploads\/2015\/09\/20150902-19-220x220.jpg 220w\" sizes=\"(max-width: 96px) 100vw, 96px\" \/><\/a>\n\t\t\t<\/div>\n\t\t\t\t<figcaption class='wp-caption-text gallery-caption' id='gallery-1-29172'>\n\t\t\t\tFuzz @ Rock en Seine, Domaine National de Saint-Cloud, 30\/08\/2015\n\t\t\t\t<\/figcaption><\/figure><figure class='gallery-item'>\n\t\t\t<div class='gallery-icon landscape'>\n\t\t\t\t<a href='https:\/\/www.wallendorff.com\/belogue\/2015\/09\/02\/rock-en-seine-2015-jour-3\/rock-en-seine-domaine-national-de-saint-cloud-30082015-4\/'><img loading=\"lazy\" decoding=\"async\" width=\"96\" height=\"96\" src=\"https:\/\/www.wallendorff.com\/belogue\/wp-content\/uploads\/2015\/09\/20150902-20-188x188.jpg\" class=\"attachment-thumbnail size-thumbnail\" alt=\"\" aria-describedby=\"gallery-1-29173\" srcset=\"https:\/\/www.wallendorff.com\/belogue\/wp-content\/uploads\/2015\/09\/20150902-20-188x188.jpg 188w, https:\/\/www.wallendorff.com\/belogue\/wp-content\/uploads\/2015\/09\/20150902-20-220x220.jpg 220w\" sizes=\"(max-width: 96px) 100vw, 96px\" \/><\/a>\n\t\t\t<\/div>\n\t\t\t\t<figcaption class='wp-caption-text gallery-caption' id='gallery-1-29173'>\n\t\t\t\tRock en Seine, Domaine National de Saint-Cloud, 30\/08\/2015\n\t\t\t\t<\/figcaption><\/figure><figure class='gallery-item'>\n\t\t\t<div class='gallery-icon landscape'>\n\t\t\t\t<a href='https:\/\/www.wallendorff.com\/belogue\/2015\/09\/02\/rock-en-seine-2015-jour-3\/fuzz-rock-en-seine-domaine-national-de-saint-cloud-30082015-5\/'><img loading=\"lazy\" decoding=\"async\" width=\"96\" height=\"96\" src=\"https:\/\/www.wallendorff.com\/belogue\/wp-content\/uploads\/2015\/09\/20150902-21-188x188.jpg\" class=\"attachment-thumbnail size-thumbnail\" alt=\"\" aria-describedby=\"gallery-1-29174\" srcset=\"https:\/\/www.wallendorff.com\/belogue\/wp-content\/uploads\/2015\/09\/20150902-21-188x188.jpg 188w, https:\/\/www.wallendorff.com\/belogue\/wp-content\/uploads\/2015\/09\/20150902-21-220x220.jpg 220w\" sizes=\"(max-width: 96px) 100vw, 96px\" \/><\/a>\n\t\t\t<\/div>\n\t\t\t\t<figcaption class='wp-caption-text gallery-caption' id='gallery-1-29174'>\n\t\t\t\tFuzz @ Rock en Seine, Domaine National de Saint-Cloud, 30\/08\/2015\n\t\t\t\t<\/figcaption><\/figure><figure class='gallery-item'>\n\t\t\t<div class='gallery-icon landscape'>\n\t\t\t\t<a href='https:\/\/www.wallendorff.com\/belogue\/2015\/09\/02\/rock-en-seine-2015-jour-3\/fuzz-rock-en-seine-domaine-national-de-saint-cloud-30082015-6\/'><img loading=\"lazy\" decoding=\"async\" width=\"96\" height=\"96\" src=\"https:\/\/www.wallendorff.com\/belogue\/wp-content\/uploads\/2015\/09\/20150902-22-188x188.jpg\" class=\"attachment-thumbnail size-thumbnail\" alt=\"\" aria-describedby=\"gallery-1-29175\" srcset=\"https:\/\/www.wallendorff.com\/belogue\/wp-content\/uploads\/2015\/09\/20150902-22-188x188.jpg 188w, https:\/\/www.wallendorff.com\/belogue\/wp-content\/uploads\/2015\/09\/20150902-22-220x220.jpg 220w\" sizes=\"(max-width: 96px) 100vw, 96px\" \/><\/a>\n\t\t\t<\/div>\n\t\t\t\t<figcaption class='wp-caption-text gallery-caption' id='gallery-1-29175'>\n\t\t\t\tFuzz @ Rock en Seine, Domaine National de Saint-Cloud, 30\/08\/2015\n\t\t\t\t<\/figcaption><\/figure><figure class='gallery-item'>\n\t\t\t<div class='gallery-icon landscape'>\n\t\t\t\t<a href='https:\/\/www.wallendorff.com\/belogue\/2015\/09\/02\/rock-en-seine-2015-jour-3\/fuzz-rock-en-seine-domaine-national-de-saint-cloud-30082015-7\/'><img loading=\"lazy\" decoding=\"async\" width=\"96\" height=\"96\" src=\"https:\/\/www.wallendorff.com\/belogue\/wp-content\/uploads\/2015\/09\/20150902-23-188x188.jpg\" class=\"attachment-thumbnail size-thumbnail\" alt=\"\" aria-describedby=\"gallery-1-29176\" srcset=\"https:\/\/www.wallendorff.com\/belogue\/wp-content\/uploads\/2015\/09\/20150902-23-188x188.jpg 188w, https:\/\/www.wallendorff.com\/belogue\/wp-content\/uploads\/2015\/09\/20150902-23-220x220.jpg 220w\" sizes=\"(max-width: 96px) 100vw, 96px\" \/><\/a>\n\t\t\t<\/div>\n\t\t\t\t<figcaption class='wp-caption-text gallery-caption' id='gallery-1-29176'>\n\t\t\t\tFuzz @ Rock en Seine, Domaine National de Saint-Cloud, 30\/08\/2015\n\t\t\t\t<\/figcaption><\/figure><figure class='gallery-item'>\n\t\t\t<div class='gallery-icon landscape'>\n\t\t\t\t<a href='https:\/\/www.wallendorff.com\/belogue\/2015\/09\/02\/rock-en-seine-2015-jour-3\/rock-en-seine-domaine-national-de-saint-cloud-30082015-5\/'><img loading=\"lazy\" decoding=\"async\" width=\"96\" height=\"96\" src=\"https:\/\/www.wallendorff.com\/belogue\/wp-content\/uploads\/2015\/09\/20150902-24-188x188.jpg\" class=\"attachment-thumbnail size-thumbnail\" alt=\"\" aria-describedby=\"gallery-1-29177\" srcset=\"https:\/\/www.wallendorff.com\/belogue\/wp-content\/uploads\/2015\/09\/20150902-24-188x188.jpg 188w, https:\/\/www.wallendorff.com\/belogue\/wp-content\/uploads\/2015\/09\/20150902-24-220x220.jpg 220w\" sizes=\"(max-width: 96px) 100vw, 96px\" \/><\/a>\n\t\t\t<\/div>\n\t\t\t\t<figcaption class='wp-caption-text gallery-caption' id='gallery-1-29177'>\n\t\t\t\tRock en Seine, Domaine National de Saint-Cloud, 30\/08\/2015\n\t\t\t\t<\/figcaption><\/figure><figure class='gallery-item'>\n\t\t\t<div class='gallery-icon landscape'>\n\t\t\t\t<a href='https:\/\/www.wallendorff.com\/belogue\/2015\/09\/02\/rock-en-seine-2015-jour-3\/fuzz-rock-en-seine-domaine-national-de-saint-cloud-30082015-8\/'><img loading=\"lazy\" decoding=\"async\" width=\"96\" height=\"96\" src=\"https:\/\/www.wallendorff.com\/belogue\/wp-content\/uploads\/2015\/09\/20150902-25-188x188.jpg\" class=\"attachment-thumbnail size-thumbnail\" alt=\"\" aria-describedby=\"gallery-1-29178\" srcset=\"https:\/\/www.wallendorff.com\/belogue\/wp-content\/uploads\/2015\/09\/20150902-25-188x188.jpg 188w, https:\/\/www.wallendorff.com\/belogue\/wp-content\/uploads\/2015\/09\/20150902-25-220x220.jpg 220w\" sizes=\"(max-width: 96px) 100vw, 96px\" \/><\/a>\n\t\t\t<\/div>\n\t\t\t\t<figcaption class='wp-caption-text gallery-caption' id='gallery-1-29178'>\n\t\t\t\tFuzz @ Rock en Seine, Domaine National de Saint-Cloud, 30\/08\/2015\n\t\t\t\t<\/figcaption><\/figure><figure class='gallery-item'>\n\t\t\t<div class='gallery-icon landscape'>\n\t\t\t\t<a href='https:\/\/www.wallendorff.com\/belogue\/2015\/09\/02\/rock-en-seine-2015-jour-3\/rock-en-seine-domaine-national-de-saint-cloud-30082015-6\/'><img loading=\"lazy\" decoding=\"async\" width=\"96\" height=\"96\" src=\"https:\/\/www.wallendorff.com\/belogue\/wp-content\/uploads\/2015\/09\/20150902-26-188x188.jpg\" class=\"attachment-thumbnail size-thumbnail\" alt=\"\" aria-describedby=\"gallery-1-29179\" srcset=\"https:\/\/www.wallendorff.com\/belogue\/wp-content\/uploads\/2015\/09\/20150902-26-188x188.jpg 188w, https:\/\/www.wallendorff.com\/belogue\/wp-content\/uploads\/2015\/09\/20150902-26-220x220.jpg 220w\" sizes=\"(max-width: 96px) 100vw, 96px\" \/><\/a>\n\t\t\t<\/div>\n\t\t\t\t<figcaption class='wp-caption-text gallery-caption' id='gallery-1-29179'>\n\t\t\t\tRock en Seine, Domaine National de Saint-Cloud, 30\/08\/2015\n\t\t\t\t<\/figcaption><\/figure><figure class='gallery-item'>\n\t\t\t<div class='gallery-icon landscape'>\n\t\t\t\t<a href='https:\/\/www.wallendorff.com\/belogue\/2015\/09\/02\/rock-en-seine-2015-jour-3\/tame-impala-rock-en-seine-domaine-national-de-saint-cloud-30082015\/'><img loading=\"lazy\" decoding=\"async\" width=\"96\" height=\"96\" src=\"https:\/\/www.wallendorff.com\/belogue\/wp-content\/uploads\/2015\/09\/20150902-27-188x188.jpg\" class=\"attachment-thumbnail size-thumbnail\" alt=\"\" aria-describedby=\"gallery-1-29180\" srcset=\"https:\/\/www.wallendorff.com\/belogue\/wp-content\/uploads\/2015\/09\/20150902-27-188x188.jpg 188w, https:\/\/www.wallendorff.com\/belogue\/wp-content\/uploads\/2015\/09\/20150902-27-220x220.jpg 220w\" sizes=\"(max-width: 96px) 100vw, 96px\" \/><\/a>\n\t\t\t<\/div>\n\t\t\t\t<figcaption class='wp-caption-text gallery-caption' id='gallery-1-29180'>\n\t\t\t\tTame Impala @ Rock en Seine, Domaine National de Saint-Cloud, 30\/08\/2015\n\t\t\t\t<\/figcaption><\/figure><figure class='gallery-item'>\n\t\t\t<div class='gallery-icon landscape'>\n\t\t\t\t<a href='https:\/\/www.wallendorff.com\/belogue\/2015\/09\/02\/rock-en-seine-2015-jour-3\/rock-en-seine-domaine-national-de-saint-cloud-30082015-7\/'><img loading=\"lazy\" decoding=\"async\" width=\"96\" height=\"96\" src=\"https:\/\/www.wallendorff.com\/belogue\/wp-content\/uploads\/2015\/09\/20150902-28-188x188.jpg\" class=\"attachment-thumbnail size-thumbnail\" alt=\"\" aria-describedby=\"gallery-1-29181\" srcset=\"https:\/\/www.wallendorff.com\/belogue\/wp-content\/uploads\/2015\/09\/20150902-28-188x188.jpg 188w, https:\/\/www.wallendorff.com\/belogue\/wp-content\/uploads\/2015\/09\/20150902-28-220x220.jpg 220w\" sizes=\"(max-width: 96px) 100vw, 96px\" \/><\/a>\n\t\t\t<\/div>\n\t\t\t\t<figcaption class='wp-caption-text gallery-caption' id='gallery-1-29181'>\n\t\t\t\tRock en Seine, Domaine National de Saint-Cloud, 30\/08\/2015\n\t\t\t\t<\/figcaption><\/figure><figure class='gallery-item'>\n\t\t\t<div class='gallery-icon landscape'>\n\t\t\t\t<a href='https:\/\/www.wallendorff.com\/belogue\/2015\/09\/02\/rock-en-seine-2015-jour-3\/tame-impala-rock-en-seine-domaine-national-de-saint-cloud-30082015-2\/'><img loading=\"lazy\" decoding=\"async\" width=\"96\" height=\"96\" src=\"https:\/\/www.wallendorff.com\/belogue\/wp-content\/uploads\/2015\/09\/20150902-29-188x188.jpg\" class=\"attachment-thumbnail size-thumbnail\" alt=\"\" aria-describedby=\"gallery-1-29182\" srcset=\"https:\/\/www.wallendorff.com\/belogue\/wp-content\/uploads\/2015\/09\/20150902-29-188x188.jpg 188w, https:\/\/www.wallendorff.com\/belogue\/wp-content\/uploads\/2015\/09\/20150902-29-220x220.jpg 220w\" sizes=\"(max-width: 96px) 100vw, 96px\" \/><\/a>\n\t\t\t<\/div>\n\t\t\t\t<figcaption class='wp-caption-text gallery-caption' id='gallery-1-29182'>\n\t\t\t\tTame Impala @ Rock en Seine, Domaine National de Saint-Cloud, 30\/08\/2015\n\t\t\t\t<\/figcaption><\/figure><figure class='gallery-item'>\n\t\t\t<div class='gallery-icon landscape'>\n\t\t\t\t<a href='https:\/\/www.wallendorff.com\/belogue\/2015\/09\/02\/rock-en-seine-2015-jour-3\/rock-en-seine-domaine-national-de-saint-cloud-30082015-8\/'><img loading=\"lazy\" decoding=\"async\" width=\"96\" height=\"96\" src=\"https:\/\/www.wallendorff.com\/belogue\/wp-content\/uploads\/2015\/09\/20150902-30-188x188.jpg\" class=\"attachment-thumbnail size-thumbnail\" alt=\"\" aria-describedby=\"gallery-1-29183\" srcset=\"https:\/\/www.wallendorff.com\/belogue\/wp-content\/uploads\/2015\/09\/20150902-30-188x188.jpg 188w, https:\/\/www.wallendorff.com\/belogue\/wp-content\/uploads\/2015\/09\/20150902-30-220x220.jpg 220w\" sizes=\"(max-width: 96px) 100vw, 96px\" \/><\/a>\n\t\t\t<\/div>\n\t\t\t\t<figcaption class='wp-caption-text gallery-caption' id='gallery-1-29183'>\n\t\t\t\tRock en Seine, Domaine National de Saint-Cloud, 30\/08\/2015\n\t\t\t\t<\/figcaption><\/figure><figure class='gallery-item'>\n\t\t\t<div class='gallery-icon landscape'>\n\t\t\t\t<a href='https:\/\/www.wallendorff.com\/belogue\/2015\/09\/02\/rock-en-seine-2015-jour-3\/tame-impala-rock-en-seine-domaine-national-de-saint-cloud-30082015-3\/'><img loading=\"lazy\" decoding=\"async\" width=\"96\" height=\"96\" src=\"https:\/\/www.wallendorff.com\/belogue\/wp-content\/uploads\/2015\/09\/20150902-31-188x188.jpg\" class=\"attachment-thumbnail size-thumbnail\" alt=\"\" aria-describedby=\"gallery-1-29184\" srcset=\"https:\/\/www.wallendorff.com\/belogue\/wp-content\/uploads\/2015\/09\/20150902-31-188x188.jpg 188w, https:\/\/www.wallendorff.com\/belogue\/wp-content\/uploads\/2015\/09\/20150902-31-220x220.jpg 220w\" sizes=\"(max-width: 96px) 100vw, 96px\" \/><\/a>\n\t\t\t<\/div>\n\t\t\t\t<figcaption class='wp-caption-text gallery-caption' id='gallery-1-29184'>\n\t\t\t\tTame Impala @ Rock en Seine, Domaine National de Saint-Cloud, 30\/08\/2015\n\t\t\t\t<\/figcaption><\/figure><figure class='gallery-item'>\n\t\t\t<div class='gallery-icon landscape'>\n\t\t\t\t<a href='https:\/\/www.wallendorff.com\/belogue\/2015\/09\/02\/rock-en-seine-2015-jour-3\/rock-en-seine-domaine-national-de-saint-cloud-30082015-9\/'><img loading=\"lazy\" decoding=\"async\" width=\"96\" height=\"96\" src=\"https:\/\/www.wallendorff.com\/belogue\/wp-content\/uploads\/2015\/09\/20150902-32-188x188.jpg\" class=\"attachment-thumbnail size-thumbnail\" alt=\"\" aria-describedby=\"gallery-1-29185\" srcset=\"https:\/\/www.wallendorff.com\/belogue\/wp-content\/uploads\/2015\/09\/20150902-32-188x188.jpg 188w, https:\/\/www.wallendorff.com\/belogue\/wp-content\/uploads\/2015\/09\/20150902-32-220x220.jpg 220w\" sizes=\"(max-width: 96px) 100vw, 96px\" \/><\/a>\n\t\t\t<\/div>\n\t\t\t\t<figcaption class='wp-caption-text gallery-caption' id='gallery-1-29185'>\n\t\t\t\tRock en Seine, Domaine National de Saint-Cloud, 30\/08\/2015\n\t\t\t\t<\/figcaption><\/figure><figure class='gallery-item'>\n\t\t\t<div class='gallery-icon landscape'>\n\t\t\t\t<a href='https:\/\/www.wallendorff.com\/belogue\/2015\/09\/02\/rock-en-seine-2015-jour-3\/tame-impala-rock-en-seine-domaine-national-de-saint-cloud-30082015-4\/'><img loading=\"lazy\" decoding=\"async\" width=\"96\" height=\"96\" src=\"https:\/\/www.wallendorff.com\/belogue\/wp-content\/uploads\/2015\/09\/20150902-33-188x188.jpg\" class=\"attachment-thumbnail size-thumbnail\" alt=\"\" aria-describedby=\"gallery-1-29186\" srcset=\"https:\/\/www.wallendorff.com\/belogue\/wp-content\/uploads\/2015\/09\/20150902-33-188x188.jpg 188w, https:\/\/www.wallendorff.com\/belogue\/wp-content\/uploads\/2015\/09\/20150902-33-220x220.jpg 220w\" sizes=\"(max-width: 96px) 100vw, 96px\" \/><\/a>\n\t\t\t<\/div>\n\t\t\t\t<figcaption class='wp-caption-text gallery-caption' id='gallery-1-29186'>\n\t\t\t\tTame Impala @ Rock en Seine, Domaine National de Saint-Cloud, 30\/08\/2015\n\t\t\t\t<\/figcaption><\/figure><figure class='gallery-item'>\n\t\t\t<div class='gallery-icon landscape'>\n\t\t\t\t<a href='https:\/\/www.wallendorff.com\/belogue\/2015\/09\/02\/rock-en-seine-2015-jour-3\/tame-impala-rock-en-seine-domaine-national-de-saint-cloud-30082015-5\/'><img loading=\"lazy\" decoding=\"async\" width=\"96\" height=\"96\" src=\"https:\/\/www.wallendorff.com\/belogue\/wp-content\/uploads\/2015\/09\/20150902-34-188x188.jpg\" class=\"attachment-thumbnail size-thumbnail\" alt=\"\" aria-describedby=\"gallery-1-29187\" srcset=\"https:\/\/www.wallendorff.com\/belogue\/wp-content\/uploads\/2015\/09\/20150902-34-188x188.jpg 188w, https:\/\/www.wallendorff.com\/belogue\/wp-content\/uploads\/2015\/09\/20150902-34-220x220.jpg 220w\" sizes=\"(max-width: 96px) 100vw, 96px\" \/><\/a>\n\t\t\t<\/div>\n\t\t\t\t<figcaption class='wp-caption-text gallery-caption' id='gallery-1-29187'>\n\t\t\t\tTame Impala @ Rock en Seine, Domaine National de Saint-Cloud, 30\/08\/2015\n\t\t\t\t<\/figcaption><\/figure><figure class='gallery-item'>\n\t\t\t<div class='gallery-icon landscape'>\n\t\t\t\t<a href='https:\/\/www.wallendorff.com\/belogue\/2015\/09\/02\/rock-en-seine-2015-jour-3\/rock-en-seine-domaine-national-de-saint-cloud-30082015-10\/'><img loading=\"lazy\" decoding=\"async\" width=\"96\" height=\"96\" src=\"https:\/\/www.wallendorff.com\/belogue\/wp-content\/uploads\/2015\/09\/20150902-35-188x188.jpg\" class=\"attachment-thumbnail size-thumbnail\" alt=\"\" aria-describedby=\"gallery-1-29188\" srcset=\"https:\/\/www.wallendorff.com\/belogue\/wp-content\/uploads\/2015\/09\/20150902-35-188x188.jpg 188w, https:\/\/www.wallendorff.com\/belogue\/wp-content\/uploads\/2015\/09\/20150902-35-220x220.jpg 220w\" sizes=\"(max-width: 96px) 100vw, 96px\" \/><\/a>\n\t\t\t<\/div>\n\t\t\t\t<figcaption class='wp-caption-text gallery-caption' id='gallery-1-29188'>\n\t\t\t\tRock en Seine, Domaine National de Saint-Cloud, 30\/08\/2015\n\t\t\t\t<\/figcaption><\/figure><figure class='gallery-item'>\n\t\t\t<div class='gallery-icon landscape'>\n\t\t\t\t<a href='https:\/\/www.wallendorff.com\/belogue\/2015\/09\/02\/rock-en-seine-2015-jour-3\/rock-en-seine-domaine-national-de-saint-cloud-30082015-11\/'><img loading=\"lazy\" decoding=\"async\" width=\"96\" height=\"96\" src=\"https:\/\/www.wallendorff.com\/belogue\/wp-content\/uploads\/2015\/09\/20150902-36-188x188.jpg\" class=\"attachment-thumbnail size-thumbnail\" alt=\"\" aria-describedby=\"gallery-1-29189\" srcset=\"https:\/\/www.wallendorff.com\/belogue\/wp-content\/uploads\/2015\/09\/20150902-36-188x188.jpg 188w, https:\/\/www.wallendorff.com\/belogue\/wp-content\/uploads\/2015\/09\/20150902-36-220x220.jpg 220w\" sizes=\"(max-width: 96px) 100vw, 96px\" \/><\/a>\n\t\t\t<\/div>\n\t\t\t\t<figcaption class='wp-caption-text gallery-caption' id='gallery-1-29189'>\n\t\t\t\tRock en Seine, Domaine National de Saint-Cloud, 30\/08\/2015\n\t\t\t\t<\/figcaption><\/figure><figure class='gallery-item'>\n\t\t\t<div class='gallery-icon landscape'>\n\t\t\t\t<a href='https:\/\/www.wallendorff.com\/belogue\/2015\/09\/02\/rock-en-seine-2015-jour-3\/rock-en-seine-domaine-national-de-saint-cloud-30082015-12\/'><img loading=\"lazy\" decoding=\"async\" width=\"96\" height=\"96\" src=\"https:\/\/www.wallendorff.com\/belogue\/wp-content\/uploads\/2015\/09\/20150902-37-188x188.jpg\" class=\"attachment-thumbnail size-thumbnail\" alt=\"\" aria-describedby=\"gallery-1-29190\" srcset=\"https:\/\/www.wallendorff.com\/belogue\/wp-content\/uploads\/2015\/09\/20150902-37-188x188.jpg 188w, https:\/\/www.wallendorff.com\/belogue\/wp-content\/uploads\/2015\/09\/20150902-37-220x220.jpg 220w\" sizes=\"(max-width: 96px) 100vw, 96px\" \/><\/a>\n\t\t\t<\/div>\n\t\t\t\t<figcaption class='wp-caption-text gallery-caption' id='gallery-1-29190'>\n\t\t\t\tRock en Seine, Domaine National de Saint-Cloud, 30\/08\/2015\n\t\t\t\t<\/figcaption><\/figure><figure class='gallery-item'>\n\t\t\t<div class='gallery-icon landscape'>\n\t\t\t\t<a href='https:\/\/www.wallendorff.com\/belogue\/2015\/09\/02\/rock-en-seine-2015-jour-3\/parquet-courts-rock-en-seine-domaine-national-de-saint-cloud-30082015\/'><img loading=\"lazy\" decoding=\"async\" width=\"96\" height=\"96\" src=\"https:\/\/www.wallendorff.com\/belogue\/wp-content\/uploads\/2015\/09\/20150902-38-188x188.jpg\" class=\"attachment-thumbnail size-thumbnail\" alt=\"\" aria-describedby=\"gallery-1-29191\" srcset=\"https:\/\/www.wallendorff.com\/belogue\/wp-content\/uploads\/2015\/09\/20150902-38-188x188.jpg 188w, https:\/\/www.wallendorff.com\/belogue\/wp-content\/uploads\/2015\/09\/20150902-38-220x220.jpg 220w\" sizes=\"(max-width: 96px) 100vw, 96px\" \/><\/a>\n\t\t\t<\/div>\n\t\t\t\t<figcaption class='wp-caption-text gallery-caption' id='gallery-1-29191'>\n\t\t\t\tParquet Courts @ Rock en Seine, Domaine National de Saint-Cloud, 30\/08\/2015\n\t\t\t\t<\/figcaption><\/figure><figure class='gallery-item'>\n\t\t\t<div class='gallery-icon landscape'>\n\t\t\t\t<a href='https:\/\/www.wallendorff.com\/belogue\/2015\/09\/02\/rock-en-seine-2015-jour-3\/parquet-courts-rock-en-seine-domaine-national-de-saint-cloud-30082015-2\/'><img loading=\"lazy\" decoding=\"async\" width=\"96\" height=\"96\" src=\"https:\/\/www.wallendorff.com\/belogue\/wp-content\/uploads\/2015\/09\/20150902-39-188x188.jpg\" class=\"attachment-thumbnail size-thumbnail\" alt=\"\" aria-describedby=\"gallery-1-29192\" srcset=\"https:\/\/www.wallendorff.com\/belogue\/wp-content\/uploads\/2015\/09\/20150902-39-188x188.jpg 188w, https:\/\/www.wallendorff.com\/belogue\/wp-content\/uploads\/2015\/09\/20150902-39-220x220.jpg 220w\" sizes=\"(max-width: 96px) 100vw, 96px\" \/><\/a>\n\t\t\t<\/div>\n\t\t\t\t<figcaption class='wp-caption-text gallery-caption' id='gallery-1-29192'>\n\t\t\t\tParquet Courts @ Rock en Seine, Domaine National de Saint-Cloud, 30\/08\/2015\n\t\t\t\t<\/figcaption><\/figure><figure class='gallery-item'>\n\t\t\t<div class='gallery-icon landscape'>\n\t\t\t\t<a href='https:\/\/www.wallendorff.com\/belogue\/2015\/09\/02\/rock-en-seine-2015-jour-3\/parquet-courts-rock-en-seine-domaine-national-de-saint-cloud-30082015-3\/'><img loading=\"lazy\" decoding=\"async\" width=\"96\" height=\"96\" src=\"https:\/\/www.wallendorff.com\/belogue\/wp-content\/uploads\/2015\/09\/20150902-40-188x188.jpg\" class=\"attachment-thumbnail size-thumbnail\" alt=\"\" aria-describedby=\"gallery-1-29193\" srcset=\"https:\/\/www.wallendorff.com\/belogue\/wp-content\/uploads\/2015\/09\/20150902-40-188x188.jpg 188w, https:\/\/www.wallendorff.com\/belogue\/wp-content\/uploads\/2015\/09\/20150902-40-220x220.jpg 220w\" sizes=\"(max-width: 96px) 100vw, 96px\" \/><\/a>\n\t\t\t<\/div>\n\t\t\t\t<figcaption class='wp-caption-text gallery-caption' id='gallery-1-29193'>\n\t\t\t\tParquet Courts @ Rock en Seine, Domaine National de Saint-Cloud, 30\/08\/2015\n\t\t\t\t<\/figcaption><\/figure><figure class='gallery-item'>\n\t\t\t<div class='gallery-icon landscape'>\n\t\t\t\t<a href='https:\/\/www.wallendorff.com\/belogue\/2015\/09\/02\/rock-en-seine-2015-jour-3\/parquet-courts-rock-en-seine-domaine-national-de-saint-cloud-30082015-4\/'><img loading=\"lazy\" decoding=\"async\" width=\"96\" height=\"96\" src=\"https:\/\/www.wallendorff.com\/belogue\/wp-content\/uploads\/2015\/09\/20150902-41-188x188.jpg\" class=\"attachment-thumbnail size-thumbnail\" alt=\"\" aria-describedby=\"gallery-1-29194\" srcset=\"https:\/\/www.wallendorff.com\/belogue\/wp-content\/uploads\/2015\/09\/20150902-41-188x188.jpg 188w, https:\/\/www.wallendorff.com\/belogue\/wp-content\/uploads\/2015\/09\/20150902-41-220x220.jpg 220w\" sizes=\"(max-width: 96px) 100vw, 96px\" \/><\/a>\n\t\t\t<\/div>\n\t\t\t\t<figcaption class='wp-caption-text gallery-caption' id='gallery-1-29194'>\n\t\t\t\tParquet Courts @ Rock en Seine, Domaine National de Saint-Cloud, 30\/08\/2015\n\t\t\t\t<\/figcaption><\/figure><figure class='gallery-item'>\n\t\t\t<div class='gallery-icon landscape'>\n\t\t\t\t<a href='https:\/\/www.wallendorff.com\/belogue\/2015\/09\/02\/rock-en-seine-2015-jour-3\/rock-en-seine-domaine-national-de-saint-cloud-30082015-13\/'><img loading=\"lazy\" decoding=\"async\" width=\"96\" height=\"96\" src=\"https:\/\/www.wallendorff.com\/belogue\/wp-content\/uploads\/2015\/09\/20150902-42-188x188.jpg\" class=\"attachment-thumbnail size-thumbnail\" alt=\"\" aria-describedby=\"gallery-1-29195\" srcset=\"https:\/\/www.wallendorff.com\/belogue\/wp-content\/uploads\/2015\/09\/20150902-42-188x188.jpg 188w, https:\/\/www.wallendorff.com\/belogue\/wp-content\/uploads\/2015\/09\/20150902-42-220x220.jpg 220w\" sizes=\"(max-width: 96px) 100vw, 96px\" \/><\/a>\n\t\t\t<\/div>\n\t\t\t\t<figcaption class='wp-caption-text gallery-caption' id='gallery-1-29195'>\n\t\t\t\tRock en Seine, Domaine National de Saint-Cloud, 30\/08\/2015\n\t\t\t\t<\/figcaption><\/figure><figure class='gallery-item'>\n\t\t\t<div class='gallery-icon landscape'>\n\t\t\t\t<a href='https:\/\/www.wallendorff.com\/belogue\/2015\/09\/02\/rock-en-seine-2015-jour-3\/rock-en-seine-domaine-national-de-saint-cloud-30082015-14\/'><img loading=\"lazy\" decoding=\"async\" width=\"96\" height=\"96\" src=\"https:\/\/www.wallendorff.com\/belogue\/wp-content\/uploads\/2015\/09\/20150902-43-188x188.jpg\" class=\"attachment-thumbnail size-thumbnail\" alt=\"\" aria-describedby=\"gallery-1-29196\" srcset=\"https:\/\/www.wallendorff.com\/belogue\/wp-content\/uploads\/2015\/09\/20150902-43-188x188.jpg 188w, https:\/\/www.wallendorff.com\/belogue\/wp-content\/uploads\/2015\/09\/20150902-43-220x220.jpg 220w\" sizes=\"(max-width: 96px) 100vw, 96px\" \/><\/a>\n\t\t\t<\/div>\n\t\t\t\t<figcaption class='wp-caption-text gallery-caption' id='gallery-1-29196'>\n\t\t\t\tRock en Seine, Domaine National de Saint-Cloud, 30\/08\/2015\n\t\t\t\t<\/figcaption><\/figure><figure class='gallery-item'>\n\t\t\t<div class='gallery-icon landscape'>\n\t\t\t\t<a href='https:\/\/www.wallendorff.com\/belogue\/2015\/09\/02\/rock-en-seine-2015-jour-3\/%ce%b4-rock-en-seine-domaine-national-de-saint-cloud-30082015\/'><img loading=\"lazy\" decoding=\"async\" width=\"96\" height=\"96\" src=\"https:\/\/www.wallendorff.com\/belogue\/wp-content\/uploads\/2015\/09\/20150902-44-188x188.jpg\" class=\"attachment-thumbnail size-thumbnail\" alt=\"\" aria-describedby=\"gallery-1-29197\" srcset=\"https:\/\/www.wallendorff.com\/belogue\/wp-content\/uploads\/2015\/09\/20150902-44-188x188.jpg 188w, https:\/\/www.wallendorff.com\/belogue\/wp-content\/uploads\/2015\/09\/20150902-44-220x220.jpg 220w\" sizes=\"(max-width: 96px) 100vw, 96px\" \/><\/a>\n\t\t\t<\/div>\n\t\t\t\t<figcaption class='wp-caption-text gallery-caption' id='gallery-1-29197'>\n\t\t\t\t\u0394 @ Rock en Seine, Domaine National de Saint-Cloud, 30\/08\/2015\n\t\t\t\t<\/figcaption><\/figure><figure class='gallery-item'>\n\t\t\t<div class='gallery-icon landscape'>\n\t\t\t\t<a href='https:\/\/www.wallendorff.com\/belogue\/2015\/09\/02\/rock-en-seine-2015-jour-3\/%ce%b4-rock-en-seine-domaine-national-de-saint-cloud-30082015-2\/'><img loading=\"lazy\" decoding=\"async\" width=\"96\" height=\"96\" src=\"https:\/\/www.wallendorff.com\/belogue\/wp-content\/uploads\/2015\/09\/20150902-45-188x188.jpg\" class=\"attachment-thumbnail size-thumbnail\" alt=\"\" aria-describedby=\"gallery-1-29198\" srcset=\"https:\/\/www.wallendorff.com\/belogue\/wp-content\/uploads\/2015\/09\/20150902-45-188x188.jpg 188w, https:\/\/www.wallendorff.com\/belogue\/wp-content\/uploads\/2015\/09\/20150902-45-220x220.jpg 220w\" sizes=\"(max-width: 96px) 100vw, 96px\" \/><\/a>\n\t\t\t<\/div>\n\t\t\t\t<figcaption class='wp-caption-text gallery-caption' id='gallery-1-29198'>\n\t\t\t\t\u0394 @ Rock en Seine, Domaine National de Saint-Cloud, 30\/08\/2015\n\t\t\t\t<\/figcaption><\/figure><figure class='gallery-item'>\n\t\t\t<div class='gallery-icon landscape'>\n\t\t\t\t<a href='https:\/\/www.wallendorff.com\/belogue\/2015\/09\/02\/rock-en-seine-2015-jour-3\/rock-en-seine-domaine-national-de-saint-cloud-30082015-15\/'><img loading=\"lazy\" decoding=\"async\" width=\"96\" height=\"96\" src=\"https:\/\/www.wallendorff.com\/belogue\/wp-content\/uploads\/2015\/09\/20150902-46-188x188.jpg\" class=\"attachment-thumbnail size-thumbnail\" alt=\"\" aria-describedby=\"gallery-1-29199\" srcset=\"https:\/\/www.wallendorff.com\/belogue\/wp-content\/uploads\/2015\/09\/20150902-46-188x188.jpg 188w, https:\/\/www.wallendorff.com\/belogue\/wp-content\/uploads\/2015\/09\/20150902-46-220x220.jpg 220w\" sizes=\"(max-width: 96px) 100vw, 96px\" \/><\/a>\n\t\t\t<\/div>\n\t\t\t\t<figcaption class='wp-caption-text gallery-caption' id='gallery-1-29199'>\n\t\t\t\tRock en Seine, Domaine National de Saint-Cloud, 30\/08\/2015\n\t\t\t\t<\/figcaption><\/figure><figure class='gallery-item'>\n\t\t\t<div class='gallery-icon portrait'>\n\t\t\t\t<a href='https:\/\/www.wallendorff.com\/belogue\/2015\/09\/02\/rock-en-seine-2015-jour-3\/%ce%b4-rock-en-seine-domaine-national-de-saint-cloud-30082015-3\/'><img loading=\"lazy\" decoding=\"async\" width=\"96\" height=\"96\" src=\"https:\/\/www.wallendorff.com\/belogue\/wp-content\/uploads\/2015\/09\/20150902-47-188x188.jpg\" class=\"attachment-thumbnail size-thumbnail\" alt=\"\" aria-describedby=\"gallery-1-29200\" srcset=\"https:\/\/www.wallendorff.com\/belogue\/wp-content\/uploads\/2015\/09\/20150902-47-188x188.jpg 188w, https:\/\/www.wallendorff.com\/belogue\/wp-content\/uploads\/2015\/09\/20150902-47-220x220.jpg 220w\" sizes=\"(max-width: 96px) 100vw, 96px\" \/><\/a>\n\t\t\t<\/div>\n\t\t\t\t<figcaption class='wp-caption-text gallery-caption' id='gallery-1-29200'>\n\t\t\t\t\u0394 @ Rock en Seine, Domaine National de Saint-Cloud, 30\/08\/2015\n\t\t\t\t<\/figcaption><\/figure><figure class='gallery-item'>\n\t\t\t<div class='gallery-icon landscape'>\n\t\t\t\t<a href='https:\/\/www.wallendorff.com\/belogue\/2015\/09\/02\/rock-en-seine-2015-jour-3\/rock-en-seine-domaine-national-de-saint-cloud-30082015-16\/'><img loading=\"lazy\" decoding=\"async\" width=\"96\" height=\"96\" src=\"https:\/\/www.wallendorff.com\/belogue\/wp-content\/uploads\/2015\/09\/20150902-48-188x188.jpg\" class=\"attachment-thumbnail size-thumbnail\" alt=\"\" aria-describedby=\"gallery-1-29201\" srcset=\"https:\/\/www.wallendorff.com\/belogue\/wp-content\/uploads\/2015\/09\/20150902-48-188x188.jpg 188w, https:\/\/www.wallendorff.com\/belogue\/wp-content\/uploads\/2015\/09\/20150902-48-220x220.jpg 220w\" sizes=\"(max-width: 96px) 100vw, 96px\" \/><\/a>\n\t\t\t<\/div>\n\t\t\t\t<figcaption class='wp-caption-text gallery-caption' id='gallery-1-29201'>\n\t\t\t\tRock en Seine, Domaine National de Saint-Cloud, 30\/08\/2015\n\t\t\t\t<\/figcaption><\/figure><figure class='gallery-item'>\n\t\t\t<div class='gallery-icon landscape'>\n\t\t\t\t<a href='https:\/\/www.wallendorff.com\/belogue\/2015\/09\/02\/rock-en-seine-2015-jour-3\/%ce%b4-rock-en-seine-domaine-national-de-saint-cloud-30082015-4\/'><img loading=\"lazy\" decoding=\"async\" width=\"96\" height=\"96\" src=\"https:\/\/www.wallendorff.com\/belogue\/wp-content\/uploads\/2015\/09\/20150902-49-188x188.jpg\" class=\"attachment-thumbnail size-thumbnail\" alt=\"\" aria-describedby=\"gallery-1-29202\" srcset=\"https:\/\/www.wallendorff.com\/belogue\/wp-content\/uploads\/2015\/09\/20150902-49-188x188.jpg 188w, https:\/\/www.wallendorff.com\/belogue\/wp-content\/uploads\/2015\/09\/20150902-49-220x220.jpg 220w\" sizes=\"(max-width: 96px) 100vw, 96px\" \/><\/a>\n\t\t\t<\/div>\n\t\t\t\t<figcaption class='wp-caption-text gallery-caption' id='gallery-1-29202'>\n\t\t\t\t\u0394 @ Rock en Seine, Domaine National de Saint-Cloud, 30\/08\/2015\n\t\t\t\t<\/figcaption><\/figure><figure class='gallery-item'>\n\t\t\t<div class='gallery-icon landscape'>\n\t\t\t\t<a href='https:\/\/www.wallendorff.com\/belogue\/2015\/09\/02\/rock-en-seine-2015-jour-3\/%ce%b4-rock-en-seine-domaine-national-de-saint-cloud-30082015-5\/'><img loading=\"lazy\" decoding=\"async\" width=\"96\" height=\"96\" src=\"https:\/\/www.wallendorff.com\/belogue\/wp-content\/uploads\/2015\/09\/20150902-50-188x188.jpg\" class=\"attachment-thumbnail size-thumbnail\" alt=\"\" aria-describedby=\"gallery-1-29203\" srcset=\"https:\/\/www.wallendorff.com\/belogue\/wp-content\/uploads\/2015\/09\/20150902-50-188x188.jpg 188w, https:\/\/www.wallendorff.com\/belogue\/wp-content\/uploads\/2015\/09\/20150902-50-220x220.jpg 220w\" sizes=\"(max-width: 96px) 100vw, 96px\" \/><\/a>\n\t\t\t<\/div>\n\t\t\t\t<figcaption class='wp-caption-text gallery-caption' id='gallery-1-29203'>\n\t\t\t\t\u0394 @ Rock en Seine, Domaine National de Saint-Cloud, 30\/08\/2015\n\t\t\t\t<\/figcaption><\/figure><figure class='gallery-item'>\n\t\t\t<div class='gallery-icon landscape'>\n\t\t\t\t<a href='https:\/\/www.wallendorff.com\/belogue\/2015\/09\/02\/rock-en-seine-2015-jour-3\/rock-en-seine-domaine-national-de-saint-cloud-30082015-17\/'><img loading=\"lazy\" decoding=\"async\" width=\"96\" height=\"96\" src=\"https:\/\/www.wallendorff.com\/belogue\/wp-content\/uploads\/2015\/09\/20150902-51-188x188.jpg\" class=\"attachment-thumbnail size-thumbnail\" alt=\"\" aria-describedby=\"gallery-1-29204\" srcset=\"https:\/\/www.wallendorff.com\/belogue\/wp-content\/uploads\/2015\/09\/20150902-51-188x188.jpg 188w, https:\/\/www.wallendorff.com\/belogue\/wp-content\/uploads\/2015\/09\/20150902-51-220x220.jpg 220w\" sizes=\"(max-width: 96px) 100vw, 96px\" \/><\/a>\n\t\t\t<\/div>\n\t\t\t\t<figcaption class='wp-caption-text gallery-caption' id='gallery-1-29204'>\n\t\t\t\tRock en Seine, Domaine National de Saint-Cloud, 30\/08\/2015\n\t\t\t\t<\/figcaption><\/figure><figure class='gallery-item'>\n\t\t\t<div class='gallery-icon landscape'>\n\t\t\t\t<a href='https:\/\/www.wallendorff.com\/belogue\/2015\/09\/02\/rock-en-seine-2015-jour-3\/the-chemical-brothers-rock-en-seine-domaine-national-de-saint-cloud-30082015\/'><img loading=\"lazy\" decoding=\"async\" width=\"96\" height=\"96\" src=\"https:\/\/www.wallendorff.com\/belogue\/wp-content\/uploads\/2015\/09\/20150902-52-188x188.jpg\" class=\"attachment-thumbnail size-thumbnail\" alt=\"\" aria-describedby=\"gallery-1-29205\" srcset=\"https:\/\/www.wallendorff.com\/belogue\/wp-content\/uploads\/2015\/09\/20150902-52-188x188.jpg 188w, https:\/\/www.wallendorff.com\/belogue\/wp-content\/uploads\/2015\/09\/20150902-52-220x220.jpg 220w\" sizes=\"(max-width: 96px) 100vw, 96px\" \/><\/a>\n\t\t\t<\/div>\n\t\t\t\t<figcaption class='wp-caption-text gallery-caption' id='gallery-1-29205'>\n\t\t\t\tThe Chemical Brothers @ Rock en Seine, Domaine National de Saint-Cloud, 30\/08\/2015\n\t\t\t\t<\/figcaption><\/figure><figure class='gallery-item'>\n\t\t\t<div class='gallery-icon landscape'>\n\t\t\t\t<a href='https:\/\/www.wallendorff.com\/belogue\/2015\/09\/02\/rock-en-seine-2015-jour-3\/the-chemical-brothers-rock-en-seine-domaine-national-de-saint-cloud-30082015-2\/'><img loading=\"lazy\" decoding=\"async\" width=\"96\" height=\"96\" src=\"https:\/\/www.wallendorff.com\/belogue\/wp-content\/uploads\/2015\/09\/20150902-53-188x188.jpg\" class=\"attachment-thumbnail size-thumbnail\" alt=\"\" aria-describedby=\"gallery-1-29206\" srcset=\"https:\/\/www.wallendorff.com\/belogue\/wp-content\/uploads\/2015\/09\/20150902-53-188x188.jpg 188w, https:\/\/www.wallendorff.com\/belogue\/wp-content\/uploads\/2015\/09\/20150902-53-220x220.jpg 220w\" sizes=\"(max-width: 96px) 100vw, 96px\" \/><\/a>\n\t\t\t<\/div>\n\t\t\t\t<figcaption class='wp-caption-text gallery-caption' id='gallery-1-29206'>\n\t\t\t\tThe Chemical Brothers @ Rock en Seine, Domaine National de Saint-Cloud, 30\/08\/2015\n\t\t\t\t<\/figcaption><\/figure><figure class='gallery-item'>\n\t\t\t<div class='gallery-icon landscape'>\n\t\t\t\t<a href='https:\/\/www.wallendorff.com\/belogue\/2015\/09\/02\/rock-en-seine-2015-jour-3\/rock-en-seine-domaine-national-de-saint-cloud-30082015-18\/'><img loading=\"lazy\" decoding=\"async\" width=\"96\" height=\"96\" src=\"https:\/\/www.wallendorff.com\/belogue\/wp-content\/uploads\/2015\/09\/20150902-54-188x188.jpg\" class=\"attachment-thumbnail size-thumbnail\" alt=\"\" aria-describedby=\"gallery-1-29207\" srcset=\"https:\/\/www.wallendorff.com\/belogue\/wp-content\/uploads\/2015\/09\/20150902-54-188x188.jpg 188w, https:\/\/www.wallendorff.com\/belogue\/wp-content\/uploads\/2015\/09\/20150902-54-220x220.jpg 220w\" sizes=\"(max-width: 96px) 100vw, 96px\" \/><\/a>\n\t\t\t<\/div>\n\t\t\t\t<figcaption class='wp-caption-text gallery-caption' id='gallery-1-29207'>\n\t\t\t\tRock en Seine, Domaine National de Saint-Cloud, 30\/08\/2015\n\t\t\t\t<\/figcaption><\/figure><figure class='gallery-item'>\n\t\t\t<div class='gallery-icon landscape'>\n\t\t\t\t<a href='https:\/\/www.wallendorff.com\/belogue\/2015\/09\/02\/rock-en-seine-2015-jour-3\/the-chemical-brothers-rock-en-seine-domaine-national-de-saint-cloud-30082015-3\/'><img loading=\"lazy\" decoding=\"async\" width=\"96\" height=\"96\" src=\"https:\/\/www.wallendorff.com\/belogue\/wp-content\/uploads\/2015\/09\/20150902-55-188x188.jpg\" class=\"attachment-thumbnail size-thumbnail\" alt=\"\" aria-describedby=\"gallery-1-29208\" srcset=\"https:\/\/www.wallendorff.com\/belogue\/wp-content\/uploads\/2015\/09\/20150902-55-188x188.jpg 188w, https:\/\/www.wallendorff.com\/belogue\/wp-content\/uploads\/2015\/09\/20150902-55-220x220.jpg 220w\" sizes=\"(max-width: 96px) 100vw, 96px\" \/><\/a>\n\t\t\t<\/div>\n\t\t\t\t<figcaption class='wp-caption-text gallery-caption' id='gallery-1-29208'>\n\t\t\t\tThe Chemical Brothers @ Rock en Seine, Domaine National de Saint-Cloud, 30\/08\/2015\n\t\t\t\t<\/figcaption><\/figure><figure class='gallery-item'>\n\t\t\t<div class='gallery-icon landscape'>\n\t\t\t\t<a href='https:\/\/www.wallendorff.com\/belogue\/2015\/09\/02\/rock-en-seine-2015-jour-3\/rock-en-seine-domaine-national-de-saint-cloud-30082015-19\/'><img loading=\"lazy\" decoding=\"async\" width=\"96\" height=\"96\" src=\"https:\/\/www.wallendorff.com\/belogue\/wp-content\/uploads\/2015\/09\/20150902-56-188x188.jpg\" class=\"attachment-thumbnail size-thumbnail\" alt=\"\" aria-describedby=\"gallery-1-29209\" srcset=\"https:\/\/www.wallendorff.com\/belogue\/wp-content\/uploads\/2015\/09\/20150902-56-188x188.jpg 188w, https:\/\/www.wallendorff.com\/belogue\/wp-content\/uploads\/2015\/09\/20150902-56-220x220.jpg 220w\" sizes=\"(max-width: 96px) 100vw, 96px\" \/><\/a>\n\t\t\t<\/div>\n\t\t\t\t<figcaption class='wp-caption-text gallery-caption' id='gallery-1-29209'>\n\t\t\t\tRock en Seine, Domaine National de Saint-Cloud, 30\/08\/2015\n\t\t\t\t<\/figcaption><\/figure><figure class='gallery-item'>\n\t\t\t<div class='gallery-icon landscape'>\n\t\t\t\t<a href='https:\/\/www.wallendorff.com\/belogue\/2015\/09\/02\/rock-en-seine-2015-jour-3\/rock-en-seine-domaine-national-de-saint-cloud-30082015-20\/'><img loading=\"lazy\" decoding=\"async\" width=\"96\" height=\"96\" src=\"https:\/\/www.wallendorff.com\/belogue\/wp-content\/uploads\/2015\/09\/20150902-57-188x188.jpg\" class=\"attachment-thumbnail size-thumbnail\" alt=\"\" aria-describedby=\"gallery-1-29210\" srcset=\"https:\/\/www.wallendorff.com\/belogue\/wp-content\/uploads\/2015\/09\/20150902-57-188x188.jpg 188w, https:\/\/www.wallendorff.com\/belogue\/wp-content\/uploads\/2015\/09\/20150902-57-220x220.jpg 220w\" sizes=\"(max-width: 96px) 100vw, 96px\" \/><\/a>\n\t\t\t<\/div>\n\t\t\t\t<figcaption class='wp-caption-text gallery-caption' id='gallery-1-29210'>\n\t\t\t\tRock en Seine, Domaine National de Saint-Cloud, 30\/08\/2015\n\t\t\t\t<\/figcaption><\/figure><figure class='gallery-item'>\n\t\t\t<div class='gallery-icon landscape'>\n\t\t\t\t<a href='https:\/\/www.wallendorff.com\/belogue\/2015\/09\/02\/rock-en-seine-2015-jour-3\/rock-en-seine-domaine-national-de-saint-cloud-30082015-21\/'><img loading=\"lazy\" decoding=\"async\" width=\"96\" height=\"96\" src=\"https:\/\/www.wallendorff.com\/belogue\/wp-content\/uploads\/2015\/09\/20150902-58-188x188.jpg\" class=\"attachment-thumbnail size-thumbnail\" alt=\"\" aria-describedby=\"gallery-1-29211\" srcset=\"https:\/\/www.wallendorff.com\/belogue\/wp-content\/uploads\/2015\/09\/20150902-58-188x188.jpg 188w, https:\/\/www.wallendorff.com\/belogue\/wp-content\/uploads\/2015\/09\/20150902-58-220x220.jpg 220w\" sizes=\"(max-width: 96px) 100vw, 96px\" \/><\/a>\n\t\t\t<\/div>\n\t\t\t\t<figcaption class='wp-caption-text gallery-caption' id='gallery-1-29211'>\n\t\t\t\tRock en Seine, Domaine National de Saint-Cloud, 30\/08\/2015\n\t\t\t\t<\/figcaption><\/figure><figure class='gallery-item'>\n\t\t\t<div class='gallery-icon landscape'>\n\t\t\t\t<a href='https:\/\/www.wallendorff.com\/belogue\/2015\/09\/02\/rock-en-seine-2015-jour-3\/rock-en-seine-domaine-national-de-saint-cloud-30082015-22\/'><img loading=\"lazy\" decoding=\"async\" width=\"96\" height=\"96\" src=\"https:\/\/www.wallendorff.com\/belogue\/wp-content\/uploads\/2015\/09\/20150902-59-188x188.jpg\" class=\"attachment-thumbnail size-thumbnail\" alt=\"\" aria-describedby=\"gallery-1-29212\" srcset=\"https:\/\/www.wallendorff.com\/belogue\/wp-content\/uploads\/2015\/09\/20150902-59-188x188.jpg 188w, https:\/\/www.wallendorff.com\/belogue\/wp-content\/uploads\/2015\/09\/20150902-59-220x220.jpg 220w\" sizes=\"(max-width: 96px) 100vw, 96px\" \/><\/a>\n\t\t\t<\/div>\n\t\t\t\t<figcaption class='wp-caption-text gallery-caption' id='gallery-1-29212'>\n\t\t\t\tRock en Seine, Domaine National de Saint-Cloud, 30\/08\/2015\n\t\t\t\t<\/figcaption><\/figure>\n\t\t<\/div>\n\n","protected":false},"excerpt":{"rendered":"<p>Les photos des autres jours du festival sont disponibles sur ce lien.<\/p>\n","protected":false},"author":1,"featured_media":29214,"comment_status":"open","ping_status":"open","sticky":false,"template":"","format":"standard","meta":{"_acf_changed":false,"ngg_post_thumbnail":0,"jetpack_post_was_ever_published":false,"_jetpack_newsletter_access":"","_jetpack_dont_email_post_to_subs":false,"_jetpack_newsletter_tier_id":0,"_jetpack_memberships_contains_paywalled_content":false,"_jetpack_memberships_contains_paid_content":false,"footnotes":"","jetpack_publicize_message":"","jetpack_publicize_feature_enabled":true,"jetpack_social_post_already_shared":true,"jetpack_social_options":{"image_generator_settings":{"template":"highway","default_image_id":0,"font":"","enabled":false},"version":2}},"categories":[7],"tags":[12417,10084,11038,2571,8170,181,6766,8351,10136,10120,12514,10353,10121,12515,12517,12516,10133,12506,8243,12513,5036],"class_list":["post-29151","post","type-post","status-publish","format-standard","has-post-thumbnail","hentry","category-alive","tag-12417","tag-alive","tag-alt-j","tag-ef-16-35-mm-f28l-ii-usm","tag-ef-24-70-mm-f2-8l-ii-usm","tag-ef-70-200-mm-f28l-usm","tag-eos-5d-mark-iii","tag-eos-6d","tag-festival","tag-france","tag-fuzz","tag-hauts-de-seine","tag-ile-de-france","tag-last-train","tag-my-morning-jacket","tag-parquet-courts","tag-rock-en-seine","tag-rock-en-seine-2015","tag-sigma-15-mm-f2-8-ex-dg-diagonal-fish-eye","tag-tame-impala","tag-the-chemical-brothers"],"acf":[],"geo":{"latitude":48.8313904,"longitude":2.2213197,"description":"Parc de Saint-Cloud, 92210 Saint-Cloud, France"},"jetpack_publicize_connections":[],"jetpack_featured_media_url":"https:\/\/www.wallendorff.com\/belogue\/wp-content\/uploads\/2015\/09\/20150902-461.jpg","jetpack_shortlink":"https:\/\/wp.me\/p3b35P-7Ab","jetpack_sharing_enabled":true,"jetpack-related-posts":[{"id":18794,"url":"https:\/\/www.wallendorff.com\/belogue\/2012\/08\/27\/rock-en-seine-2012-jour-1\/","url_meta":{"origin":29151,"position":0},"title":"Rock en Seine 2012, jour 1.","author":"dpc","date":"27 ao\u00fbt 2012","format":false,"excerpt":"Ou \u00ab\u00a0comment je me suis pris un chanteur de Dionysos sur le nez\u00a0\u00bb. La suite par l\u00e0. Sleigh Bells \u2013 Crush \u00a0","rel":"","context":"Dans &quot;Alive&quot;","block_context":{"text":"Alive","link":"https:\/\/www.wallendorff.com\/belogue\/category\/alive\/"},"img":{"alt_text":"","src":"https:\/\/i0.wp.com\/www.wallendorff.com\/belogue\/wp-content\/uploads\/2015\/04\/20120827-011.jpg?resize=350%2C200&ssl=1","width":350,"height":200,"srcset":"https:\/\/i0.wp.com\/www.wallendorff.com\/belogue\/wp-content\/uploads\/2015\/04\/20120827-011.jpg?resize=350%2C200&ssl=1 1x, https:\/\/i0.wp.com\/www.wallendorff.com\/belogue\/wp-content\/uploads\/2015\/04\/20120827-011.jpg?resize=525%2C300&ssl=1 1.5x, https:\/\/i0.wp.com\/www.wallendorff.com\/belogue\/wp-content\/uploads\/2015\/04\/20120827-011.jpg?resize=700%2C400&ssl=1 2x"},"classes":[]},{"id":21507,"url":"https:\/\/www.wallendorff.com\/belogue\/2013\/08\/28\/rock-en-seine-2013-jour-2\/","url_meta":{"origin":29151,"position":1},"title":"Rock en Seine 2013, jour 2.","author":"dpc","date":"28 ao\u00fbt 2013","format":false,"excerpt":"La meilleure journ\u00e9e du week-end. L'ensemble des trois jours est sous ce lien. \u00a0","rel":"","context":"Dans &quot;Alive&quot;","block_context":{"text":"Alive","link":"https:\/\/www.wallendorff.com\/belogue\/category\/alive\/"},"img":{"alt_text":"","src":"https:\/\/i0.wp.com\/www.wallendorff.com\/belogue\/wp-content\/uploads\/2015\/04\/201308281.jpg?resize=350%2C200&ssl=1","width":350,"height":200,"srcset":"https:\/\/i0.wp.com\/www.wallendorff.com\/belogue\/wp-content\/uploads\/2015\/04\/201308281.jpg?resize=350%2C200&ssl=1 1x, https:\/\/i0.wp.com\/www.wallendorff.com\/belogue\/wp-content\/uploads\/2015\/04\/201308281.jpg?resize=525%2C300&ssl=1 1.5x, https:\/\/i0.wp.com\/www.wallendorff.com\/belogue\/wp-content\/uploads\/2015\/04\/201308281.jpg?resize=700%2C400&ssl=1 2x"},"classes":[]},{"id":18810,"url":"https:\/\/www.wallendorff.com\/belogue\/2012\/08\/28\/rock-en-seine-2012-jour-2\/","url_meta":{"origin":29151,"position":2},"title":"Rock en Seine 2012, jour 2.","author":"dpc","date":"28 ao\u00fbt 2012","format":false,"excerpt":"Premier jour par l\u00e0, la suite vient demain. The Men \u2013 Open Your Heart \u00a0","rel":"","context":"Dans &quot;Alive&quot;","block_context":{"text":"Alive","link":"https:\/\/www.wallendorff.com\/belogue\/category\/alive\/"},"img":{"alt_text":"","src":"https:\/\/i0.wp.com\/www.wallendorff.com\/belogue\/wp-content\/uploads\/2015\/04\/201208281.jpg?resize=350%2C200&ssl=1","width":350,"height":200,"srcset":"https:\/\/i0.wp.com\/www.wallendorff.com\/belogue\/wp-content\/uploads\/2015\/04\/201208281.jpg?resize=350%2C200&ssl=1 1x, https:\/\/i0.wp.com\/www.wallendorff.com\/belogue\/wp-content\/uploads\/2015\/04\/201208281.jpg?resize=525%2C300&ssl=1 1.5x, https:\/\/i0.wp.com\/www.wallendorff.com\/belogue\/wp-content\/uploads\/2015\/04\/201208281.jpg?resize=700%2C400&ssl=1 2x"},"classes":[]},{"id":4573,"url":"https:\/\/www.wallendorff.com\/belogue\/2009\/08\/30\/et-pendant-ce-temps-a-rock-en-seine-8\/","url_meta":{"origin":29151,"position":3},"title":"Et pendant ce temps, \u00e0 Rock en Seine.","author":"dpc","date":"30 ao\u00fbt 2009","format":false,"excerpt":"L'alcool c'est mal. The Noisettes The Asteroids Galaxy Tour Ebony Bones Jil is Lucky Dananananaykroyd Zone Libre vs Casey & B. James The Horrors Yann Tiersen Faith No More Le reste","rel":"","context":"Dans &quot;Alive&quot;","block_context":{"text":"Alive","link":"https:\/\/www.wallendorff.com\/belogue\/category\/alive\/"},"img":{"alt_text":"","src":"https:\/\/i0.wp.com\/www.wallendorff.com\/belogue\/wp-content\/uploads\/2015\/04\/200908301.jpg?resize=350%2C200&ssl=1","width":350,"height":200,"srcset":"https:\/\/i0.wp.com\/www.wallendorff.com\/belogue\/wp-content\/uploads\/2015\/04\/200908301.jpg?resize=350%2C200&ssl=1 1x, https:\/\/i0.wp.com\/www.wallendorff.com\/belogue\/wp-content\/uploads\/2015\/04\/200908301.jpg?resize=525%2C300&ssl=1 1.5x, https:\/\/i0.wp.com\/www.wallendorff.com\/belogue\/wp-content\/uploads\/2015\/04\/200908301.jpg?resize=700%2C400&ssl=1 2x"},"classes":[]},{"id":21499,"url":"https:\/\/www.wallendorff.com\/belogue\/2013\/08\/27\/rock-en-seine-2013-jour-1\/","url_meta":{"origin":29151,"position":4},"title":"Rock en Seine 2013, jour 1.","author":"dpc","date":"27 ao\u00fbt 2013","format":false,"excerpt":"En guise de bande-son, je vous conseille d'aller [re]voir le concert de Franz Ferdinand (durant lequel Alex Kapranos ne refit pas sa fameuse blague du \u00ab\u00a0batteuw avec le tw\u00e8s tw\u00e8s grosse beat\u00a0\u00bb de 2005, ce qui fut certes d\u00e9cevant mais prouva bien que ce groupe sait faire fi du pass\u00e9).\u2026","rel":"","context":"Dans &quot;Alive&quot;","block_context":{"text":"Alive","link":"https:\/\/www.wallendorff.com\/belogue\/category\/alive\/"},"img":{"alt_text":"","src":"https:\/\/i0.wp.com\/www.wallendorff.com\/belogue\/wp-content\/uploads\/2015\/04\/201308271.jpg?resize=350%2C200&ssl=1","width":350,"height":200,"srcset":"https:\/\/i0.wp.com\/www.wallendorff.com\/belogue\/wp-content\/uploads\/2015\/04\/201308271.jpg?resize=350%2C200&ssl=1 1x, https:\/\/i0.wp.com\/www.wallendorff.com\/belogue\/wp-content\/uploads\/2015\/04\/201308271.jpg?resize=525%2C300&ssl=1 1.5x, https:\/\/i0.wp.com\/www.wallendorff.com\/belogue\/wp-content\/uploads\/2015\/04\/201308271.jpg?resize=700%2C400&ssl=1 2x"},"classes":[]},{"id":21516,"url":"https:\/\/www.wallendorff.com\/belogue\/2013\/08\/29\/rock-en-seine-2013-jour-3\/","url_meta":{"origin":29151,"position":5},"title":"Rock en Seine 2013, jour 3.","author":"dpc","date":"29 ao\u00fbt 2013","format":false,"excerpt":"De la pluie, de la boue, une ambiance de dernier jour des vacances, 2 kilom\u00e8tres \u00e0 pied pour revenir au m\u00eame point et une batterie qui tombe \u00e0 plat pile au moment de rentrer. Mais un bon cru, au final. L'ensemble des trois jours est sous ce lien. Et place\u2026","rel":"","context":"Dans &quot;Alive&quot;","block_context":{"text":"Alive","link":"https:\/\/www.wallendorff.com\/belogue\/category\/alive\/"},"img":{"alt_text":"","src":"https:\/\/i0.wp.com\/www.wallendorff.com\/belogue\/wp-content\/uploads\/2015\/04\/201308291.jpg?resize=350%2C200&ssl=1","width":350,"height":200,"srcset":"https:\/\/i0.wp.com\/www.wallendorff.com\/belogue\/wp-content\/uploads\/2015\/04\/201308291.jpg?resize=350%2C200&ssl=1 1x, https:\/\/i0.wp.com\/www.wallendorff.com\/belogue\/wp-content\/uploads\/2015\/04\/201308291.jpg?resize=525%2C300&ssl=1 1.5x, https:\/\/i0.wp.com\/www.wallendorff.com\/belogue\/wp-content\/uploads\/2015\/04\/201308291.jpg?resize=700%2C400&ssl=1 2x"},"classes":[]}],"_links":{"self":[{"href":"https:\/\/www.wallendorff.com\/belogue\/wp-json\/wp\/v2\/posts\/29151","targetHints":{"allow":["GET"]}}],"collection":[{"href":"https:\/\/www.wallendorff.com\/belogue\/wp-json\/wp\/v2\/posts"}],"about":[{"href":"https:\/\/www.wallendorff.com\/belogue\/wp-json\/wp\/v2\/types\/post"}],"author":[{"embeddable":true,"href":"https:\/\/www.wallendorff.com\/belogue\/wp-json\/wp\/v2\/users\/1"}],"replies":[{"embeddable":true,"href":"https:\/\/www.wallendorff.com\/belogue\/wp-json\/wp\/v2\/comments?post=29151"}],"version-history":[{"count":3,"href":"https:\/\/www.wallendorff.com\/belogue\/wp-json\/wp\/v2\/posts\/29151\/revisions"}],"predecessor-version":[{"id":29213,"href":"https:\/\/www.wallendorff.com\/belogue\/wp-json\/wp\/v2\/posts\/29151\/revisions\/29213"}],"wp:featuredmedia":[{"embeddable":true,"href":"https:\/\/www.wallendorff.com\/belogue\/wp-json\/wp\/v2\/media\/29214"}],"wp:attachment":[{"href":"https:\/\/www.wallendorff.com\/belogue\/wp-json\/wp\/v2\/media?parent=29151"}],"wp:term":[{"taxonomy":"category","embeddable":true,"href":"https:\/\/www.wallendorff.com\/belogue\/wp-json\/wp\/v2\/categories?post=29151"},{"taxonomy":"post_tag","embeddable":true,"href":"https:\/\/www.wallendorff.com\/belogue\/wp-json\/wp\/v2\/tags?post=29151"}],"curies":[{"name":"wp","href":"https:\/\/api.w.org\/{rel}","templated":true}]}}