{"id":28648,"date":"2015-08-06T15:00:49","date_gmt":"2015-08-06T13:00:49","guid":{"rendered":"http:\/\/www.wallendorff.com\/belogue\/?p=28648"},"modified":"2015-08-06T15:00:49","modified_gmt":"2015-08-06T13:00:49","slug":"paleo-festival-2015-jours-6-et-7","status":"publish","type":"post","link":"https:\/\/www.wallendorff.com\/belogue\/2015\/08\/06\/paleo-festival-2015-jours-6-et-7\/","title":{"rendered":"Pal\u00e9o Festival 2015, jours 6 et 7."},"content":{"rendered":"\n<div id=\"photo\">\n<p><img decoding=\"async\" src=\"https:\/\/www.wallendorff.com\/belogue\/photo\/galeries\/2015\/07\/20150725-paleo\/20150806-52.jpg\"><\/p>\n<\/p><\/div>\n<p>Un jour de soleil, un jour de pluie. Samedi, le silence qu&rsquo;impose la pr&eacute;sence de Joan Baez me scotche. Robert Plant est trop loin, Fauxve me fatiguent mais le chuintement de Kate Tempest me fait un truc. J&rsquo;ai toujours aim&eacute; les accents anglais qui chuintent. Dimanche commence t&ocirc;t et finira en longue marche dans la boue, les pattes qui p&egrave;sent 5&nbsp;kg chacune, les bo&icirc;tiers tremp&eacute;s et le feu d&rsquo;artifice qui se glisse dans une accalmie. &Ccedil;a sent la fin de festival, la fatigue mais aussi la semaine bien men&eacute;e et, surtout, &ccedil;a sent la fondue. Et &agrave; l&rsquo;ann&eacute;e prochaine, esp&eacute;rons-le.<\/p>\n<p style=\"text-align:right\">L&rsquo;int&eacute;grale des photos est sous <a href=\"https:\/\/www.wallendorff.com\/belogue\/tag\/paleo-festival-2015\">ce lien<\/a>.<\/p>\n<div id='gallery-1' class='gallery galleryid-28648 gallery-columns-3 gallery-size-thumbnail'><figure class='gallery-item'>\n\t\t\t<div class='gallery-icon landscape'>\n\t\t\t\t<a href='https:\/\/www.wallendorff.com\/belogue\/2015\/08\/06\/paleo-festival-2015-jours-6-et-7\/paleo-festival-nyon-25072015\/'><img decoding=\"async\" width=\"96\" height=\"96\" src=\"https:\/\/www.wallendorff.com\/belogue\/wp-content\/uploads\/2015\/08\/20150806-01-188x188.jpg\" class=\"attachment-thumbnail size-thumbnail\" alt=\"\" aria-describedby=\"gallery-1-28650\" srcset=\"https:\/\/www.wallendorff.com\/belogue\/wp-content\/uploads\/2015\/08\/20150806-01-188x188.jpg 188w, https:\/\/www.wallendorff.com\/belogue\/wp-content\/uploads\/2015\/08\/20150806-01-220x220.jpg 220w\" sizes=\"(max-width: 96px) 100vw, 96px\" \/><\/a>\n\t\t\t<\/div>\n\t\t\t\t<figcaption class='wp-caption-text gallery-caption' id='gallery-1-28650'>\n\t\t\t\tPal\u00e9o Festival, Nyon, 25\/07\/2015\n\t\t\t\t<\/figcaption><\/figure><figure class='gallery-item'>\n\t\t\t<div class='gallery-icon landscape'>\n\t\t\t\t<a href='https:\/\/www.wallendorff.com\/belogue\/2015\/08\/06\/paleo-festival-2015-jours-6-et-7\/paleo-festival-nyon-25072015-2\/'><img decoding=\"async\" width=\"96\" height=\"96\" src=\"https:\/\/www.wallendorff.com\/belogue\/wp-content\/uploads\/2015\/08\/20150806-02-188x188.jpg\" class=\"attachment-thumbnail size-thumbnail\" alt=\"\" aria-describedby=\"gallery-1-28651\" srcset=\"https:\/\/www.wallendorff.com\/belogue\/wp-content\/uploads\/2015\/08\/20150806-02-188x188.jpg 188w, https:\/\/www.wallendorff.com\/belogue\/wp-content\/uploads\/2015\/08\/20150806-02-220x220.jpg 220w\" sizes=\"(max-width: 96px) 100vw, 96px\" \/><\/a>\n\t\t\t<\/div>\n\t\t\t\t<figcaption class='wp-caption-text gallery-caption' id='gallery-1-28651'>\n\t\t\t\tPal\u00e9o Festival, Nyon, 25\/07\/2015\n\t\t\t\t<\/figcaption><\/figure><figure class='gallery-item'>\n\t\t\t<div class='gallery-icon portrait'>\n\t\t\t\t<a href='https:\/\/www.wallendorff.com\/belogue\/2015\/08\/06\/paleo-festival-2015-jours-6-et-7\/paleo-festival-nyon-25072015-3\/'><img decoding=\"async\" width=\"96\" height=\"96\" src=\"https:\/\/www.wallendorff.com\/belogue\/wp-content\/uploads\/2015\/08\/20150806-03-188x188.jpg\" class=\"attachment-thumbnail size-thumbnail\" alt=\"\" aria-describedby=\"gallery-1-28652\" srcset=\"https:\/\/www.wallendorff.com\/belogue\/wp-content\/uploads\/2015\/08\/20150806-03-188x188.jpg 188w, https:\/\/www.wallendorff.com\/belogue\/wp-content\/uploads\/2015\/08\/20150806-03-220x220.jpg 220w\" sizes=\"(max-width: 96px) 100vw, 96px\" \/><\/a>\n\t\t\t<\/div>\n\t\t\t\t<figcaption class='wp-caption-text gallery-caption' id='gallery-1-28652'>\n\t\t\t\tPal\u00e9o Festival, Nyon, 25\/07\/2015\n\t\t\t\t<\/figcaption><\/figure><figure class='gallery-item'>\n\t\t\t<div class='gallery-icon landscape'>\n\t\t\t\t<a href='https:\/\/www.wallendorff.com\/belogue\/2015\/08\/06\/paleo-festival-2015-jours-6-et-7\/paleo-festival-nyon-25072015-4\/'><img loading=\"lazy\" decoding=\"async\" width=\"96\" height=\"96\" src=\"https:\/\/www.wallendorff.com\/belogue\/wp-content\/uploads\/2015\/08\/20150806-04-188x188.jpg\" class=\"attachment-thumbnail size-thumbnail\" alt=\"\" aria-describedby=\"gallery-1-28653\" srcset=\"https:\/\/www.wallendorff.com\/belogue\/wp-content\/uploads\/2015\/08\/20150806-04-188x188.jpg 188w, https:\/\/www.wallendorff.com\/belogue\/wp-content\/uploads\/2015\/08\/20150806-04-220x220.jpg 220w\" sizes=\"(max-width: 96px) 100vw, 96px\" \/><\/a>\n\t\t\t<\/div>\n\t\t\t\t<figcaption class='wp-caption-text gallery-caption' id='gallery-1-28653'>\n\t\t\t\tPal\u00e9o Festival, Nyon, 25\/07\/2015\n\t\t\t\t<\/figcaption><\/figure><figure class='gallery-item'>\n\t\t\t<div class='gallery-icon landscape'>\n\t\t\t\t<a href='https:\/\/www.wallendorff.com\/belogue\/2015\/08\/06\/paleo-festival-2015-jours-6-et-7\/paleo-festival-nyon-25072015-5\/'><img loading=\"lazy\" decoding=\"async\" width=\"96\" height=\"96\" src=\"https:\/\/www.wallendorff.com\/belogue\/wp-content\/uploads\/2015\/08\/20150806-05-188x188.jpg\" class=\"attachment-thumbnail size-thumbnail\" alt=\"\" aria-describedby=\"gallery-1-28654\" srcset=\"https:\/\/www.wallendorff.com\/belogue\/wp-content\/uploads\/2015\/08\/20150806-05-188x188.jpg 188w, https:\/\/www.wallendorff.com\/belogue\/wp-content\/uploads\/2015\/08\/20150806-05-220x220.jpg 220w\" sizes=\"(max-width: 96px) 100vw, 96px\" \/><\/a>\n\t\t\t<\/div>\n\t\t\t\t<figcaption class='wp-caption-text gallery-caption' id='gallery-1-28654'>\n\t\t\t\tPal\u00e9o Festival, Nyon, 25\/07\/2015\n\t\t\t\t<\/figcaption><\/figure><figure class='gallery-item'>\n\t\t\t<div class='gallery-icon landscape'>\n\t\t\t\t<a href='https:\/\/www.wallendorff.com\/belogue\/2015\/08\/06\/paleo-festival-2015-jours-6-et-7\/joan-baez-paleo-festival-nyon-25072015\/'><img loading=\"lazy\" decoding=\"async\" width=\"96\" height=\"96\" src=\"https:\/\/www.wallendorff.com\/belogue\/wp-content\/uploads\/2015\/08\/20150806-06-188x188.jpg\" class=\"attachment-thumbnail size-thumbnail\" alt=\"\" aria-describedby=\"gallery-1-28655\" srcset=\"https:\/\/www.wallendorff.com\/belogue\/wp-content\/uploads\/2015\/08\/20150806-06-188x188.jpg 188w, https:\/\/www.wallendorff.com\/belogue\/wp-content\/uploads\/2015\/08\/20150806-06-220x220.jpg 220w\" sizes=\"(max-width: 96px) 100vw, 96px\" \/><\/a>\n\t\t\t<\/div>\n\t\t\t\t<figcaption class='wp-caption-text gallery-caption' id='gallery-1-28655'>\n\t\t\t\tJoan Baez @ Pal\u00e9o Festival, Nyon, 25\/07\/2015\n\t\t\t\t<\/figcaption><\/figure><figure class='gallery-item'>\n\t\t\t<div class='gallery-icon landscape'>\n\t\t\t\t<a href='https:\/\/www.wallendorff.com\/belogue\/2015\/08\/06\/paleo-festival-2015-jours-6-et-7\/joan-baez-paleo-festival-nyon-25072015-2\/'><img loading=\"lazy\" decoding=\"async\" width=\"96\" height=\"96\" src=\"https:\/\/www.wallendorff.com\/belogue\/wp-content\/uploads\/2015\/08\/20150806-07-188x188.jpg\" class=\"attachment-thumbnail size-thumbnail\" alt=\"\" aria-describedby=\"gallery-1-28656\" srcset=\"https:\/\/www.wallendorff.com\/belogue\/wp-content\/uploads\/2015\/08\/20150806-07-188x188.jpg 188w, https:\/\/www.wallendorff.com\/belogue\/wp-content\/uploads\/2015\/08\/20150806-07-220x220.jpg 220w\" sizes=\"(max-width: 96px) 100vw, 96px\" \/><\/a>\n\t\t\t<\/div>\n\t\t\t\t<figcaption class='wp-caption-text gallery-caption' id='gallery-1-28656'>\n\t\t\t\tJoan Baez @ Pal\u00e9o Festival, Nyon, 25\/07\/2015\n\t\t\t\t<\/figcaption><\/figure><figure class='gallery-item'>\n\t\t\t<div class='gallery-icon landscape'>\n\t\t\t\t<a href='https:\/\/www.wallendorff.com\/belogue\/2015\/08\/06\/paleo-festival-2015-jours-6-et-7\/joan-baez-paleo-festival-nyon-25072015-3\/'><img loading=\"lazy\" decoding=\"async\" width=\"96\" height=\"96\" src=\"https:\/\/www.wallendorff.com\/belogue\/wp-content\/uploads\/2015\/08\/20150806-08-188x188.jpg\" class=\"attachment-thumbnail size-thumbnail\" alt=\"\" aria-describedby=\"gallery-1-28657\" srcset=\"https:\/\/www.wallendorff.com\/belogue\/wp-content\/uploads\/2015\/08\/20150806-08-188x188.jpg 188w, https:\/\/www.wallendorff.com\/belogue\/wp-content\/uploads\/2015\/08\/20150806-08-220x220.jpg 220w\" sizes=\"(max-width: 96px) 100vw, 96px\" \/><\/a>\n\t\t\t<\/div>\n\t\t\t\t<figcaption class='wp-caption-text gallery-caption' id='gallery-1-28657'>\n\t\t\t\tJoan Baez @ Pal\u00e9o Festival, Nyon, 25\/07\/2015\n\t\t\t\t<\/figcaption><\/figure><figure class='gallery-item'>\n\t\t\t<div class='gallery-icon landscape'>\n\t\t\t\t<a href='https:\/\/www.wallendorff.com\/belogue\/2015\/08\/06\/paleo-festival-2015-jours-6-et-7\/joan-baez-paleo-festival-nyon-25072015-4\/'><img loading=\"lazy\" decoding=\"async\" width=\"96\" height=\"96\" src=\"https:\/\/www.wallendorff.com\/belogue\/wp-content\/uploads\/2015\/08\/20150806-09-188x188.jpg\" class=\"attachment-thumbnail size-thumbnail\" alt=\"\" aria-describedby=\"gallery-1-28658\" srcset=\"https:\/\/www.wallendorff.com\/belogue\/wp-content\/uploads\/2015\/08\/20150806-09-188x188.jpg 188w, https:\/\/www.wallendorff.com\/belogue\/wp-content\/uploads\/2015\/08\/20150806-09-220x220.jpg 220w\" sizes=\"(max-width: 96px) 100vw, 96px\" \/><\/a>\n\t\t\t<\/div>\n\t\t\t\t<figcaption class='wp-caption-text gallery-caption' id='gallery-1-28658'>\n\t\t\t\tJoan Baez @ Pal\u00e9o Festival, Nyon, 25\/07\/2015\n\t\t\t\t<\/figcaption><\/figure><figure class='gallery-item'>\n\t\t\t<div class='gallery-icon landscape'>\n\t\t\t\t<a href='https:\/\/www.wallendorff.com\/belogue\/2015\/08\/06\/paleo-festival-2015-jours-6-et-7\/paleo-festival-nyon-25072015-6\/'><img loading=\"lazy\" decoding=\"async\" width=\"96\" height=\"96\" src=\"https:\/\/www.wallendorff.com\/belogue\/wp-content\/uploads\/2015\/08\/20150806-10-188x188.jpg\" class=\"attachment-thumbnail size-thumbnail\" alt=\"\" aria-describedby=\"gallery-1-28659\" srcset=\"https:\/\/www.wallendorff.com\/belogue\/wp-content\/uploads\/2015\/08\/20150806-10-188x188.jpg 188w, https:\/\/www.wallendorff.com\/belogue\/wp-content\/uploads\/2015\/08\/20150806-10-220x220.jpg 220w\" sizes=\"(max-width: 96px) 100vw, 96px\" \/><\/a>\n\t\t\t<\/div>\n\t\t\t\t<figcaption class='wp-caption-text gallery-caption' id='gallery-1-28659'>\n\t\t\t\tPal\u00e9o Festival, Nyon, 25\/07\/2015\n\t\t\t\t<\/figcaption><\/figure><figure class='gallery-item'>\n\t\t\t<div class='gallery-icon landscape'>\n\t\t\t\t<a href='https:\/\/www.wallendorff.com\/belogue\/2015\/08\/06\/paleo-festival-2015-jours-6-et-7\/paleo-festival-nyon-25072015-7\/'><img loading=\"lazy\" decoding=\"async\" width=\"96\" height=\"96\" src=\"https:\/\/www.wallendorff.com\/belogue\/wp-content\/uploads\/2015\/08\/20150806-11-188x188.jpg\" class=\"attachment-thumbnail size-thumbnail\" alt=\"\" aria-describedby=\"gallery-1-28660\" srcset=\"https:\/\/www.wallendorff.com\/belogue\/wp-content\/uploads\/2015\/08\/20150806-11-188x188.jpg 188w, https:\/\/www.wallendorff.com\/belogue\/wp-content\/uploads\/2015\/08\/20150806-11-220x220.jpg 220w\" sizes=\"(max-width: 96px) 100vw, 96px\" \/><\/a>\n\t\t\t<\/div>\n\t\t\t\t<figcaption class='wp-caption-text gallery-caption' id='gallery-1-28660'>\n\t\t\t\tPal\u00e9o Festival, Nyon, 25\/07\/2015\n\t\t\t\t<\/figcaption><\/figure><figure class='gallery-item'>\n\t\t\t<div class='gallery-icon portrait'>\n\t\t\t\t<a href='https:\/\/www.wallendorff.com\/belogue\/2015\/08\/06\/paleo-festival-2015-jours-6-et-7\/paleo-festival-nyon-25072015-8\/'><img loading=\"lazy\" decoding=\"async\" width=\"96\" height=\"96\" src=\"https:\/\/www.wallendorff.com\/belogue\/wp-content\/uploads\/2015\/08\/20150806-12-188x188.jpg\" class=\"attachment-thumbnail size-thumbnail\" alt=\"\" aria-describedby=\"gallery-1-28661\" srcset=\"https:\/\/www.wallendorff.com\/belogue\/wp-content\/uploads\/2015\/08\/20150806-12-188x188.jpg 188w, https:\/\/www.wallendorff.com\/belogue\/wp-content\/uploads\/2015\/08\/20150806-12-220x220.jpg 220w\" sizes=\"(max-width: 96px) 100vw, 96px\" \/><\/a>\n\t\t\t<\/div>\n\t\t\t\t<figcaption class='wp-caption-text gallery-caption' id='gallery-1-28661'>\n\t\t\t\tPal\u00e9o Festival, Nyon, 25\/07\/2015\n\t\t\t\t<\/figcaption><\/figure><figure class='gallery-item'>\n\t\t\t<div class='gallery-icon landscape'>\n\t\t\t\t<a href='https:\/\/www.wallendorff.com\/belogue\/2015\/08\/06\/paleo-festival-2015-jours-6-et-7\/paleo-festival-nyon-25072015-9\/'><img loading=\"lazy\" decoding=\"async\" width=\"96\" height=\"96\" src=\"https:\/\/www.wallendorff.com\/belogue\/wp-content\/uploads\/2015\/08\/20150806-13-188x188.jpg\" class=\"attachment-thumbnail size-thumbnail\" alt=\"\" aria-describedby=\"gallery-1-28662\" srcset=\"https:\/\/www.wallendorff.com\/belogue\/wp-content\/uploads\/2015\/08\/20150806-13-188x188.jpg 188w, https:\/\/www.wallendorff.com\/belogue\/wp-content\/uploads\/2015\/08\/20150806-13-220x220.jpg 220w\" sizes=\"(max-width: 96px) 100vw, 96px\" \/><\/a>\n\t\t\t<\/div>\n\t\t\t\t<figcaption class='wp-caption-text gallery-caption' id='gallery-1-28662'>\n\t\t\t\tPal\u00e9o Festival, Nyon, 25\/07\/2015\n\t\t\t\t<\/figcaption><\/figure><figure class='gallery-item'>\n\t\t\t<div class='gallery-icon landscape'>\n\t\t\t\t<a href='https:\/\/www.wallendorff.com\/belogue\/2015\/08\/06\/paleo-festival-2015-jours-6-et-7\/paleo-festival-nyon-25072015-10\/'><img loading=\"lazy\" decoding=\"async\" width=\"96\" height=\"96\" src=\"https:\/\/www.wallendorff.com\/belogue\/wp-content\/uploads\/2015\/08\/20150806-14-188x188.jpg\" class=\"attachment-thumbnail size-thumbnail\" alt=\"\" aria-describedby=\"gallery-1-28663\" srcset=\"https:\/\/www.wallendorff.com\/belogue\/wp-content\/uploads\/2015\/08\/20150806-14-188x188.jpg 188w, https:\/\/www.wallendorff.com\/belogue\/wp-content\/uploads\/2015\/08\/20150806-14-220x220.jpg 220w\" sizes=\"(max-width: 96px) 100vw, 96px\" \/><\/a>\n\t\t\t<\/div>\n\t\t\t\t<figcaption class='wp-caption-text gallery-caption' id='gallery-1-28663'>\n\t\t\t\tPal\u00e9o Festival, Nyon, 25\/07\/2015\n\t\t\t\t<\/figcaption><\/figure><figure class='gallery-item'>\n\t\t\t<div class='gallery-icon landscape'>\n\t\t\t\t<a href='https:\/\/www.wallendorff.com\/belogue\/2015\/08\/06\/paleo-festival-2015-jours-6-et-7\/robert-plant-and-the-sensational-space-shifters-paleo-festival-nyon-25072015\/'><img loading=\"lazy\" decoding=\"async\" width=\"96\" height=\"96\" src=\"https:\/\/www.wallendorff.com\/belogue\/wp-content\/uploads\/2015\/08\/20150806-15-188x188.jpg\" class=\"attachment-thumbnail size-thumbnail\" alt=\"\" aria-describedby=\"gallery-1-28664\" srcset=\"https:\/\/www.wallendorff.com\/belogue\/wp-content\/uploads\/2015\/08\/20150806-15-188x188.jpg 188w, https:\/\/www.wallendorff.com\/belogue\/wp-content\/uploads\/2015\/08\/20150806-15-220x220.jpg 220w\" sizes=\"(max-width: 96px) 100vw, 96px\" \/><\/a>\n\t\t\t<\/div>\n\t\t\t\t<figcaption class='wp-caption-text gallery-caption' id='gallery-1-28664'>\n\t\t\t\tRobert Plant and the Sensational Space Shifters @ Pal\u00e9o Festival, Nyon, 25\/07\/2015\n\t\t\t\t<\/figcaption><\/figure><figure class='gallery-item'>\n\t\t\t<div class='gallery-icon landscape'>\n\t\t\t\t<a href='https:\/\/www.wallendorff.com\/belogue\/2015\/08\/06\/paleo-festival-2015-jours-6-et-7\/fauve-%e2%89%a0-paleo-festival-nyon-25072015\/'><img loading=\"lazy\" decoding=\"async\" width=\"96\" height=\"96\" src=\"https:\/\/www.wallendorff.com\/belogue\/wp-content\/uploads\/2015\/08\/20150806-16-188x188.jpg\" class=\"attachment-thumbnail size-thumbnail\" alt=\"\" aria-describedby=\"gallery-1-28665\" srcset=\"https:\/\/www.wallendorff.com\/belogue\/wp-content\/uploads\/2015\/08\/20150806-16-188x188.jpg 188w, https:\/\/www.wallendorff.com\/belogue\/wp-content\/uploads\/2015\/08\/20150806-16-220x220.jpg 220w\" sizes=\"(max-width: 96px) 100vw, 96px\" \/><\/a>\n\t\t\t<\/div>\n\t\t\t\t<figcaption class='wp-caption-text gallery-caption' id='gallery-1-28665'>\n\t\t\t\tFauve \u2260 @ Pal\u00e9o Festival, Nyon, 25\/07\/2015\n\t\t\t\t<\/figcaption><\/figure><figure class='gallery-item'>\n\t\t\t<div class='gallery-icon portrait'>\n\t\t\t\t<a href='https:\/\/www.wallendorff.com\/belogue\/2015\/08\/06\/paleo-festival-2015-jours-6-et-7\/coely-paleo-festival-nyon-25072015v\/'><img loading=\"lazy\" decoding=\"async\" width=\"96\" height=\"96\" src=\"https:\/\/www.wallendorff.com\/belogue\/wp-content\/uploads\/2015\/08\/20150806-17-188x188.jpg\" class=\"attachment-thumbnail size-thumbnail\" alt=\"\" aria-describedby=\"gallery-1-28666\" srcset=\"https:\/\/www.wallendorff.com\/belogue\/wp-content\/uploads\/2015\/08\/20150806-17-188x188.jpg 188w, https:\/\/www.wallendorff.com\/belogue\/wp-content\/uploads\/2015\/08\/20150806-17-220x220.jpg 220w\" sizes=\"(max-width: 96px) 100vw, 96px\" \/><\/a>\n\t\t\t<\/div>\n\t\t\t\t<figcaption class='wp-caption-text gallery-caption' id='gallery-1-28666'>\n\t\t\t\tCoely @ Pal\u00e9o Festival, Nyon, 25\/07\/2015v\n\t\t\t\t<\/figcaption><\/figure><figure class='gallery-item'>\n\t\t\t<div class='gallery-icon landscape'>\n\t\t\t\t<a href='https:\/\/www.wallendorff.com\/belogue\/2015\/08\/06\/paleo-festival-2015-jours-6-et-7\/paleo-festival-nyon-25072015-11\/'><img loading=\"lazy\" decoding=\"async\" width=\"96\" height=\"96\" src=\"https:\/\/www.wallendorff.com\/belogue\/wp-content\/uploads\/2015\/08\/20150806-18-188x188.jpg\" class=\"attachment-thumbnail size-thumbnail\" alt=\"\" aria-describedby=\"gallery-1-28667\" srcset=\"https:\/\/www.wallendorff.com\/belogue\/wp-content\/uploads\/2015\/08\/20150806-18-188x188.jpg 188w, https:\/\/www.wallendorff.com\/belogue\/wp-content\/uploads\/2015\/08\/20150806-18-220x220.jpg 220w\" sizes=\"(max-width: 96px) 100vw, 96px\" \/><\/a>\n\t\t\t<\/div>\n\t\t\t\t<figcaption class='wp-caption-text gallery-caption' id='gallery-1-28667'>\n\t\t\t\tPal\u00e9o Festival, Nyon, 25\/07\/2015\n\t\t\t\t<\/figcaption><\/figure><figure class='gallery-item'>\n\t\t\t<div class='gallery-icon landscape'>\n\t\t\t\t<a href='https:\/\/www.wallendorff.com\/belogue\/2015\/08\/06\/paleo-festival-2015-jours-6-et-7\/coely-paleo-festival-nyon-25072015v-2\/'><img loading=\"lazy\" decoding=\"async\" width=\"96\" height=\"96\" src=\"https:\/\/www.wallendorff.com\/belogue\/wp-content\/uploads\/2015\/08\/20150806-19-188x188.jpg\" class=\"attachment-thumbnail size-thumbnail\" alt=\"\" aria-describedby=\"gallery-1-28668\" srcset=\"https:\/\/www.wallendorff.com\/belogue\/wp-content\/uploads\/2015\/08\/20150806-19-188x188.jpg 188w, https:\/\/www.wallendorff.com\/belogue\/wp-content\/uploads\/2015\/08\/20150806-19-220x220.jpg 220w\" sizes=\"(max-width: 96px) 100vw, 96px\" \/><\/a>\n\t\t\t<\/div>\n\t\t\t\t<figcaption class='wp-caption-text gallery-caption' id='gallery-1-28668'>\n\t\t\t\tCoely @ Pal\u00e9o Festival, Nyon, 25\/07\/2015v\n\t\t\t\t<\/figcaption><\/figure><figure class='gallery-item'>\n\t\t\t<div class='gallery-icon landscape'>\n\t\t\t\t<a href='https:\/\/www.wallendorff.com\/belogue\/2015\/08\/06\/paleo-festival-2015-jours-6-et-7\/paleo-festival-nyon-25072015-12\/'><img loading=\"lazy\" decoding=\"async\" width=\"96\" height=\"96\" src=\"https:\/\/www.wallendorff.com\/belogue\/wp-content\/uploads\/2015\/08\/20150806-20-188x188.jpg\" class=\"attachment-thumbnail size-thumbnail\" alt=\"\" aria-describedby=\"gallery-1-28669\" srcset=\"https:\/\/www.wallendorff.com\/belogue\/wp-content\/uploads\/2015\/08\/20150806-20-188x188.jpg 188w, https:\/\/www.wallendorff.com\/belogue\/wp-content\/uploads\/2015\/08\/20150806-20-220x220.jpg 220w\" sizes=\"(max-width: 96px) 100vw, 96px\" \/><\/a>\n\t\t\t<\/div>\n\t\t\t\t<figcaption class='wp-caption-text gallery-caption' id='gallery-1-28669'>\n\t\t\t\tPal\u00e9o Festival, Nyon, 25\/07\/2015\n\t\t\t\t<\/figcaption><\/figure><figure class='gallery-item'>\n\t\t\t<div class='gallery-icon landscape'>\n\t\t\t\t<a href='https:\/\/www.wallendorff.com\/belogue\/2015\/08\/06\/paleo-festival-2015-jours-6-et-7\/paleo-festival-nyon-25072015-13\/'><img loading=\"lazy\" decoding=\"async\" width=\"96\" height=\"96\" src=\"https:\/\/www.wallendorff.com\/belogue\/wp-content\/uploads\/2015\/08\/20150806-21-188x188.jpg\" class=\"attachment-thumbnail size-thumbnail\" alt=\"\" aria-describedby=\"gallery-1-28670\" srcset=\"https:\/\/www.wallendorff.com\/belogue\/wp-content\/uploads\/2015\/08\/20150806-21-188x188.jpg 188w, https:\/\/www.wallendorff.com\/belogue\/wp-content\/uploads\/2015\/08\/20150806-21-220x220.jpg 220w\" sizes=\"(max-width: 96px) 100vw, 96px\" \/><\/a>\n\t\t\t<\/div>\n\t\t\t\t<figcaption class='wp-caption-text gallery-caption' id='gallery-1-28670'>\n\t\t\t\tPal\u00e9o Festival, Nyon, 25\/07\/2015\n\t\t\t\t<\/figcaption><\/figure><figure class='gallery-item'>\n\t\t\t<div class='gallery-icon portrait'>\n\t\t\t\t<a href='https:\/\/www.wallendorff.com\/belogue\/2015\/08\/06\/paleo-festival-2015-jours-6-et-7\/charlie-winston-paleo-festival-nyon-25072015v\/'><img loading=\"lazy\" decoding=\"async\" width=\"96\" height=\"96\" src=\"https:\/\/www.wallendorff.com\/belogue\/wp-content\/uploads\/2015\/08\/20150806-22-188x188.jpg\" class=\"attachment-thumbnail size-thumbnail\" alt=\"\" aria-describedby=\"gallery-1-28671\" srcset=\"https:\/\/www.wallendorff.com\/belogue\/wp-content\/uploads\/2015\/08\/20150806-22-188x188.jpg 188w, https:\/\/www.wallendorff.com\/belogue\/wp-content\/uploads\/2015\/08\/20150806-22-220x220.jpg 220w\" sizes=\"(max-width: 96px) 100vw, 96px\" \/><\/a>\n\t\t\t<\/div>\n\t\t\t\t<figcaption class='wp-caption-text gallery-caption' id='gallery-1-28671'>\n\t\t\t\tCharlie Winston @ Pal\u00e9o Festival, Nyon, 25\/07\/2015\n\t\t\t\t<\/figcaption><\/figure><figure class='gallery-item'>\n\t\t\t<div class='gallery-icon landscape'>\n\t\t\t\t<a href='https:\/\/www.wallendorff.com\/belogue\/2015\/08\/06\/paleo-festival-2015-jours-6-et-7\/paleo-festival-nyon-25072015-14\/'><img loading=\"lazy\" decoding=\"async\" width=\"96\" height=\"96\" src=\"https:\/\/www.wallendorff.com\/belogue\/wp-content\/uploads\/2015\/08\/20150806-23-188x188.jpg\" class=\"attachment-thumbnail size-thumbnail\" alt=\"\" aria-describedby=\"gallery-1-28672\" srcset=\"https:\/\/www.wallendorff.com\/belogue\/wp-content\/uploads\/2015\/08\/20150806-23-188x188.jpg 188w, https:\/\/www.wallendorff.com\/belogue\/wp-content\/uploads\/2015\/08\/20150806-23-220x220.jpg 220w\" sizes=\"(max-width: 96px) 100vw, 96px\" \/><\/a>\n\t\t\t<\/div>\n\t\t\t\t<figcaption class='wp-caption-text gallery-caption' id='gallery-1-28672'>\n\t\t\t\tPal\u00e9o Festival, Nyon, 25\/07\/2015\n\t\t\t\t<\/figcaption><\/figure><figure class='gallery-item'>\n\t\t\t<div class='gallery-icon landscape'>\n\t\t\t\t<a href='https:\/\/www.wallendorff.com\/belogue\/2015\/08\/06\/paleo-festival-2015-jours-6-et-7\/charlie-winston-paleo-festival-nyon-25072015v-2\/'><img loading=\"lazy\" decoding=\"async\" width=\"96\" height=\"96\" src=\"https:\/\/www.wallendorff.com\/belogue\/wp-content\/uploads\/2015\/08\/20150806-24-188x188.jpg\" class=\"attachment-thumbnail size-thumbnail\" alt=\"\" aria-describedby=\"gallery-1-28673\" srcset=\"https:\/\/www.wallendorff.com\/belogue\/wp-content\/uploads\/2015\/08\/20150806-24-188x188.jpg 188w, https:\/\/www.wallendorff.com\/belogue\/wp-content\/uploads\/2015\/08\/20150806-24-220x220.jpg 220w\" sizes=\"(max-width: 96px) 100vw, 96px\" \/><\/a>\n\t\t\t<\/div>\n\t\t\t\t<figcaption class='wp-caption-text gallery-caption' id='gallery-1-28673'>\n\t\t\t\tCharlie Winston @ Pal\u00e9o Festival, Nyon, 25\/07\/2015\n\t\t\t\t<\/figcaption><\/figure><figure class='gallery-item'>\n\t\t\t<div class='gallery-icon landscape'>\n\t\t\t\t<a href='https:\/\/www.wallendorff.com\/belogue\/2015\/08\/06\/paleo-festival-2015-jours-6-et-7\/charlie-winston-paleo-festival-nyon-25072015v-3\/'><img loading=\"lazy\" decoding=\"async\" width=\"96\" height=\"96\" src=\"https:\/\/www.wallendorff.com\/belogue\/wp-content\/uploads\/2015\/08\/20150806-25-188x188.jpg\" class=\"attachment-thumbnail size-thumbnail\" alt=\"\" aria-describedby=\"gallery-1-28674\" srcset=\"https:\/\/www.wallendorff.com\/belogue\/wp-content\/uploads\/2015\/08\/20150806-25-188x188.jpg 188w, https:\/\/www.wallendorff.com\/belogue\/wp-content\/uploads\/2015\/08\/20150806-25-220x220.jpg 220w\" sizes=\"(max-width: 96px) 100vw, 96px\" \/><\/a>\n\t\t\t<\/div>\n\t\t\t\t<figcaption class='wp-caption-text gallery-caption' id='gallery-1-28674'>\n\t\t\t\tCharlie Winston @ Pal\u00e9o Festival, Nyon, 25\/07\/2015\n\t\t\t\t<\/figcaption><\/figure><figure class='gallery-item'>\n\t\t\t<div class='gallery-icon landscape'>\n\t\t\t\t<a href='https:\/\/www.wallendorff.com\/belogue\/2015\/08\/06\/paleo-festival-2015-jours-6-et-7\/paleo-festival-nyon-25072015-15\/'><img loading=\"lazy\" decoding=\"async\" width=\"96\" height=\"96\" src=\"https:\/\/www.wallendorff.com\/belogue\/wp-content\/uploads\/2015\/08\/20150806-26-188x188.jpg\" class=\"attachment-thumbnail size-thumbnail\" alt=\"\" aria-describedby=\"gallery-1-28675\" srcset=\"https:\/\/www.wallendorff.com\/belogue\/wp-content\/uploads\/2015\/08\/20150806-26-188x188.jpg 188w, https:\/\/www.wallendorff.com\/belogue\/wp-content\/uploads\/2015\/08\/20150806-26-220x220.jpg 220w\" sizes=\"(max-width: 96px) 100vw, 96px\" \/><\/a>\n\t\t\t<\/div>\n\t\t\t\t<figcaption class='wp-caption-text gallery-caption' id='gallery-1-28675'>\n\t\t\t\tPal\u00e9o Festival, Nyon, 25\/07\/2015\n\t\t\t\t<\/figcaption><\/figure><figure class='gallery-item'>\n\t\t\t<div class='gallery-icon portrait'>\n\t\t\t\t<a href='https:\/\/www.wallendorff.com\/belogue\/2015\/08\/06\/paleo-festival-2015-jours-6-et-7\/charlie-winston-paleo-festival-nyon-25072015v-4\/'><img loading=\"lazy\" decoding=\"async\" width=\"96\" height=\"96\" src=\"https:\/\/www.wallendorff.com\/belogue\/wp-content\/uploads\/2015\/08\/20150806-27-188x188.jpg\" class=\"attachment-thumbnail size-thumbnail\" alt=\"\" aria-describedby=\"gallery-1-28676\" srcset=\"https:\/\/www.wallendorff.com\/belogue\/wp-content\/uploads\/2015\/08\/20150806-27-188x188.jpg 188w, https:\/\/www.wallendorff.com\/belogue\/wp-content\/uploads\/2015\/08\/20150806-27-220x220.jpg 220w\" sizes=\"(max-width: 96px) 100vw, 96px\" \/><\/a>\n\t\t\t<\/div>\n\t\t\t\t<figcaption class='wp-caption-text gallery-caption' id='gallery-1-28676'>\n\t\t\t\tCharlie Winston @ Pal\u00e9o Festival, Nyon, 25\/07\/2015\n\t\t\t\t<\/figcaption><\/figure><figure class='gallery-item'>\n\t\t\t<div class='gallery-icon landscape'>\n\t\t\t\t<a href='https:\/\/www.wallendorff.com\/belogue\/2015\/08\/06\/paleo-festival-2015-jours-6-et-7\/charlie-winston-paleo-festival-nyon-25072015v-5\/'><img loading=\"lazy\" decoding=\"async\" width=\"96\" height=\"96\" src=\"https:\/\/www.wallendorff.com\/belogue\/wp-content\/uploads\/2015\/08\/20150806-28-188x188.jpg\" class=\"attachment-thumbnail size-thumbnail\" alt=\"\" aria-describedby=\"gallery-1-28677\" srcset=\"https:\/\/www.wallendorff.com\/belogue\/wp-content\/uploads\/2015\/08\/20150806-28-188x188.jpg 188w, https:\/\/www.wallendorff.com\/belogue\/wp-content\/uploads\/2015\/08\/20150806-28-220x220.jpg 220w\" sizes=\"(max-width: 96px) 100vw, 96px\" \/><\/a>\n\t\t\t<\/div>\n\t\t\t\t<figcaption class='wp-caption-text gallery-caption' id='gallery-1-28677'>\n\t\t\t\tCharlie Winston @ Pal\u00e9o Festival, Nyon, 25\/07\/2015\n\t\t\t\t<\/figcaption><\/figure><figure class='gallery-item'>\n\t\t\t<div class='gallery-icon landscape'>\n\t\t\t\t<a href='https:\/\/www.wallendorff.com\/belogue\/2015\/08\/06\/paleo-festival-2015-jours-6-et-7\/kate-tempest-paleo-festival-nyon-25072015\/'><img loading=\"lazy\" decoding=\"async\" width=\"96\" height=\"96\" src=\"https:\/\/www.wallendorff.com\/belogue\/wp-content\/uploads\/2015\/08\/20150806-29-188x188.jpg\" class=\"attachment-thumbnail size-thumbnail\" alt=\"\" aria-describedby=\"gallery-1-28678\" srcset=\"https:\/\/www.wallendorff.com\/belogue\/wp-content\/uploads\/2015\/08\/20150806-29-188x188.jpg 188w, https:\/\/www.wallendorff.com\/belogue\/wp-content\/uploads\/2015\/08\/20150806-29-220x220.jpg 220w\" sizes=\"(max-width: 96px) 100vw, 96px\" \/><\/a>\n\t\t\t<\/div>\n\t\t\t\t<figcaption class='wp-caption-text gallery-caption' id='gallery-1-28678'>\n\t\t\t\tKate Tempest @ Pal\u00e9o Festival, Nyon, 25\/07\/2015\n\t\t\t\t<\/figcaption><\/figure><figure class='gallery-item'>\n\t\t\t<div class='gallery-icon landscape'>\n\t\t\t\t<a href='https:\/\/www.wallendorff.com\/belogue\/2015\/08\/06\/paleo-festival-2015-jours-6-et-7\/paleo-festival-nyon-25072015-16\/'><img loading=\"lazy\" decoding=\"async\" width=\"96\" height=\"96\" src=\"https:\/\/www.wallendorff.com\/belogue\/wp-content\/uploads\/2015\/08\/20150806-30-188x188.jpg\" class=\"attachment-thumbnail size-thumbnail\" alt=\"\" aria-describedby=\"gallery-1-28679\" srcset=\"https:\/\/www.wallendorff.com\/belogue\/wp-content\/uploads\/2015\/08\/20150806-30-188x188.jpg 188w, https:\/\/www.wallendorff.com\/belogue\/wp-content\/uploads\/2015\/08\/20150806-30-220x220.jpg 220w\" sizes=\"(max-width: 96px) 100vw, 96px\" \/><\/a>\n\t\t\t<\/div>\n\t\t\t\t<figcaption class='wp-caption-text gallery-caption' id='gallery-1-28679'>\n\t\t\t\tPal\u00e9o Festival, Nyon, 25\/07\/2015\n\t\t\t\t<\/figcaption><\/figure><figure class='gallery-item'>\n\t\t\t<div class='gallery-icon landscape'>\n\t\t\t\t<a href='https:\/\/www.wallendorff.com\/belogue\/2015\/08\/06\/paleo-festival-2015-jours-6-et-7\/kate-tempest-paleo-festival-nyon-25072015-2\/'><img loading=\"lazy\" decoding=\"async\" width=\"96\" height=\"96\" src=\"https:\/\/www.wallendorff.com\/belogue\/wp-content\/uploads\/2015\/08\/20150806-31-188x188.jpg\" class=\"attachment-thumbnail size-thumbnail\" alt=\"\" aria-describedby=\"gallery-1-28680\" srcset=\"https:\/\/www.wallendorff.com\/belogue\/wp-content\/uploads\/2015\/08\/20150806-31-188x188.jpg 188w, https:\/\/www.wallendorff.com\/belogue\/wp-content\/uploads\/2015\/08\/20150806-31-220x220.jpg 220w\" sizes=\"(max-width: 96px) 100vw, 96px\" \/><\/a>\n\t\t\t<\/div>\n\t\t\t\t<figcaption class='wp-caption-text gallery-caption' id='gallery-1-28680'>\n\t\t\t\tKate Tempest @ Pal\u00e9o Festival, Nyon, 25\/07\/2015\n\t\t\t\t<\/figcaption><\/figure><figure class='gallery-item'>\n\t\t\t<div class='gallery-icon landscape'>\n\t\t\t\t<a href='https:\/\/www.wallendorff.com\/belogue\/2015\/08\/06\/paleo-festival-2015-jours-6-et-7\/kate-tempest-paleo-festival-nyon-25072015-3\/'><img loading=\"lazy\" decoding=\"async\" width=\"96\" height=\"96\" src=\"https:\/\/www.wallendorff.com\/belogue\/wp-content\/uploads\/2015\/08\/20150806-32-188x188.jpg\" class=\"attachment-thumbnail size-thumbnail\" alt=\"\" aria-describedby=\"gallery-1-28681\" srcset=\"https:\/\/www.wallendorff.com\/belogue\/wp-content\/uploads\/2015\/08\/20150806-32-188x188.jpg 188w, https:\/\/www.wallendorff.com\/belogue\/wp-content\/uploads\/2015\/08\/20150806-32-220x220.jpg 220w\" sizes=\"(max-width: 96px) 100vw, 96px\" \/><\/a>\n\t\t\t<\/div>\n\t\t\t\t<figcaption class='wp-caption-text gallery-caption' id='gallery-1-28681'>\n\t\t\t\tKate Tempest @ Pal\u00e9o Festival, Nyon, 25\/07\/2015\n\t\t\t\t<\/figcaption><\/figure><figure class='gallery-item'>\n\t\t\t<div class='gallery-icon landscape'>\n\t\t\t\t<a href='https:\/\/www.wallendorff.com\/belogue\/2015\/08\/06\/paleo-festival-2015-jours-6-et-7\/paleo-festival-nyon-26072015\/'><img loading=\"lazy\" decoding=\"async\" width=\"96\" height=\"96\" src=\"https:\/\/www.wallendorff.com\/belogue\/wp-content\/uploads\/2015\/08\/20150806-33-188x188.jpg\" class=\"attachment-thumbnail size-thumbnail\" alt=\"\" aria-describedby=\"gallery-1-28682\" srcset=\"https:\/\/www.wallendorff.com\/belogue\/wp-content\/uploads\/2015\/08\/20150806-33-188x188.jpg 188w, https:\/\/www.wallendorff.com\/belogue\/wp-content\/uploads\/2015\/08\/20150806-33-220x220.jpg 220w\" sizes=\"(max-width: 96px) 100vw, 96px\" \/><\/a>\n\t\t\t<\/div>\n\t\t\t\t<figcaption class='wp-caption-text gallery-caption' id='gallery-1-28682'>\n\t\t\t\tPal\u00e9o Festival, Nyon, 25\/07\/2015\n\t\t\t\t<\/figcaption><\/figure><figure class='gallery-item'>\n\t\t\t<div class='gallery-icon landscape'>\n\t\t\t\t<a href='https:\/\/www.wallendorff.com\/belogue\/2015\/08\/06\/paleo-festival-2015-jours-6-et-7\/paleo-festival-nyon-26072015-2\/'><img loading=\"lazy\" decoding=\"async\" width=\"96\" height=\"96\" src=\"https:\/\/www.wallendorff.com\/belogue\/wp-content\/uploads\/2015\/08\/20150806-34-188x188.jpg\" class=\"attachment-thumbnail size-thumbnail\" alt=\"\" aria-describedby=\"gallery-1-28683\" srcset=\"https:\/\/www.wallendorff.com\/belogue\/wp-content\/uploads\/2015\/08\/20150806-34-188x188.jpg 188w, https:\/\/www.wallendorff.com\/belogue\/wp-content\/uploads\/2015\/08\/20150806-34-220x220.jpg 220w\" sizes=\"(max-width: 96px) 100vw, 96px\" \/><\/a>\n\t\t\t<\/div>\n\t\t\t\t<figcaption class='wp-caption-text gallery-caption' id='gallery-1-28683'>\n\t\t\t\tPal\u00e9o Festival, Nyon, 25\/07\/2015\n\t\t\t\t<\/figcaption><\/figure><figure class='gallery-item'>\n\t\t\t<div class='gallery-icon landscape'>\n\t\t\t\t<a href='https:\/\/www.wallendorff.com\/belogue\/2015\/08\/06\/paleo-festival-2015-jours-6-et-7\/paleo-festival-nyon-26072015-3\/'><img loading=\"lazy\" decoding=\"async\" width=\"96\" height=\"96\" src=\"https:\/\/www.wallendorff.com\/belogue\/wp-content\/uploads\/2015\/08\/20150806-35-188x188.jpg\" class=\"attachment-thumbnail size-thumbnail\" alt=\"\" aria-describedby=\"gallery-1-28684\" srcset=\"https:\/\/www.wallendorff.com\/belogue\/wp-content\/uploads\/2015\/08\/20150806-35-188x188.jpg 188w, https:\/\/www.wallendorff.com\/belogue\/wp-content\/uploads\/2015\/08\/20150806-35-220x220.jpg 220w\" sizes=\"(max-width: 96px) 100vw, 96px\" \/><\/a>\n\t\t\t<\/div>\n\t\t\t\t<figcaption class='wp-caption-text gallery-caption' id='gallery-1-28684'>\n\t\t\t\tPal\u00e9o Festival, Nyon, 25\/07\/2015\n\t\t\t\t<\/figcaption><\/figure><figure class='gallery-item'>\n\t\t\t<div class='gallery-icon landscape'>\n\t\t\t\t<a href='https:\/\/www.wallendorff.com\/belogue\/2015\/08\/06\/paleo-festival-2015-jours-6-et-7\/paleo-festival-nyon-26072015-4\/'><img loading=\"lazy\" decoding=\"async\" width=\"96\" height=\"96\" src=\"https:\/\/www.wallendorff.com\/belogue\/wp-content\/uploads\/2015\/08\/20150806-36-188x188.jpg\" class=\"attachment-thumbnail size-thumbnail\" alt=\"\" aria-describedby=\"gallery-1-28685\" srcset=\"https:\/\/www.wallendorff.com\/belogue\/wp-content\/uploads\/2015\/08\/20150806-36-188x188.jpg 188w, https:\/\/www.wallendorff.com\/belogue\/wp-content\/uploads\/2015\/08\/20150806-36-220x220.jpg 220w\" sizes=\"(max-width: 96px) 100vw, 96px\" \/><\/a>\n\t\t\t<\/div>\n\t\t\t\t<figcaption class='wp-caption-text gallery-caption' id='gallery-1-28685'>\n\t\t\t\tPal\u00e9o Festival, Nyon, 25\/07\/2015\n\t\t\t\t<\/figcaption><\/figure><figure class='gallery-item'>\n\t\t\t<div class='gallery-icon landscape'>\n\t\t\t\t<a href='https:\/\/www.wallendorff.com\/belogue\/2015\/08\/06\/paleo-festival-2015-jours-6-et-7\/paleo-festival-nyon-26072015-5\/'><img loading=\"lazy\" decoding=\"async\" width=\"96\" height=\"96\" src=\"https:\/\/www.wallendorff.com\/belogue\/wp-content\/uploads\/2015\/08\/20150806-37-188x188.jpg\" class=\"attachment-thumbnail size-thumbnail\" alt=\"\" aria-describedby=\"gallery-1-28686\" srcset=\"https:\/\/www.wallendorff.com\/belogue\/wp-content\/uploads\/2015\/08\/20150806-37-188x188.jpg 188w, https:\/\/www.wallendorff.com\/belogue\/wp-content\/uploads\/2015\/08\/20150806-37-220x220.jpg 220w\" sizes=\"(max-width: 96px) 100vw, 96px\" \/><\/a>\n\t\t\t<\/div>\n\t\t\t\t<figcaption class='wp-caption-text gallery-caption' id='gallery-1-28686'>\n\t\t\t\tPal\u00e9o Festival, Nyon, 25\/07\/2015\n\t\t\t\t<\/figcaption><\/figure><figure class='gallery-item'>\n\t\t\t<div class='gallery-icon landscape'>\n\t\t\t\t<a href='https:\/\/www.wallendorff.com\/belogue\/2015\/08\/06\/paleo-festival-2015-jours-6-et-7\/paleo-festival-nyon-26072015-6\/'><img loading=\"lazy\" decoding=\"async\" width=\"96\" height=\"96\" src=\"https:\/\/www.wallendorff.com\/belogue\/wp-content\/uploads\/2015\/08\/20150806-38-188x188.jpg\" class=\"attachment-thumbnail size-thumbnail\" alt=\"\" aria-describedby=\"gallery-1-28687\" srcset=\"https:\/\/www.wallendorff.com\/belogue\/wp-content\/uploads\/2015\/08\/20150806-38-188x188.jpg 188w, https:\/\/www.wallendorff.com\/belogue\/wp-content\/uploads\/2015\/08\/20150806-38-220x220.jpg 220w\" sizes=\"(max-width: 96px) 100vw, 96px\" \/><\/a>\n\t\t\t<\/div>\n\t\t\t\t<figcaption class='wp-caption-text gallery-caption' id='gallery-1-28687'>\n\t\t\t\tPal\u00e9o Festival, Nyon, 25\/07\/2015\n\t\t\t\t<\/figcaption><\/figure><figure class='gallery-item'>\n\t\t\t<div class='gallery-icon landscape'>\n\t\t\t\t<a href='https:\/\/www.wallendorff.com\/belogue\/2015\/08\/06\/paleo-festival-2015-jours-6-et-7\/paleo-festival-nyon-26072015-7\/'><img loading=\"lazy\" decoding=\"async\" width=\"96\" height=\"96\" src=\"https:\/\/www.wallendorff.com\/belogue\/wp-content\/uploads\/2015\/08\/20150806-39-188x188.jpg\" class=\"attachment-thumbnail size-thumbnail\" alt=\"\" aria-describedby=\"gallery-1-28688\" srcset=\"https:\/\/www.wallendorff.com\/belogue\/wp-content\/uploads\/2015\/08\/20150806-39-188x188.jpg 188w, https:\/\/www.wallendorff.com\/belogue\/wp-content\/uploads\/2015\/08\/20150806-39-220x220.jpg 220w\" sizes=\"(max-width: 96px) 100vw, 96px\" \/><\/a>\n\t\t\t<\/div>\n\t\t\t\t<figcaption class='wp-caption-text gallery-caption' id='gallery-1-28688'>\n\t\t\t\tPal\u00e9o Festival, Nyon, 25\/07\/2015\n\t\t\t\t<\/figcaption><\/figure><figure class='gallery-item'>\n\t\t\t<div class='gallery-icon landscape'>\n\t\t\t\t<a href='https:\/\/www.wallendorff.com\/belogue\/2015\/08\/06\/paleo-festival-2015-jours-6-et-7\/yael-naim-paleo-festival-nyon-26072015\/'><img loading=\"lazy\" decoding=\"async\" width=\"96\" height=\"96\" src=\"https:\/\/www.wallendorff.com\/belogue\/wp-content\/uploads\/2015\/08\/20150806-40-188x188.jpg\" class=\"attachment-thumbnail size-thumbnail\" alt=\"\" aria-describedby=\"gallery-1-28689\" srcset=\"https:\/\/www.wallendorff.com\/belogue\/wp-content\/uploads\/2015\/08\/20150806-40-188x188.jpg 188w, https:\/\/www.wallendorff.com\/belogue\/wp-content\/uploads\/2015\/08\/20150806-40-220x220.jpg 220w\" sizes=\"(max-width: 96px) 100vw, 96px\" \/><\/a>\n\t\t\t<\/div>\n\t\t\t\t<figcaption class='wp-caption-text gallery-caption' id='gallery-1-28689'>\n\t\t\t\tYa\u00ebl Na\u00efm @ Pal\u00e9o Festival, Nyon, 26\/07\/2015\n\t\t\t\t<\/figcaption><\/figure><figure class='gallery-item'>\n\t\t\t<div class='gallery-icon landscape'>\n\t\t\t\t<a href='https:\/\/www.wallendorff.com\/belogue\/2015\/08\/06\/paleo-festival-2015-jours-6-et-7\/yael-naim-paleo-festival-nyon-26072015-2\/'><img loading=\"lazy\" decoding=\"async\" width=\"96\" height=\"96\" src=\"https:\/\/www.wallendorff.com\/belogue\/wp-content\/uploads\/2015\/08\/20150806-41-188x188.jpg\" class=\"attachment-thumbnail size-thumbnail\" alt=\"\" aria-describedby=\"gallery-1-28690\" srcset=\"https:\/\/www.wallendorff.com\/belogue\/wp-content\/uploads\/2015\/08\/20150806-41-188x188.jpg 188w, https:\/\/www.wallendorff.com\/belogue\/wp-content\/uploads\/2015\/08\/20150806-41-220x220.jpg 220w\" sizes=\"(max-width: 96px) 100vw, 96px\" \/><\/a>\n\t\t\t<\/div>\n\t\t\t\t<figcaption class='wp-caption-text gallery-caption' id='gallery-1-28690'>\n\t\t\t\tYa\u00ebl Na\u00efm @ Pal\u00e9o Festival, Nyon, 26\/07\/2015\n\t\t\t\t<\/figcaption><\/figure><figure class='gallery-item'>\n\t\t\t<div class='gallery-icon landscape'>\n\t\t\t\t<a href='https:\/\/www.wallendorff.com\/belogue\/2015\/08\/06\/paleo-festival-2015-jours-6-et-7\/paleo-festival-nyon-26072015-8\/'><img loading=\"lazy\" decoding=\"async\" width=\"96\" height=\"96\" src=\"https:\/\/www.wallendorff.com\/belogue\/wp-content\/uploads\/2015\/08\/20150806-42-188x188.jpg\" class=\"attachment-thumbnail size-thumbnail\" alt=\"\" aria-describedby=\"gallery-1-28691\" srcset=\"https:\/\/www.wallendorff.com\/belogue\/wp-content\/uploads\/2015\/08\/20150806-42-188x188.jpg 188w, https:\/\/www.wallendorff.com\/belogue\/wp-content\/uploads\/2015\/08\/20150806-42-220x220.jpg 220w\" sizes=\"(max-width: 96px) 100vw, 96px\" \/><\/a>\n\t\t\t<\/div>\n\t\t\t\t<figcaption class='wp-caption-text gallery-caption' id='gallery-1-28691'>\n\t\t\t\tPal\u00e9o Festival, Nyon, 25\/07\/2015\n\t\t\t\t<\/figcaption><\/figure><figure class='gallery-item'>\n\t\t\t<div class='gallery-icon landscape'>\n\t\t\t\t<a href='https:\/\/www.wallendorff.com\/belogue\/2015\/08\/06\/paleo-festival-2015-jours-6-et-7\/paleo-festival-nyon-26072015-9\/'><img loading=\"lazy\" decoding=\"async\" width=\"96\" height=\"96\" src=\"https:\/\/www.wallendorff.com\/belogue\/wp-content\/uploads\/2015\/08\/20150806-43-188x188.jpg\" class=\"attachment-thumbnail size-thumbnail\" alt=\"\" aria-describedby=\"gallery-1-28692\" srcset=\"https:\/\/www.wallendorff.com\/belogue\/wp-content\/uploads\/2015\/08\/20150806-43-188x188.jpg 188w, https:\/\/www.wallendorff.com\/belogue\/wp-content\/uploads\/2015\/08\/20150806-43-220x220.jpg 220w\" sizes=\"(max-width: 96px) 100vw, 96px\" \/><\/a>\n\t\t\t<\/div>\n\t\t\t\t<figcaption class='wp-caption-text gallery-caption' id='gallery-1-28692'>\n\t\t\t\tPal\u00e9o Festival, Nyon, 25\/07\/2015\n\t\t\t\t<\/figcaption><\/figure><figure class='gallery-item'>\n\t\t\t<div class='gallery-icon landscape'>\n\t\t\t\t<a href='https:\/\/www.wallendorff.com\/belogue\/2015\/08\/06\/paleo-festival-2015-jours-6-et-7\/blond-and-blond-and-blond-paleo-festival-nyon-26072015\/'><img loading=\"lazy\" decoding=\"async\" width=\"96\" height=\"96\" src=\"https:\/\/www.wallendorff.com\/belogue\/wp-content\/uploads\/2015\/08\/20150806-44-188x188.jpg\" class=\"attachment-thumbnail size-thumbnail\" alt=\"\" aria-describedby=\"gallery-1-28693\" srcset=\"https:\/\/www.wallendorff.com\/belogue\/wp-content\/uploads\/2015\/08\/20150806-44-188x188.jpg 188w, https:\/\/www.wallendorff.com\/belogue\/wp-content\/uploads\/2015\/08\/20150806-44-220x220.jpg 220w\" sizes=\"(max-width: 96px) 100vw, 96px\" \/><\/a>\n\t\t\t<\/div>\n\t\t\t\t<figcaption class='wp-caption-text gallery-caption' id='gallery-1-28693'>\n\t\t\t\tBl\u00f8nd and Bl\u00f6nd and Bl\u00f3nd @ Pal\u00e9o Festival, Nyon, 26\/07\/2015\n\t\t\t\t<\/figcaption><\/figure><figure class='gallery-item'>\n\t\t\t<div class='gallery-icon landscape'>\n\t\t\t\t<a href='https:\/\/www.wallendorff.com\/belogue\/2015\/08\/06\/paleo-festival-2015-jours-6-et-7\/blond-and-blond-and-blond-paleo-festival-nyon-26072015-2\/'><img loading=\"lazy\" decoding=\"async\" width=\"96\" height=\"96\" src=\"https:\/\/www.wallendorff.com\/belogue\/wp-content\/uploads\/2015\/08\/20150806-45-188x188.jpg\" class=\"attachment-thumbnail size-thumbnail\" alt=\"\" aria-describedby=\"gallery-1-28694\" srcset=\"https:\/\/www.wallendorff.com\/belogue\/wp-content\/uploads\/2015\/08\/20150806-45-188x188.jpg 188w, https:\/\/www.wallendorff.com\/belogue\/wp-content\/uploads\/2015\/08\/20150806-45-220x220.jpg 220w\" sizes=\"(max-width: 96px) 100vw, 96px\" \/><\/a>\n\t\t\t<\/div>\n\t\t\t\t<figcaption class='wp-caption-text gallery-caption' id='gallery-1-28694'>\n\t\t\t\tBl\u00f8nd and Bl\u00f6nd and Bl\u00f3nd @ Pal\u00e9o Festival, Nyon, 26\/07\/2015\n\t\t\t\t<\/figcaption><\/figure><figure class='gallery-item'>\n\t\t\t<div class='gallery-icon landscape'>\n\t\t\t\t<a href='https:\/\/www.wallendorff.com\/belogue\/2015\/08\/06\/paleo-festival-2015-jours-6-et-7\/blond-and-blond-and-blond-paleo-festival-nyon-26072015-3\/'><img loading=\"lazy\" decoding=\"async\" width=\"96\" height=\"96\" src=\"https:\/\/www.wallendorff.com\/belogue\/wp-content\/uploads\/2015\/08\/20150806-46-188x188.jpg\" class=\"attachment-thumbnail size-thumbnail\" alt=\"\" aria-describedby=\"gallery-1-28695\" srcset=\"https:\/\/www.wallendorff.com\/belogue\/wp-content\/uploads\/2015\/08\/20150806-46-188x188.jpg 188w, https:\/\/www.wallendorff.com\/belogue\/wp-content\/uploads\/2015\/08\/20150806-46-220x220.jpg 220w\" sizes=\"(max-width: 96px) 100vw, 96px\" \/><\/a>\n\t\t\t<\/div>\n\t\t\t\t<figcaption class='wp-caption-text gallery-caption' id='gallery-1-28695'>\n\t\t\t\tBl\u00f8nd and Bl\u00f6nd and Bl\u00f3nd @ Pal\u00e9o Festival, Nyon, 26\/07\/2015\n\t\t\t\t<\/figcaption><\/figure><figure class='gallery-item'>\n\t\t\t<div class='gallery-icon landscape'>\n\t\t\t\t<a href='https:\/\/www.wallendorff.com\/belogue\/2015\/08\/06\/paleo-festival-2015-jours-6-et-7\/blond-and-blond-and-blond-paleo-festival-nyon-26072015-4\/'><img loading=\"lazy\" decoding=\"async\" width=\"96\" height=\"96\" src=\"https:\/\/www.wallendorff.com\/belogue\/wp-content\/uploads\/2015\/08\/20150806-47-188x188.jpg\" class=\"attachment-thumbnail size-thumbnail\" alt=\"\" aria-describedby=\"gallery-1-28696\" srcset=\"https:\/\/www.wallendorff.com\/belogue\/wp-content\/uploads\/2015\/08\/20150806-47-188x188.jpg 188w, https:\/\/www.wallendorff.com\/belogue\/wp-content\/uploads\/2015\/08\/20150806-47-220x220.jpg 220w\" sizes=\"(max-width: 96px) 100vw, 96px\" \/><\/a>\n\t\t\t<\/div>\n\t\t\t\t<figcaption class='wp-caption-text gallery-caption' id='gallery-1-28696'>\n\t\t\t\tBl\u00f8nd and Bl\u00f6nd and Bl\u00f3nd @ Pal\u00e9o Festival, Nyon, 26\/07\/2015\n\t\t\t\t<\/figcaption><\/figure><figure class='gallery-item'>\n\t\t\t<div class='gallery-icon landscape'>\n\t\t\t\t<a href='https:\/\/www.wallendorff.com\/belogue\/2015\/08\/06\/paleo-festival-2015-jours-6-et-7\/blond-and-blond-and-blond-paleo-festival-nyon-26072015-5\/'><img loading=\"lazy\" decoding=\"async\" width=\"96\" height=\"96\" src=\"https:\/\/www.wallendorff.com\/belogue\/wp-content\/uploads\/2015\/08\/20150806-48-188x188.jpg\" class=\"attachment-thumbnail size-thumbnail\" alt=\"\" aria-describedby=\"gallery-1-28697\" srcset=\"https:\/\/www.wallendorff.com\/belogue\/wp-content\/uploads\/2015\/08\/20150806-48-188x188.jpg 188w, https:\/\/www.wallendorff.com\/belogue\/wp-content\/uploads\/2015\/08\/20150806-48-220x220.jpg 220w\" sizes=\"(max-width: 96px) 100vw, 96px\" \/><\/a>\n\t\t\t<\/div>\n\t\t\t\t<figcaption class='wp-caption-text gallery-caption' id='gallery-1-28697'>\n\t\t\t\tBl\u00f8nd and Bl\u00f6nd and Bl\u00f3nd @ Pal\u00e9o Festival, Nyon, 26\/07\/2015\n\t\t\t\t<\/figcaption><\/figure><figure class='gallery-item'>\n\t\t\t<div class='gallery-icon landscape'>\n\t\t\t\t<a href='https:\/\/www.wallendorff.com\/belogue\/2015\/08\/06\/paleo-festival-2015-jours-6-et-7\/blond-and-blond-and-blond-paleo-festival-nyon-26072015-6\/'><img loading=\"lazy\" decoding=\"async\" width=\"96\" height=\"96\" src=\"https:\/\/www.wallendorff.com\/belogue\/wp-content\/uploads\/2015\/08\/20150806-49-188x188.jpg\" class=\"attachment-thumbnail size-thumbnail\" alt=\"\" aria-describedby=\"gallery-1-28698\" srcset=\"https:\/\/www.wallendorff.com\/belogue\/wp-content\/uploads\/2015\/08\/20150806-49-188x188.jpg 188w, https:\/\/www.wallendorff.com\/belogue\/wp-content\/uploads\/2015\/08\/20150806-49-220x220.jpg 220w\" sizes=\"(max-width: 96px) 100vw, 96px\" \/><\/a>\n\t\t\t<\/div>\n\t\t\t\t<figcaption class='wp-caption-text gallery-caption' id='gallery-1-28698'>\n\t\t\t\tBl\u00f8nd and Bl\u00f6nd and Bl\u00f3nd @ Pal\u00e9o Festival, Nyon, 26\/07\/2015\n\t\t\t\t<\/figcaption><\/figure><figure class='gallery-item'>\n\t\t\t<div class='gallery-icon landscape'>\n\t\t\t\t<a href='https:\/\/www.wallendorff.com\/belogue\/2015\/08\/06\/paleo-festival-2015-jours-6-et-7\/paleo-festival-nyon-26072015-10\/'><img loading=\"lazy\" decoding=\"async\" width=\"96\" height=\"96\" src=\"https:\/\/www.wallendorff.com\/belogue\/wp-content\/uploads\/2015\/08\/20150806-50-188x188.jpg\" class=\"attachment-thumbnail size-thumbnail\" alt=\"\" aria-describedby=\"gallery-1-28699\" srcset=\"https:\/\/www.wallendorff.com\/belogue\/wp-content\/uploads\/2015\/08\/20150806-50-188x188.jpg 188w, https:\/\/www.wallendorff.com\/belogue\/wp-content\/uploads\/2015\/08\/20150806-50-220x220.jpg 220w\" sizes=\"(max-width: 96px) 100vw, 96px\" \/><\/a>\n\t\t\t<\/div>\n\t\t\t\t<figcaption class='wp-caption-text gallery-caption' id='gallery-1-28699'>\n\t\t\t\tPal\u00e9o Festival, Nyon, 25\/07\/2015\n\t\t\t\t<\/figcaption><\/figure><figure class='gallery-item'>\n\t\t\t<div class='gallery-icon landscape'>\n\t\t\t\t<a href='https:\/\/www.wallendorff.com\/belogue\/2015\/08\/06\/paleo-festival-2015-jours-6-et-7\/paleo-festival-nyon-26072015-11\/'><img loading=\"lazy\" decoding=\"async\" width=\"96\" height=\"96\" src=\"https:\/\/www.wallendorff.com\/belogue\/wp-content\/uploads\/2015\/08\/20150806-51-188x188.jpg\" class=\"attachment-thumbnail size-thumbnail\" alt=\"\" aria-describedby=\"gallery-1-28700\" srcset=\"https:\/\/www.wallendorff.com\/belogue\/wp-content\/uploads\/2015\/08\/20150806-51-188x188.jpg 188w, https:\/\/www.wallendorff.com\/belogue\/wp-content\/uploads\/2015\/08\/20150806-51-220x220.jpg 220w\" sizes=\"(max-width: 96px) 100vw, 96px\" \/><\/a>\n\t\t\t<\/div>\n\t\t\t\t<figcaption class='wp-caption-text gallery-caption' id='gallery-1-28700'>\n\t\t\t\tPal\u00e9o Festival, Nyon, 25\/07\/2015\n\t\t\t\t<\/figcaption><\/figure><figure class='gallery-item'>\n\t\t\t<div class='gallery-icon landscape'>\n\t\t\t\t<a href='https:\/\/www.wallendorff.com\/belogue\/2015\/08\/06\/paleo-festival-2015-jours-6-et-7\/paleo-festival-nyon-26072015-12\/'><img loading=\"lazy\" decoding=\"async\" width=\"96\" height=\"96\" src=\"https:\/\/www.wallendorff.com\/belogue\/wp-content\/uploads\/2015\/08\/20150806-52-188x188.jpg\" class=\"attachment-thumbnail size-thumbnail\" alt=\"\" aria-describedby=\"gallery-1-28701\" srcset=\"https:\/\/www.wallendorff.com\/belogue\/wp-content\/uploads\/2015\/08\/20150806-52-188x188.jpg 188w, https:\/\/www.wallendorff.com\/belogue\/wp-content\/uploads\/2015\/08\/20150806-52-220x220.jpg 220w\" sizes=\"(max-width: 96px) 100vw, 96px\" \/><\/a>\n\t\t\t<\/div>\n\t\t\t\t<figcaption class='wp-caption-text gallery-caption' id='gallery-1-28701'>\n\t\t\t\tPal\u00e9o Festival, Nyon, 25\/07\/2015\n\t\t\t\t<\/figcaption><\/figure><figure class='gallery-item'>\n\t\t\t<div class='gallery-icon landscape'>\n\t\t\t\t<a href='https:\/\/www.wallendorff.com\/belogue\/2015\/08\/06\/paleo-festival-2015-jours-6-et-7\/paleo-festival-nyon-26072015-13\/'><img loading=\"lazy\" decoding=\"async\" width=\"96\" height=\"96\" src=\"https:\/\/www.wallendorff.com\/belogue\/wp-content\/uploads\/2015\/08\/20150806-53-188x188.jpg\" class=\"attachment-thumbnail size-thumbnail\" alt=\"\" aria-describedby=\"gallery-1-28702\" srcset=\"https:\/\/www.wallendorff.com\/belogue\/wp-content\/uploads\/2015\/08\/20150806-53-188x188.jpg 188w, https:\/\/www.wallendorff.com\/belogue\/wp-content\/uploads\/2015\/08\/20150806-53-220x220.jpg 220w\" sizes=\"(max-width: 96px) 100vw, 96px\" \/><\/a>\n\t\t\t<\/div>\n\t\t\t\t<figcaption class='wp-caption-text gallery-caption' id='gallery-1-28702'>\n\t\t\t\tPal\u00e9o Festival, Nyon, 25\/07\/2015\n\t\t\t\t<\/figcaption><\/figure><figure class='gallery-item'>\n\t\t\t<div class='gallery-icon landscape'>\n\t\t\t\t<a href='https:\/\/www.wallendorff.com\/belogue\/2015\/08\/06\/paleo-festival-2015-jours-6-et-7\/fugu-mango-paleo-festival-nyon-26072015\/'><img loading=\"lazy\" decoding=\"async\" width=\"96\" height=\"96\" src=\"https:\/\/www.wallendorff.com\/belogue\/wp-content\/uploads\/2015\/08\/20150806-54-188x188.jpg\" class=\"attachment-thumbnail size-thumbnail\" alt=\"\" aria-describedby=\"gallery-1-28703\" srcset=\"https:\/\/www.wallendorff.com\/belogue\/wp-content\/uploads\/2015\/08\/20150806-54-188x188.jpg 188w, https:\/\/www.wallendorff.com\/belogue\/wp-content\/uploads\/2015\/08\/20150806-54-220x220.jpg 220w\" sizes=\"(max-width: 96px) 100vw, 96px\" \/><\/a>\n\t\t\t<\/div>\n\t\t\t\t<figcaption class='wp-caption-text gallery-caption' id='gallery-1-28703'>\n\t\t\t\tF\u00f9G\u00f9 Mango @ Pal\u00e9o Festival, Nyon, 26\/07\/2015\n\t\t\t\t<\/figcaption><\/figure><figure class='gallery-item'>\n\t\t\t<div class='gallery-icon landscape'>\n\t\t\t\t<a href='https:\/\/www.wallendorff.com\/belogue\/2015\/08\/06\/paleo-festival-2015-jours-6-et-7\/fugu-mango-paleo-festival-nyon-26072015-2\/'><img loading=\"lazy\" decoding=\"async\" width=\"96\" height=\"96\" src=\"https:\/\/www.wallendorff.com\/belogue\/wp-content\/uploads\/2015\/08\/20150806-55-188x188.jpg\" class=\"attachment-thumbnail size-thumbnail\" alt=\"\" aria-describedby=\"gallery-1-28704\" srcset=\"https:\/\/www.wallendorff.com\/belogue\/wp-content\/uploads\/2015\/08\/20150806-55-188x188.jpg 188w, https:\/\/www.wallendorff.com\/belogue\/wp-content\/uploads\/2015\/08\/20150806-55-220x220.jpg 220w\" sizes=\"(max-width: 96px) 100vw, 96px\" \/><\/a>\n\t\t\t<\/div>\n\t\t\t\t<figcaption class='wp-caption-text gallery-caption' id='gallery-1-28704'>\n\t\t\t\tF\u00f9G\u00f9 Mango @ Pal\u00e9o Festival, Nyon, 26\/07\/2015\n\t\t\t\t<\/figcaption><\/figure><figure class='gallery-item'>\n\t\t\t<div class='gallery-icon landscape'>\n\t\t\t\t<a href='https:\/\/www.wallendorff.com\/belogue\/2015\/08\/06\/paleo-festival-2015-jours-6-et-7\/fugu-mango-paleo-festival-nyon-26072015-3\/'><img loading=\"lazy\" decoding=\"async\" width=\"96\" height=\"96\" src=\"https:\/\/www.wallendorff.com\/belogue\/wp-content\/uploads\/2015\/08\/20150806-56-188x188.jpg\" class=\"attachment-thumbnail size-thumbnail\" alt=\"\" aria-describedby=\"gallery-1-28705\" srcset=\"https:\/\/www.wallendorff.com\/belogue\/wp-content\/uploads\/2015\/08\/20150806-56-188x188.jpg 188w, https:\/\/www.wallendorff.com\/belogue\/wp-content\/uploads\/2015\/08\/20150806-56-220x220.jpg 220w\" sizes=\"(max-width: 96px) 100vw, 96px\" \/><\/a>\n\t\t\t<\/div>\n\t\t\t\t<figcaption class='wp-caption-text gallery-caption' id='gallery-1-28705'>\n\t\t\t\tF\u00f9G\u00f9 Mango @ Pal\u00e9o Festival, Nyon, 26\/07\/2015\n\t\t\t\t<\/figcaption><\/figure>\n\t\t<\/div>\n\n","protected":false},"excerpt":{"rendered":"<p>Un jour de soleil, un jour de pluie. Samedi, le silence qu&rsquo;impose la pr&eacute;sence de Joan Baez me scotche. Robert Plant est trop loin, Fauxve me fatiguent mais le chuintement de Kate Tempest me fait un truc. J&rsquo;ai toujours aim&eacute; les accents anglais qui chuintent. Dimanche commence t&ocirc;t et finira en longue marche dans la&hellip;<\/p>\n","protected":false},"author":1,"featured_media":28707,"comment_status":"open","ping_status":"open","sticky":false,"template":"","format":"standard","meta":{"_acf_changed":false,"ngg_post_thumbnail":0,"jetpack_post_was_ever_published":false,"_jetpack_newsletter_access":"","_jetpack_dont_email_post_to_subs":false,"_jetpack_newsletter_tier_id":0,"_jetpack_memberships_contains_paywalled_content":false,"_jetpack_memberships_contains_paid_content":false,"footnotes":"","jetpack_publicize_message":"","jetpack_publicize_feature_enabled":true,"jetpack_social_post_already_shared":true,"jetpack_social_options":{"image_generator_settings":{"template":"highway","default_image_id":0,"font":"","enabled":false},"version":2}},"categories":[7],"tags":[12417,10084,6103,10033,2571,8170,181,6766,8351,10887,10551,10034,7859,3983,11838,10136,10035,10036,10037,10449,1708,10006,12099,10135,12040,8747,8243,10886,10007,10038],"class_list":["post-28648","post","type-post","status-publish","format-standard","has-post-thumbnail","hentry","category-alive","tag-12417","tag-alive","tag-ambiance-2","tag-blond-and-blond-and-blond","tag-ef-16-35-mm-f28l-ii-usm","tag-ef-24-70-mm-f2-8l-ii-usm","tag-ef-70-200-mm-f28l-usm","tag-eos-5d-mark-iii","tag-eos-6d","tag-canton-de-vaud","tag-charlie-winston","tag-coely","tag-district-de-nyon","tag-ef-2x-ii","tag-fauve-","tag-festival","tag-fugu-mango","tag-joan-baez","tag-kate-tempest","tag-nyon","tag-paleo-festival","tag-paleo-festival-2015","tag-plaine-de-lasse","tag-public","tag-robert-plant","tag-robert-plant-and-the-sensationnal-space-shifters","tag-sigma-15-mm-f2-8-ex-dg-diagonal-fish-eye","tag-suisse","tag-trelex","tag-yael-naim"],"acf":[],"geo":{"latitude":46.4043083,"longitude":6.2068462,"description":"Signy, Canton de Vaud, 1274, CH"},"jetpack_publicize_connections":[],"jetpack_featured_media_url":"https:\/\/www.wallendorff.com\/belogue\/wp-content\/uploads\/2015\/08\/20150806-521.jpg","jetpack_shortlink":"https:\/\/wp.me\/p3b35P-7s4","jetpack_sharing_enabled":true,"jetpack-related-posts":[{"id":42794,"url":"https:\/\/www.wallendorff.com\/belogue\/2019\/07\/25\/paleo-festival-2019-nyon-jour-2\/","url_meta":{"origin":28648,"position":0},"title":"Pal\u00e9o Festival 2019, Nyon, jour 2.","author":"dpc","date":"25 juillet 2019","format":false,"excerpt":"","rel":"","context":"Dans &quot;Alive&quot;","block_context":{"text":"Alive","link":"https:\/\/www.wallendorff.com\/belogue\/category\/alive\/"},"img":{"alt_text":"","src":"https:\/\/i0.wp.com\/www.wallendorff.com\/belogue\/wp-content\/uploads\/2019\/07\/20190725-64.jpg?resize=350%2C200&ssl=1","width":350,"height":200,"srcset":"https:\/\/i0.wp.com\/www.wallendorff.com\/belogue\/wp-content\/uploads\/2019\/07\/20190725-64.jpg?resize=350%2C200&ssl=1 1x, https:\/\/i0.wp.com\/www.wallendorff.com\/belogue\/wp-content\/uploads\/2019\/07\/20190725-64.jpg?resize=525%2C300&ssl=1 1.5x, https:\/\/i0.wp.com\/www.wallendorff.com\/belogue\/wp-content\/uploads\/2019\/07\/20190725-64.jpg?resize=700%2C400&ssl=1 2x, https:\/\/i0.wp.com\/www.wallendorff.com\/belogue\/wp-content\/uploads\/2019\/07\/20190725-64.jpg?resize=1050%2C600&ssl=1 3x"},"classes":[]},{"id":21389,"url":"https:\/\/www.wallendorff.com\/belogue\/2013\/08\/02\/paleo-festival-2013-jour-3\/","url_meta":{"origin":28648,"position":1},"title":"Pal\u00e9o Festival 2013, Nyon &#8211; jour 3.","author":"dpc","date":"2 ao\u00fbt 2013","format":false,"excerpt":"Apr\u00e8s Black Lion Genocide l'ann\u00e9e derni\u00e8re, c'est Klaxon et M\u00fcller qui retournent Pal\u00e9o avec une prestation unique de 20 minutes, point culminant d'une journ\u00e9e marqu\u00e9e par le show dingue de Crystal Fighters trop \u00e0 l'\u00e9troit au D\u00e9tour, l'ambiance folle de Stupeflip et la d\u00e9couverte Kadebostany. Le reste des photos est\u2026","rel":"","context":"Dans &quot;Alive&quot;","block_context":{"text":"Alive","link":"https:\/\/www.wallendorff.com\/belogue\/category\/alive\/"},"img":{"alt_text":"","src":"https:\/\/i0.wp.com\/www.wallendorff.com\/belogue\/wp-content\/uploads\/2015\/04\/201308021.jpg?resize=350%2C200&ssl=1","width":350,"height":200,"srcset":"https:\/\/i0.wp.com\/www.wallendorff.com\/belogue\/wp-content\/uploads\/2015\/04\/201308021.jpg?resize=350%2C200&ssl=1 1x, https:\/\/i0.wp.com\/www.wallendorff.com\/belogue\/wp-content\/uploads\/2015\/04\/201308021.jpg?resize=525%2C300&ssl=1 1.5x, https:\/\/i0.wp.com\/www.wallendorff.com\/belogue\/wp-content\/uploads\/2015\/04\/201308021.jpg?resize=700%2C400&ssl=1 2x"},"classes":[]},{"id":21363,"url":"https:\/\/www.wallendorff.com\/belogue\/2013\/07\/31\/paleo-festival-2013-nyon-jour-1\/","url_meta":{"origin":28648,"position":2},"title":"Pal\u00e9o Festival 2013, Nyon &#8211; jour 1.","author":"dpc","date":"31 juillet 2013","format":false,"excerpt":"5\u00a0h de route, un virage rat\u00e9, puis les retrouvailles\u00a0: avec le Nyon - Saint-Cergue et le plus joli itin\u00e9raire-vers-le-boulot du monde, puis la plaine de l'Asse, puis tout ceux qui la peuplent. Avec ce m\u00eame sentiment qu'une entr\u00e9e en deuxi\u00e8me ann\u00e9e ou un retour dans la colo de l'\u00e9t\u00e9 pr\u00e9c\u00e9dent.\u2026","rel":"","context":"Dans &quot;Alive&quot;","block_context":{"text":"Alive","link":"https:\/\/www.wallendorff.com\/belogue\/category\/alive\/"},"img":{"alt_text":"","src":"https:\/\/i0.wp.com\/www.wallendorff.com\/belogue\/wp-content\/uploads\/2015\/04\/201307311.jpg?resize=350%2C200&ssl=1","width":350,"height":200,"srcset":"https:\/\/i0.wp.com\/www.wallendorff.com\/belogue\/wp-content\/uploads\/2015\/04\/201307311.jpg?resize=350%2C200&ssl=1 1x, https:\/\/i0.wp.com\/www.wallendorff.com\/belogue\/wp-content\/uploads\/2015\/04\/201307311.jpg?resize=525%2C300&ssl=1 1.5x, https:\/\/i0.wp.com\/www.wallendorff.com\/belogue\/wp-content\/uploads\/2015\/04\/201307311.jpg?resize=700%2C400&ssl=1 2x"},"classes":[]},{"id":43122,"url":"https:\/\/www.wallendorff.com\/belogue\/2019\/07\/29\/paleo-festival-2019-nyon-jour-5\/","url_meta":{"origin":28648,"position":3},"title":"Pal\u00e9o Festival 2019, Nyon, jour 5.","author":"dpc","date":"29 juillet 2019","format":false,"excerpt":"","rel":"","context":"Dans &quot;Alive&quot;","block_context":{"text":"Alive","link":"https:\/\/www.wallendorff.com\/belogue\/category\/alive\/"},"img":{"alt_text":"","src":"https:\/\/i0.wp.com\/www.wallendorff.com\/belogue\/wp-content\/uploads\/2019\/07\/20190729-40.jpg?resize=350%2C200&ssl=1","width":350,"height":200,"srcset":"https:\/\/i0.wp.com\/www.wallendorff.com\/belogue\/wp-content\/uploads\/2019\/07\/20190729-40.jpg?resize=350%2C200&ssl=1 1x, https:\/\/i0.wp.com\/www.wallendorff.com\/belogue\/wp-content\/uploads\/2019\/07\/20190729-40.jpg?resize=525%2C300&ssl=1 1.5x, https:\/\/i0.wp.com\/www.wallendorff.com\/belogue\/wp-content\/uploads\/2019\/07\/20190729-40.jpg?resize=700%2C400&ssl=1 2x, https:\/\/i0.wp.com\/www.wallendorff.com\/belogue\/wp-content\/uploads\/2019\/07\/20190729-40.jpg?resize=1050%2C600&ssl=1 3x"},"classes":[]},{"id":43204,"url":"https:\/\/www.wallendorff.com\/belogue\/2019\/07\/30\/paleo-festival-2019-nyon-jour-6\/","url_meta":{"origin":28648,"position":4},"title":"Pal\u00e9o Festival 2019, Nyon, jour 6.","author":"dpc","date":"30 juillet 2019","format":false,"excerpt":"","rel":"","context":"Dans &quot;Alive&quot;","block_context":{"text":"Alive","link":"https:\/\/www.wallendorff.com\/belogue\/category\/alive\/"},"img":{"alt_text":"","src":"https:\/\/i0.wp.com\/www.wallendorff.com\/belogue\/wp-content\/uploads\/2019\/07\/20190730-54.jpg?resize=350%2C200&ssl=1","width":350,"height":200,"srcset":"https:\/\/i0.wp.com\/www.wallendorff.com\/belogue\/wp-content\/uploads\/2019\/07\/20190730-54.jpg?resize=350%2C200&ssl=1 1x, https:\/\/i0.wp.com\/www.wallendorff.com\/belogue\/wp-content\/uploads\/2019\/07\/20190730-54.jpg?resize=525%2C300&ssl=1 1.5x, https:\/\/i0.wp.com\/www.wallendorff.com\/belogue\/wp-content\/uploads\/2019\/07\/20190730-54.jpg?resize=700%2C400&ssl=1 2x, https:\/\/i0.wp.com\/www.wallendorff.com\/belogue\/wp-content\/uploads\/2019\/07\/20190730-54.jpg?resize=1050%2C600&ssl=1 3x"},"classes":[]},{"id":21405,"url":"https:\/\/www.wallendorff.com\/belogue\/2013\/08\/05\/paleo-festival-2013-nyon-jours-4-5-6\/","url_meta":{"origin":28648,"position":5},"title":"Pal\u00e9o Festival 2013, Nyon &#8211; jours 4-5-6.","author":"dpc","date":"5 ao\u00fbt 2013","format":false,"excerpt":"Vendredi et dimanche furent un peu courts, alors je r\u00e9unis tout\u00a0: les 35\u00a0\u00b0C du vendredi et du samedi, les gerbes d'eau de Blur, la chemise hawa\u00efenne de Biolay, la bi\u00e8re qui mousse de Saez et l'orage et le feu d'artifice sous la pluie du dimanche. La suite viendra l'ann\u00e9e prochaine...\u2026","rel":"","context":"Dans &quot;Alive&quot;","block_context":{"text":"Alive","link":"https:\/\/www.wallendorff.com\/belogue\/category\/alive\/"},"img":{"alt_text":"","src":"https:\/\/i0.wp.com\/www.wallendorff.com\/belogue\/wp-content\/uploads\/2015\/04\/201308051.jpg?resize=350%2C200&ssl=1","width":350,"height":200,"srcset":"https:\/\/i0.wp.com\/www.wallendorff.com\/belogue\/wp-content\/uploads\/2015\/04\/201308051.jpg?resize=350%2C200&ssl=1 1x, https:\/\/i0.wp.com\/www.wallendorff.com\/belogue\/wp-content\/uploads\/2015\/04\/201308051.jpg?resize=525%2C300&ssl=1 1.5x, https:\/\/i0.wp.com\/www.wallendorff.com\/belogue\/wp-content\/uploads\/2015\/04\/201308051.jpg?resize=700%2C400&ssl=1 2x"},"classes":[]}],"_links":{"self":[{"href":"https:\/\/www.wallendorff.com\/belogue\/wp-json\/wp\/v2\/posts\/28648","targetHints":{"allow":["GET"]}}],"collection":[{"href":"https:\/\/www.wallendorff.com\/belogue\/wp-json\/wp\/v2\/posts"}],"about":[{"href":"https:\/\/www.wallendorff.com\/belogue\/wp-json\/wp\/v2\/types\/post"}],"author":[{"embeddable":true,"href":"https:\/\/www.wallendorff.com\/belogue\/wp-json\/wp\/v2\/users\/1"}],"replies":[{"embeddable":true,"href":"https:\/\/www.wallendorff.com\/belogue\/wp-json\/wp\/v2\/comments?post=28648"}],"version-history":[{"count":3,"href":"https:\/\/www.wallendorff.com\/belogue\/wp-json\/wp\/v2\/posts\/28648\/revisions"}],"predecessor-version":[{"id":28708,"href":"https:\/\/www.wallendorff.com\/belogue\/wp-json\/wp\/v2\/posts\/28648\/revisions\/28708"}],"wp:featuredmedia":[{"embeddable":true,"href":"https:\/\/www.wallendorff.com\/belogue\/wp-json\/wp\/v2\/media\/28707"}],"wp:attachment":[{"href":"https:\/\/www.wallendorff.com\/belogue\/wp-json\/wp\/v2\/media?parent=28648"}],"wp:term":[{"taxonomy":"category","embeddable":true,"href":"https:\/\/www.wallendorff.com\/belogue\/wp-json\/wp\/v2\/categories?post=28648"},{"taxonomy":"post_tag","embeddable":true,"href":"https:\/\/www.wallendorff.com\/belogue\/wp-json\/wp\/v2\/tags?post=28648"}],"curies":[{"name":"wp","href":"https:\/\/api.w.org\/{rel}","templated":true}]}}