{"id":28639,"date":"2015-08-05T12:23:34","date_gmt":"2015-08-05T10:23:34","guid":{"rendered":"http:\/\/www.wallendorff.com\/belogue\/?p=28639"},"modified":"2015-08-07T12:19:50","modified_gmt":"2015-08-07T10:19:50","slug":"2005-2015","status":"publish","type":"post","link":"https:\/\/www.wallendorff.com\/belogue\/2015\/08\/05\/2005-2015\/","title":{"rendered":"2005 &ndash; 2015."},"content":{"rendered":"\n<div id=\"photo\">\n<p><img decoding=\"async\" src=\"https:\/\/www.wallendorff.com\/belogue\/photo\/2015\/08\/20150804.gif\"><\/p>\n<\/p><\/div>\n<p style=\"text-align:right\"><em>Every new beginning comes from some other beginning&rsquo;s end<\/em>, qu&rsquo;<a href=\"https:\/\/www.youtube.com\/watch?v=xGytDsqkQY8\">ils<\/a> disaient.<\/p>\n<p>Les meubles partis, il ne reste rien,  &agrave; part quelques traces rupestres laiss&eacute;es &ccedil;&agrave; et l&agrave; par une table ou un cadre. L&rsquo;appartement d&eacute;pouill&eacute; devient la page blanche sur laquelle un nouvel occupant &eacute;crira sa nouvelle &egrave;re. Les anciennes vies que nos lieux ont v&eacute;cues et qu&rsquo;ils nous taisent peu ou prou m&rsquo;ont toujours fascin&eacute;&nbsp;;  Nous vivons l&agrave;, sans savoir quels drames et quelles com&eacute;dies ont pu se jouer dans nos murs un an, un lustre ou un si&egrave;cle avant notre arriv&eacute;e. Ceux qui partent emportent leurs souvenirs avec eux sans id&eacute;e aucune de ce que viennent vivre ceux qui arrivent, et l&rsquo;histoire du lieu s&rsquo;&eacute;parpille comme les maillons perdus d&rsquo;une cha&icirc;ne bris&eacute;e. On devrait &eacute;quiper tous les appartements d&rsquo;un journal de bord. Pour voir.<\/p>\n<p style=\"text-align:right\">Mais bon, je m&rsquo;&eacute;gare.<\/p>\n<p style=\"text-align:right\">Und jetzt, nach le XVIII<sup>e<\/sup>.<\/p>\n<div id=\"bandeson\">\n<p><img decoding=\"async\" src=\"https:\/\/www.wallendorff.com\/belogue\/photo\/pochettes\/v\/vedder_eddie-into_the_wild.jpg\" align=\"left\" \/><a style=\"font-weight:normal\" id=\"lienmp3\" href=\"http:\/\/www.youtube.com\/watch?v=zF6Xs0IrDyE\"><em>No Ceiling<\/em><\/a><br \/>\n<a href=\"http:\/\/www.tenclub.net\/\">Eddie Vedder<\/a><\/p>\n<\/p><\/div>\n","protected":false},"excerpt":{"rendered":"<p>Every new beginning comes from some other beginning&rsquo;s end, qu&rsquo;ils disaient. Les meubles partis, il ne reste rien, &agrave; part quelques traces rupestres laiss&eacute;es &ccedil;&agrave; et l&agrave; par une table ou un cadre. L&rsquo;appartement d&eacute;pouill&eacute; devient la page blanche sur laquelle un nouvel occupant &eacute;crira sa nouvelle &egrave;re. Les anciennes vies que nos lieux ont&hellip;<\/p>\n","protected":false},"author":1,"featured_media":28643,"comment_status":"open","ping_status":"open","sticky":false,"template":"","format":"standard","meta":{"_acf_changed":false,"ngg_post_thumbnail":0,"jetpack_post_was_ever_published":false,"_jetpack_newsletter_access":"","_jetpack_dont_email_post_to_subs":false,"_jetpack_newsletter_tier_id":0,"_jetpack_memberships_contains_paywalled_content":false,"_jetpack_memberships_contains_paid_content":false,"footnotes":"","jetpack_publicize_message":"","jetpack_publicize_feature_enabled":true,"jetpack_social_post_already_shared":true,"jetpack_social_options":{"image_generator_settings":{"template":"highway","default_image_id":0,"font":"","enabled":false},"version":2}},"categories":[3],"tags":[10183,6766,385,10330,10120,11233,10121,10875,10032,10098,10280,8243],"class_list":["post-28639","post","type-post","status-publish","format-standard","has-post-thumbnail","hentry","category-dpc","tag-10183","tag-eos-5d-mark-iii","tag-closing-time","tag-eddie-vedder","tag-france","tag-home","tag-ile-de-france","tag-into-the-wild","tag-no-ceiling","tag-paris","tag-rue-oberkampf","tag-sigma-15-mm-f2-8-ex-dg-diagonal-fish-eye"],"acf":[],"geo":{"latitude":48.8618889,"longitude":2.3855996,"description":"76 Rue de la Folie-Regnault, 75011 Paris, France"},"jetpack_publicize_connections":[],"jetpack_featured_media_url":"https:\/\/www.wallendorff.com\/belogue\/wp-content\/uploads\/2015\/08\/20150804.gif","jetpack_shortlink":"https:\/\/wp.me\/p3b35P-7rV","jetpack_sharing_enabled":true,"jetpack-related-posts":[{"id":134358,"url":"https:\/\/www.wallendorff.com\/belogue\/2025\/11\/13\/encyclies\/","url_meta":{"origin":28639,"position":0},"title":"Encyclies.","author":"dpc","date":"13 novembre 2025","format":false,"excerpt":"Paris, 2015 \u2013 2024. Encyclies. Des ronds dans l\u2019eau. Ces millions d\u2019ondes de r\u00e9percussion qu'ont provoqu\u00e9 nos vies lanc\u00e9es \u00e0 pleine vitesse dans le marais du drame. Des ondes qui en ont cr\u00e9\u00e9 d\u2019autres, qui encore aujourd\u2019hui se croisent, se percutent, se conjuguent.Voil\u00e0 10 ans que les pierres de nos\u2026","rel":"","context":"Dans &quot;DPC&quot;","block_context":{"text":"DPC","link":"https:\/\/www.wallendorff.com\/belogue\/category\/dpc\/"},"img":{"alt_text":"","src":"https:\/\/i0.wp.com\/www.wallendorff.com\/belogue\/wp-content\/uploads\/2025\/11\/20251113-05.jpg?resize=350%2C200&ssl=1","width":350,"height":200,"srcset":"https:\/\/i0.wp.com\/www.wallendorff.com\/belogue\/wp-content\/uploads\/2025\/11\/20251113-05.jpg?resize=350%2C200&ssl=1 1x, https:\/\/i0.wp.com\/www.wallendorff.com\/belogue\/wp-content\/uploads\/2025\/11\/20251113-05.jpg?resize=525%2C300&ssl=1 1.5x, https:\/\/i0.wp.com\/www.wallendorff.com\/belogue\/wp-content\/uploads\/2025\/11\/20251113-05.jpg?resize=700%2C400&ssl=1 2x, https:\/\/i0.wp.com\/www.wallendorff.com\/belogue\/wp-content\/uploads\/2025\/11\/20251113-05.jpg?resize=1050%2C600&ssl=1 3x"},"classes":[]},{"id":3963,"url":"https:\/\/www.wallendorff.com\/belogue\/2009\/03\/02\/les-bouleau-ronds-dedans\/","url_meta":{"origin":28639,"position":1},"title":"Les bouleaux ronds dedans.","author":"dpc","date":"2 mars 2009","format":false,"excerpt":"Panth\u00e9on, Paris, 18 janvier. Apr\u00e8s un week-end riche en \u00e9v\u00e9nements musicaux au cours duquel on a pu voir BB Brunes obtenir la Victoire de la r\u00e9v\u00e9lation sc\u00e8ne afin d'\u00e9viter une nouvelle gr\u00e8ve lyc\u00e9enne, Saez d\u00e9guis\u00e9 en Kurt Cobain nous faire un sp\u00e9cial reva\u00efv\u00f4le ann\u00e9es 901 avec ses gratteux d\u00e9guis\u00e9s en\u2026","rel":"","context":"Dans &quot;DPC&quot;","block_context":{"text":"DPC","link":"https:\/\/www.wallendorff.com\/belogue\/category\/dpc\/"},"img":{"alt_text":"","src":"https:\/\/i0.wp.com\/www.wallendorff.com\/belogue\/wp-content\/uploads\/2015\/04\/200903021.jpg?resize=350%2C200&ssl=1","width":350,"height":200,"srcset":"https:\/\/i0.wp.com\/www.wallendorff.com\/belogue\/wp-content\/uploads\/2015\/04\/200903021.jpg?resize=350%2C200&ssl=1 1x, https:\/\/i0.wp.com\/www.wallendorff.com\/belogue\/wp-content\/uploads\/2015\/04\/200903021.jpg?resize=525%2C300&ssl=1 1.5x"},"classes":[]},{"id":12174,"url":"https:\/\/www.wallendorff.com\/belogue\/2011\/02\/03\/red-death-at-20h04\/","url_meta":{"origin":28639,"position":2},"title":"Red Death at 20h04.","author":"dpc","date":"3 f\u00e9vrier 2011","format":false,"excerpt":"Quand j'ai lu la nouvelle, j'ai pleur\u00e9. Puis j'ai refus\u00e9 d'y croire. Puis j'ai rejet\u00e9 la faute sur les mafieux mexicains qui squattent nuit et jour devant Third Man pour faire du trafic de disques rares et sur les fans de fouteballe qui ont fait de l'insupportable Seven Nation Army\u2026","rel":"","context":"Dans &quot;Alive&quot;","block_context":{"text":"Alive","link":"https:\/\/www.wallendorff.com\/belogue\/category\/alive\/"},"img":{"alt_text":"","src":"https:\/\/i0.wp.com\/www.wallendorff.com\/belogue\/wp-content\/uploads\/2015\/04\/201102031.jpg?resize=350%2C200&ssl=1","width":350,"height":200,"srcset":"https:\/\/i0.wp.com\/www.wallendorff.com\/belogue\/wp-content\/uploads\/2015\/04\/201102031.jpg?resize=350%2C200&ssl=1 1x, https:\/\/i0.wp.com\/www.wallendorff.com\/belogue\/wp-content\/uploads\/2015\/04\/201102031.jpg?resize=525%2C300&ssl=1 1.5x, https:\/\/i0.wp.com\/www.wallendorff.com\/belogue\/wp-content\/uploads\/2015\/04\/201102031.jpg?resize=700%2C400&ssl=1 2x"},"classes":[]},{"id":7356,"url":"https:\/\/www.wallendorff.com\/belogue\/2010\/04\/08\/sil-sait-quseine-sonne\/","url_meta":{"origin":28639,"position":3},"title":"S&rsquo;il sait qu&rsquo;Seine sonne.","author":"dpc","date":"8 avril 2010","format":false,"excerpt":"Dieppe, 20 mars. Comme quoi \u00e7a peut servir, les gamins, des fois. [M\u00eame si celui-l\u00e0 a un peu l'air d'un pingouin avec son bras gauche qui pendouille, entre nous.] Sinon, j'ai conscience que nous vivons dans une \u00e9poque de plus en plus press\u00e9e. L'humain moderne n'a plus de temps devant\u2026","rel":"","context":"Dans &quot;DPC&quot;","block_context":{"text":"DPC","link":"https:\/\/www.wallendorff.com\/belogue\/category\/dpc\/"},"img":{"alt_text":"","src":"https:\/\/i0.wp.com\/www.wallendorff.com\/belogue\/wp-content\/uploads\/2015\/04\/201004081.jpg?resize=350%2C200&ssl=1","width":350,"height":200},"classes":[]},{"id":952,"url":"https:\/\/www.wallendorff.com\/belogue\/2007\/05\/15\/metallica-metallica-ride-the-lightning\/","url_meta":{"origin":28639,"position":4},"title":"Metallica &ndash; Metallica &amp; Ride the Lightning","author":"dpc","date":"15 mai 2007","format":false,"excerpt":"#13 Label\u00a0: Elektra Sortie\u00a0: 12 ao\u00fbt 1991 Producteur\u00a0: Bob Rock, James Hetfield, Lars Ulrich #14 Label\u00a0: Geffen Sortie\u00a0: 16 novembre 1984 Producteur\u00a0: Metallica \u00ab\u00a0Metallica... De Metallica.\u00a0\u00bb Gagol, 1994. Ma liste allant, je r\u00e9alise qu'on y trouve deux types d'albums\u00a0: ceux sur lesquels on passe et ceux qui m\u00e8nent vraiment ailleurs.\u2026","rel":"","context":"Dans &quot;Autodiscobiographie&quot;","block_context":{"text":"Autodiscobiographie","link":"https:\/\/www.wallendorff.com\/belogue\/category\/autodiscobiographie\/"},"img":{"alt_text":"","src":"https:\/\/i0.wp.com\/www.wallendorff.com\/belogue\/wp-content\/uploads\/2015\/04\/007b1.jpg?resize=350%2C200&ssl=1","width":350,"height":200,"srcset":"https:\/\/i0.wp.com\/www.wallendorff.com\/belogue\/wp-content\/uploads\/2015\/04\/007b1.jpg?resize=350%2C200&ssl=1 1x, https:\/\/i0.wp.com\/www.wallendorff.com\/belogue\/wp-content\/uploads\/2015\/04\/007b1.jpg?resize=525%2C300&ssl=1 1.5x, https:\/\/i0.wp.com\/www.wallendorff.com\/belogue\/wp-content\/uploads\/2015\/04\/007b1.jpg?resize=700%2C400&ssl=1 2x"},"classes":[]},{"id":30177,"url":"https:\/\/www.wallendorff.com\/belogue\/2016\/02\/02\/comme-vous-le-sentier\/","url_meta":{"origin":28639,"position":5},"title":"Comme vous le sentier.","author":"dpc","date":"2 f\u00e9vrier 2016","format":false,"excerpt":"Col du Feu, 1er novembre 2015. \u00c0 part \u00e7a, Fauxve viennent d'annoncer la sortie de leur disque floril\u00e8ge de r\u00e9cital en public, intitul\u00e9 150.9001, comme les 150\u00a0900\u00a0km qu'ils ont aval\u00e9s en trois ans de tourn\u00e9e. Comment ont-il mesur\u00e9 cette distance ? S'en sont-ils tenu \u00e0 utiliser le m\u00eame Fiat Multipla\u2026","rel":"","context":"Dans &quot;DPC&quot;","block_context":{"text":"DPC","link":"https:\/\/www.wallendorff.com\/belogue\/category\/dpc\/"},"img":{"alt_text":"","src":"https:\/\/i0.wp.com\/www.wallendorff.com\/belogue\/wp-content\/uploads\/2016\/02\/20160202.jpg?resize=350%2C200&ssl=1","width":350,"height":200,"srcset":"https:\/\/i0.wp.com\/www.wallendorff.com\/belogue\/wp-content\/uploads\/2016\/02\/20160202.jpg?resize=350%2C200&ssl=1 1x, https:\/\/i0.wp.com\/www.wallendorff.com\/belogue\/wp-content\/uploads\/2016\/02\/20160202.jpg?resize=525%2C300&ssl=1 1.5x, https:\/\/i0.wp.com\/www.wallendorff.com\/belogue\/wp-content\/uploads\/2016\/02\/20160202.jpg?resize=700%2C400&ssl=1 2x"},"classes":[]}],"_links":{"self":[{"href":"https:\/\/www.wallendorff.com\/belogue\/wp-json\/wp\/v2\/posts\/28639","targetHints":{"allow":["GET"]}}],"collection":[{"href":"https:\/\/www.wallendorff.com\/belogue\/wp-json\/wp\/v2\/posts"}],"about":[{"href":"https:\/\/www.wallendorff.com\/belogue\/wp-json\/wp\/v2\/types\/post"}],"author":[{"embeddable":true,"href":"https:\/\/www.wallendorff.com\/belogue\/wp-json\/wp\/v2\/users\/1"}],"replies":[{"embeddable":true,"href":"https:\/\/www.wallendorff.com\/belogue\/wp-json\/wp\/v2\/comments?post=28639"}],"version-history":[{"count":9,"href":"https:\/\/www.wallendorff.com\/belogue\/wp-json\/wp\/v2\/posts\/28639\/revisions"}],"predecessor-version":[{"id":28717,"href":"https:\/\/www.wallendorff.com\/belogue\/wp-json\/wp\/v2\/posts\/28639\/revisions\/28717"}],"wp:featuredmedia":[{"embeddable":true,"href":"https:\/\/www.wallendorff.com\/belogue\/wp-json\/wp\/v2\/media\/28643"}],"wp:attachment":[{"href":"https:\/\/www.wallendorff.com\/belogue\/wp-json\/wp\/v2\/media?parent=28639"}],"wp:term":[{"taxonomy":"category","embeddable":true,"href":"https:\/\/www.wallendorff.com\/belogue\/wp-json\/wp\/v2\/categories?post=28639"},{"taxonomy":"post_tag","embeddable":true,"href":"https:\/\/www.wallendorff.com\/belogue\/wp-json\/wp\/v2\/tags?post=28639"}],"curies":[{"name":"wp","href":"https:\/\/api.w.org\/{rel}","templated":true}]}}