{"id":285,"date":"2005-08-24T00:58:57","date_gmt":"2005-08-24T00:58:57","guid":{"rendered":"http:\/\/www.po-l.com\/wordpress\/?p=285"},"modified":"2012-06-26T09:51:03","modified_gmt":"2012-06-26T07:51:03","slug":"greve-de-la-fin","status":"publish","type":"post","link":"https:\/\/www.wallendorff.com\/belogue\/2005\/08\/24\/greve-de-la-fin\/","title":{"rendered":"Gr&egrave;ve de [la] fin&sup1;."},"content":{"rendered":"\n<div id=\"photo\">\n<p><img decoding=\"async\" src=\"http:\/\/www.po-L.com\/belogue\/photo\/2005\/08\/20050824.jpg\" \/><br \/>\n            St-P&eacute;e-sur-Nivelle, 19 ao&ucirc;t.<\/p>\n<\/p><\/div>\n<p style=\"text-align:right\">Vu que c&rsquo;est la St-Barth&eacute;l&eacute;my, j&rsquo;aurais pu mettre une bande-son qui tue.<\/p>\n<p style=\"text-align:right\">Mais je me contenterai d&rsquo;une bande-son de poney.<\/p>\n<p style=\"text-align:right\">[Fichtre, tout&nbsp;cela est follement int&eacute;ressant.]<\/p>\n<div id=\"bandeson\">\n<p><img decoding=\"async\" src=\"https:\/\/www.wallendorff.com\/belogue\/photo\/pochettes\/f\/fever_the-pink_on_pink.jpg\" align=\"left\" \/>&nbsp;The Fever &mdash; <em>Ponyboy<\/em><\/p>\n<\/p><\/div>\n<div id=\"bas_note\">\n<p>_____ <\/p>\n<p><sup>1<\/sup> Titre nase, je sais, mais au bout de 43 minutes de brainstorming, j&rsquo;en avais marre de chercher.<br \/>\n            [&Ccedil;a m&rsquo;a quand m&ecirc;me permis de d&eacute;couvrir qu&rsquo;en fait, si gr&egrave;ve et gr&egrave;ve, c&rsquo;est le m&ecirc;me mot, c&rsquo;est parce que &laquo;&nbsp;les ch&ocirc;meurs en qu&ecirc;te de travail se rassemblaient sur la place de Gr&egrave;ve, &agrave; Paris.&nbsp;&raquo; C&rsquo;est fou, non ?]<\/p>\n<\/p><\/div>\n","protected":false},"excerpt":{"rendered":"<p>St-P&eacute;e-sur-Nivelle, 19 ao&ucirc;t. Vu que c&rsquo;est la St-Barth&eacute;l&eacute;my, j&rsquo;aurais pu mettre une bande-son qui tue. Mais je me contenterai d&rsquo;une bande-son de poney. [Fichtre, tout&nbsp;cela est follement int&eacute;ressant.] &nbsp;The Fever &mdash; Ponyboy _____ 1 Titre nase, je sais, mais au bout de 43 minutes de brainstorming, j&rsquo;en avais marre de chercher. [&Ccedil;a m&rsquo;a quand m&ecirc;me&hellip;<\/p>\n","protected":false},"author":1,"featured_media":24225,"comment_status":"open","ping_status":"open","sticky":false,"template":"","format":"standard","meta":{"_acf_changed":false,"ngg_post_thumbnail":0,"jetpack_post_was_ever_published":false,"_jetpack_newsletter_access":"","_jetpack_dont_email_post_to_subs":false,"_jetpack_newsletter_tier_id":0,"_jetpack_memberships_contains_paywalled_content":false,"_jetpack_memberships_contains_paid_content":false,"footnotes":"","jetpack_publicize_message":"","jetpack_publicize_feature_enabled":true,"jetpack_social_post_already_shared":false,"jetpack_social_options":{"image_generator_settings":{"template":"highway","default_image_id":0,"font":"","enabled":false},"version":2}},"categories":[3],"tags":[10316,132,10484,10120,3597,143,1199,10315,10673,1193,173,1198],"class_list":["post-285","post","type-post","status-publish","format-standard","has-post-thumbnail","hentry","category-dpc","tag-aquitaine","tag-eos-20d","tag-eau","tag-france","tag-nivelle","tag-noir-et-blanc","tag-pony-boy","tag-pyrenees-atlantiques","tag-riviere","tag-saint-pee-sur-nivelle","tag-sigma-28-70-mm-f28-dg-ex","tag-the-fever"],"acf":[],"geo":{"latitude":43.3565407,"longitude":-1.5602088,"description":null},"jetpack_publicize_connections":[],"jetpack_featured_media_url":"https:\/\/www.wallendorff.com\/belogue\/wp-content\/uploads\/2015\/04\/200508241.jpg","jetpack_shortlink":"https:\/\/wp.me\/p3b35P-4B","jetpack_sharing_enabled":true,"jetpack-related-posts":[{"id":287,"url":"https:\/\/www.wallendorff.com\/belogue\/2005\/08\/22\/passe-temps-basque-d-a-bord\/","url_meta":{"origin":285,"position":0},"title":"Passe-temps basque d&rsquo;&agrave;-bord.","author":"dpc","date":"22 ao\u00fbt 2005","format":false,"excerpt":"St-P\u00e9e-sur-Nivelle, 19 ao\u00fbt. Faut dire aussi qu'\u00e0 part des photos, des bouteilles de vin, des poulets basquaises et des nuits de discutages, on a pas fait grand-chose. Et justement, c'est \u00e7a qui est bien. [Encore merci.] Bande-son\u00a0: M\u00e9nilmontant [est toujours vivant.]","rel":"","context":"Dans &quot;DPC&quot;","block_context":{"text":"DPC","link":"https:\/\/www.wallendorff.com\/belogue\/category\/dpc\/"},"img":{"alt_text":"","src":"https:\/\/i0.wp.com\/www.wallendorff.com\/belogue\/wp-content\/uploads\/2015\/04\/200508221.jpg?resize=350%2C200&ssl=1","width":350,"height":200},"classes":[]},{"id":284,"url":"https:\/\/www.wallendorff.com\/belogue\/2005\/08\/25\/vous-etes-de-meche\/","url_meta":{"origin":285,"position":1},"title":"Vous &ecirc;tes de M&egrave;che ?","author":"dpc","date":"25 ao\u00fbt 2005","format":false,"excerpt":"St-P\u00e9e-sur-Nivelle, 19 ao\u00fbt. Non, on est d'Annem\u00e0che. [aaaaaaaah, aaaaaaaaaaaaaah, ahahahah] \/Edit post-douche\u00a0: Demain je vois Plant en vrai. En vrai. Robert Plant. \u00c7a fait quelquechose, quand m\u00eame. On a beau dire, on reste impressionn\u00e9 toute sa vie par les h\u00e9ros de son enfance. \u00ab\u00a0Dance in the dark of night, sing\u2026","rel":"","context":"Dans &quot;DPC&quot;","block_context":{"text":"DPC","link":"https:\/\/www.wallendorff.com\/belogue\/category\/dpc\/"},"img":{"alt_text":"","src":"https:\/\/i0.wp.com\/www.wallendorff.com\/belogue\/wp-content\/uploads\/2015\/04\/200508251.jpg?resize=350%2C200&ssl=1","width":350,"height":200},"classes":[]},{"id":286,"url":"https:\/\/www.wallendorff.com\/belogue\/2005\/08\/23\/lune-et-tard-hier\/","url_meta":{"origin":285,"position":2},"title":"Lune et tard Hier.","author":"dpc","date":"23 ao\u00fbt 2005","format":false,"excerpt":"Ibarron, 21 ao\u00fbt, 3h46. \"Blue now is the colour Love the drug I'm needing Got to keep this feeling With the headlights burning We're looking up for something Answers on the ceiling Watching out the windows Watch the way the wind blows Soon it will be morning Still the question\u2026","rel":"","context":"Dans &quot;DPC&quot;","block_context":{"text":"DPC","link":"https:\/\/www.wallendorff.com\/belogue\/category\/dpc\/"},"img":{"alt_text":"","src":"https:\/\/i0.wp.com\/www.wallendorff.com\/belogue\/wp-content\/uploads\/2015\/04\/200508231.jpg?resize=350%2C200&ssl=1","width":350,"height":200,"srcset":"https:\/\/i0.wp.com\/www.wallendorff.com\/belogue\/wp-content\/uploads\/2015\/04\/200508231.jpg?resize=350%2C200&ssl=1 1x, https:\/\/i0.wp.com\/www.wallendorff.com\/belogue\/wp-content\/uploads\/2015\/04\/200508231.jpg?resize=525%2C300&ssl=1 1.5x"},"classes":[]},{"id":84,"url":"https:\/\/www.wallendorff.com\/belogue\/2006\/02\/21\/arctic-monkeys-lenoir-s-on-france-inter-yeah-baby-yeah-paris\/","url_meta":{"origin":285,"position":3},"title":"Arctic Monkeys @ Lenoir&rsquo;s on France Inter yeah baby yeah, Paris.","author":"dpc","date":"21 f\u00e9vrier 2006","format":false,"excerpt":"\u00catre rock en 2006, c'est trouver que si Damon Albarn et Liam Gallagher s'\u00e9taient r\u00e9concili\u00e9s, ils auraient s\u00fbrement engendr\u00e9 Alex Turner, tant celui-ci \u00e0 la tronche de celui-l\u00e0 et surtout les postures de l'autre, c'est remonter la rue de Beauvilliers parce que le m\u00e9tro, c'est plus rock n'roll que le\u2026","rel":"","context":"Dans &quot;Alive&quot;","block_context":{"text":"Alive","link":"https:\/\/www.wallendorff.com\/belogue\/category\/alive\/"},"img":{"alt_text":"","src":"https:\/\/i0.wp.com\/www.wallendorff.com\/belogue\/wp-content\/uploads\/2015\/04\/200602211.jpg?resize=350%2C200&ssl=1","width":350,"height":200},"classes":[]},{"id":549,"url":"https:\/\/www.wallendorff.com\/belogue\/2006\/07\/26\/pony-pony-pony-it-s-a-rich-man-s-world\/","url_meta":{"origin":285,"position":4},"title":"Pony, pony, pony [It&rsquo;s a rich man&rsquo;s world.]","author":"dpc","date":"26 juillet 2006","format":false,"excerpt":"Place du Panth\u00e9on, Paris, 17 juin. Nom de Zeus. On est 8 ans plus tard, je ne pensais plus jamais les revoir1 et les revoil\u00e0 qui s'en viennent. Soul Asylum, The Silver Lining, dans les bacs depuis le 11 juillet. PS\u00a0: \u00c0 la base j'\u00e9tais parti pour une compile de\u2026","rel":"","context":"Dans &quot;DPC&quot;","block_context":{"text":"DPC","link":"https:\/\/www.wallendorff.com\/belogue\/category\/dpc\/"},"img":{"alt_text":"","src":"https:\/\/i0.wp.com\/www.wallendorff.com\/belogue\/wp-content\/uploads\/2015\/04\/200607261.jpg?resize=350%2C200&ssl=1","width":350,"height":200},"classes":[]},{"id":7555,"url":"https:\/\/www.wallendorff.com\/belogue\/2010\/05\/19\/avi-buffalo-boogers-le-reservoir-paris\/","url_meta":{"origin":285,"position":5},"title":"Avi Buffalo + Boogers @ le R\u00e9servoir, Paris.","author":"dpc","date":"19 mai 2010","format":false,"excerpt":"Avi Buffalo. Bande de quatre grands gamins de Long Beach, Californie, form\u00e9e autour d'Avigdor Zahner-Isenberg \u2015\u00a0qu'on surnommera Avi, comme le reste de la plan\u00e8te, pour s'\u00e9viter des tendinites de doigts \u00e0 r\u00e9p\u00e9tition\u00a0\u2015 m\u00e9langeant MGMT pour les chants en forme de ch\u0153urs, Arcade Fire pour les ch\u0153urs en forme de chants,\u2026","rel":"","context":"Dans &quot;Alive&quot;","block_context":{"text":"Alive","link":"https:\/\/www.wallendorff.com\/belogue\/category\/alive\/"},"img":{"alt_text":"","src":"https:\/\/i0.wp.com\/www.wallendorff.com\/belogue\/wp-content\/uploads\/2015\/04\/201005191.jpg?resize=350%2C200&ssl=1","width":350,"height":200,"srcset":"https:\/\/i0.wp.com\/www.wallendorff.com\/belogue\/wp-content\/uploads\/2015\/04\/201005191.jpg?resize=350%2C200&ssl=1 1x, https:\/\/i0.wp.com\/www.wallendorff.com\/belogue\/wp-content\/uploads\/2015\/04\/201005191.jpg?resize=525%2C300&ssl=1 1.5x, https:\/\/i0.wp.com\/www.wallendorff.com\/belogue\/wp-content\/uploads\/2015\/04\/201005191.jpg?resize=700%2C400&ssl=1 2x"},"classes":[]}],"_links":{"self":[{"href":"https:\/\/www.wallendorff.com\/belogue\/wp-json\/wp\/v2\/posts\/285","targetHints":{"allow":["GET"]}}],"collection":[{"href":"https:\/\/www.wallendorff.com\/belogue\/wp-json\/wp\/v2\/posts"}],"about":[{"href":"https:\/\/www.wallendorff.com\/belogue\/wp-json\/wp\/v2\/types\/post"}],"author":[{"embeddable":true,"href":"https:\/\/www.wallendorff.com\/belogue\/wp-json\/wp\/v2\/users\/1"}],"replies":[{"embeddable":true,"href":"https:\/\/www.wallendorff.com\/belogue\/wp-json\/wp\/v2\/comments?post=285"}],"version-history":[{"count":2,"href":"https:\/\/www.wallendorff.com\/belogue\/wp-json\/wp\/v2\/posts\/285\/revisions"}],"predecessor-version":[{"id":4520,"href":"https:\/\/www.wallendorff.com\/belogue\/wp-json\/wp\/v2\/posts\/285\/revisions\/4520"}],"wp:featuredmedia":[{"embeddable":true,"href":"https:\/\/www.wallendorff.com\/belogue\/wp-json\/wp\/v2\/media\/24225"}],"wp:attachment":[{"href":"https:\/\/www.wallendorff.com\/belogue\/wp-json\/wp\/v2\/media?parent=285"}],"wp:term":[{"taxonomy":"category","embeddable":true,"href":"https:\/\/www.wallendorff.com\/belogue\/wp-json\/wp\/v2\/categories?post=285"},{"taxonomy":"post_tag","embeddable":true,"href":"https:\/\/www.wallendorff.com\/belogue\/wp-json\/wp\/v2\/tags?post=285"}],"curies":[{"name":"wp","href":"https:\/\/api.w.org\/{rel}","templated":true}]}}