{"id":28272,"date":"2015-07-16T17:31:38","date_gmt":"2015-07-16T15:31:38","guid":{"rendered":"http:\/\/www.wallendorff.com\/belogue\/?p=28272"},"modified":"2015-07-16T17:31:38","modified_gmt":"2015-07-16T15:31:38","slug":"la-colline-a-des-cieux","status":"publish","type":"post","link":"https:\/\/www.wallendorff.com\/belogue\/2015\/07\/16\/la-colline-a-des-cieux\/","title":{"rendered":"La colline a des cieux."},"content":{"rendered":"\n<div id=\"photo\">\n<p><img decoding=\"async\" src=\"https:\/\/www.wallendorff.com\/belogue\/photo\/2015\/07\/20150716.jpg\"><br \/>\nBaie du Mont-Saint-Michel, 12 avril.<\/p>\n<\/p><\/div>\n<div id=\"bandeson\">\n<p><img decoding=\"async\" src=\"https:\/\/www.wallendorff.com\/belogue\/photo\/pochettes\/d\/depeche_mode-violator.jpg\" align=\"left\" \/><a style=\"font-weight:normal\" id=\"lienmp3\" href=\"http:\/\/www.youtube.com\/watch?v=vyrpRzdvp5U\"><em>Waiting for the Night<\/em><\/a><br \/>\n<a href=\"http:\/\/www.depechemode.com\/\">Depeche Mode<\/a><\/p>\n<\/p><\/div>\n","protected":false},"excerpt":{"rendered":"<p>Baie du Mont-Saint-Michel, 12 avril. Waiting for the Night Depeche Mode<\/p>\n","protected":false},"author":1,"featured_media":28274,"comment_status":"open","ping_status":"open","sticky":false,"template":"","format":"standard","meta":{"_acf_changed":false,"ngg_post_thumbnail":0,"jetpack_post_was_ever_published":false,"_jetpack_newsletter_access":"","_jetpack_dont_email_post_to_subs":false,"_jetpack_newsletter_tier_id":0,"_jetpack_memberships_contains_paywalled_content":false,"_jetpack_memberships_contains_paid_content":false,"footnotes":"","jetpack_publicize_message":"","jetpack_publicize_feature_enabled":true,"jetpack_social_post_already_shared":true,"jetpack_social_options":{"image_generator_settings":{"template":"highway","default_image_id":0,"font":"","enabled":false},"version":2}},"categories":[3],"tags":[9992,2364,737,8751,8351,10326,10126,10120,9696,9699,549],"class_list":["post-28272","post","type-post","status-publish","format-standard","has-post-thumbnail","hentry","category-dpc","tag-baie-du-mont-saint-michel","tag-basse-normandie","tag-bleu","tag-ef-70-300mm-f4-5-6-is-usm","tag-eos-6d","tag-crepuscule","tag-depeche-mode","tag-france","tag-le-mont-saint-michel","tag-manche","tag-waiting-for-the-night"],"acf":[],"geo":{"latitude":48.633625,"longitude":-1.5099549,"description":"D976, 50170 Le Mont-Saint-Michel, France"},"jetpack_publicize_connections":[],"jetpack_featured_media_url":"https:\/\/www.wallendorff.com\/belogue\/wp-content\/uploads\/2015\/07\/20150716.jpg","jetpack_shortlink":"https:\/\/wp.me\/p3b35P-7m0","jetpack_sharing_enabled":true,"jetpack-related-posts":[{"id":27953,"url":"https:\/\/www.wallendorff.com\/belogue\/2015\/07\/03\/la-file-du-bedouin\/","url_meta":{"origin":28272,"position":0},"title":"La file du b\u00e9douin.","author":"dpc","date":"3 juillet 2015","format":false,"excerpt":"Baie du Mont-Saint-Michel, 13 avril. Allez, tout le monde prend son sac \u00e0 dos, sa lotion solaire et son bob et hop, c'est parti pour l'\u00e9t\u00e9 qui change tout. Und jetzt, nach Belfort. Yesterdays Only Real","rel":"","context":"Dans &quot;DPC&quot;","block_context":{"text":"DPC","link":"https:\/\/www.wallendorff.com\/belogue\/category\/dpc\/"},"img":{"alt_text":"","src":"https:\/\/i0.wp.com\/www.wallendorff.com\/belogue\/wp-content\/uploads\/2015\/07\/20150703.jpg?resize=350%2C200&ssl=1","width":350,"height":200,"srcset":"https:\/\/i0.wp.com\/www.wallendorff.com\/belogue\/wp-content\/uploads\/2015\/07\/20150703.jpg?resize=350%2C200&ssl=1 1x, https:\/\/i0.wp.com\/www.wallendorff.com\/belogue\/wp-content\/uploads\/2015\/07\/20150703.jpg?resize=525%2C300&ssl=1 1.5x, https:\/\/i0.wp.com\/www.wallendorff.com\/belogue\/wp-content\/uploads\/2015\/07\/20150703.jpg?resize=700%2C400&ssl=1 2x"},"classes":[]},{"id":21164,"url":"https:\/\/www.wallendorff.com\/belogue\/2013\/06\/17\/depeche-mode-stade-de-france-saint-denis-15-juin\/","url_meta":{"origin":28272,"position":1},"title":"Depeche Mode @ Stade de France, Saint-Denis, 15 juin.","author":"dpc","date":"17 juin 2013","format":false,"excerpt":"Welcome to My World | Angel | Walking in My Shoes | Precious | Black Celebration | Policy of Truth | Should Be Higher | Barrel of a Gun | Higher Love | Judas | Heaven | Soothe My Soul | A Pain That I'm Used to | A Question\u2026","rel":"","context":"Dans &quot;Alive&quot;","block_context":{"text":"Alive","link":"https:\/\/www.wallendorff.com\/belogue\/category\/alive\/"},"img":{"alt_text":"","src":"https:\/\/i0.wp.com\/www.wallendorff.com\/belogue\/wp-content\/uploads\/2015\/04\/20130617.jpg?resize=350%2C200&ssl=1","width":350,"height":200,"srcset":"https:\/\/i0.wp.com\/www.wallendorff.com\/belogue\/wp-content\/uploads\/2015\/04\/20130617.jpg?resize=350%2C200&ssl=1 1x, https:\/\/i0.wp.com\/www.wallendorff.com\/belogue\/wp-content\/uploads\/2015\/04\/20130617.jpg?resize=525%2C300&ssl=1 1.5x, https:\/\/i0.wp.com\/www.wallendorff.com\/belogue\/wp-content\/uploads\/2015\/04\/20130617.jpg?resize=700%2C400&ssl=1 2x"},"classes":[]},{"id":439,"url":"https:\/\/www.wallendorff.com\/belogue\/2005\/03\/15\/ca-m-isole-de-force\/","url_meta":{"origin":28272,"position":2},"title":"&Ccedil;a m&rsquo;isole de force.","author":"dpc","date":"15 mars 2005","format":false,"excerpt":"Cath\u00e9drale Saint-\u00c9tienne, Metz, 10 mars. La bande-son sort de l\u00e0, y en a tout un album, je vous le conseille fortement. \u00a0Depeche Mode \u2013 Death's Door (Raph piano mix)","rel":"","context":"Dans &quot;DPC&quot;","block_context":{"text":"DPC","link":"https:\/\/www.wallendorff.com\/belogue\/category\/dpc\/"},"img":{"alt_text":"","src":"https:\/\/i0.wp.com\/www.wallendorff.com\/belogue\/wp-content\/uploads\/2015\/04\/20050315-011.jpg?resize=350%2C200&ssl=1","width":350,"height":200},"classes":[]},{"id":4096,"url":"https:\/\/www.wallendorff.com\/belogue\/2009\/03\/31\/shooting-people-48\/","url_meta":{"origin":28272,"position":3},"title":"Shooting people #48.","author":"dpc","date":"31 mars 2009","format":false,"excerpt":"Rue Saint-Rustique, Paris, 22 f\u00e9vrier. Depeche Mode \u2013 Halo (Goldfrapp mix)","rel":"","context":"Dans &quot;Portraits&quot;","block_context":{"text":"Portraits","link":"https:\/\/www.wallendorff.com\/belogue\/category\/portraits\/"},"img":{"alt_text":"","src":"https:\/\/i0.wp.com\/www.wallendorff.com\/belogue\/wp-content\/uploads\/2015\/04\/200903311.jpg?resize=350%2C200&ssl=1","width":350,"height":200,"srcset":"https:\/\/i0.wp.com\/www.wallendorff.com\/belogue\/wp-content\/uploads\/2015\/04\/200903311.jpg?resize=350%2C200&ssl=1 1x, https:\/\/i0.wp.com\/www.wallendorff.com\/belogue\/wp-content\/uploads\/2015\/04\/200903311.jpg?resize=525%2C300&ssl=1 1.5x"},"classes":[]},{"id":301,"url":"https:\/\/www.wallendorff.com\/belogue\/2005\/08\/02\/ca-l-ondule-ivre\/","url_meta":{"origin":28272,"position":4},"title":"&Ccedil;a l&rsquo;ondule ivre.","author":"dpc","date":"2 ao\u00fbt 2005","format":false,"excerpt":"Tr\u00e8s Grosse Biblioth\u00e8que, Paris, 20 juillet. \"And there in the still All that you feel Is tranquillity\" \u00a0Depeche Mode \u2013 Waiting for the Night","rel":"","context":"Dans &quot;DPC&quot;","block_context":{"text":"DPC","link":"https:\/\/www.wallendorff.com\/belogue\/category\/dpc\/"},"img":{"alt_text":"","src":"https:\/\/i0.wp.com\/www.wallendorff.com\/belogue\/wp-content\/uploads\/2015\/04\/200508021.jpg?resize=350%2C200&ssl=1","width":350,"height":200},"classes":[]},{"id":126563,"url":"https:\/\/www.wallendorff.com\/belogue\/2023\/11\/07\/je-me-souviens-vi-montreal\/","url_meta":{"origin":28272,"position":5},"title":"Je me souviens [VI] : Montr\u00e9al.","author":"dpc","date":"7 novembre 2023","format":false,"excerpt":"","rel":"","context":"Dans &quot;DPC&quot;","block_context":{"text":"DPC","link":"https:\/\/www.wallendorff.com\/belogue\/category\/dpc\/"},"img":{"alt_text":"","src":"https:\/\/i0.wp.com\/www.wallendorff.com\/belogue\/wp-content\/uploads\/2023\/11\/20231107-25.jpg?resize=350%2C200&ssl=1","width":350,"height":200,"srcset":"https:\/\/i0.wp.com\/www.wallendorff.com\/belogue\/wp-content\/uploads\/2023\/11\/20231107-25.jpg?resize=350%2C200&ssl=1 1x, https:\/\/i0.wp.com\/www.wallendorff.com\/belogue\/wp-content\/uploads\/2023\/11\/20231107-25.jpg?resize=525%2C300&ssl=1 1.5x, https:\/\/i0.wp.com\/www.wallendorff.com\/belogue\/wp-content\/uploads\/2023\/11\/20231107-25.jpg?resize=700%2C400&ssl=1 2x, https:\/\/i0.wp.com\/www.wallendorff.com\/belogue\/wp-content\/uploads\/2023\/11\/20231107-25.jpg?resize=1050%2C600&ssl=1 3x"},"classes":[]}],"_links":{"self":[{"href":"https:\/\/www.wallendorff.com\/belogue\/wp-json\/wp\/v2\/posts\/28272","targetHints":{"allow":["GET"]}}],"collection":[{"href":"https:\/\/www.wallendorff.com\/belogue\/wp-json\/wp\/v2\/posts"}],"about":[{"href":"https:\/\/www.wallendorff.com\/belogue\/wp-json\/wp\/v2\/types\/post"}],"author":[{"embeddable":true,"href":"https:\/\/www.wallendorff.com\/belogue\/wp-json\/wp\/v2\/users\/1"}],"replies":[{"embeddable":true,"href":"https:\/\/www.wallendorff.com\/belogue\/wp-json\/wp\/v2\/comments?post=28272"}],"version-history":[{"count":2,"href":"https:\/\/www.wallendorff.com\/belogue\/wp-json\/wp\/v2\/posts\/28272\/revisions"}],"predecessor-version":[{"id":28275,"href":"https:\/\/www.wallendorff.com\/belogue\/wp-json\/wp\/v2\/posts\/28272\/revisions\/28275"}],"wp:featuredmedia":[{"embeddable":true,"href":"https:\/\/www.wallendorff.com\/belogue\/wp-json\/wp\/v2\/media\/28274"}],"wp:attachment":[{"href":"https:\/\/www.wallendorff.com\/belogue\/wp-json\/wp\/v2\/media?parent=28272"}],"wp:term":[{"taxonomy":"category","embeddable":true,"href":"https:\/\/www.wallendorff.com\/belogue\/wp-json\/wp\/v2\/categories?post=28272"},{"taxonomy":"post_tag","embeddable":true,"href":"https:\/\/www.wallendorff.com\/belogue\/wp-json\/wp\/v2\/tags?post=28272"}],"curies":[{"name":"wp","href":"https:\/\/api.w.org\/{rel}","templated":true}]}}