{"id":282,"date":"2005-11-01T00:46:16","date_gmt":"2005-11-01T00:46:16","guid":{"rendered":"http:\/\/www.po-l.com\/wordpress\/?p=282"},"modified":"2013-06-21T16:36:46","modified_gmt":"2013-06-21T14:36:46","slug":"hurle-uber-lu","status":"publish","type":"post","link":"https:\/\/www.wallendorff.com\/belogue\/2005\/11\/01\/hurle-uber-lu\/","title":{"rendered":"Hurle &uuml;ber-Lu&reg;&sup1;."},"content":{"rendered":"<div id=\"photo\">\n<p><img decoding=\"async\" src=\"http:\/\/www.po-L.com\/belogue\/photo\/2005\/11\/20051101.jpg\" \/><br \/>\n    Cour du Commerce Saint-Andr&eacute;, Paris, 8 octobre.<\/p>\n<\/div>\n<p style=\"text-align:right\">&quot;<em>You are chains<br \/>\n  When you&rsquo;re chained<br \/>\n  With a chain<\/em>&quot;<\/p>\n<p align=\"right\">[&Agrave; m&eacute;diter. Profond&eacute;ment.]<\/p>\n<div id=\"bandeson\">\n<p><img decoding=\"async\" src=\"https:\/\/www.wallendorff.com\/belogue\/photo\/pochettes\/s\/secret_machines-now_here_is_nowhere.jpg\" align=\"left\" \/>&nbsp;<a href=\"http:\/\/www.thesecretmachines.com\/\">Secret Machines<\/a> &ndash; <em>You Are Chains<\/em><\/p>\n<\/div>\n<p>[&quot;<em>If you hadn&rsquo;t come here when you did<br \/>\n  I might still believe<br \/>\n  I was never in chains<\/em>&quot;] <\/p>\n<p>_____<\/p>\n<div id=\"bas_note\">\n<p><sup>1<\/sup> C&rsquo;est toujours pareil: tu cherches pendant une demi-heure LE titre qui collera TROP SUPER BIEN &agrave; la photo du jour, et &agrave; la fin, quand t&rsquo;en as marre et que de toutes fa&ccedil;ons il n&rsquo;y a plus de caf&eacute;, ben paf, tu ponds le premier truc qui passe. La vie, c&rsquo;est gn&ucirc;l. <\/p>\n<\/div>\n","protected":false},"excerpt":{"rendered":"<p>Cour du Commerce Saint-Andr&eacute;, Paris, 8 octobre. &quot;You are chains When you&rsquo;re chained With a chain&quot; [&Agrave; m&eacute;diter. Profond&eacute;ment.] &nbsp;Secret Machines &ndash; You Are Chains [&quot;If you hadn&rsquo;t come here when you did I might still believe I was never in chains&quot;] _____ 1 C&rsquo;est toujours pareil: tu cherches pendant une demi-heure LE titre qui&hellip;<\/p>\n","protected":false},"author":1,"featured_media":24222,"comment_status":"open","ping_status":"open","sticky":false,"template":"","format":"standard","meta":{"_acf_changed":false,"ngg_post_thumbnail":0,"jetpack_post_was_ever_published":false,"_jetpack_newsletter_access":"","_jetpack_dont_email_post_to_subs":false,"_jetpack_newsletter_tier_id":0,"_jetpack_memberships_contains_paywalled_content":false,"_jetpack_memberships_contains_paid_content":false,"footnotes":"","jetpack_publicize_message":"","jetpack_publicize_feature_enabled":true,"jetpack_social_post_already_shared":false,"jetpack_social_options":{"image_generator_settings":{"template":"highway","default_image_id":0,"font":"","enabled":false},"version":2}},"categories":[3],"tags":[10250,142,132,10144,1287,10120,10121,143,10098,587,841],"class_list":["post-282","post","type-post","status-publish","format-standard","has-post-thumbnail","hentry","category-dpc","tag-10250","tag-ef-s-10-22-mm-f35-45-usm","tag-eos-20d","tag-ciel","tag-cour-du-commerce-saint-andre","tag-france","tag-ile-de-france","tag-noir-et-blanc","tag-paris","tag-secret-machines","tag-you-are-chain"],"acf":[],"geo":{"latitude":48.8532791,"longitude":2.3389909,"description":null},"jetpack_publicize_connections":[],"jetpack_featured_media_url":"https:\/\/www.wallendorff.com\/belogue\/wp-content\/uploads\/2015\/04\/200511011.jpg","jetpack_shortlink":"https:\/\/wp.me\/p3b35P-4y","jetpack_sharing_enabled":true,"jetpack-related-posts":[{"id":128077,"url":"https:\/\/www.wallendorff.com\/belogue\/2024\/04\/30\/avril-2024\/","url_meta":{"origin":282,"position":0},"title":"Avril 2024.","author":"dpc","date":"30 avril 2024","format":false,"excerpt":"Une \u00e9glise, un train, une fondue, une fen\u00eatre, une plage, un blockhaus, un ap\u00e9ro, un train, une plage, une terrasse, une maison, une jet\u00e9e, un phare, une c\u00f4te, un rocher, une tour, un r\u00e9cif, une urne, une halle, des toits, une grille, une vitrine en cours, une gare, un train,\u2026","rel":"","context":"Dans &quot;Blog-note&quot;","block_context":{"text":"Blog-note","link":"https:\/\/www.wallendorff.com\/belogue\/category\/blog-note\/"},"img":{"alt_text":"","src":"https:\/\/i0.wp.com\/www.wallendorff.com\/belogue\/wp-content\/uploads\/2024\/05\/20240523-70.jpg?resize=350%2C200&ssl=1","width":350,"height":200,"srcset":"https:\/\/i0.wp.com\/www.wallendorff.com\/belogue\/wp-content\/uploads\/2024\/05\/20240523-70.jpg?resize=350%2C200&ssl=1 1x, https:\/\/i0.wp.com\/www.wallendorff.com\/belogue\/wp-content\/uploads\/2024\/05\/20240523-70.jpg?resize=525%2C300&ssl=1 1.5x, https:\/\/i0.wp.com\/www.wallendorff.com\/belogue\/wp-content\/uploads\/2024\/05\/20240523-70.jpg?resize=700%2C400&ssl=1 2x, https:\/\/i0.wp.com\/www.wallendorff.com\/belogue\/wp-content\/uploads\/2024\/05\/20240523-70.jpg?resize=1050%2C600&ssl=1 3x"},"classes":[]},{"id":127545,"url":"https:\/\/www.wallendorff.com\/belogue\/2024\/02\/29\/fevrier-2024\/","url_meta":{"origin":282,"position":1},"title":"F\u00e9vrier 2024.","author":"dpc","date":"29 f\u00e9vrier 2024","format":false,"excerpt":"Un gros piquet, des lumi\u00e8res, un si\u00e8ge, un man\u00e8ge, un m\u00e9tro, des chaises, un spectacle, un bisou, une expo, un gros dino, un v\u00e9lo, un reflet, un m\u00e9tro, un logo, une vitrine, une flaque, une cour, un pont, une grue, un chat pr\u00e9nomm\u00e9 Albert, un serpent tout vert, une marche,\u2026","rel":"","context":"Dans &quot;Blog-note&quot;","block_context":{"text":"Blog-note","link":"https:\/\/www.wallendorff.com\/belogue\/category\/blog-note\/"},"img":{"alt_text":"","src":"https:\/\/i0.wp.com\/www.wallendorff.com\/belogue\/wp-content\/uploads\/2024\/03\/20240321-50.jpg?resize=350%2C200&ssl=1","width":350,"height":200,"srcset":"https:\/\/i0.wp.com\/www.wallendorff.com\/belogue\/wp-content\/uploads\/2024\/03\/20240321-50.jpg?resize=350%2C200&ssl=1 1x, https:\/\/i0.wp.com\/www.wallendorff.com\/belogue\/wp-content\/uploads\/2024\/03\/20240321-50.jpg?resize=525%2C300&ssl=1 1.5x, https:\/\/i0.wp.com\/www.wallendorff.com\/belogue\/wp-content\/uploads\/2024\/03\/20240321-50.jpg?resize=700%2C400&ssl=1 2x, https:\/\/i0.wp.com\/www.wallendorff.com\/belogue\/wp-content\/uploads\/2024\/03\/20240321-50.jpg?resize=1050%2C600&ssl=1 3x"},"classes":[]},{"id":21192,"url":"https:\/\/www.wallendorff.com\/belogue\/2013\/06\/21\/into-the-wide-10\/","url_meta":{"origin":282,"position":2},"title":"Into the wide #10.","author":"dpc","date":"21 juin 2013","format":false,"excerpt":"Terminal 2F, a\u00e9roport Paris-Charles-de-Gaulle, 20 mai. Les a\u00e9roports vides la nuit c'est le d\u00e9calage horaire instantan\u00e9, la perte imm\u00e9diate de toute notion de temps et d'espace, l'impression soudaine de voir heures et kilom\u00e8tres se fondre dans la m\u00eame unit\u00e9, l'unique dimension d'un monde \u00e0 part, perdu au c\u0153ur d'une \u00e9ternit\u00e9\u2026","rel":"","context":"Dans &quot;Into the wide&quot;","block_context":{"text":"Into the wide","link":"https:\/\/www.wallendorff.com\/belogue\/category\/into-the-wide\/"},"img":{"alt_text":"","src":"https:\/\/i0.wp.com\/www.wallendorff.com\/belogue\/wp-content\/uploads\/2015\/04\/20130621.jpg?resize=350%2C200&ssl=1","width":350,"height":200,"srcset":"https:\/\/i0.wp.com\/www.wallendorff.com\/belogue\/wp-content\/uploads\/2015\/04\/20130621.jpg?resize=350%2C200&ssl=1 1x, https:\/\/i0.wp.com\/www.wallendorff.com\/belogue\/wp-content\/uploads\/2015\/04\/20130621.jpg?resize=525%2C300&ssl=1 1.5x, https:\/\/i0.wp.com\/www.wallendorff.com\/belogue\/wp-content\/uploads\/2015\/04\/20130621.jpg?resize=700%2C400&ssl=1 2x"},"classes":[]},{"id":127050,"url":"https:\/\/www.wallendorff.com\/belogue\/2023\/12\/31\/decembre-2023\/","url_meta":{"origin":282,"position":3},"title":"D\u00e9cembre 2023.","author":"dpc","date":"31 d\u00e9cembre 2023","format":false,"excerpt":"Un vernissage, un m\u00e9tro, un miroir d\u2019eau, une esplanade, un avion, une tour, un v\u00e9lo, un avion, une pause, un m\u00e9tro, une pyramide floue, une passerelle, un banc, un mus\u00e9e, une arcade, une acrobatie, un r\u00e9veillon, une conf\u00e9rence, un escalier bien achaland\u00e9, un choual, une \u00e9curie, un man\u00e8ge, un saut,\u2026","rel":"","context":"Dans &quot;Blog-note&quot;","block_context":{"text":"Blog-note","link":"https:\/\/www.wallendorff.com\/belogue\/category\/blog-note\/"},"img":{"alt_text":"","src":"https:\/\/i0.wp.com\/www.wallendorff.com\/belogue\/wp-content\/uploads\/2024\/01\/20240110-62.jpg?resize=350%2C200&ssl=1","width":350,"height":200,"srcset":"https:\/\/i0.wp.com\/www.wallendorff.com\/belogue\/wp-content\/uploads\/2024\/01\/20240110-62.jpg?resize=350%2C200&ssl=1 1x, https:\/\/i0.wp.com\/www.wallendorff.com\/belogue\/wp-content\/uploads\/2024\/01\/20240110-62.jpg?resize=525%2C300&ssl=1 1.5x, https:\/\/i0.wp.com\/www.wallendorff.com\/belogue\/wp-content\/uploads\/2024\/01\/20240110-62.jpg?resize=700%2C400&ssl=1 2x, https:\/\/i0.wp.com\/www.wallendorff.com\/belogue\/wp-content\/uploads\/2024\/01\/20240110-62.jpg?resize=1050%2C600&ssl=1 3x"},"classes":[]},{"id":4908,"url":"https:\/\/www.wallendorff.com\/belogue\/2009\/10\/22\/labri-neuf\/","url_meta":{"origin":282,"position":4},"title":"L&rsquo;abri neuf,","author":"dpc","date":"22 octobre 2009","format":false,"excerpt":"Cour Saint-Joseph, Paris, 17 mai. \u00a0Julian Plenti \u2013 Skyscraper Et l\u00e0 j'inaugure le titre en deux parties. La suite sera d\u00e9couverte demain. Faut savoir innover dans la vie. Ah et quelqu'un s'est enfin pench\u00e9 sur le probl\u00e8me qui me turlupinait depuis 15 ans. Je suis joie.","rel":"","context":"Dans &quot;DPC&quot;","block_context":{"text":"DPC","link":"https:\/\/www.wallendorff.com\/belogue\/category\/dpc\/"},"img":{"alt_text":"","src":"https:\/\/i0.wp.com\/www.wallendorff.com\/belogue\/wp-content\/uploads\/2015\/04\/200910221.jpg?resize=350%2C200&ssl=1","width":350,"height":200},"classes":[]},{"id":127373,"url":"https:\/\/www.wallendorff.com\/belogue\/2024\/01\/31\/janvier-2024\/","url_meta":{"origin":282,"position":5},"title":"Janvier 2024.","author":"dpc","date":"31 janvier 2024","format":false,"excerpt":"Un panneau de nuit, un feu de camp, une bouteille, un premier matin, un miroir, une for\u00eat, un champ, un arbre, une balan\u00e7oire, un champ, un panneau de jour, un souper, un livre, un m\u00e9tropolitain, un lever de soleil, un pigeon, un h\u00f4tel, un caf\u00e9, un chantier, une plante, un\u2026","rel":"","context":"Dans &quot;Blog-note&quot;","block_context":{"text":"Blog-note","link":"https:\/\/www.wallendorff.com\/belogue\/category\/blog-note\/"},"img":{"alt_text":"","src":"https:\/\/i0.wp.com\/www.wallendorff.com\/belogue\/wp-content\/uploads\/2024\/02\/20240214-69.jpg?resize=350%2C200&ssl=1","width":350,"height":200,"srcset":"https:\/\/i0.wp.com\/www.wallendorff.com\/belogue\/wp-content\/uploads\/2024\/02\/20240214-69.jpg?resize=350%2C200&ssl=1 1x, https:\/\/i0.wp.com\/www.wallendorff.com\/belogue\/wp-content\/uploads\/2024\/02\/20240214-69.jpg?resize=525%2C300&ssl=1 1.5x, https:\/\/i0.wp.com\/www.wallendorff.com\/belogue\/wp-content\/uploads\/2024\/02\/20240214-69.jpg?resize=700%2C400&ssl=1 2x, https:\/\/i0.wp.com\/www.wallendorff.com\/belogue\/wp-content\/uploads\/2024\/02\/20240214-69.jpg?resize=1050%2C600&ssl=1 3x"},"classes":[]}],"_links":{"self":[{"href":"https:\/\/www.wallendorff.com\/belogue\/wp-json\/wp\/v2\/posts\/282","targetHints":{"allow":["GET"]}}],"collection":[{"href":"https:\/\/www.wallendorff.com\/belogue\/wp-json\/wp\/v2\/posts"}],"about":[{"href":"https:\/\/www.wallendorff.com\/belogue\/wp-json\/wp\/v2\/types\/post"}],"author":[{"embeddable":true,"href":"https:\/\/www.wallendorff.com\/belogue\/wp-json\/wp\/v2\/users\/1"}],"replies":[{"embeddable":true,"href":"https:\/\/www.wallendorff.com\/belogue\/wp-json\/wp\/v2\/comments?post=282"}],"version-history":[{"count":2,"href":"https:\/\/www.wallendorff.com\/belogue\/wp-json\/wp\/v2\/posts\/282\/revisions"}],"predecessor-version":[{"id":21190,"href":"https:\/\/www.wallendorff.com\/belogue\/wp-json\/wp\/v2\/posts\/282\/revisions\/21190"}],"wp:featuredmedia":[{"embeddable":true,"href":"https:\/\/www.wallendorff.com\/belogue\/wp-json\/wp\/v2\/media\/24222"}],"wp:attachment":[{"href":"https:\/\/www.wallendorff.com\/belogue\/wp-json\/wp\/v2\/media?parent=282"}],"wp:term":[{"taxonomy":"category","embeddable":true,"href":"https:\/\/www.wallendorff.com\/belogue\/wp-json\/wp\/v2\/categories?post=282"},{"taxonomy":"post_tag","embeddable":true,"href":"https:\/\/www.wallendorff.com\/belogue\/wp-json\/wp\/v2\/tags?post=282"}],"curies":[{"name":"wp","href":"https:\/\/api.w.org\/{rel}","templated":true}]}}