{"id":28,"date":"2006-02-11T00:46:27","date_gmt":"2006-02-11T00:46:27","guid":{"rendered":"http:\/\/www.po-l.com\/wordpress\/?p=28"},"modified":"2012-05-04T11:20:37","modified_gmt":"2012-05-04T09:20:37","slug":"t-embourba-tant","status":"publish","type":"post","link":"https:\/\/www.wallendorff.com\/belogue\/2006\/02\/11\/t-embourba-tant\/","title":{"rendered":"T&#8217;embourba tant."},"content":{"rendered":"\n<div id=\"photo\">\n<p><img decoding=\"async\" src=\"http:\/\/www.po-L.com\/belogue\/photo\/2006\/02\/20060211.jpg\"\/><br \/>\n          Clamart, 23 janvier, 17h53.<\/p>\n<\/p><\/div>\n<p style=\"text-align:right\">Y a encore des archives &agrave; ajouter et des pl&acirc;tres &agrave; essuyer mais en gros, je crois qu&rsquo;on y est.<\/p>\n<p style=\"text-align:right\">Let&rsquo;s celebrate. <\/p>\n<div id=\"bandeson\">\n<p><img decoding=\"async\" src=\"https:\/\/www.wallendorff.com\/belogue\/photo\/pochettes\/a\/ataris_the-so_long_astoria.jpg\" align=\"left\" \/>&nbsp;<a href=\"http:\/\/www.theataris.com\/\">The Ataris<\/a> &mdash; <em>Radio #2<\/em><\/p>\n<\/p><\/div>\n","protected":false},"excerpt":{"rendered":"<p>Clamart, 23 janvier, 17h53. Y a encore des archives &agrave; ajouter et des pl&acirc;tres &agrave; essuyer mais en gros, je crois qu&rsquo;on y est. Let&rsquo;s celebrate. &nbsp;The Ataris &mdash; Radio #2<\/p>\n","protected":false},"author":1,"featured_media":23963,"comment_status":"open","ping_status":"open","sticky":false,"template":"","format":"standard","meta":{"_acf_changed":false,"ngg_post_thumbnail":0,"jetpack_post_was_ever_published":false,"_jetpack_newsletter_access":"","_jetpack_dont_email_post_to_subs":false,"_jetpack_newsletter_tier_id":0,"_jetpack_memberships_contains_paywalled_content":false,"_jetpack_memberships_contains_paid_content":false,"footnotes":"","jetpack_publicize_message":"","jetpack_publicize_feature_enabled":true,"jetpack_social_post_already_shared":false,"jetpack_social_options":{"image_generator_settings":{"template":"highway","default_image_id":0,"font":"","enabled":false},"version":2}},"categories":[3],"tags":[1457,132,10144,10352,11022,10120,10353,10121,793,1459,173,1458],"class_list":["post-28","post","type-post","status-publish","format-standard","has-post-thumbnail","hentry","category-dpc","tag-avenue-du-general-de-gaulle","tag-eos-20d","tag-ciel","tag-clamart","tag-coucher-de-soleil","tag-france","tag-hauts-de-seine","tag-ile-de-france","tag-orange","tag-radio-2","tag-sigma-28-70-mm-f28-dg-ex","tag-the-ataris"],"acf":[],"geo":{"latitude":48.7912025,"longitude":2.2658873,"description":null},"jetpack_publicize_connections":[],"jetpack_featured_media_url":"https:\/\/www.wallendorff.com\/belogue\/wp-content\/uploads\/2015\/04\/200602111.jpg","jetpack_shortlink":"https:\/\/wp.me\/p3b35P-s","jetpack_sharing_enabled":true,"jetpack-related-posts":[{"id":156,"url":"https:\/\/www.wallendorff.com\/belogue\/2006\/05\/23\/les-400-cous\/","url_meta":{"origin":28,"position":0},"title":"Les 400 cous.","author":"dpc","date":"23 mai 2006","format":false,"excerpt":"Quai Paul Vautrin, Metz, 20 mai. Je suis en cruel manque de photos et \u00e7a commence \u00e0 craindre du boudin, grave de. Sinon \u00e0 part \u00e7a il fait beau. Et mon\u00a0 potage de \u00a0caf\u00e9 est bon et \u00e7a c'est chouette. Et euh... Voil\u00e0 voil\u00e0, hein. \u00a0The Ataris \u2014 The Boys\u2026","rel":"","context":"Dans &quot;DPC&quot;","block_context":{"text":"DPC","link":"https:\/\/www.wallendorff.com\/belogue\/category\/dpc\/"},"img":{"alt_text":"","src":"https:\/\/i0.wp.com\/www.wallendorff.com\/belogue\/wp-content\/uploads\/2015\/04\/200605231.jpg?resize=350%2C200&ssl=1","width":350,"height":200},"classes":[]},{"id":234,"url":"https:\/\/www.wallendorff.com\/belogue\/2005\/12\/22\/leur-duc-rime\/","url_meta":{"origin":28,"position":1},"title":"Leur duc rime&sup1;.","author":"dpc","date":"22 d\u00e9cembre 2005","format":false,"excerpt":"Clamart, 20 d\u00e9cembre. Youpi, une photo. [Et maintenant, place au suspens insoutenable de \"y en aura-t-il une autre demain ou bien?\"] \u00a0Cat Power \u2013 Maybe Not _____ 1 Avec \"bolduc\", par exemple. Ou \"Geluck\". Ou encore \"viaduc\". Ou \"Saint-Luc\", aussi.","rel":"","context":"Dans &quot;DPC&quot;","block_context":{"text":"DPC","link":"https:\/\/www.wallendorff.com\/belogue\/category\/dpc\/"},"img":{"alt_text":"","src":"https:\/\/i0.wp.com\/www.wallendorff.com\/belogue\/wp-content\/uploads\/2015\/04\/200512221.jpg?resize=350%2C200&ssl=1","width":350,"height":200},"classes":[]},{"id":787,"url":"https:\/\/www.wallendorff.com\/belogue\/2006\/09\/16\/espace-des-tentes\/","url_meta":{"origin":28,"position":2},"title":"Espace des tentes.","author":"dpc","date":"16 septembre 2006","format":false,"excerpt":"Clamart MC, 14 septembre. [Bande-son \u00e0 \u00e9couter, et fort.] \u00a0Mademoiselle K \u2013 Final1 _____ 1 D\u00e9sol\u00e9 pour la piste cach\u00e9e qui squatte, j'ai eu la flemme d'\u00e9diter le fichier.","rel":"","context":"Dans &quot;DPC&quot;","block_context":{"text":"DPC","link":"https:\/\/www.wallendorff.com\/belogue\/category\/dpc\/"},"img":{"alt_text":"","src":"https:\/\/i0.wp.com\/www.wallendorff.com\/belogue\/wp-content\/uploads\/2015\/04\/200609161.jpg?resize=350%2C200&ssl=1","width":350,"height":200},"classes":[]},{"id":140,"url":"https:\/\/www.wallendorff.com\/belogue\/2006\/05\/02\/stick-stack-stuck\/","url_meta":{"origin":28,"position":3},"title":"Stick, stack, stuck.","author":"dpc","date":"2 mai 2006","format":false,"excerpt":"Clamart-M\u00d7\u00d7-C\u00d7\u00d7\u00d7\u00d7\u00d7\u00d7\u00d7, 27 mars. I hate those mornings, those subways and buses, their people, this urban countryside, those cheap cookies, This industrial chocolate, These cars and this freaking oil temple. But I won\u2019t complain too much. For I fortunately like the folks down here. It could be worst, then. Screw it.\u2026","rel":"","context":"Dans &quot;DPC&quot;","block_context":{"text":"DPC","link":"https:\/\/www.wallendorff.com\/belogue\/category\/dpc\/"},"img":{"alt_text":"","src":"https:\/\/i0.wp.com\/www.wallendorff.com\/belogue\/wp-content\/uploads\/2015\/04\/200605021.jpg?resize=350%2C200&ssl=1","width":350,"height":200},"classes":[]},{"id":190,"url":"https:\/\/www.wallendorff.com\/belogue\/2006\/07\/10\/couillon-de-bulture\/","url_meta":{"origin":28,"position":4},"title":"Couillon de Bulture.","author":"dpc","date":"10 juillet 2006","format":false,"excerpt":"Clamart-MC, 29 juin. Une dosette de lait-concentr\u00e9-pour-ton-caf\u00e9 Nestl\u00e9\u00ae p\u00e9rim\u00e9e depuis le 7 novembre 2004 et ouverte le 10 juillet 2006, \u00e7a a la couleur de la Vache Qui Rit\u00ae, l'odeur de la Vache Qui Rit\u00ae et la texture de la Vache Qui Rit\u00ae1. \u00c0 se demander si l'activit\u00e9 des fromageries\u2026","rel":"","context":"Dans &quot;DPC&quot;","block_context":{"text":"DPC","link":"https:\/\/www.wallendorff.com\/belogue\/category\/dpc\/"},"img":{"alt_text":"","src":"https:\/\/i0.wp.com\/www.wallendorff.com\/belogue\/wp-content\/uploads\/2015\/04\/200607101.jpg?resize=350%2C200&ssl=1","width":350,"height":200},"classes":[]},{"id":17,"url":"https:\/\/www.wallendorff.com\/belogue\/2007\/04\/16\/strier-c-est-decher\/","url_meta":{"origin":28,"position":5},"title":"Strier c&rsquo;est d\u00e8cher.","author":"dpc","date":"16 avril 2007","format":false,"excerpt":"Clamart MC, 3 avril. Grr. \u00a0M. Ward \u2013 To Go Home","rel":"","context":"Dans &quot;DPC&quot;","block_context":{"text":"DPC","link":"https:\/\/www.wallendorff.com\/belogue\/category\/dpc\/"},"img":{"alt_text":"","src":"https:\/\/i0.wp.com\/www.wallendorff.com\/belogue\/wp-content\/uploads\/2015\/04\/200704161.jpg?resize=350%2C200&ssl=1","width":350,"height":200},"classes":[]}],"_links":{"self":[{"href":"https:\/\/www.wallendorff.com\/belogue\/wp-json\/wp\/v2\/posts\/28","targetHints":{"allow":["GET"]}}],"collection":[{"href":"https:\/\/www.wallendorff.com\/belogue\/wp-json\/wp\/v2\/posts"}],"about":[{"href":"https:\/\/www.wallendorff.com\/belogue\/wp-json\/wp\/v2\/types\/post"}],"author":[{"embeddable":true,"href":"https:\/\/www.wallendorff.com\/belogue\/wp-json\/wp\/v2\/users\/1"}],"replies":[{"embeddable":true,"href":"https:\/\/www.wallendorff.com\/belogue\/wp-json\/wp\/v2\/comments?post=28"}],"version-history":[{"count":2,"href":"https:\/\/www.wallendorff.com\/belogue\/wp-json\/wp\/v2\/posts\/28\/revisions"}],"predecessor-version":[{"id":17191,"href":"https:\/\/www.wallendorff.com\/belogue\/wp-json\/wp\/v2\/posts\/28\/revisions\/17191"}],"wp:featuredmedia":[{"embeddable":true,"href":"https:\/\/www.wallendorff.com\/belogue\/wp-json\/wp\/v2\/media\/23963"}],"wp:attachment":[{"href":"https:\/\/www.wallendorff.com\/belogue\/wp-json\/wp\/v2\/media?parent=28"}],"wp:term":[{"taxonomy":"category","embeddable":true,"href":"https:\/\/www.wallendorff.com\/belogue\/wp-json\/wp\/v2\/categories?post=28"},{"taxonomy":"post_tag","embeddable":true,"href":"https:\/\/www.wallendorff.com\/belogue\/wp-json\/wp\/v2\/tags?post=28"}],"curies":[{"name":"wp","href":"https:\/\/api.w.org\/{rel}","templated":true}]}}