{"id":27953,"date":"2015-07-03T08:50:40","date_gmt":"2015-07-03T06:50:40","guid":{"rendered":"http:\/\/www.wallendorff.com\/belogue\/?p=27953"},"modified":"2015-07-29T12:00:42","modified_gmt":"2015-07-29T10:00:42","slug":"la-file-du-bedouin","status":"publish","type":"post","link":"https:\/\/www.wallendorff.com\/belogue\/2015\/07\/03\/la-file-du-bedouin\/","title":{"rendered":"La file du b\u00e9douin."},"content":{"rendered":"\n<div id=\"photo\">\n<p><img decoding=\"async\" src=\"https:\/\/www.wallendorff.com\/belogue\/photo\/2015\/07\/20150703.jpg\"><br \/>\n        Baie du Mont-Saint-Michel, 13 avril.<\/p>\n<\/p><\/div>\n<p style=\"text-align:right\">Allez, tout le monde prend son sac &agrave; dos, sa lotion solaire et son bob et hop, c&rsquo;est parti pour l&rsquo;&eacute;t&eacute; qui change tout.<\/p>\n<p style=\"text-align:right\">Und jetzt, nach Belfort.<\/p>\n<div id=\"bandeson\">\n<p><img decoding=\"async\" src=\"https:\/\/www.wallendorff.com\/belogue\/photo\/pochettes\/o\/only_real-jerk_at_the_end_of_the_line.jpg\" align=\"left\" \/><a style=\"font-weight:normal\" id=\"lienmp3\" href=\"http:\/\/www.youtube.com\/watch?v=d5i_uAh4YTs\"><em>Yesterdays<\/em><\/a><br \/>\n<a href=\"http:\/\/onlyrealreal.com\/\">Only Real<\/a><\/p>\n<\/p><\/div>\n","protected":false},"excerpt":{"rendered":"<p>Baie du Mont-Saint-Michel, 13 avril. Allez, tout le monde prend son sac &agrave; dos, sa lotion solaire et son bob et hop, c&rsquo;est parti pour l&rsquo;&eacute;t&eacute; qui change tout. Und jetzt, nach Belfort. Yesterdays Only Real<\/p>\n","protected":false},"author":1,"featured_media":27955,"comment_status":"open","ping_status":"open","sticky":false,"template":"","format":"standard","meta":{"_acf_changed":false,"ngg_post_thumbnail":0,"jetpack_post_was_ever_published":false,"_jetpack_newsletter_access":"","_jetpack_dont_email_post_to_subs":false,"_jetpack_newsletter_tier_id":0,"_jetpack_memberships_contains_paywalled_content":false,"_jetpack_memberships_contains_paid_content":false,"footnotes":"","jetpack_publicize_message":"","jetpack_publicize_feature_enabled":true,"jetpack_social_post_already_shared":true,"jetpack_social_options":{"image_generator_settings":{"template":"highway","default_image_id":0,"font":"","enabled":false},"version":2}},"categories":[3],"tags":[9992,2364,8751,8351,10120,9696,9699,10483,9993,10714,9994],"class_list":["post-27953","post","type-post","status-publish","format-standard","has-post-thumbnail","hentry","category-dpc","tag-baie-du-mont-saint-michel","tag-basse-normandie","tag-ef-70-300mm-f4-5-6-is-usm","tag-eos-6d","tag-france","tag-le-mont-saint-michel","tag-manche","tag-mer","tag-only-real","tag-plage","tag-yesterdays"],"acf":[],"geo":{"latitude":48.637619,"longitude":-1.5089464,"description":"Le Mont-Saint-Michel, Basse-Normandie, 50170, FR"},"jetpack_publicize_connections":[],"jetpack_featured_media_url":"https:\/\/www.wallendorff.com\/belogue\/wp-content\/uploads\/2015\/07\/20150703.jpg","jetpack_shortlink":"https:\/\/wp.me\/p3b35P-7gR","jetpack_sharing_enabled":true,"jetpack-related-posts":[{"id":28272,"url":"https:\/\/www.wallendorff.com\/belogue\/2015\/07\/16\/la-colline-a-des-cieux\/","url_meta":{"origin":27953,"position":0},"title":"La colline a des cieux.","author":"dpc","date":"16 juillet 2015","format":false,"excerpt":"Baie du Mont-Saint-Michel, 12 avril. Waiting for the Night Depeche Mode","rel":"","context":"Dans &quot;DPC&quot;","block_context":{"text":"DPC","link":"https:\/\/www.wallendorff.com\/belogue\/category\/dpc\/"},"img":{"alt_text":"","src":"https:\/\/i0.wp.com\/www.wallendorff.com\/belogue\/wp-content\/uploads\/2015\/07\/20150716.jpg?resize=350%2C200&ssl=1","width":350,"height":200,"srcset":"https:\/\/i0.wp.com\/www.wallendorff.com\/belogue\/wp-content\/uploads\/2015\/07\/20150716.jpg?resize=350%2C200&ssl=1 1x, https:\/\/i0.wp.com\/www.wallendorff.com\/belogue\/wp-content\/uploads\/2015\/07\/20150716.jpg?resize=525%2C300&ssl=1 1.5x, https:\/\/i0.wp.com\/www.wallendorff.com\/belogue\/wp-content\/uploads\/2015\/07\/20150716.jpg?resize=700%2C400&ssl=1 2x, https:\/\/i0.wp.com\/www.wallendorff.com\/belogue\/wp-content\/uploads\/2015\/07\/20150716.jpg?resize=1050%2C600&ssl=1 3x"},"classes":[]},{"id":126563,"url":"https:\/\/www.wallendorff.com\/belogue\/2023\/11\/07\/je-me-souviens-vi-montreal\/","url_meta":{"origin":27953,"position":1},"title":"Je me souviens [VI] : Montr\u00e9al.","author":"dpc","date":"7 novembre 2023","format":false,"excerpt":"","rel":"","context":"Dans &quot;DPC&quot;","block_context":{"text":"DPC","link":"https:\/\/www.wallendorff.com\/belogue\/category\/dpc\/"},"img":{"alt_text":"","src":"https:\/\/i0.wp.com\/www.wallendorff.com\/belogue\/wp-content\/uploads\/2023\/11\/20231107-25.jpg?resize=350%2C200&ssl=1","width":350,"height":200,"srcset":"https:\/\/i0.wp.com\/www.wallendorff.com\/belogue\/wp-content\/uploads\/2023\/11\/20231107-25.jpg?resize=350%2C200&ssl=1 1x, https:\/\/i0.wp.com\/www.wallendorff.com\/belogue\/wp-content\/uploads\/2023\/11\/20231107-25.jpg?resize=525%2C300&ssl=1 1.5x, https:\/\/i0.wp.com\/www.wallendorff.com\/belogue\/wp-content\/uploads\/2023\/11\/20231107-25.jpg?resize=700%2C400&ssl=1 2x, https:\/\/i0.wp.com\/www.wallendorff.com\/belogue\/wp-content\/uploads\/2023\/11\/20231107-25.jpg?resize=1050%2C600&ssl=1 3x"},"classes":[]},{"id":126135,"url":"https:\/\/www.wallendorff.com\/belogue\/2023\/08\/31\/aout-2023\/","url_meta":{"origin":27953,"position":2},"title":"Ao\u00fbt 2023.","author":"dpc","date":"31 ao\u00fbt 2023","format":false,"excerpt":"Une blouse, un bisou, un reflet, un ap\u00e9ro, un gros pied, un cr\u00e9puscule, un trou, un bateau, un bisou, un ticheurte, un coucher de soleil, un doigt, un di\u0161que, un chat pr\u00e9nomm\u00e9 Bedaine-Breakfast, un a\u00e9roport, un avion, une voiture, un pont, un di\u0161que, un r\u00e9veil, une route, un bateau, une\u2026","rel":"","context":"Dans &quot;Blog-note&quot;","block_context":{"text":"Blog-note","link":"https:\/\/www.wallendorff.com\/belogue\/category\/blog-note\/"},"img":{"alt_text":"","src":"https:\/\/i0.wp.com\/www.wallendorff.com\/belogue\/wp-content\/uploads\/2023\/09\/20230926-09.jpg?resize=350%2C200&ssl=1","width":350,"height":200,"srcset":"https:\/\/i0.wp.com\/www.wallendorff.com\/belogue\/wp-content\/uploads\/2023\/09\/20230926-09.jpg?resize=350%2C200&ssl=1 1x, https:\/\/i0.wp.com\/www.wallendorff.com\/belogue\/wp-content\/uploads\/2023\/09\/20230926-09.jpg?resize=525%2C300&ssl=1 1.5x, https:\/\/i0.wp.com\/www.wallendorff.com\/belogue\/wp-content\/uploads\/2023\/09\/20230926-09.jpg?resize=700%2C400&ssl=1 2x, https:\/\/i0.wp.com\/www.wallendorff.com\/belogue\/wp-content\/uploads\/2023\/09\/20230926-09.jpg?resize=1050%2C600&ssl=1 3x"},"classes":[]},{"id":395,"url":"https:\/\/www.wallendorff.com\/belogue\/2005\/04\/23\/mon-tres-haut-sommet\/","url_meta":{"origin":27953,"position":3},"title":"Mon tr&egrave;s haut sommet.","author":"dpc","date":"23 avril 2005","format":false,"excerpt":"Saint-\u00c9tienne du Mont, Paris,\u00a021 avril. [Bonjour, vous n'auriez pas retrouv\u00e9 mes pieds\u00a0?] \u00a0Air \u2013 Alpha Beta Gaga","rel":"","context":"Dans &quot;DPC&quot;","block_context":{"text":"DPC","link":"https:\/\/www.wallendorff.com\/belogue\/category\/dpc\/"},"img":{"alt_text":"","src":"https:\/\/i0.wp.com\/www.wallendorff.com\/belogue\/wp-content\/uploads\/2015\/04\/200504231.jpg?resize=350%2C200&ssl=1","width":350,"height":200},"classes":[]},{"id":27271,"url":"https:\/\/www.wallendorff.com\/belogue\/2015\/04\/30\/avril-2015\/","url_meta":{"origin":27953,"position":4},"title":"Avril 2015.","author":"dpc","date":"30 avril 2015","format":false,"excerpt":"Une autoroute vers le nord, un voyage en ferry, une bi\u00e8re en ville, un d\u00e9m\u00e9nagement, une petite sir\u00e8ne, un voyage en ferry, une autoroute vers le sud, une pizza chaude, une vodka froide, une jet\u00e9e, une plage, une tombe, un lever t\u00f4t, une plage, un cr\u00e9puscule rose, un Mont, un\u2026","rel":"","context":"Dans &quot;Blog-note&quot;","block_context":{"text":"Blog-note","link":"https:\/\/www.wallendorff.com\/belogue\/category\/blog-note\/"},"img":{"alt_text":"","src":"https:\/\/i0.wp.com\/www.wallendorff.com\/belogue\/wp-content\/uploads\/2015\/05\/20150508-06.jpg?resize=350%2C200&ssl=1","width":350,"height":200,"srcset":"https:\/\/i0.wp.com\/www.wallendorff.com\/belogue\/wp-content\/uploads\/2015\/05\/20150508-06.jpg?resize=350%2C200&ssl=1 1x, https:\/\/i0.wp.com\/www.wallendorff.com\/belogue\/wp-content\/uploads\/2015\/05\/20150508-06.jpg?resize=525%2C300&ssl=1 1.5x, https:\/\/i0.wp.com\/www.wallendorff.com\/belogue\/wp-content\/uploads\/2015\/05\/20150508-06.jpg?resize=700%2C400&ssl=1 2x"},"classes":[]},{"id":15306,"url":"https:\/\/www.wallendorff.com\/belogue\/2012\/01\/11\/mont-bleu\/","url_meta":{"origin":27953,"position":5},"title":"Mont-bleu.","author":"dpc","date":"11 janvier 2012","format":false,"excerpt":"Le M\u00f4le, 6 novembre 2011. Bon si je poste cette photo-ci, c'est surtout parce que je suis super-fier qu'on dirait les m\u00eames montagnes que sur l'arri\u00e8re-plan du niPhone tellement elles font authentiques et bleues\u00a0: Comme deux gouttes d'eau. Super-inspirant. Et \u00e0 part \u00e7a, rien. The Greenhornes \u2013 Lovin' in the\u2026","rel":"","context":"Dans &quot;DPC&quot;","block_context":{"text":"DPC","link":"https:\/\/www.wallendorff.com\/belogue\/category\/dpc\/"},"img":{"alt_text":"","src":"https:\/\/i0.wp.com\/www.wallendorff.com\/belogue\/wp-content\/uploads\/2015\/04\/201201111.jpg?resize=350%2C200&ssl=1","width":350,"height":200,"srcset":"https:\/\/i0.wp.com\/www.wallendorff.com\/belogue\/wp-content\/uploads\/2015\/04\/201201111.jpg?resize=350%2C200&ssl=1 1x, https:\/\/i0.wp.com\/www.wallendorff.com\/belogue\/wp-content\/uploads\/2015\/04\/201201111.jpg?resize=525%2C300&ssl=1 1.5x, https:\/\/i0.wp.com\/www.wallendorff.com\/belogue\/wp-content\/uploads\/2015\/04\/201201111.jpg?resize=700%2C400&ssl=1 2x"},"classes":[]}],"_links":{"self":[{"href":"https:\/\/www.wallendorff.com\/belogue\/wp-json\/wp\/v2\/posts\/27953","targetHints":{"allow":["GET"]}}],"collection":[{"href":"https:\/\/www.wallendorff.com\/belogue\/wp-json\/wp\/v2\/posts"}],"about":[{"href":"https:\/\/www.wallendorff.com\/belogue\/wp-json\/wp\/v2\/types\/post"}],"author":[{"embeddable":true,"href":"https:\/\/www.wallendorff.com\/belogue\/wp-json\/wp\/v2\/users\/1"}],"replies":[{"embeddable":true,"href":"https:\/\/www.wallendorff.com\/belogue\/wp-json\/wp\/v2\/comments?post=27953"}],"version-history":[{"count":3,"href":"https:\/\/www.wallendorff.com\/belogue\/wp-json\/wp\/v2\/posts\/27953\/revisions"}],"predecessor-version":[{"id":28340,"href":"https:\/\/www.wallendorff.com\/belogue\/wp-json\/wp\/v2\/posts\/27953\/revisions\/28340"}],"wp:featuredmedia":[{"embeddable":true,"href":"https:\/\/www.wallendorff.com\/belogue\/wp-json\/wp\/v2\/media\/27955"}],"wp:attachment":[{"href":"https:\/\/www.wallendorff.com\/belogue\/wp-json\/wp\/v2\/media?parent=27953"}],"wp:term":[{"taxonomy":"category","embeddable":true,"href":"https:\/\/www.wallendorff.com\/belogue\/wp-json\/wp\/v2\/categories?post=27953"},{"taxonomy":"post_tag","embeddable":true,"href":"https:\/\/www.wallendorff.com\/belogue\/wp-json\/wp\/v2\/tags?post=27953"}],"curies":[{"name":"wp","href":"https:\/\/api.w.org\/{rel}","templated":true}]}}