{"id":27889,"date":"2015-06-30T11:42:17","date_gmt":"2015-06-30T09:42:17","guid":{"rendered":"http:\/\/www.wallendorff.com\/belogue\/?p=27889"},"modified":"2015-06-30T11:52:47","modified_gmt":"2015-06-30T09:52:47","slug":"de-mende-elle-au-bal-le-roux-blanchi-laccompagne","status":"publish","type":"post","link":"https:\/\/www.wallendorff.com\/belogue\/2015\/06\/30\/de-mende-elle-au-bal-le-roux-blanchi-laccompagne\/","title":{"rendered":"De Mende, elle, au bal, le roux blanchi l&rsquo;accompagne."},"content":{"rendered":"\n<div id=\"photo\">\n<p><img decoding=\"async\" src=\"https:\/\/www.wallendorff.com\/belogue\/photo\/2015\/06\/20150630.jpg\"><br \/>\n        Plage de Bon-Secours, Saint-Malo, 12 avril.<\/p>\n<\/p><\/div>\n<p style=\"text-align:right\">&Ccedil;a m&rsquo;avait manqu&eacute;, les titres tir&eacute;s par les cheveux.<\/p>\n<div id=\"bandeson\">\n<p><img decoding=\"async\" src=\"https:\/\/www.wallendorff.com\/belogue\/photo\/pochettes\/g\/guster-evermotion.jpg\" align=\"left\" \/><a style=\"font-weight:normal\" id=\"lienmp3\" href=\"http:\/\/www.youtube.com\/watch?v=YWLXETj6CSY\"><em>Long Night<\/em><\/a><br \/>\n<a href=\"http:\/\/www.guster.com\/\">Guster<\/a><\/p>\n<\/p><\/div>\n","protected":false},"excerpt":{"rendered":"<p>Plage de Bon-Secours, Saint-Malo, 12 avril. &Ccedil;a m&rsquo;avait manqu&eacute;, les titres tir&eacute;s par les cheveux. Long Night Guster<\/p>\n","protected":false},"author":1,"featured_media":27891,"comment_status":"open","ping_status":"open","sticky":false,"template":"","format":"standard","meta":{"_acf_changed":false,"ngg_post_thumbnail":0,"jetpack_post_was_ever_published":false,"_jetpack_newsletter_access":"","_jetpack_dont_email_post_to_subs":false,"_jetpack_newsletter_tier_id":0,"_jetpack_memberships_contains_paywalled_content":false,"_jetpack_memberships_contains_paid_content":false,"footnotes":"","jetpack_publicize_message":"","jetpack_publicize_feature_enabled":true,"jetpack_social_post_already_shared":true,"jetpack_social_options":{"image_generator_settings":{"template":"highway","default_image_id":0,"font":"","enabled":false},"version":2}},"categories":[3],"tags":[3524,10791,8170,8351,10120,9947,9946,9948,10483,10714,9709,10256,11380],"class_list":["post-27889","post","type-post","status-publish","format-standard","has-post-thumbnail","hentry","category-dpc","tag-aurore","tag-bretagne","tag-ef-24-70-mm-f2-8l-ii-usm","tag-eos-6d","tag-france","tag-guster","tag-ille-et-villaine","tag-long-night","tag-mer","tag-plage","tag-plage-de-bon-secours","tag-rose","tag-saint-malo"],"acf":[],"geo":{"latitude":48.6509209,"longitude":-2.0319879,"description":"Saint-Malo, Bretagne, 35400, FR"},"jetpack_publicize_connections":[],"jetpack_featured_media_url":"https:\/\/www.wallendorff.com\/belogue\/wp-content\/uploads\/2015\/06\/20150630.jpg","jetpack_shortlink":"https:\/\/wp.me\/p3b35P-7fP","jetpack_sharing_enabled":true,"jetpack-related-posts":[{"id":27894,"url":"https:\/\/www.wallendorff.com\/belogue\/2015\/07\/01\/into-the-wide-50\/","url_meta":{"origin":27889,"position":0},"title":"Into the wide #50.","author":"dpc","date":"1 juillet 2015","format":false,"excerpt":"Grand B\u00e9, Saint-Malo, 12 avril. Sometimes the Light (live) Black Rebel Motorcycle Club","rel":"","context":"Dans &quot;Into the wide&quot;","block_context":{"text":"Into the wide","link":"https:\/\/www.wallendorff.com\/belogue\/category\/into-the-wide\/"},"img":{"alt_text":"","src":"https:\/\/i0.wp.com\/www.wallendorff.com\/belogue\/wp-content\/uploads\/2015\/07\/20150701.jpg?resize=350%2C200&ssl=1","width":350,"height":200,"srcset":"https:\/\/i0.wp.com\/www.wallendorff.com\/belogue\/wp-content\/uploads\/2015\/07\/20150701.jpg?resize=350%2C200&ssl=1 1x, https:\/\/i0.wp.com\/www.wallendorff.com\/belogue\/wp-content\/uploads\/2015\/07\/20150701.jpg?resize=525%2C300&ssl=1 1.5x, https:\/\/i0.wp.com\/www.wallendorff.com\/belogue\/wp-content\/uploads\/2015\/07\/20150701.jpg?resize=700%2C400&ssl=1 2x, https:\/\/i0.wp.com\/www.wallendorff.com\/belogue\/wp-content\/uploads\/2015\/07\/20150701.jpg?resize=1050%2C600&ssl=1 3x"},"classes":[]},{"id":27738,"url":"https:\/\/www.wallendorff.com\/belogue\/2015\/06\/23\/into-the-wide-48\/","url_meta":{"origin":27889,"position":1},"title":"Into the wide #48.","author":"dpc","date":"23 juin 2015","format":false,"excerpt":"Plage du M\u00f4le, Saint-Malo, 11 avril. 10,000 Emerald Pools B\u00d8RNS","rel":"","context":"Dans &quot;Into the wide&quot;","block_context":{"text":"Into the wide","link":"https:\/\/www.wallendorff.com\/belogue\/category\/into-the-wide\/"},"img":{"alt_text":"","src":"https:\/\/i0.wp.com\/www.wallendorff.com\/belogue\/wp-content\/uploads\/2015\/06\/20150623.jpg?resize=350%2C200&ssl=1","width":350,"height":200,"srcset":"https:\/\/i0.wp.com\/www.wallendorff.com\/belogue\/wp-content\/uploads\/2015\/06\/20150623.jpg?resize=350%2C200&ssl=1 1x, https:\/\/i0.wp.com\/www.wallendorff.com\/belogue\/wp-content\/uploads\/2015\/06\/20150623.jpg?resize=525%2C300&ssl=1 1.5x, https:\/\/i0.wp.com\/www.wallendorff.com\/belogue\/wp-content\/uploads\/2015\/06\/20150623.jpg?resize=700%2C400&ssl=1 2x, https:\/\/i0.wp.com\/www.wallendorff.com\/belogue\/wp-content\/uploads\/2015\/06\/20150623.jpg?resize=1050%2C600&ssl=1 3x"},"classes":[]},{"id":27271,"url":"https:\/\/www.wallendorff.com\/belogue\/2015\/04\/30\/avril-2015\/","url_meta":{"origin":27889,"position":2},"title":"Avril 2015.","author":"dpc","date":"30 avril 2015","format":false,"excerpt":"Une autoroute vers le nord, un voyage en ferry, une bi\u00e8re en ville, un d\u00e9m\u00e9nagement, une petite sir\u00e8ne, un voyage en ferry, une autoroute vers le sud, une pizza chaude, une vodka froide, une jet\u00e9e, une plage, une tombe, un lever t\u00f4t, une plage, un cr\u00e9puscule rose, un Mont, un\u2026","rel":"","context":"Dans &quot;Blog-note&quot;","block_context":{"text":"Blog-note","link":"https:\/\/www.wallendorff.com\/belogue\/category\/blog-note\/"},"img":{"alt_text":"","src":"https:\/\/i0.wp.com\/www.wallendorff.com\/belogue\/wp-content\/uploads\/2015\/05\/20150508-06.jpg?resize=350%2C200&ssl=1","width":350,"height":200,"srcset":"https:\/\/i0.wp.com\/www.wallendorff.com\/belogue\/wp-content\/uploads\/2015\/05\/20150508-06.jpg?resize=350%2C200&ssl=1 1x, https:\/\/i0.wp.com\/www.wallendorff.com\/belogue\/wp-content\/uploads\/2015\/05\/20150508-06.jpg?resize=525%2C300&ssl=1 1.5x, https:\/\/i0.wp.com\/www.wallendorff.com\/belogue\/wp-content\/uploads\/2015\/05\/20150508-06.jpg?resize=700%2C400&ssl=1 2x"},"classes":[]},{"id":39578,"url":"https:\/\/www.wallendorff.com\/belogue\/2018\/07\/31\/juillet-2018\/","url_meta":{"origin":27889,"position":3},"title":"Juillet 2018.","author":"dpc","date":"31 juillet 2018","format":false,"excerpt":"Une chambre, une mouette, une plage, un restaurant, un match de foteballe, un rase-motte, un orage, un quart de finale, un concert, un concert, des photographes, un concert, une demi-finale, un cimeti\u00e8re, un feu d'artifice, une finale, une route, un chat pr\u00e9nomm\u00e9 Porridge, un lac, un concert, un public, un\u2026","rel":"","context":"Dans &quot;Blog-note&quot;","block_context":{"text":"Blog-note","link":"https:\/\/www.wallendorff.com\/belogue\/category\/blog-note\/"},"img":{"alt_text":"","src":"https:\/\/i0.wp.com\/www.wallendorff.com\/belogue\/wp-content\/uploads\/2018\/08\/20180814-62.jpg?resize=350%2C200&ssl=1","width":350,"height":200,"srcset":"https:\/\/i0.wp.com\/www.wallendorff.com\/belogue\/wp-content\/uploads\/2018\/08\/20180814-62.jpg?resize=350%2C200&ssl=1 1x, https:\/\/i0.wp.com\/www.wallendorff.com\/belogue\/wp-content\/uploads\/2018\/08\/20180814-62.jpg?resize=525%2C300&ssl=1 1.5x, https:\/\/i0.wp.com\/www.wallendorff.com\/belogue\/wp-content\/uploads\/2018\/08\/20180814-62.jpg?resize=700%2C400&ssl=1 2x, https:\/\/i0.wp.com\/www.wallendorff.com\/belogue\/wp-content\/uploads\/2018\/08\/20180814-62.jpg?resize=1050%2C600&ssl=1 3x"},"classes":[]},{"id":8143,"url":"https:\/\/www.wallendorff.com\/belogue\/2010\/08\/19\/harlem-la-plage-du-glazart-paris\/","url_meta":{"origin":27889,"position":4},"title":"Harlem @ la Plage du Glaz&rsquo;Art, Paris.","author":"dpc","date":"19 ao\u00fbt 2010","format":false,"excerpt":"En attendant la vraie reprise. Bon groupe, bon cadre, bonne soir\u00e9e au final. \u00a0Harlem \u2013 Stripper Sunset","rel":"","context":"Dans &quot;Alive&quot;","block_context":{"text":"Alive","link":"https:\/\/www.wallendorff.com\/belogue\/category\/alive\/"},"img":{"alt_text":"","src":"https:\/\/i0.wp.com\/www.wallendorff.com\/belogue\/wp-content\/uploads\/2015\/04\/201008191.jpg?resize=350%2C200&ssl=1","width":350,"height":200,"srcset":"https:\/\/i0.wp.com\/www.wallendorff.com\/belogue\/wp-content\/uploads\/2015\/04\/201008191.jpg?resize=350%2C200&ssl=1 1x, https:\/\/i0.wp.com\/www.wallendorff.com\/belogue\/wp-content\/uploads\/2015\/04\/201008191.jpg?resize=525%2C300&ssl=1 1.5x, https:\/\/i0.wp.com\/www.wallendorff.com\/belogue\/wp-content\/uploads\/2015\/04\/201008191.jpg?resize=700%2C400&ssl=1 2x"},"classes":[]},{"id":53106,"url":"https:\/\/www.wallendorff.com\/belogue\/2022\/08\/31\/aout-2022\/","url_meta":{"origin":27889,"position":5},"title":"Ao\u00fbt 2022.","author":"dpc","date":"31 ao\u00fbt 2022","format":false,"excerpt":"Une place, un ap\u00e9ro, un train, une plage, une \u00e9glise, une plage, un phare, un bateau, une plage, un local poubelle, un ap\u00e9ro, un viaduc, un train, une tour, un m\u00e9tro, un chat pr\u00e9nomm\u00e9 Vernaculaire, un pr\u00e9, des balais, un chat pr\u00e9nomm\u00e9 Paupiette, un livre, un coucher de soleil, un\u2026","rel":"","context":"Dans &quot;Blog-note&quot;","block_context":{"text":"Blog-note","link":"https:\/\/www.wallendorff.com\/belogue\/category\/blog-note\/"},"img":{"alt_text":"","src":"https:\/\/i0.wp.com\/www.wallendorff.com\/belogue\/wp-content\/uploads\/2022\/09\/20220920-22.jpg?resize=350%2C200&ssl=1","width":350,"height":200,"srcset":"https:\/\/i0.wp.com\/www.wallendorff.com\/belogue\/wp-content\/uploads\/2022\/09\/20220920-22.jpg?resize=350%2C200&ssl=1 1x, https:\/\/i0.wp.com\/www.wallendorff.com\/belogue\/wp-content\/uploads\/2022\/09\/20220920-22.jpg?resize=525%2C300&ssl=1 1.5x, https:\/\/i0.wp.com\/www.wallendorff.com\/belogue\/wp-content\/uploads\/2022\/09\/20220920-22.jpg?resize=700%2C400&ssl=1 2x, https:\/\/i0.wp.com\/www.wallendorff.com\/belogue\/wp-content\/uploads\/2022\/09\/20220920-22.jpg?resize=1050%2C600&ssl=1 3x"},"classes":[]}],"_links":{"self":[{"href":"https:\/\/www.wallendorff.com\/belogue\/wp-json\/wp\/v2\/posts\/27889","targetHints":{"allow":["GET"]}}],"collection":[{"href":"https:\/\/www.wallendorff.com\/belogue\/wp-json\/wp\/v2\/posts"}],"about":[{"href":"https:\/\/www.wallendorff.com\/belogue\/wp-json\/wp\/v2\/types\/post"}],"author":[{"embeddable":true,"href":"https:\/\/www.wallendorff.com\/belogue\/wp-json\/wp\/v2\/users\/1"}],"replies":[{"embeddable":true,"href":"https:\/\/www.wallendorff.com\/belogue\/wp-json\/wp\/v2\/comments?post=27889"}],"version-history":[{"count":3,"href":"https:\/\/www.wallendorff.com\/belogue\/wp-json\/wp\/v2\/posts\/27889\/revisions"}],"predecessor-version":[{"id":27893,"href":"https:\/\/www.wallendorff.com\/belogue\/wp-json\/wp\/v2\/posts\/27889\/revisions\/27893"}],"wp:featuredmedia":[{"embeddable":true,"href":"https:\/\/www.wallendorff.com\/belogue\/wp-json\/wp\/v2\/media\/27891"}],"wp:attachment":[{"href":"https:\/\/www.wallendorff.com\/belogue\/wp-json\/wp\/v2\/media?parent=27889"}],"wp:term":[{"taxonomy":"category","embeddable":true,"href":"https:\/\/www.wallendorff.com\/belogue\/wp-json\/wp\/v2\/categories?post=27889"},{"taxonomy":"post_tag","embeddable":true,"href":"https:\/\/www.wallendorff.com\/belogue\/wp-json\/wp\/v2\/tags?post=27889"}],"curies":[{"name":"wp","href":"https:\/\/api.w.org\/{rel}","templated":true}]}}