{"id":27800,"date":"2015-06-25T15:44:30","date_gmt":"2015-06-25T13:44:30","guid":{"rendered":"http:\/\/www.wallendorff.com\/belogue\/?p=27800"},"modified":"2015-06-25T15:56:53","modified_gmt":"2015-06-25T13:56:53","slug":"oui-fm-festival-jour-2","status":"publish","type":"post","link":"https:\/\/www.wallendorff.com\/belogue\/2015\/06\/25\/oui-fm-festival-jour-2\/","title":{"rendered":"O\u00fci FM Festival, jour 2."},"content":{"rendered":"\n<div id=\"photo\">\n<p><img decoding=\"async\" src=\"https:\/\/www.wallendorff.com\/belogue\/photo\/galeries\/2015\/06\/20150624-off\/20150625-02.jpg\"><\/p>\n<\/p><\/div>\n<div id=\"bandeson\">\n<p><img decoding=\"async\" src=\"https:\/\/www.wallendorff.com\/belogue\/photo\/pochettes\/s\/strypes_the-little_victories.jpg\" align=\"left\" \/><a style=\"font-weight:normal\" id=\"lienmp3\" href=\"http:\/\/www.youtube.com\/watch?v=vXXhmY91dUg\"><em>Eighty-Four<\/em><\/a><br \/>\n<a href=\"http:\/\/www.thestrypes.com\">The Strypes<\/a><\/p>\n<\/p><\/div>\n<div id='gallery-1' class='gallery galleryid-27800 gallery-columns-3 gallery-size-thumbnail'><figure class='gallery-item'>\n\t\t\t<div class='gallery-icon landscape'>\n\t\t\t\t<a href='https:\/\/www.wallendorff.com\/belogue\/2015\/06\/25\/oui-fm-festival-jour-2\/the-strypes-oui-fm-festival-paris-24062015\/'><img decoding=\"async\" width=\"96\" height=\"96\" src=\"https:\/\/www.wallendorff.com\/belogue\/wp-content\/uploads\/2015\/06\/20150625-01-188x188.jpg\" class=\"attachment-thumbnail size-thumbnail\" alt=\"\" aria-describedby=\"gallery-1-27803\" srcset=\"https:\/\/www.wallendorff.com\/belogue\/wp-content\/uploads\/2015\/06\/20150625-01-188x188.jpg 188w, https:\/\/www.wallendorff.com\/belogue\/wp-content\/uploads\/2015\/06\/20150625-01-220x220.jpg 220w\" sizes=\"(max-width: 96px) 100vw, 96px\" \/><\/a>\n\t\t\t<\/div>\n\t\t\t\t<figcaption class='wp-caption-text gallery-caption' id='gallery-1-27803'>\n\t\t\t\tThe Strypes @ O\u00fci FM Festival, Paris, 24\/06\/2015\n\t\t\t\t<\/figcaption><\/figure><figure class='gallery-item'>\n\t\t\t<div class='gallery-icon landscape'>\n\t\t\t\t<a href='https:\/\/www.wallendorff.com\/belogue\/2015\/06\/25\/oui-fm-festival-jour-2\/the-strypes-oui-fm-festival-paris-24062015-2\/'><img decoding=\"async\" width=\"96\" height=\"96\" src=\"https:\/\/www.wallendorff.com\/belogue\/wp-content\/uploads\/2015\/06\/20150625-02-188x188.jpg\" class=\"attachment-thumbnail size-thumbnail\" alt=\"\" aria-describedby=\"gallery-1-27804\" srcset=\"https:\/\/www.wallendorff.com\/belogue\/wp-content\/uploads\/2015\/06\/20150625-02-188x188.jpg 188w, https:\/\/www.wallendorff.com\/belogue\/wp-content\/uploads\/2015\/06\/20150625-02-220x220.jpg 220w\" sizes=\"(max-width: 96px) 100vw, 96px\" \/><\/a>\n\t\t\t<\/div>\n\t\t\t\t<figcaption class='wp-caption-text gallery-caption' id='gallery-1-27804'>\n\t\t\t\tThe Strypes @ O\u00fci FM Festival, Paris, 24\/06\/2015\n\t\t\t\t<\/figcaption><\/figure><figure class='gallery-item'>\n\t\t\t<div class='gallery-icon landscape'>\n\t\t\t\t<a href='https:\/\/www.wallendorff.com\/belogue\/2015\/06\/25\/oui-fm-festival-jour-2\/oui-fm-festival-paris-24062015\/'><img decoding=\"async\" width=\"96\" height=\"96\" src=\"https:\/\/www.wallendorff.com\/belogue\/wp-content\/uploads\/2015\/06\/20150625-03-188x188.jpg\" class=\"attachment-thumbnail size-thumbnail\" alt=\"\" aria-describedby=\"gallery-1-27805\" srcset=\"https:\/\/www.wallendorff.com\/belogue\/wp-content\/uploads\/2015\/06\/20150625-03-188x188.jpg 188w, https:\/\/www.wallendorff.com\/belogue\/wp-content\/uploads\/2015\/06\/20150625-03-220x220.jpg 220w\" sizes=\"(max-width: 96px) 100vw, 96px\" \/><\/a>\n\t\t\t<\/div>\n\t\t\t\t<figcaption class='wp-caption-text gallery-caption' id='gallery-1-27805'>\n\t\t\t\tO\u00fci FM Festival, Paris, 24\/06\/2015\n\t\t\t\t<\/figcaption><\/figure><figure class='gallery-item'>\n\t\t\t<div class='gallery-icon landscape'>\n\t\t\t\t<a href='https:\/\/www.wallendorff.com\/belogue\/2015\/06\/25\/oui-fm-festival-jour-2\/the-strypes-oui-fm-festival-paris-24062015-3\/'><img loading=\"lazy\" decoding=\"async\" width=\"96\" height=\"96\" src=\"https:\/\/www.wallendorff.com\/belogue\/wp-content\/uploads\/2015\/06\/20150625-04-188x188.jpg\" class=\"attachment-thumbnail size-thumbnail\" alt=\"\" aria-describedby=\"gallery-1-27806\" srcset=\"https:\/\/www.wallendorff.com\/belogue\/wp-content\/uploads\/2015\/06\/20150625-04-188x188.jpg 188w, https:\/\/www.wallendorff.com\/belogue\/wp-content\/uploads\/2015\/06\/20150625-04-220x220.jpg 220w\" sizes=\"(max-width: 96px) 100vw, 96px\" \/><\/a>\n\t\t\t<\/div>\n\t\t\t\t<figcaption class='wp-caption-text gallery-caption' id='gallery-1-27806'>\n\t\t\t\tThe Strypes @ O\u00fci FM Festival, Paris, 24\/06\/2015\n\t\t\t\t<\/figcaption><\/figure><figure class='gallery-item'>\n\t\t\t<div class='gallery-icon portrait'>\n\t\t\t\t<a href='https:\/\/www.wallendorff.com\/belogue\/2015\/06\/25\/oui-fm-festival-jour-2\/the-strypes-oui-fm-festival-paris-24062015-4\/'><img loading=\"lazy\" decoding=\"async\" width=\"96\" height=\"96\" src=\"https:\/\/www.wallendorff.com\/belogue\/wp-content\/uploads\/2015\/06\/20150625-05-188x188.jpg\" class=\"attachment-thumbnail size-thumbnail\" alt=\"\" aria-describedby=\"gallery-1-27807\" srcset=\"https:\/\/www.wallendorff.com\/belogue\/wp-content\/uploads\/2015\/06\/20150625-05-188x188.jpg 188w, https:\/\/www.wallendorff.com\/belogue\/wp-content\/uploads\/2015\/06\/20150625-05-220x220.jpg 220w\" sizes=\"(max-width: 96px) 100vw, 96px\" \/><\/a>\n\t\t\t<\/div>\n\t\t\t\t<figcaption class='wp-caption-text gallery-caption' id='gallery-1-27807'>\n\t\t\t\tThe Strypes @ O\u00fci FM Festival, Paris, 24\/06\/2015\n\t\t\t\t<\/figcaption><\/figure><figure class='gallery-item'>\n\t\t\t<div class='gallery-icon landscape'>\n\t\t\t\t<a href='https:\/\/www.wallendorff.com\/belogue\/2015\/06\/25\/oui-fm-festival-jour-2\/the-strypes-oui-fm-festival-paris-24062015-5\/'><img loading=\"lazy\" decoding=\"async\" width=\"96\" height=\"96\" src=\"https:\/\/www.wallendorff.com\/belogue\/wp-content\/uploads\/2015\/06\/20150625-06-188x188.jpg\" class=\"attachment-thumbnail size-thumbnail\" alt=\"\" aria-describedby=\"gallery-1-27808\" srcset=\"https:\/\/www.wallendorff.com\/belogue\/wp-content\/uploads\/2015\/06\/20150625-06-188x188.jpg 188w, https:\/\/www.wallendorff.com\/belogue\/wp-content\/uploads\/2015\/06\/20150625-06-220x220.jpg 220w\" sizes=\"(max-width: 96px) 100vw, 96px\" \/><\/a>\n\t\t\t<\/div>\n\t\t\t\t<figcaption class='wp-caption-text gallery-caption' id='gallery-1-27808'>\n\t\t\t\tThe Strypes @ O\u00fci FM Festival, Paris, 24\/06\/2015\n\t\t\t\t<\/figcaption><\/figure><figure class='gallery-item'>\n\t\t\t<div class='gallery-icon landscape'>\n\t\t\t\t<a href='https:\/\/www.wallendorff.com\/belogue\/2015\/06\/25\/oui-fm-festival-jour-2\/the-strypes-oui-fm-festival-paris-24062015-6\/'><img loading=\"lazy\" decoding=\"async\" width=\"96\" height=\"96\" src=\"https:\/\/www.wallendorff.com\/belogue\/wp-content\/uploads\/2015\/06\/20150625-07-188x188.jpg\" class=\"attachment-thumbnail size-thumbnail\" alt=\"\" aria-describedby=\"gallery-1-27809\" srcset=\"https:\/\/www.wallendorff.com\/belogue\/wp-content\/uploads\/2015\/06\/20150625-07-188x188.jpg 188w, https:\/\/www.wallendorff.com\/belogue\/wp-content\/uploads\/2015\/06\/20150625-07-220x220.jpg 220w\" sizes=\"(max-width: 96px) 100vw, 96px\" \/><\/a>\n\t\t\t<\/div>\n\t\t\t\t<figcaption class='wp-caption-text gallery-caption' id='gallery-1-27809'>\n\t\t\t\tThe Strypes @ O\u00fci FM Festival, Paris, 24\/06\/2015\n\t\t\t\t<\/figcaption><\/figure><figure class='gallery-item'>\n\t\t\t<div class='gallery-icon landscape'>\n\t\t\t\t<a href='https:\/\/www.wallendorff.com\/belogue\/2015\/06\/25\/oui-fm-festival-jour-2\/the-strypes-oui-fm-festival-paris-24062015-7\/'><img loading=\"lazy\" decoding=\"async\" width=\"96\" height=\"96\" src=\"https:\/\/www.wallendorff.com\/belogue\/wp-content\/uploads\/2015\/06\/20150625-08-188x188.jpg\" class=\"attachment-thumbnail size-thumbnail\" alt=\"\" aria-describedby=\"gallery-1-27810\" srcset=\"https:\/\/www.wallendorff.com\/belogue\/wp-content\/uploads\/2015\/06\/20150625-08-188x188.jpg 188w, https:\/\/www.wallendorff.com\/belogue\/wp-content\/uploads\/2015\/06\/20150625-08-220x220.jpg 220w\" sizes=\"(max-width: 96px) 100vw, 96px\" \/><\/a>\n\t\t\t<\/div>\n\t\t\t\t<figcaption class='wp-caption-text gallery-caption' id='gallery-1-27810'>\n\t\t\t\tThe Strypes @ O\u00fci FM Festival, Paris, 24\/06\/2015\n\t\t\t\t<\/figcaption><\/figure><figure class='gallery-item'>\n\t\t\t<div class='gallery-icon landscape'>\n\t\t\t\t<a href='https:\/\/www.wallendorff.com\/belogue\/2015\/06\/25\/oui-fm-festival-jour-2\/the-strypes-oui-fm-festival-paris-24062015-8\/'><img loading=\"lazy\" decoding=\"async\" width=\"96\" height=\"96\" src=\"https:\/\/www.wallendorff.com\/belogue\/wp-content\/uploads\/2015\/06\/20150625-09-188x188.jpg\" class=\"attachment-thumbnail size-thumbnail\" alt=\"\" aria-describedby=\"gallery-1-27811\" srcset=\"https:\/\/www.wallendorff.com\/belogue\/wp-content\/uploads\/2015\/06\/20150625-09-188x188.jpg 188w, https:\/\/www.wallendorff.com\/belogue\/wp-content\/uploads\/2015\/06\/20150625-09-220x220.jpg 220w\" sizes=\"(max-width: 96px) 100vw, 96px\" \/><\/a>\n\t\t\t<\/div>\n\t\t\t\t<figcaption class='wp-caption-text gallery-caption' id='gallery-1-27811'>\n\t\t\t\tThe Strypes @ O\u00fci FM Festival, Paris, 24\/06\/2015\n\t\t\t\t<\/figcaption><\/figure><figure class='gallery-item'>\n\t\t\t<div class='gallery-icon portrait'>\n\t\t\t\t<a href='https:\/\/www.wallendorff.com\/belogue\/2015\/06\/25\/oui-fm-festival-jour-2\/the-strypes-oui-fm-festival-paris-24062015-9\/'><img loading=\"lazy\" decoding=\"async\" width=\"96\" height=\"96\" src=\"https:\/\/www.wallendorff.com\/belogue\/wp-content\/uploads\/2015\/06\/20150625-10-188x188.jpg\" class=\"attachment-thumbnail size-thumbnail\" alt=\"\" aria-describedby=\"gallery-1-27812\" srcset=\"https:\/\/www.wallendorff.com\/belogue\/wp-content\/uploads\/2015\/06\/20150625-10-188x188.jpg 188w, https:\/\/www.wallendorff.com\/belogue\/wp-content\/uploads\/2015\/06\/20150625-10-220x220.jpg 220w\" sizes=\"(max-width: 96px) 100vw, 96px\" \/><\/a>\n\t\t\t<\/div>\n\t\t\t\t<figcaption class='wp-caption-text gallery-caption' id='gallery-1-27812'>\n\t\t\t\tThe Strypes @ O\u00fci FM Festival, Paris, 24\/06\/2015\n\t\t\t\t<\/figcaption><\/figure><figure class='gallery-item'>\n\t\t\t<div class='gallery-icon landscape'>\n\t\t\t\t<a href='https:\/\/www.wallendorff.com\/belogue\/2015\/06\/25\/oui-fm-festival-jour-2\/the-strypes-oui-fm-festival-paris-24062015-10\/'><img loading=\"lazy\" decoding=\"async\" width=\"96\" height=\"96\" src=\"https:\/\/www.wallendorff.com\/belogue\/wp-content\/uploads\/2015\/06\/20150625-11-188x188.jpg\" class=\"attachment-thumbnail size-thumbnail\" alt=\"\" aria-describedby=\"gallery-1-27813\" srcset=\"https:\/\/www.wallendorff.com\/belogue\/wp-content\/uploads\/2015\/06\/20150625-11-188x188.jpg 188w, https:\/\/www.wallendorff.com\/belogue\/wp-content\/uploads\/2015\/06\/20150625-11-220x220.jpg 220w\" sizes=\"(max-width: 96px) 100vw, 96px\" \/><\/a>\n\t\t\t<\/div>\n\t\t\t\t<figcaption class='wp-caption-text gallery-caption' id='gallery-1-27813'>\n\t\t\t\tThe Strypes @ O\u00fci FM Festival, Paris, 24\/06\/2015\n\t\t\t\t<\/figcaption><\/figure><figure class='gallery-item'>\n\t\t\t<div class='gallery-icon portrait'>\n\t\t\t\t<a href='https:\/\/www.wallendorff.com\/belogue\/2015\/06\/25\/oui-fm-festival-jour-2\/the-strypes-oui-fm-festival-paris-24062015-11\/'><img loading=\"lazy\" decoding=\"async\" width=\"96\" height=\"96\" src=\"https:\/\/www.wallendorff.com\/belogue\/wp-content\/uploads\/2015\/06\/20150625-12-188x188.jpg\" class=\"attachment-thumbnail size-thumbnail\" alt=\"\" aria-describedby=\"gallery-1-27814\" srcset=\"https:\/\/www.wallendorff.com\/belogue\/wp-content\/uploads\/2015\/06\/20150625-12-188x188.jpg 188w, https:\/\/www.wallendorff.com\/belogue\/wp-content\/uploads\/2015\/06\/20150625-12-220x220.jpg 220w\" sizes=\"(max-width: 96px) 100vw, 96px\" \/><\/a>\n\t\t\t<\/div>\n\t\t\t\t<figcaption class='wp-caption-text gallery-caption' id='gallery-1-27814'>\n\t\t\t\tThe Strypes @ O\u00fci FM Festival, Paris, 24\/06\/2015\n\t\t\t\t<\/figcaption><\/figure><figure class='gallery-item'>\n\t\t\t<div class='gallery-icon landscape'>\n\t\t\t\t<a href='https:\/\/www.wallendorff.com\/belogue\/2015\/06\/25\/oui-fm-festival-jour-2\/the-strypes-oui-fm-festival-paris-24062015-12\/'><img loading=\"lazy\" decoding=\"async\" width=\"96\" height=\"96\" src=\"https:\/\/www.wallendorff.com\/belogue\/wp-content\/uploads\/2015\/06\/20150625-13-188x188.jpg\" class=\"attachment-thumbnail size-thumbnail\" alt=\"\" aria-describedby=\"gallery-1-27815\" srcset=\"https:\/\/www.wallendorff.com\/belogue\/wp-content\/uploads\/2015\/06\/20150625-13-188x188.jpg 188w, https:\/\/www.wallendorff.com\/belogue\/wp-content\/uploads\/2015\/06\/20150625-13-220x220.jpg 220w\" sizes=\"(max-width: 96px) 100vw, 96px\" \/><\/a>\n\t\t\t<\/div>\n\t\t\t\t<figcaption class='wp-caption-text gallery-caption' id='gallery-1-27815'>\n\t\t\t\tThe Strypes @ O\u00fci FM Festival, Paris, 24\/06\/2015\n\t\t\t\t<\/figcaption><\/figure><figure class='gallery-item'>\n\t\t\t<div class='gallery-icon landscape'>\n\t\t\t\t<a href='https:\/\/www.wallendorff.com\/belogue\/2015\/06\/25\/oui-fm-festival-jour-2\/oui-fm-festival-paris-24062015-2\/'><img loading=\"lazy\" decoding=\"async\" width=\"96\" height=\"96\" src=\"https:\/\/www.wallendorff.com\/belogue\/wp-content\/uploads\/2015\/06\/20150625-14-188x188.jpg\" class=\"attachment-thumbnail size-thumbnail\" alt=\"\" aria-describedby=\"gallery-1-27816\" srcset=\"https:\/\/www.wallendorff.com\/belogue\/wp-content\/uploads\/2015\/06\/20150625-14-188x188.jpg 188w, https:\/\/www.wallendorff.com\/belogue\/wp-content\/uploads\/2015\/06\/20150625-14-220x220.jpg 220w\" sizes=\"(max-width: 96px) 100vw, 96px\" \/><\/a>\n\t\t\t<\/div>\n\t\t\t\t<figcaption class='wp-caption-text gallery-caption' id='gallery-1-27816'>\n\t\t\t\tO\u00fci FM Festival, Paris, 24\/06\/2015\n\t\t\t\t<\/figcaption><\/figure><figure class='gallery-item'>\n\t\t\t<div class='gallery-icon landscape'>\n\t\t\t\t<a href='https:\/\/www.wallendorff.com\/belogue\/2015\/06\/25\/oui-fm-festival-jour-2\/the-strypes-oui-fm-festival-paris-24062015-13\/'><img loading=\"lazy\" decoding=\"async\" width=\"96\" height=\"96\" src=\"https:\/\/www.wallendorff.com\/belogue\/wp-content\/uploads\/2015\/06\/20150625-15-188x188.jpg\" class=\"attachment-thumbnail size-thumbnail\" alt=\"\" aria-describedby=\"gallery-1-27817\" srcset=\"https:\/\/www.wallendorff.com\/belogue\/wp-content\/uploads\/2015\/06\/20150625-15-188x188.jpg 188w, https:\/\/www.wallendorff.com\/belogue\/wp-content\/uploads\/2015\/06\/20150625-15-220x220.jpg 220w\" sizes=\"(max-width: 96px) 100vw, 96px\" \/><\/a>\n\t\t\t<\/div>\n\t\t\t\t<figcaption class='wp-caption-text gallery-caption' id='gallery-1-27817'>\n\t\t\t\tThe Strypes @ O\u00fci FM Festival, Paris, 24\/06\/2015\n\t\t\t\t<\/figcaption><\/figure><figure class='gallery-item'>\n\t\t\t<div class='gallery-icon portrait'>\n\t\t\t\t<a href='https:\/\/www.wallendorff.com\/belogue\/2015\/06\/25\/oui-fm-festival-jour-2\/the-strypes-oui-fm-festival-paris-24062015-14\/'><img loading=\"lazy\" decoding=\"async\" width=\"96\" height=\"96\" src=\"https:\/\/www.wallendorff.com\/belogue\/wp-content\/uploads\/2015\/06\/20150625-16-188x188.jpg\" class=\"attachment-thumbnail size-thumbnail\" alt=\"\" aria-describedby=\"gallery-1-27818\" srcset=\"https:\/\/www.wallendorff.com\/belogue\/wp-content\/uploads\/2015\/06\/20150625-16-188x188.jpg 188w, https:\/\/www.wallendorff.com\/belogue\/wp-content\/uploads\/2015\/06\/20150625-16-220x220.jpg 220w\" sizes=\"(max-width: 96px) 100vw, 96px\" \/><\/a>\n\t\t\t<\/div>\n\t\t\t\t<figcaption class='wp-caption-text gallery-caption' id='gallery-1-27818'>\n\t\t\t\tThe Strypes @ O\u00fci FM Festival, Paris, 24\/06\/2015\n\t\t\t\t<\/figcaption><\/figure><figure class='gallery-item'>\n\t\t\t<div class='gallery-icon portrait'>\n\t\t\t\t<a href='https:\/\/www.wallendorff.com\/belogue\/2015\/06\/25\/oui-fm-festival-jour-2\/oui-fm-festival-paris-24062015-3\/'><img loading=\"lazy\" decoding=\"async\" width=\"96\" height=\"96\" src=\"https:\/\/www.wallendorff.com\/belogue\/wp-content\/uploads\/2015\/06\/20150625-17-188x188.jpg\" class=\"attachment-thumbnail size-thumbnail\" alt=\"\" aria-describedby=\"gallery-1-27819\" srcset=\"https:\/\/www.wallendorff.com\/belogue\/wp-content\/uploads\/2015\/06\/20150625-17-188x188.jpg 188w, https:\/\/www.wallendorff.com\/belogue\/wp-content\/uploads\/2015\/06\/20150625-17-220x220.jpg 220w\" sizes=\"(max-width: 96px) 100vw, 96px\" \/><\/a>\n\t\t\t<\/div>\n\t\t\t\t<figcaption class='wp-caption-text gallery-caption' id='gallery-1-27819'>\n\t\t\t\tO\u00fci FM Festival, Paris, 24\/06\/2015\n\t\t\t\t<\/figcaption><\/figure><figure class='gallery-item'>\n\t\t\t<div class='gallery-icon portrait'>\n\t\t\t\t<a href='https:\/\/www.wallendorff.com\/belogue\/2015\/06\/25\/oui-fm-festival-jour-2\/gaz-coombes-oui-fm-festival-paris-24062015\/'><img loading=\"lazy\" decoding=\"async\" width=\"96\" height=\"96\" src=\"https:\/\/www.wallendorff.com\/belogue\/wp-content\/uploads\/2015\/06\/20150625-18-188x188.jpg\" class=\"attachment-thumbnail size-thumbnail\" alt=\"\" aria-describedby=\"gallery-1-27820\" srcset=\"https:\/\/www.wallendorff.com\/belogue\/wp-content\/uploads\/2015\/06\/20150625-18-188x188.jpg 188w, https:\/\/www.wallendorff.com\/belogue\/wp-content\/uploads\/2015\/06\/20150625-18-220x220.jpg 220w\" sizes=\"(max-width: 96px) 100vw, 96px\" \/><\/a>\n\t\t\t<\/div>\n\t\t\t\t<figcaption class='wp-caption-text gallery-caption' id='gallery-1-27820'>\n\t\t\t\tGaz Coombes @ O\u00fci FM Festival, Paris, 24\/06\/2015\n\t\t\t\t<\/figcaption><\/figure><figure class='gallery-item'>\n\t\t\t<div class='gallery-icon landscape'>\n\t\t\t\t<a href='https:\/\/www.wallendorff.com\/belogue\/2015\/06\/25\/oui-fm-festival-jour-2\/gaz-coombes-oui-fm-festival-paris-24062015-2\/'><img loading=\"lazy\" decoding=\"async\" width=\"96\" height=\"96\" src=\"https:\/\/www.wallendorff.com\/belogue\/wp-content\/uploads\/2015\/06\/20150625-19-188x188.jpg\" class=\"attachment-thumbnail size-thumbnail\" alt=\"\" aria-describedby=\"gallery-1-27821\" srcset=\"https:\/\/www.wallendorff.com\/belogue\/wp-content\/uploads\/2015\/06\/20150625-19-188x188.jpg 188w, https:\/\/www.wallendorff.com\/belogue\/wp-content\/uploads\/2015\/06\/20150625-19-220x220.jpg 220w\" sizes=\"(max-width: 96px) 100vw, 96px\" \/><\/a>\n\t\t\t<\/div>\n\t\t\t\t<figcaption class='wp-caption-text gallery-caption' id='gallery-1-27821'>\n\t\t\t\tGaz Coombes @ O\u00fci FM Festival, Paris, 24\/06\/2015\n\t\t\t\t<\/figcaption><\/figure><figure class='gallery-item'>\n\t\t\t<div class='gallery-icon landscape'>\n\t\t\t\t<a href='https:\/\/www.wallendorff.com\/belogue\/2015\/06\/25\/oui-fm-festival-jour-2\/oui-fm-festival-paris-24062015-4\/'><img loading=\"lazy\" decoding=\"async\" width=\"96\" height=\"96\" src=\"https:\/\/www.wallendorff.com\/belogue\/wp-content\/uploads\/2015\/06\/20150625-20-188x188.jpg\" class=\"attachment-thumbnail size-thumbnail\" alt=\"\" aria-describedby=\"gallery-1-27822\" srcset=\"https:\/\/www.wallendorff.com\/belogue\/wp-content\/uploads\/2015\/06\/20150625-20-188x188.jpg 188w, https:\/\/www.wallendorff.com\/belogue\/wp-content\/uploads\/2015\/06\/20150625-20-220x220.jpg 220w\" sizes=\"(max-width: 96px) 100vw, 96px\" \/><\/a>\n\t\t\t<\/div>\n\t\t\t\t<figcaption class='wp-caption-text gallery-caption' id='gallery-1-27822'>\n\t\t\t\tO\u00fci FM Festival, Paris, 24\/06\/2015\n\t\t\t\t<\/figcaption><\/figure><figure class='gallery-item'>\n\t\t\t<div class='gallery-icon landscape'>\n\t\t\t\t<a href='https:\/\/www.wallendorff.com\/belogue\/2015\/06\/25\/oui-fm-festival-jour-2\/gaz-coombes-oui-fm-festival-paris-24062015-3\/'><img loading=\"lazy\" decoding=\"async\" width=\"96\" height=\"96\" src=\"https:\/\/www.wallendorff.com\/belogue\/wp-content\/uploads\/2015\/06\/20150625-21-188x188.jpg\" class=\"attachment-thumbnail size-thumbnail\" alt=\"\" aria-describedby=\"gallery-1-27823\" srcset=\"https:\/\/www.wallendorff.com\/belogue\/wp-content\/uploads\/2015\/06\/20150625-21-188x188.jpg 188w, https:\/\/www.wallendorff.com\/belogue\/wp-content\/uploads\/2015\/06\/20150625-21-220x220.jpg 220w\" sizes=\"(max-width: 96px) 100vw, 96px\" \/><\/a>\n\t\t\t<\/div>\n\t\t\t\t<figcaption class='wp-caption-text gallery-caption' id='gallery-1-27823'>\n\t\t\t\tGaz Coombes @ O\u00fci FM Festival, Paris, 24\/06\/2015\n\t\t\t\t<\/figcaption><\/figure><figure class='gallery-item'>\n\t\t\t<div class='gallery-icon landscape'>\n\t\t\t\t<a href='https:\/\/www.wallendorff.com\/belogue\/2015\/06\/25\/oui-fm-festival-jour-2\/gaz-coombes-oui-fm-festival-paris-24062015-4\/'><img loading=\"lazy\" decoding=\"async\" width=\"96\" height=\"96\" src=\"https:\/\/www.wallendorff.com\/belogue\/wp-content\/uploads\/2015\/06\/20150625-22-188x188.jpg\" class=\"attachment-thumbnail size-thumbnail\" alt=\"\" aria-describedby=\"gallery-1-27824\" srcset=\"https:\/\/www.wallendorff.com\/belogue\/wp-content\/uploads\/2015\/06\/20150625-22-188x188.jpg 188w, https:\/\/www.wallendorff.com\/belogue\/wp-content\/uploads\/2015\/06\/20150625-22-220x220.jpg 220w\" sizes=\"(max-width: 96px) 100vw, 96px\" \/><\/a>\n\t\t\t<\/div>\n\t\t\t\t<figcaption class='wp-caption-text gallery-caption' id='gallery-1-27824'>\n\t\t\t\tGaz Coombes @ O\u00fci FM Festival, Paris, 24\/06\/2015\n\t\t\t\t<\/figcaption><\/figure><figure class='gallery-item'>\n\t\t\t<div class='gallery-icon portrait'>\n\t\t\t\t<a href='https:\/\/www.wallendorff.com\/belogue\/2015\/06\/25\/oui-fm-festival-jour-2\/gaz-coombes-oui-fm-festival-paris-24062015-5\/'><img loading=\"lazy\" decoding=\"async\" width=\"96\" height=\"96\" src=\"https:\/\/www.wallendorff.com\/belogue\/wp-content\/uploads\/2015\/06\/20150625-23-188x188.jpg\" class=\"attachment-thumbnail size-thumbnail\" alt=\"\" aria-describedby=\"gallery-1-27825\" srcset=\"https:\/\/www.wallendorff.com\/belogue\/wp-content\/uploads\/2015\/06\/20150625-23-188x188.jpg 188w, https:\/\/www.wallendorff.com\/belogue\/wp-content\/uploads\/2015\/06\/20150625-23-220x220.jpg 220w\" sizes=\"(max-width: 96px) 100vw, 96px\" \/><\/a>\n\t\t\t<\/div>\n\t\t\t\t<figcaption class='wp-caption-text gallery-caption' id='gallery-1-27825'>\n\t\t\t\tGaz Coombes @ O\u00fci FM Festival, Paris, 24\/06\/2015\n\t\t\t\t<\/figcaption><\/figure><figure class='gallery-item'>\n\t\t\t<div class='gallery-icon landscape'>\n\t\t\t\t<a href='https:\/\/www.wallendorff.com\/belogue\/2015\/06\/25\/oui-fm-festival-jour-2\/gaz-coombes-oui-fm-festival-paris-24062015-6\/'><img loading=\"lazy\" decoding=\"async\" width=\"96\" height=\"96\" src=\"https:\/\/www.wallendorff.com\/belogue\/wp-content\/uploads\/2015\/06\/20150625-24-188x188.jpg\" class=\"attachment-thumbnail size-thumbnail\" alt=\"\" aria-describedby=\"gallery-1-27826\" srcset=\"https:\/\/www.wallendorff.com\/belogue\/wp-content\/uploads\/2015\/06\/20150625-24-188x188.jpg 188w, https:\/\/www.wallendorff.com\/belogue\/wp-content\/uploads\/2015\/06\/20150625-24-220x220.jpg 220w\" sizes=\"(max-width: 96px) 100vw, 96px\" \/><\/a>\n\t\t\t<\/div>\n\t\t\t\t<figcaption class='wp-caption-text gallery-caption' id='gallery-1-27826'>\n\t\t\t\tGaz Coombes @ O\u00fci FM Festival, Paris, 24\/06\/2015\n\t\t\t\t<\/figcaption><\/figure><figure class='gallery-item'>\n\t\t\t<div class='gallery-icon landscape'>\n\t\t\t\t<a href='https:\/\/www.wallendorff.com\/belogue\/2015\/06\/25\/oui-fm-festival-jour-2\/gaz-coombes-oui-fm-festival-paris-24062015-7\/'><img loading=\"lazy\" decoding=\"async\" width=\"96\" height=\"96\" src=\"https:\/\/www.wallendorff.com\/belogue\/wp-content\/uploads\/2015\/06\/20150625-25-188x188.jpg\" class=\"attachment-thumbnail size-thumbnail\" alt=\"\" aria-describedby=\"gallery-1-27827\" srcset=\"https:\/\/www.wallendorff.com\/belogue\/wp-content\/uploads\/2015\/06\/20150625-25-188x188.jpg 188w, https:\/\/www.wallendorff.com\/belogue\/wp-content\/uploads\/2015\/06\/20150625-25-220x220.jpg 220w\" sizes=\"(max-width: 96px) 100vw, 96px\" \/><\/a>\n\t\t\t<\/div>\n\t\t\t\t<figcaption class='wp-caption-text gallery-caption' id='gallery-1-27827'>\n\t\t\t\tGaz Coombes @ O\u00fci FM Festival, Paris, 24\/06\/2015\n\t\t\t\t<\/figcaption><\/figure><figure class='gallery-item'>\n\t\t\t<div class='gallery-icon landscape'>\n\t\t\t\t<a href='https:\/\/www.wallendorff.com\/belogue\/2015\/06\/25\/oui-fm-festival-jour-2\/gaz-coombes-oui-fm-festival-paris-24062015-8\/'><img loading=\"lazy\" decoding=\"async\" width=\"96\" height=\"96\" src=\"https:\/\/www.wallendorff.com\/belogue\/wp-content\/uploads\/2015\/06\/20150625-26-188x188.jpg\" class=\"attachment-thumbnail size-thumbnail\" alt=\"\" aria-describedby=\"gallery-1-27828\" srcset=\"https:\/\/www.wallendorff.com\/belogue\/wp-content\/uploads\/2015\/06\/20150625-26-188x188.jpg 188w, https:\/\/www.wallendorff.com\/belogue\/wp-content\/uploads\/2015\/06\/20150625-26-220x220.jpg 220w\" sizes=\"(max-width: 96px) 100vw, 96px\" \/><\/a>\n\t\t\t<\/div>\n\t\t\t\t<figcaption class='wp-caption-text gallery-caption' id='gallery-1-27828'>\n\t\t\t\tGaz Coombes @ O\u00fci FM Festival, Paris, 24\/06\/2015\n\t\t\t\t<\/figcaption><\/figure>\n\t\t<\/div>\n\n","protected":false},"excerpt":{"rendered":"<p>Eighty-Four The Strypes<\/p>\n","protected":false},"author":1,"featured_media":27830,"comment_status":"open","ping_status":"open","sticky":false,"template":"","format":"standard","meta":{"_acf_changed":false,"ngg_post_thumbnail":0,"jetpack_post_was_ever_published":false,"_jetpack_newsletter_access":"","_jetpack_dont_email_post_to_subs":false,"_jetpack_newsletter_tier_id":0,"_jetpack_memberships_contains_paywalled_content":false,"_jetpack_memberships_contains_paid_content":false,"footnotes":"","jetpack_publicize_message":"","jetpack_publicize_feature_enabled":true,"jetpack_social_post_already_shared":true,"jetpack_social_options":{"image_generator_settings":{"template":"highway","default_image_id":0,"font":"","enabled":false},"version":2}},"categories":[7],"tags":[12417,10336,10267,10183,10084,2571,8170,181,6766,8351,9941,10136,10120,11051,10121,11282,494,9938,9939,10098,10381,8243,12121,11426],"class_list":["post-27800","post","type-post","status-publish","format-standard","has-post-thumbnail","hentry","category-alive","tag-12417","tag-10336","tag-10267","tag-10183","tag-alive","tag-ef-16-35-mm-f28l-ii-usm","tag-ef-24-70-mm-f2-8l-ii-usm","tag-ef-70-200-mm-f28l-usm","tag-eos-5d-mark-iii","tag-eos-6d","tag-eighty-four","tag-festival","tag-france","tag-gaz-coombes","tag-ile-de-france","tag-monument-a-la-republique","tag-oui-fm","tag-oui-fm-festival","tag-oui-fm-festival-2015","tag-paris","tag-place-de-la-republique","tag-sigma-15-mm-f2-8-ex-dg-diagonal-fish-eye","tag-soirs-dete","tag-the-strypes"],"acf":[],"geo":{"latitude":48.8676147,"longitude":2.3639488,"description":"Paris 03, \u00cele-de-France, 75003, FR"},"jetpack_publicize_connections":[],"jetpack_featured_media_url":"https:\/\/www.wallendorff.com\/belogue\/wp-content\/uploads\/2015\/06\/20150625-021.jpg","jetpack_shortlink":"https:\/\/wp.me\/p3b35P-7eo","jetpack_sharing_enabled":true,"jetpack-related-posts":[{"id":27788,"url":"https:\/\/www.wallendorff.com\/belogue\/2015\/06\/24\/oui-fm-festival-jour-1\/","url_meta":{"origin":27800,"position":0},"title":"O\u00fci FM Festival, jour 1.","author":"dpc","date":"24 juin 2015","format":false,"excerpt":"Lock All the Doors Noel Gallagher's High Flying Birds","rel":"","context":"Dans &quot;Alive&quot;","block_context":{"text":"Alive","link":"https:\/\/www.wallendorff.com\/belogue\/category\/alive\/"},"img":{"alt_text":"","src":"https:\/\/i0.wp.com\/www.wallendorff.com\/belogue\/wp-content\/uploads\/2015\/06\/20150624-301.jpg?resize=350%2C200&ssl=1","width":350,"height":200,"srcset":"https:\/\/i0.wp.com\/www.wallendorff.com\/belogue\/wp-content\/uploads\/2015\/06\/20150624-301.jpg?resize=350%2C200&ssl=1 1x, https:\/\/i0.wp.com\/www.wallendorff.com\/belogue\/wp-content\/uploads\/2015\/06\/20150624-301.jpg?resize=525%2C300&ssl=1 1.5x, https:\/\/i0.wp.com\/www.wallendorff.com\/belogue\/wp-content\/uploads\/2015\/06\/20150624-301.jpg?resize=700%2C400&ssl=1 2x"},"classes":[]},{"id":27832,"url":"https:\/\/www.wallendorff.com\/belogue\/2015\/06\/26\/oui-fm-festival-jour-3\/","url_meta":{"origin":27800,"position":1},"title":"O\u00fci FM Festival, jour 3.","author":"dpc","date":"26 juin 2015","format":false,"excerpt":"","rel":"","context":"Dans &quot;Alive&quot;","block_context":{"text":"Alive","link":"https:\/\/www.wallendorff.com\/belogue\/category\/alive\/"},"img":{"alt_text":"","src":"https:\/\/i0.wp.com\/www.wallendorff.com\/belogue\/wp-content\/uploads\/2015\/06\/20150626-291.jpg?resize=350%2C200&ssl=1","width":350,"height":200,"srcset":"https:\/\/i0.wp.com\/www.wallendorff.com\/belogue\/wp-content\/uploads\/2015\/06\/20150626-291.jpg?resize=350%2C200&ssl=1 1x, https:\/\/i0.wp.com\/www.wallendorff.com\/belogue\/wp-content\/uploads\/2015\/06\/20150626-291.jpg?resize=525%2C300&ssl=1 1.5x, https:\/\/i0.wp.com\/www.wallendorff.com\/belogue\/wp-content\/uploads\/2015\/06\/20150626-291.jpg?resize=700%2C400&ssl=1 2x"},"classes":[]},{"id":129644,"url":"https:\/\/www.wallendorff.com\/belogue\/2024\/07\/27\/paleo-festival-2024-nyon-jour-4\/","url_meta":{"origin":27800,"position":2},"title":"Pal\u00e9o Festival 2024, Nyon, jour 4.","author":"dpc","date":"27 juillet 2024","format":false,"excerpt":"","rel":"","context":"Dans &quot;Alive&quot;","block_context":{"text":"Alive","link":"https:\/\/www.wallendorff.com\/belogue\/category\/alive\/"},"img":{"alt_text":"","src":"https:\/\/i0.wp.com\/www.wallendorff.com\/belogue\/wp-content\/uploads\/2024\/07\/20240727-27.jpg?resize=350%2C200&ssl=1","width":350,"height":200,"srcset":"https:\/\/i0.wp.com\/www.wallendorff.com\/belogue\/wp-content\/uploads\/2024\/07\/20240727-27.jpg?resize=350%2C200&ssl=1 1x, https:\/\/i0.wp.com\/www.wallendorff.com\/belogue\/wp-content\/uploads\/2024\/07\/20240727-27.jpg?resize=525%2C300&ssl=1 1.5x, https:\/\/i0.wp.com\/www.wallendorff.com\/belogue\/wp-content\/uploads\/2024\/07\/20240727-27.jpg?resize=700%2C400&ssl=1 2x, https:\/\/i0.wp.com\/www.wallendorff.com\/belogue\/wp-content\/uploads\/2024\/07\/20240727-27.jpg?resize=1050%2C600&ssl=1 3x"},"classes":[]},{"id":129779,"url":"https:\/\/www.wallendorff.com\/belogue\/2024\/07\/30\/paleo-festival-2024-nyon-jour-6\/","url_meta":{"origin":27800,"position":3},"title":"Pal\u00e9o Festival 2024, Nyon, jour 6.","author":"dpc","date":"30 juillet 2024","format":false,"excerpt":"","rel":"","context":"Dans &quot;Alive&quot;","block_context":{"text":"Alive","link":"https:\/\/www.wallendorff.com\/belogue\/category\/alive\/"},"img":{"alt_text":"","src":"https:\/\/i0.wp.com\/www.wallendorff.com\/belogue\/wp-content\/uploads\/2024\/07\/20240729-35.jpg?resize=350%2C200&ssl=1","width":350,"height":200,"srcset":"https:\/\/i0.wp.com\/www.wallendorff.com\/belogue\/wp-content\/uploads\/2024\/07\/20240729-35.jpg?resize=350%2C200&ssl=1 1x, https:\/\/i0.wp.com\/www.wallendorff.com\/belogue\/wp-content\/uploads\/2024\/07\/20240729-35.jpg?resize=525%2C300&ssl=1 1.5x, https:\/\/i0.wp.com\/www.wallendorff.com\/belogue\/wp-content\/uploads\/2024\/07\/20240729-35.jpg?resize=700%2C400&ssl=1 2x, https:\/\/i0.wp.com\/www.wallendorff.com\/belogue\/wp-content\/uploads\/2024\/07\/20240729-35.jpg?resize=1050%2C600&ssl=1 3x"},"classes":[]},{"id":129697,"url":"https:\/\/www.wallendorff.com\/belogue\/2024\/07\/28\/paleo-festival-2024-nyon-jour-5\/","url_meta":{"origin":27800,"position":4},"title":"Pal\u00e9o Festival 2024, Nyon, jour 5.","author":"dpc","date":"28 juillet 2024","format":false,"excerpt":"","rel":"","context":"Dans &quot;Alive&quot;","block_context":{"text":"Alive","link":"https:\/\/www.wallendorff.com\/belogue\/category\/alive\/"},"img":{"alt_text":"","src":"https:\/\/i0.wp.com\/www.wallendorff.com\/belogue\/wp-content\/uploads\/2024\/07\/20240728-70.jpg?resize=350%2C200&ssl=1","width":350,"height":200,"srcset":"https:\/\/i0.wp.com\/www.wallendorff.com\/belogue\/wp-content\/uploads\/2024\/07\/20240728-70.jpg?resize=350%2C200&ssl=1 1x, https:\/\/i0.wp.com\/www.wallendorff.com\/belogue\/wp-content\/uploads\/2024\/07\/20240728-70.jpg?resize=525%2C300&ssl=1 1.5x, https:\/\/i0.wp.com\/www.wallendorff.com\/belogue\/wp-content\/uploads\/2024\/07\/20240728-70.jpg?resize=700%2C400&ssl=1 2x, https:\/\/i0.wp.com\/www.wallendorff.com\/belogue\/wp-content\/uploads\/2024\/07\/20240728-70.jpg?resize=1050%2C600&ssl=1 3x"},"classes":[]},{"id":129565,"url":"https:\/\/www.wallendorff.com\/belogue\/2024\/07\/26\/paleo-festival-2024-nyon-jour-3\/","url_meta":{"origin":27800,"position":5},"title":"Pal\u00e9o Festival 2024, Nyon, jour 3.","author":"dpc","date":"26 juillet 2024","format":false,"excerpt":"Ambiance, Pal\u00e9o Festival Nyon 2024 Ambiance, Pal\u00e9o Festival Nyon 2024 Ambiance, Pal\u00e9o Festival Nyon 2024 Ambiance, Pal\u00e9o Festival Nyon 2024 Ambiance, Pal\u00e9o Festival Nyon 2024 Ambiance, Pal\u00e9o Festival Nyon 2024 Ambiance, Pal\u00e9o Festival Nyon 2024 Ambiance, Pal\u00e9o Festival Nyon 2024","rel":"","context":"Dans &quot;Alive&quot;","block_context":{"text":"Alive","link":"https:\/\/www.wallendorff.com\/belogue\/category\/alive\/"},"img":{"alt_text":"","src":"https:\/\/i0.wp.com\/www.wallendorff.com\/belogue\/wp-content\/uploads\/2024\/07\/20240726-55.jpg?resize=350%2C200&ssl=1","width":350,"height":200,"srcset":"https:\/\/i0.wp.com\/www.wallendorff.com\/belogue\/wp-content\/uploads\/2024\/07\/20240726-55.jpg?resize=350%2C200&ssl=1 1x, https:\/\/i0.wp.com\/www.wallendorff.com\/belogue\/wp-content\/uploads\/2024\/07\/20240726-55.jpg?resize=525%2C300&ssl=1 1.5x, https:\/\/i0.wp.com\/www.wallendorff.com\/belogue\/wp-content\/uploads\/2024\/07\/20240726-55.jpg?resize=700%2C400&ssl=1 2x, https:\/\/i0.wp.com\/www.wallendorff.com\/belogue\/wp-content\/uploads\/2024\/07\/20240726-55.jpg?resize=1050%2C600&ssl=1 3x"},"classes":[]}],"_links":{"self":[{"href":"https:\/\/www.wallendorff.com\/belogue\/wp-json\/wp\/v2\/posts\/27800","targetHints":{"allow":["GET"]}}],"collection":[{"href":"https:\/\/www.wallendorff.com\/belogue\/wp-json\/wp\/v2\/posts"}],"about":[{"href":"https:\/\/www.wallendorff.com\/belogue\/wp-json\/wp\/v2\/types\/post"}],"author":[{"embeddable":true,"href":"https:\/\/www.wallendorff.com\/belogue\/wp-json\/wp\/v2\/users\/1"}],"replies":[{"embeddable":true,"href":"https:\/\/www.wallendorff.com\/belogue\/wp-json\/wp\/v2\/comments?post=27800"}],"version-history":[{"count":2,"href":"https:\/\/www.wallendorff.com\/belogue\/wp-json\/wp\/v2\/posts\/27800\/revisions"}],"predecessor-version":[{"id":27829,"href":"https:\/\/www.wallendorff.com\/belogue\/wp-json\/wp\/v2\/posts\/27800\/revisions\/27829"}],"wp:featuredmedia":[{"embeddable":true,"href":"https:\/\/www.wallendorff.com\/belogue\/wp-json\/wp\/v2\/media\/27830"}],"wp:attachment":[{"href":"https:\/\/www.wallendorff.com\/belogue\/wp-json\/wp\/v2\/media?parent=27800"}],"wp:term":[{"taxonomy":"category","embeddable":true,"href":"https:\/\/www.wallendorff.com\/belogue\/wp-json\/wp\/v2\/categories?post=27800"},{"taxonomy":"post_tag","embeddable":true,"href":"https:\/\/www.wallendorff.com\/belogue\/wp-json\/wp\/v2\/tags?post=27800"}],"curies":[{"name":"wp","href":"https:\/\/api.w.org\/{rel}","templated":true}]}}