{"id":27727,"date":"2015-06-19T12:12:22","date_gmt":"2015-06-19T10:12:22","guid":{"rendered":"http:\/\/www.wallendorff.com\/belogue\/?p=27727"},"modified":"2015-06-19T12:18:16","modified_gmt":"2015-06-19T10:18:16","slug":"aux-berges-deux-jeux-naissent","status":"publish","type":"post","link":"https:\/\/www.wallendorff.com\/belogue\/2015\/06\/19\/aux-berges-deux-jeux-naissent\/","title":{"rendered":"Aux berges [deux jeux naissent]."},"content":{"rendered":"\n<div id=\"photo\">\n<p><img decoding=\"async\" src=\"https:\/\/www.wallendorff.com\/belogue\/photo\/2015\/06\/20150619.jpg\"><br \/>\n        Langelinie, Copenhague, 5 avril.<\/p>\n<\/p><\/div>\n<div id=\"bandeson\">\n<p><img decoding=\"async\" src=\"https:\/\/www.wallendorff.com\/belogue\/photo\/pochettes\/m\/mispers_the-weekend.jpg\" align=\"left\" \/><a style=\"font-weight:normal\" id=\"lienmp3\" href=\"http:\/\/www.youtube.com\/watch?v=kwuxQ7sOTmE\"><em>Weekend<\/em><\/a><br \/>\n<a href=\"http:\/\/www.themispers.com\/\">The Mispers<\/a><\/p>\n<\/p><\/div>\n","protected":false},"excerpt":{"rendered":"<p>Langelinie, Copenhague, 5 avril. Weekend The Mispers<\/p>\n","protected":false},"author":1,"featured_media":27731,"comment_status":"open","ping_status":"open","sticky":false,"template":"","format":"standard","meta":{"_acf_changed":false,"ngg_post_thumbnail":0,"jetpack_post_was_ever_published":false,"_jetpack_newsletter_access":"","_jetpack_dont_email_post_to_subs":false,"_jetpack_newsletter_tier_id":0,"_jetpack_memberships_contains_paywalled_content":false,"_jetpack_memberships_contains_paid_content":false,"footnotes":"","jetpack_publicize_message":"","jetpack_publicize_feature_enabled":true,"jetpack_social_post_already_shared":true,"jetpack_social_options":{"image_generator_settings":{"template":"highway","default_image_id":0,"font":"","enabled":false},"version":2}},"categories":[3],"tags":[8751,8351,10144,9673,9674,9933,9931,10599,10407,9932,7933],"class_list":["post-27727","post","type-post","status-publish","format-standard","has-post-thumbnail","hentry","category-dpc","tag-ef-70-300mm-f4-5-6-is-usm","tag-eos-6d","tag-ciel","tag-copenhague","tag-danemark","tag-hovedstaten","tag-langelinie","tag-nuage","tag-silhouette","tag-the-mispers","tag-weekend"],"acf":[],"geo":{"latitude":55.6934738,"longitude":12.5958033,"description":"K\u00f8benhavn, Region Hovedstaden, 1420, DK"},"jetpack_publicize_connections":[],"jetpack_featured_media_url":"https:\/\/www.wallendorff.com\/belogue\/wp-content\/uploads\/2015\/06\/20150619.jpg","jetpack_shortlink":"https:\/\/wp.me\/p3b35P-7dd","jetpack_sharing_enabled":true,"jetpack-related-posts":[{"id":12088,"url":"https:\/\/www.wallendorff.com\/belogue\/2011\/01\/25\/hey-ho-lets-grow\/","url_meta":{"origin":27727,"position":0},"title":"Hey ho let&rsquo;s grow.","author":"dpc","date":"25 janvier 2011","format":false,"excerpt":"Rue du Mont-Cenis, Paris, 18 d\u00e9cembre 2010. Oui c'est tr\u00e8s cr\u00e9tin mais j'avais envie de citer les Rameauxnes. Ahah. Bref. \u00a0Scott Matthews \u2013 Elusive","rel":"","context":"Dans &quot;DPC&quot;","block_context":{"text":"DPC","link":"https:\/\/www.wallendorff.com\/belogue\/category\/dpc\/"},"img":{"alt_text":"","src":"https:\/\/i0.wp.com\/www.wallendorff.com\/belogue\/wp-content\/uploads\/2015\/04\/201101251.jpg?resize=350%2C200&ssl=1","width":350,"height":200},"classes":[]},{"id":27271,"url":"https:\/\/www.wallendorff.com\/belogue\/2015\/04\/30\/avril-2015\/","url_meta":{"origin":27727,"position":1},"title":"Avril 2015.","author":"dpc","date":"30 avril 2015","format":false,"excerpt":"Une autoroute vers le nord, un voyage en ferry, une bi\u00e8re en ville, un d\u00e9m\u00e9nagement, une petite sir\u00e8ne, un voyage en ferry, une autoroute vers le sud, une pizza chaude, une vodka froide, une jet\u00e9e, une plage, une tombe, un lever t\u00f4t, une plage, un cr\u00e9puscule rose, un Mont, un\u2026","rel":"","context":"Dans &quot;Blog-note&quot;","block_context":{"text":"Blog-note","link":"https:\/\/www.wallendorff.com\/belogue\/category\/blog-note\/"},"img":{"alt_text":"","src":"https:\/\/i0.wp.com\/www.wallendorff.com\/belogue\/wp-content\/uploads\/2015\/05\/20150508-06.jpg?resize=350%2C200&ssl=1","width":350,"height":200,"srcset":"https:\/\/i0.wp.com\/www.wallendorff.com\/belogue\/wp-content\/uploads\/2015\/05\/20150508-06.jpg?resize=350%2C200&ssl=1 1x, https:\/\/i0.wp.com\/www.wallendorff.com\/belogue\/wp-content\/uploads\/2015\/05\/20150508-06.jpg?resize=525%2C300&ssl=1 1.5x, https:\/\/i0.wp.com\/www.wallendorff.com\/belogue\/wp-content\/uploads\/2015\/05\/20150508-06.jpg?resize=700%2C400&ssl=1 2x"},"classes":[]},{"id":21442,"url":"https:\/\/www.wallendorff.com\/belogue\/2013\/08\/17\/into-the-wide-15\/","url_meta":{"origin":27727,"position":2},"title":"Into the wide #15.","author":"dpc","date":"17 ao\u00fbt 2013","format":false,"excerpt":"\u00c9glise Saint-Louis-des-Invalides, Paris, 8 juin. It's Alright Weekend","rel":"","context":"Dans &quot;Into the wide&quot;","block_context":{"text":"Into the wide","link":"https:\/\/www.wallendorff.com\/belogue\/category\/into-the-wide\/"},"img":{"alt_text":"","src":"https:\/\/i0.wp.com\/www.wallendorff.com\/belogue\/wp-content\/uploads\/2015\/04\/201308171.jpg?resize=350%2C200&ssl=1","width":350,"height":200,"srcset":"https:\/\/i0.wp.com\/www.wallendorff.com\/belogue\/wp-content\/uploads\/2015\/04\/201308171.jpg?resize=350%2C200&ssl=1 1x, https:\/\/i0.wp.com\/www.wallendorff.com\/belogue\/wp-content\/uploads\/2015\/04\/201308171.jpg?resize=525%2C300&ssl=1 1.5x, https:\/\/i0.wp.com\/www.wallendorff.com\/belogue\/wp-content\/uploads\/2015\/04\/201308171.jpg?resize=700%2C400&ssl=1 2x"},"classes":[]},{"id":3903,"url":"https:\/\/www.wallendorff.com\/belogue\/2009\/02\/12\/main-square-festival-arras-6-juillet-2008\/","url_meta":{"origin":27727,"position":3},"title":"Main Square Festival, Arras, 6 juillet 2008.","author":"dpc","date":"12 f\u00e9vrier 2009","format":false,"excerpt":"Vampire Weekend \u00a0 The Wombats \u00a0 The D\u00f8 \u00a0 Sigur R\u00f3s \u00a0 Radiohead \u00a0","rel":"","context":"Dans &quot;Alive&quot;","block_context":{"text":"Alive","link":"https:\/\/www.wallendorff.com\/belogue\/category\/alive\/"},"img":{"alt_text":"","src":"https:\/\/i0.wp.com\/www.wallendorff.com\/belogue\/wp-content\/uploads\/2015\/04\/200902121.jpg?resize=350%2C200&ssl=1","width":350,"height":200,"srcset":"https:\/\/i0.wp.com\/www.wallendorff.com\/belogue\/wp-content\/uploads\/2015\/04\/200902121.jpg?resize=350%2C200&ssl=1 1x, https:\/\/i0.wp.com\/www.wallendorff.com\/belogue\/wp-content\/uploads\/2015\/04\/200902121.jpg?resize=525%2C300&ssl=1 1.5x, https:\/\/i0.wp.com\/www.wallendorff.com\/belogue\/wp-content\/uploads\/2015\/04\/200902121.jpg?resize=700%2C400&ssl=1 2x"},"classes":[]},{"id":4569,"url":"https:\/\/www.wallendorff.com\/belogue\/2009\/08\/29\/et-pendant-ce-temps-a-rock-en-seine-7\/","url_meta":{"origin":27727,"position":4},"title":"Et pendant ce temps, \u00e0 Rock en Seine.","author":"dpc","date":"29 ao\u00fbt 2009","format":false,"excerpt":"C'\u00e9tait poneyland, jusqu'\u00e0 ce que les Gallagher ruinent \u00e0 grands coups de guitare mes espoirs de chouter Oasis un jour. Just Jack The Tatianas Keane Gush The Yeah Yeah Yeahs Passion Pit Vampire Weekend Bloc Party Le reste","rel":"","context":"Dans &quot;Alive&quot;","block_context":{"text":"Alive","link":"https:\/\/www.wallendorff.com\/belogue\/category\/alive\/"},"img":{"alt_text":"","src":"https:\/\/i0.wp.com\/www.wallendorff.com\/belogue\/wp-content\/uploads\/2015\/04\/200908291.jpg?resize=350%2C200&ssl=1","width":350,"height":200,"srcset":"https:\/\/i0.wp.com\/www.wallendorff.com\/belogue\/wp-content\/uploads\/2015\/04\/200908291.jpg?resize=350%2C200&ssl=1 1x, https:\/\/i0.wp.com\/www.wallendorff.com\/belogue\/wp-content\/uploads\/2015\/04\/200908291.jpg?resize=525%2C300&ssl=1 1.5x, https:\/\/i0.wp.com\/www.wallendorff.com\/belogue\/wp-content\/uploads\/2015\/04\/200908291.jpg?resize=700%2C400&ssl=1 2x"},"classes":[]},{"id":30325,"url":"https:\/\/www.wallendorff.com\/belogue\/2016\/03\/03\/into-the-wide-63\/","url_meta":{"origin":27727,"position":5},"title":"Into the wide #63.","author":"dpc","date":"3 mars 2016","format":false,"excerpt":"Porte des Allemands, Metz, 27 d\u00e9cembre 2015. Toute ressemblance avec la photo pr\u00e9c\u00e9dente prise de l'angle oppos\u00e9 est purem... ah si, tiens, il s'agit bien de la photo pr\u00e9c\u00e9dente prise de l'angle oppos\u00e9. Lost Weekend Pete Yorn","rel":"","context":"Dans &quot;Into the wide&quot;","block_context":{"text":"Into the wide","link":"https:\/\/www.wallendorff.com\/belogue\/category\/into-the-wide\/"},"img":{"alt_text":"","src":"https:\/\/i0.wp.com\/www.wallendorff.com\/belogue\/wp-content\/uploads\/2016\/03\/20160303.jpg?resize=350%2C200&ssl=1","width":350,"height":200,"srcset":"https:\/\/i0.wp.com\/www.wallendorff.com\/belogue\/wp-content\/uploads\/2016\/03\/20160303.jpg?resize=350%2C200&ssl=1 1x, https:\/\/i0.wp.com\/www.wallendorff.com\/belogue\/wp-content\/uploads\/2016\/03\/20160303.jpg?resize=525%2C300&ssl=1 1.5x, https:\/\/i0.wp.com\/www.wallendorff.com\/belogue\/wp-content\/uploads\/2016\/03\/20160303.jpg?resize=700%2C400&ssl=1 2x"},"classes":[]}],"_links":{"self":[{"href":"https:\/\/www.wallendorff.com\/belogue\/wp-json\/wp\/v2\/posts\/27727","targetHints":{"allow":["GET"]}}],"collection":[{"href":"https:\/\/www.wallendorff.com\/belogue\/wp-json\/wp\/v2\/posts"}],"about":[{"href":"https:\/\/www.wallendorff.com\/belogue\/wp-json\/wp\/v2\/types\/post"}],"author":[{"embeddable":true,"href":"https:\/\/www.wallendorff.com\/belogue\/wp-json\/wp\/v2\/users\/1"}],"replies":[{"embeddable":true,"href":"https:\/\/www.wallendorff.com\/belogue\/wp-json\/wp\/v2\/comments?post=27727"}],"version-history":[{"count":2,"href":"https:\/\/www.wallendorff.com\/belogue\/wp-json\/wp\/v2\/posts\/27727\/revisions"}],"predecessor-version":[{"id":27730,"href":"https:\/\/www.wallendorff.com\/belogue\/wp-json\/wp\/v2\/posts\/27727\/revisions\/27730"}],"wp:featuredmedia":[{"embeddable":true,"href":"https:\/\/www.wallendorff.com\/belogue\/wp-json\/wp\/v2\/media\/27731"}],"wp:attachment":[{"href":"https:\/\/www.wallendorff.com\/belogue\/wp-json\/wp\/v2\/media?parent=27727"}],"wp:term":[{"taxonomy":"category","embeddable":true,"href":"https:\/\/www.wallendorff.com\/belogue\/wp-json\/wp\/v2\/categories?post=27727"},{"taxonomy":"post_tag","embeddable":true,"href":"https:\/\/www.wallendorff.com\/belogue\/wp-json\/wp\/v2\/tags?post=27727"}],"curies":[{"name":"wp","href":"https:\/\/api.w.org\/{rel}","templated":true}]}}