{"id":276,"date":"2005-11-08T00:42:52","date_gmt":"2005-11-08T00:42:52","guid":{"rendered":"http:\/\/www.po-l.com\/wordpress\/?p=276"},"modified":"2012-01-05T14:58:23","modified_gmt":"2012-01-05T12:58:23","slug":"tu-bus-l-art-bel","status":"publish","type":"post","link":"https:\/\/www.wallendorff.com\/belogue\/2005\/11\/08\/tu-bus-l-art-bel\/","title":{"rendered":"Tu bus l&rsquo;art bel."},"content":{"rendered":"\n<div id=\"photo\">\n<p><img decoding=\"async\" src=\"http:\/\/www.po-L.com\/belogue\/photo\/2005\/11\/20051108.jpg\" \/><br \/>\n          Maquette-g&eacute;ante-de-la-maison-d&rsquo;Elvis-en-669-tubes-d&rsquo;acier-galvanis&eacute;-que-qu&rsquo;est-ce-que-tu-fais-mercredi-soir-j&rsquo;organise-un d&icirc;ner-avec-des-potes, Parc de la Villette, Paris, 16 octobre.<\/p>\n<\/p><\/div>\n<p style=\"text-align:right\">[Dormir &ccedil;a serait bien, ouais.]<\/p>\n<div id=\"bandeson\">\n<p><img decoding=\"async\" src=\"https:\/\/www.wallendorff.com\/belogue\/photo\/pochettes\/e\/elysian_fields-bum_raps_and_love_taps.jpg\" align=\"left\" \/>&nbsp;<a href=\"http:\/\/www.elysianmusic.com\/\">Elysian Fields<\/a> &ndash; <em>Set the Grass on Fire<\/em><\/p>\n<\/div>\n","protected":false},"excerpt":{"rendered":"<p>Maquette-g&eacute;ante-de-la-maison-d&rsquo;Elvis-en-669-tubes-d&rsquo;acier-galvanis&eacute;-que-qu&rsquo;est-ce-que-tu-fais-mercredi-soir-j&rsquo;organise-un d&icirc;ner-avec-des-potes, Parc de la Villette, Paris, 16 octobre. [Dormir &ccedil;a serait bien, ouais.] &nbsp;Elysian Fields &ndash; Set the Grass on Fire<\/p>\n","protected":false},"author":1,"featured_media":24216,"comment_status":"open","ping_status":"open","sticky":false,"template":"","format":"standard","meta":{"_acf_changed":false,"ngg_post_thumbnail":0,"jetpack_post_was_ever_published":false,"_jetpack_newsletter_access":"","_jetpack_dont_email_post_to_subs":false,"_jetpack_newsletter_tier_id":0,"_jetpack_memberships_contains_paywalled_content":false,"_jetpack_memberships_contains_paid_content":false,"footnotes":"","jetpack_publicize_message":"","jetpack_publicize_feature_enabled":true,"jetpack_social_post_already_shared":false,"jetpack_social_options":{"image_generator_settings":{"template":"highway","default_image_id":0,"font":"","enabled":false},"version":2}},"categories":[3],"tags":[10268,1297,142,132,1449,10329,10120,10121,1296,143,10269,10098,1300],"class_list":["post-276","post","type-post","status-publish","format-standard","has-post-thumbnail","hentry","category-dpc","tag-10268","tag-alexandre-perigeot","tag-ef-s-10-22-mm-f35-45-usm","tag-eos-20d","tag-elysian-fields","tag-exposition","tag-france","tag-ile-de-france","tag-maison-temoin-maison-delvis","tag-noir-et-blanc","tag-parc-de-la-villette","tag-paris","tag-set-the-grass-on-fire"],"acf":[],"geo":{"latitude":48.8893013,"longitude":2.3925252,"description":null},"jetpack_publicize_connections":[],"jetpack_featured_media_url":"https:\/\/www.wallendorff.com\/belogue\/wp-content\/uploads\/2015\/04\/200511081.jpg","jetpack_shortlink":"https:\/\/wp.me\/p3b35P-4s","jetpack_sharing_enabled":true,"jetpack-related-posts":[{"id":266,"url":"https:\/\/www.wallendorff.com\/belogue\/2005\/11\/20\/un-ter-l-ude\/","url_meta":{"origin":276,"position":0},"title":"Un, ter, l&rsquo;ude.","author":"dpc","date":"20 novembre 2005","format":false,"excerpt":"Impasse Ribet , Paris, 9 novembre. \"When\u2026 \u00a0 \u00a0 \u00a0 \u00a0 You are asleep\u2026 \u00a0 \u00a0 \u00a0 \u00a0 And so defenseless\u2026 \u00a0 \u00a0 \u00a0 \u00a0 I, love, you.\" \u00a0Elysian Fields \u2013 When","rel":"","context":"Dans &quot;DPC&quot;","block_context":{"text":"DPC","link":"https:\/\/www.wallendorff.com\/belogue\/category\/dpc\/"},"img":{"alt_text":"","src":"https:\/\/i0.wp.com\/www.wallendorff.com\/belogue\/wp-content\/uploads\/2015\/04\/200511201.jpg?resize=350%2C200&ssl=1","width":350,"height":200},"classes":[]},{"id":382,"url":"https:\/\/www.wallendorff.com\/belogue\/2005\/05\/09\/sots-tes-dupondt\/","url_meta":{"origin":276,"position":1},"title":"Sots tes Dupondt.","author":"dpc","date":"9 mai 2005","format":false,"excerpt":"La Villette, Paris, 2 mai. \"So long cruel world, [So long long cruel world...] Dear mother don't cry, [Dear mother don't cry...] These are the only words I'll say before I die.\" \u00a0Blanche \u2013 So Long Cruel World","rel":"","context":"Dans &quot;DPC&quot;","block_context":{"text":"DPC","link":"https:\/\/www.wallendorff.com\/belogue\/category\/dpc\/"},"img":{"alt_text":"","src":"https:\/\/i0.wp.com\/www.wallendorff.com\/belogue\/wp-content\/uploads\/2015\/04\/200505091.jpg?resize=350%2C200&ssl=1","width":350,"height":200},"classes":[]},{"id":1286,"url":"https:\/\/www.wallendorff.com\/belogue\/2008\/08\/07\/con-prendre-queue-d-halle\/","url_meta":{"origin":276,"position":2},"title":"Con prendre queue d&rsquo;halle.","author":"dpc","date":"7 ao\u00fbt 2008","format":false,"excerpt":"Grande Halle de la Villette, Paris, 12 juilllet. \u00a0She & Him \u2013 Black Hole Le Tour d'Ardenne en laie de 50\u00a0tonnes avance, MCR sort de vieilles VHS des cartons et joue \u00e0\u00a0Where're Courgette et Past\u00e8que1 et je retourne me coucher. _____ 1 48e seconde, pour les press\u00e9s.","rel":"","context":"Dans &quot;DPC&quot;","block_context":{"text":"DPC","link":"https:\/\/www.wallendorff.com\/belogue\/category\/dpc\/"},"img":{"alt_text":"","src":"https:\/\/i0.wp.com\/www.wallendorff.com\/belogue\/wp-content\/uploads\/2015\/04\/200808071.jpg?resize=350%2C200&ssl=1","width":350,"height":200},"classes":[]},{"id":275,"url":"https:\/\/www.wallendorff.com\/belogue\/2005\/11\/09\/spots-hauffeuh\/","url_meta":{"origin":276,"position":3},"title":"Spots Ha&ucirc;ffeuh&sup1;.","author":"dpc","date":"9 novembre 2005","format":false,"excerpt":"Parc de la Villette, Paris, 16 octobre. \u00ab\u00a0Quand \u00eates-vous d\u00e9j\u00e0 mort\u00a0?\u00a0\u00bb Je crois que c'\u00e9tait le jour o\u00f9 Eddie Vedder s'est coup\u00e9 les cheveux. \u00a0Pearl Jam \u2013 Daughter \/ With My Own Two Hands (feat. Bernard Peur) (live) _____ 1 Ha\u00fbffeuh\u00a0: Terme alsacien exprimant la mise hors-circuit d'un appareil \u00e9lectrique.\u2026","rel":"","context":"Dans &quot;DPC&quot;","block_context":{"text":"DPC","link":"https:\/\/www.wallendorff.com\/belogue\/category\/dpc\/"},"img":{"alt_text":"","src":"https:\/\/i0.wp.com\/www.wallendorff.com\/belogue\/wp-content\/uploads\/2015\/04\/200511091.jpg?resize=350%2C200&ssl=1","width":350,"height":200},"classes":[]},{"id":4988,"url":"https:\/\/www.wallendorff.com\/belogue\/2009\/11\/06\/globe-pas-globe\/","url_meta":{"origin":276,"position":4},"title":"Globe, pas globe.","author":"dpc","date":"6 novembre 2009","format":false,"excerpt":"Parc de la Villette, Paris, 31 mai. Oui ce titre est nase. On est vendredi, cette note est ma 1\u00a0647e, donc en gros le 1\u00a0312e jeu de mot et je suis \u00e0 bout. I'm real messed up Red, pour me la p\u00e9ter avec des phrases en anglais tout en citant\u2026","rel":"","context":"Dans &quot;DPC&quot;","block_context":{"text":"DPC","link":"https:\/\/www.wallendorff.com\/belogue\/category\/dpc\/"},"img":{"alt_text":"","src":"https:\/\/i0.wp.com\/www.wallendorff.com\/belogue\/wp-content\/uploads\/2015\/04\/200911061.jpg?resize=350%2C200&ssl=1","width":350,"height":200},"classes":[]},{"id":13771,"url":"https:\/\/www.wallendorff.com\/belogue\/2011\/10\/21\/le-frais-du-veau\/","url_meta":{"origin":276,"position":5},"title":"Le frais [du veau].","author":"dpc","date":"21 octobre 2011","format":false,"excerpt":"Cit\u00e9 des Sciences et de l'Industrie, Paris, 15 ao\u00fbt. Cults \u2013 Oh My God[youtube]www.youtube.com\/watch?v=KebXzv1wP4A[\/youtube]","rel":"","context":"Dans &quot;DPC&quot;","block_context":{"text":"DPC","link":"https:\/\/www.wallendorff.com\/belogue\/category\/dpc\/"},"img":{"alt_text":"","src":"https:\/\/i0.wp.com\/www.wallendorff.com\/belogue\/wp-content\/uploads\/2015\/04\/201110211.jpg?resize=350%2C200&ssl=1","width":350,"height":200},"classes":[]}],"_links":{"self":[{"href":"https:\/\/www.wallendorff.com\/belogue\/wp-json\/wp\/v2\/posts\/276","targetHints":{"allow":["GET"]}}],"collection":[{"href":"https:\/\/www.wallendorff.com\/belogue\/wp-json\/wp\/v2\/posts"}],"about":[{"href":"https:\/\/www.wallendorff.com\/belogue\/wp-json\/wp\/v2\/types\/post"}],"author":[{"embeddable":true,"href":"https:\/\/www.wallendorff.com\/belogue\/wp-json\/wp\/v2\/users\/1"}],"replies":[{"embeddable":true,"href":"https:\/\/www.wallendorff.com\/belogue\/wp-json\/wp\/v2\/comments?post=276"}],"version-history":[{"count":1,"href":"https:\/\/www.wallendorff.com\/belogue\/wp-json\/wp\/v2\/posts\/276\/revisions"}],"predecessor-version":[{"id":15213,"href":"https:\/\/www.wallendorff.com\/belogue\/wp-json\/wp\/v2\/posts\/276\/revisions\/15213"}],"wp:featuredmedia":[{"embeddable":true,"href":"https:\/\/www.wallendorff.com\/belogue\/wp-json\/wp\/v2\/media\/24216"}],"wp:attachment":[{"href":"https:\/\/www.wallendorff.com\/belogue\/wp-json\/wp\/v2\/media?parent=276"}],"wp:term":[{"taxonomy":"category","embeddable":true,"href":"https:\/\/www.wallendorff.com\/belogue\/wp-json\/wp\/v2\/categories?post=276"},{"taxonomy":"post_tag","embeddable":true,"href":"https:\/\/www.wallendorff.com\/belogue\/wp-json\/wp\/v2\/tags?post=276"}],"curies":[{"name":"wp","href":"https:\/\/api.w.org\/{rel}","templated":true}]}}