{"id":27541,"date":"2015-06-22T10:27:17","date_gmt":"2015-06-22T08:27:17","guid":{"rendered":"http:\/\/www.wallendorff.com\/belogue\/?p=27541"},"modified":"2015-06-22T10:27:17","modified_gmt":"2015-06-22T08:27:17","slug":"shooting-people-111","status":"publish","type":"post","link":"https:\/\/www.wallendorff.com\/belogue\/2015\/06\/22\/shooting-people-111\/","title":{"rendered":"Shooting people #111."},"content":{"rendered":"\n<div id=\"photo\">\n<p><img decoding=\"async\" src=\"https:\/\/www.wallendorff.com\/belogue\/photo\/2015\/06\/20150617.jpg\"><br \/>\n        Rue Andr&eacute;-Gill, Paris, 10 juin.<\/p>\n<\/p><\/div>\n<p>Je n&rsquo;ai sciemment pris qu&rsquo;un minimum de mat&eacute;riel. Un flash au cas o&ugrave;, rien d&rsquo;autre, pour se concentrer sur le sujet plut&ocirc;t que sur la technique. Je les retrouve &agrave; la Fourmi et nous partons &agrave; l&rsquo;aventure dans le quartier, pour s&rsquo;arr&ecirc;ter 20&nbsp;m plus loin dans la rue Andr&eacute;-Gill, dont le buste orne le fond. Ils me demandent de qui il agit. Je r&eacute;ponds que c&rsquo;est un chansonnier et caricaturiste du XIX<sup>e<\/sup> si&egrave;cle, et que&#8230; c&rsquo;est tout ce que je peux dire sans Wikip&eacute;dia (&agrave; part la fameuse anecdote du <a href=\"https:\/\/fr.wikipedia.org\/wiki\/Lapin_Agile#Du_Cabaret_des_Assassins_au_Lapin_Agile\">lapin &agrave; Gill<\/a>, mais je n&rsquo;ai aucune envie de me lancer dans une tentative de la leur expliquer en anglais).<\/p>\n<p>Ils m&rsquo;expliquent qu&rsquo;ils ne sont pas encore &agrave; l&rsquo;aise avec les sessions photo. Je leur r&eacute;pond que &ccedil;a se voit. J&rsquo;essaie de les mettre &agrave; l&rsquo;aise. Celui-ci finit par s&rsquo;appuyer nonchalamment sur la rembarde, bras crois&eacute;s. Celui-l&agrave; pr&eacute;f&egrave;re les garder dans le dos car c&rsquo;est sa position naturelle. J&rsquo;essaie diff&eacute;rents cadrages, tout en continuant &agrave; parler pour leur faire oublier l&rsquo;appareil.<\/p>\n<p style=\"text-align:right\">10 minutes plus tard, nous sortons de l&agrave;, parlant de l&rsquo;album &agrave; venir, de la tourn&eacute;e, du nouveau simple. Je les quitte au croisement de la rue des Martyrs et du boulevard de Clichy. Ils prennent le train pour Amsterdam ce soir.<\/p>\n<p style=\"text-align:right\">Je rentre avec quelques portraits, dont un souriant chop&eacute; au d&eacute;tour d&rsquo;une blague. Celui-l&agrave;, je le garde pour ici, tandis qu&rsquo;un plus s&eacute;rieux illustre <a href=\"http:\/\/www.soul-kitchen.fr\/57252-interview-the-bohicas\">l&rsquo;interview de Louis Tesseydou pour Soul Kitchen<\/a>.<\/p>\n<p style=\"text-align:right\">&Ccedil;a m&rsquo;avait manqu&eacute;, un peu.<\/p>\n<p>&nbsp;<\/p>\n<div id=\"bandeson\">\n<p><img decoding=\"async\" src=\"https:\/\/www.wallendorff.com\/belogue\/photo\/pochettes\/b\/bohicas_the-the_making_of.jpg\" align=\"left\" \/><a style=\"font-weight:normal\" id=\"lienmp3\" href=\"http:\/\/www.youtube.com\/watch?v=lnObs6BQ8lw\"><em>Where  You at<\/em><\/a><br \/>\n<a href=\"http:\/\/www.thebohicas.com\/\">The Bohicas<\/a><\/p>\n<\/p><\/div>\n","protected":false},"excerpt":{"rendered":"<p>Rue Andr&eacute;-Gill, Paris, 10 juin. Je n&rsquo;ai sciemment pris qu&rsquo;un minimum de mat&eacute;riel. Un flash au cas o&ugrave;, rien d&rsquo;autre, pour se concentrer sur le sujet plut&ocirc;t que sur la technique. Je les retrouve &agrave; la Fourmi et nous partons &agrave; l&rsquo;aventure dans le quartier, pour s&rsquo;arr&ecirc;ter 20&nbsp;m plus loin dans la rue Andr&eacute;-Gill, dont&hellip;<\/p>\n","protected":false},"author":1,"featured_media":27733,"comment_status":"open","ping_status":"open","sticky":false,"template":"","format":"standard","meta":{"_acf_changed":false,"ngg_post_thumbnail":0,"jetpack_post_was_ever_published":false,"_jetpack_newsletter_access":"","_jetpack_dont_email_post_to_subs":false,"_jetpack_newsletter_tier_id":0,"_jetpack_memberships_contains_paywalled_content":false,"_jetpack_memberships_contains_paid_content":false,"footnotes":"","jetpack_publicize_message":"","jetpack_publicize_feature_enabled":true,"jetpack_social_post_already_shared":true,"jetpack_social_options":{"image_generator_settings":{"template":"highway","default_image_id":0,"font":"","enabled":false},"version":2}},"categories":[8],"tags":[10143,1438,6766,10120,10121,10098,10272,10376,9850,9849,9851],"class_list":["post-27541","post","type-post","status-publish","format-standard","has-post-thumbnail","hentry","category-portraits","tag-10143","tag-ef-50-mm-f14-usm","tag-eos-5d-mark-iii","tag-france","tag-ile-de-france","tag-paris","tag-portrait","tag-promo","tag-rue-andre-gill","tag-the-bohicas","tag-where-you-at"],"acf":[],"geo":{"latitude":48.8828468,"longitude":2.3402636,"description":"Paris 18, \u00cele-de-France, 75018, FR"},"jetpack_publicize_connections":[],"jetpack_featured_media_url":"https:\/\/www.wallendorff.com\/belogue\/wp-content\/uploads\/2015\/06\/201506171.jpg","jetpack_shortlink":"https:\/\/wp.me\/p3b35P-7ad","jetpack_sharing_enabled":true,"jetpack-related-posts":[{"id":268,"url":"https:\/\/www.wallendorff.com\/belogue\/2005\/11\/17\/qu-est-ce-qui-s-case-a-caisses-qui-s-cassent\/","url_meta":{"origin":27541,"position":0},"title":"Qu&rsquo;est-ce qui s&rsquo;case \u00e0 caisses qui s&rsquo;cassent ?","author":"dpc","date":"17 novembre 2005","format":false,"excerpt":"Rue Fondary, Paris, 9 novembre. Vu qu'on me l'a demand\u00e9 \u00e7\u00e0 et l\u00e0, je m'\u00e9x\u00e9cute. Profitez-en avant que je l'enl\u00e8ve, on sait jamais. Ma premi\u00e8re galette \u00e9thylique fut livr\u00e9e \u00e0 l\u2019occasion du Beaujolais nouveau 2000 dans mes toilettes de la rue du Pont des Morts \u00e0 Metz. Elle suivait d\u2019\u00e0\u2026","rel":"","context":"Dans &quot;DPC&quot;","block_context":{"text":"DPC","link":"https:\/\/www.wallendorff.com\/belogue\/category\/dpc\/"},"img":{"alt_text":"","src":"https:\/\/i0.wp.com\/www.wallendorff.com\/belogue\/wp-content\/uploads\/2015\/04\/200511171.jpg?resize=350%2C200&ssl=1","width":350,"height":200},"classes":[]},{"id":7621,"url":"https:\/\/www.wallendorff.com\/belogue\/2010\/06\/03\/wheeeere-the-streeeeeets-have-a-naaaaame\/","url_meta":{"origin":27541,"position":1},"title":"Wheeeere the streeeeeets have a naaaaame.","author":"dpc","date":"3 juin 2010","format":false,"excerpt":"Rue des Chantres, Paris, 25 avril. Je n'arrive toujours pas \u00e0 savoir si c'est bien ou mal d'\u00e9couter des bouts de la BO de Twilight1 et si je vais me changer en loup-garou2 m\u00e9chant et baveur ou en vampire glabre si j'en abuse. L'\u0153uvre est \u00e9coutable en int\u00e9grale ici, pour\u2026","rel":"","context":"Dans &quot;DPC&quot;","block_context":{"text":"DPC","link":"https:\/\/www.wallendorff.com\/belogue\/category\/dpc\/"},"img":{"alt_text":"","src":"https:\/\/i0.wp.com\/www.wallendorff.com\/belogue\/wp-content\/uploads\/2015\/04\/201006031.jpg?resize=350%2C200&ssl=1","width":350,"height":200},"classes":[]},{"id":29519,"url":"https:\/\/www.wallendorff.com\/belogue\/2015\/10\/22\/shooting-people-112\/","url_meta":{"origin":27541,"position":2},"title":"Shooting people #112.","author":"dpc","date":"22 octobre 2015","format":false,"excerpt":"Le Cinq Codet, Paris, 15 octobre. Je les retrouve dans la chambre. C'est la derni\u00e8re session de la journ\u00e9e, ils se sont fait prendre en photo partout\u00a0: sur la terrasse, dans la salle de bain, sur le canap\u00e9... Je leur propose le couloir. Deux essais avec le flash ne donnent\u2026","rel":"","context":"Dans &quot;Portraits&quot;","block_context":{"text":"Portraits","link":"https:\/\/www.wallendorff.com\/belogue\/category\/portraits\/"},"img":{"alt_text":"","src":"https:\/\/i0.wp.com\/www.wallendorff.com\/belogue\/wp-content\/uploads\/2015\/10\/20151021-071.jpg?resize=350%2C200&ssl=1","width":350,"height":200,"srcset":"https:\/\/i0.wp.com\/www.wallendorff.com\/belogue\/wp-content\/uploads\/2015\/10\/20151021-071.jpg?resize=350%2C200&ssl=1 1x, https:\/\/i0.wp.com\/www.wallendorff.com\/belogue\/wp-content\/uploads\/2015\/10\/20151021-071.jpg?resize=525%2C300&ssl=1 1.5x, https:\/\/i0.wp.com\/www.wallendorff.com\/belogue\/wp-content\/uploads\/2015\/10\/20151021-071.jpg?resize=700%2C400&ssl=1 2x"},"classes":[]},{"id":7549,"url":"https:\/\/www.wallendorff.com\/belogue\/2010\/05\/18\/shooting-people-69\/","url_meta":{"origin":27541,"position":3},"title":"Shooting people #69.","author":"dpc","date":"18 mai 2010","format":false,"excerpt":"Breakfast in America, Paris, 24 septembre 2009. \u00c0 l'automne dernier, donc, \u00c9lixie et moi sommes all\u00e9s de tr\u00e8s bon matin au Breakfast in America de la rue des \u00c9coles \u2015\u00a0r\u00e9put\u00e9 pour sa cuisine am\u00e9ricaine salvatrice et ses serveuses authentiques qui te disent \u00ab\u00a0ya want more coffee with that\u00a0?\u00a0\u00bb et \u00ab\u00a0are\u2026","rel":"","context":"Dans &quot;Portraits&quot;","block_context":{"text":"Portraits","link":"https:\/\/www.wallendorff.com\/belogue\/category\/portraits\/"},"img":{"alt_text":"","src":"https:\/\/i0.wp.com\/www.wallendorff.com\/belogue\/wp-content\/uploads\/2015\/04\/201005181.jpg?resize=350%2C200&ssl=1","width":350,"height":200,"srcset":"https:\/\/i0.wp.com\/www.wallendorff.com\/belogue\/wp-content\/uploads\/2015\/04\/201005181.jpg?resize=350%2C200&ssl=1 1x, https:\/\/i0.wp.com\/www.wallendorff.com\/belogue\/wp-content\/uploads\/2015\/04\/201005181.jpg?resize=525%2C300&ssl=1 1.5x"},"classes":[]},{"id":1106,"url":"https:\/\/www.wallendorff.com\/belogue\/2007\/12\/11\/stone-ghost-hard\/","url_meta":{"origin":27541,"position":4},"title":"Stone ghost hard\u00b9.","author":"dpc","date":"11 d\u00e9cembre 2007","format":false,"excerpt":"Rue des Cascades, Paris, 17 novembre. Y a un truc qui m'\u00e9nerve, c'est quand je r\u00e9alise un beau matin qu'apr\u00e8s Louis XIV, les Kills reviennent aussi et que quand je cherche \u00e0 dater l'info, j'apprends que j'arrive 2 semaines apr\u00e8s la bataille et qu'il y a d\u00e9j\u00e0 une vid\u00e9o pour\u2026","rel":"","context":"Dans &quot;DPC&quot;","block_context":{"text":"DPC","link":"https:\/\/www.wallendorff.com\/belogue\/category\/dpc\/"},"img":{"alt_text":"","src":"https:\/\/i0.wp.com\/www.wallendorff.com\/belogue\/wp-content\/uploads\/2015\/04\/200712111.jpg?resize=350%2C200&ssl=1","width":350,"height":200},"classes":[]},{"id":20441,"url":"https:\/\/www.wallendorff.com\/belogue\/2013\/02\/14\/shooting-people-100\/","url_meta":{"origin":27541,"position":5},"title":"Shooting people #100.","author":"dpc","date":"14 f\u00e9vrier 2013","format":false,"excerpt":"H\u00f4tel Arvor, Paris, 6 f\u00e9vrier. Ils ne sont venus qu'\u00e0 deux. Lorsque j'arrive, ils sont au bar, en interview avec B.. Je distingue vaguement leurs profils dans le reflet de la vitre. P. a plus de cheveux qu'avant. M. m'accueille et m'annonce qu'il y a eu changement de derni\u00e8re minute\u00a0;\u2026","rel":"","context":"Dans &quot;Portraits&quot;","block_context":{"text":"Portraits","link":"https:\/\/www.wallendorff.com\/belogue\/category\/portraits\/"},"img":{"alt_text":"","src":"https:\/\/i0.wp.com\/www.wallendorff.com\/belogue\/wp-content\/uploads\/2015\/04\/20130214.jpg?resize=350%2C200&ssl=1","width":350,"height":200,"srcset":"https:\/\/i0.wp.com\/www.wallendorff.com\/belogue\/wp-content\/uploads\/2015\/04\/20130214.jpg?resize=350%2C200&ssl=1 1x, https:\/\/i0.wp.com\/www.wallendorff.com\/belogue\/wp-content\/uploads\/2015\/04\/20130214.jpg?resize=525%2C300&ssl=1 1.5x, https:\/\/i0.wp.com\/www.wallendorff.com\/belogue\/wp-content\/uploads\/2015\/04\/20130214.jpg?resize=700%2C400&ssl=1 2x"},"classes":[]}],"_links":{"self":[{"href":"https:\/\/www.wallendorff.com\/belogue\/wp-json\/wp\/v2\/posts\/27541","targetHints":{"allow":["GET"]}}],"collection":[{"href":"https:\/\/www.wallendorff.com\/belogue\/wp-json\/wp\/v2\/posts"}],"about":[{"href":"https:\/\/www.wallendorff.com\/belogue\/wp-json\/wp\/v2\/types\/post"}],"author":[{"embeddable":true,"href":"https:\/\/www.wallendorff.com\/belogue\/wp-json\/wp\/v2\/users\/1"}],"replies":[{"embeddable":true,"href":"https:\/\/www.wallendorff.com\/belogue\/wp-json\/wp\/v2\/comments?post=27541"}],"version-history":[{"count":3,"href":"https:\/\/www.wallendorff.com\/belogue\/wp-json\/wp\/v2\/posts\/27541\/revisions"}],"predecessor-version":[{"id":27734,"href":"https:\/\/www.wallendorff.com\/belogue\/wp-json\/wp\/v2\/posts\/27541\/revisions\/27734"}],"wp:featuredmedia":[{"embeddable":true,"href":"https:\/\/www.wallendorff.com\/belogue\/wp-json\/wp\/v2\/media\/27733"}],"wp:attachment":[{"href":"https:\/\/www.wallendorff.com\/belogue\/wp-json\/wp\/v2\/media?parent=27541"}],"wp:term":[{"taxonomy":"category","embeddable":true,"href":"https:\/\/www.wallendorff.com\/belogue\/wp-json\/wp\/v2\/categories?post=27541"},{"taxonomy":"post_tag","embeddable":true,"href":"https:\/\/www.wallendorff.com\/belogue\/wp-json\/wp\/v2\/tags?post=27541"}],"curies":[{"name":"wp","href":"https:\/\/api.w.org\/{rel}","templated":true}]}}