{"id":275,"date":"2005-11-09T00:00:58","date_gmt":"2005-11-09T00:00:58","guid":{"rendered":"http:\/\/www.po-l.com\/wordpress\/?p=275"},"modified":"2012-08-12T12:14:31","modified_gmt":"2012-08-12T10:14:31","slug":"spots-hauffeuh","status":"publish","type":"post","link":"https:\/\/www.wallendorff.com\/belogue\/2005\/11\/09\/spots-hauffeuh\/","title":{"rendered":"Spots Ha&ucirc;ffeuh&sup1;."},"content":{"rendered":"<div id=\"photo\">\n<p><img decoding=\"async\" src=\"http:\/\/www.po-L.com\/belogue\/photo\/2005\/11\/20051109.jpg\"><br \/>\nParc de la Villette, Paris, 16 octobre.<\/p>\n<\/div>\n<p style=\"text-align:right\">\u00ab&nbsp;Quand &ecirc;tes-vous d&eacute;j&agrave; mort&nbsp;?&nbsp;\u00bb<\/p>\n<p style=\"text-align:right\"><em>Je crois que c&rsquo;&eacute;tait le jour o&ugrave; Eddie Vedder s&rsquo;est coup&eacute; les cheveux.<\/em><\/p>\n<div id=\"bandeson\">\n<p><img decoding=\"async\" src=\"https:\/\/www.wallendorff.com\/belogue\/photo\/pochettes\/p\/pearl_jam-madison_square_garden_2003.jpg\" align=\"left\" \/>&nbsp;<a href=\"http:\/\/www.tenclub.net\/\">Pearl Jam<\/a> &ndash; <em>Daughter<\/em> \/ <em>With My Own Two Hands<\/em> (feat. Bernard Peur) (live)<\/p>\n<\/p><\/div>\n<p>_____<\/p>\n<div id=\"bas_note\">\n<p><sup>1<\/sup> <strong>Ha&ucirc;ffeuh<\/strong>&nbsp;: Terme alsacien exprimant la mise hors-circuit d&rsquo;un appareil &eacute;lectrique. Exemple&nbsp;: \u00ab&nbsp;Ha&ucirc;pl&agrave;, la machine &agrave; l&acirc;ffer, je la mets sur Ha&ucirc;nneuh ou sur Ha&ucirc;ffeuh&nbsp;?\u00a0\u00bb<\/p>\n<\/div>\n","protected":false},"excerpt":{"rendered":"<p>Parc de la Villette, Paris, 16 octobre. \u00ab&nbsp;Quand &ecirc;tes-vous d&eacute;j&agrave; mort&nbsp;?&nbsp;\u00bb Je crois que c&rsquo;&eacute;tait le jour o&ugrave; Eddie Vedder s&rsquo;est coup&eacute; les cheveux. &nbsp;Pearl Jam &ndash; Daughter \/ With My Own Two Hands (feat. Bernard Peur) (live) _____ 1 Ha&ucirc;ffeuh&nbsp;: Terme alsacien exprimant la mise hors-circuit d&rsquo;un appareil &eacute;lectrique. Exemple&nbsp;: \u00ab&nbsp;Ha&ucirc;pl&agrave;, la machine &agrave;&hellip;<\/p>\n","protected":false},"author":1,"featured_media":24215,"comment_status":"open","ping_status":"open","sticky":false,"template":"","format":"standard","meta":{"_acf_changed":false,"ngg_post_thumbnail":0,"jetpack_post_was_ever_published":false,"_jetpack_newsletter_access":"","_jetpack_dont_email_post_to_subs":false,"_jetpack_newsletter_tier_id":0,"_jetpack_memberships_contains_paywalled_content":false,"_jetpack_memberships_contains_paid_content":false,"footnotes":"","jetpack_publicize_message":"","jetpack_publicize_feature_enabled":true,"jetpack_social_post_already_shared":false,"jetpack_social_options":{"image_generator_settings":{"template":"highway","default_image_id":0,"font":"","enabled":false},"version":2}},"categories":[3],"tags":[10268,10159,132,10331,10330,10120,3207,10121,143,10269,10098,10165,173,1304,1302],"class_list":["post-275","post","type-post","status-publish","format-standard","has-post-thumbnail","hentry","category-dpc","tag-10268","tag-ben-harper","tag-eos-20d","tag-daughter","tag-eddie-vedder","tag-france","tag-geode","tag-ile-de-france","tag-noir-et-blanc","tag-parc-de-la-villette","tag-paris","tag-pearl-jam","tag-sigma-28-70-mm-f28-dg-ex","tag-spot","tag-with-my-own-two-hands"],"acf":[],"geo":{"latitude":48.8946915,"longitude":2.3885393,"description":null},"jetpack_publicize_connections":[],"jetpack_featured_media_url":"https:\/\/www.wallendorff.com\/belogue\/wp-content\/uploads\/2015\/04\/200511091.jpg","jetpack_shortlink":"https:\/\/wp.me\/p3b35P-4r","jetpack_sharing_enabled":true,"jetpack-related-posts":[{"id":93,"url":"https:\/\/www.wallendorff.com\/belogue\/2006\/03\/05\/c-pas-sin-vedder\/","url_meta":{"origin":275,"position":0},"title":"C&rsquo;pas sin Vedder\u00b9.","author":"dpc","date":"5 mars 2006","format":false,"excerpt":"Poste du Louvre, Paris, 20 f\u00e9vrier, 23h01. \u00catre rock en 2006, c'est rentrer du concert d'Hard Fi et trouver dans sa bo\u00eete mail ch\u00e9rie gr\u00e2ce \u00e0 un ami qui me veut du bien un enregistrement de la premi\u00e8re mondiale en radio du nouveau single de Pearl Jam, propos\u00e9 en t\u00e9l\u00e9chargement\u2026","rel":"","context":"Dans &quot;DPC&quot;","block_context":{"text":"DPC","link":"https:\/\/www.wallendorff.com\/belogue\/category\/dpc\/"},"img":{"alt_text":"","src":"https:\/\/i0.wp.com\/www.wallendorff.com\/belogue\/wp-content\/uploads\/2015\/04\/200603051.jpg?resize=350%2C200&ssl=1","width":350,"height":200},"classes":[]},{"id":131,"url":"https:\/\/www.wallendorff.com\/belogue\/2006\/04\/22\/train-train-hele-pis-carosse\/","url_meta":{"origin":275,"position":1},"title":"Train, train h&eacute;l&eacute;, pis carosse&sup1;.","author":"dpc","date":"22 avril 2006","format":false,"excerpt":"Gare de l'Est, Paris, 15 avril. Et l\u00e0, tu vois, t'as envie d'enfiler un turban, de partir au Pakistan \u00e0 pied et d'aller \u00e9lever des meuh-meuhs sacr\u00e9es. Et puis finalement, non. \u00a0Eddie Vedder \/ Nusrat Fateh Ali Khan \u2013 The Long Road _____ 1 Avec 24 albums dans la s\u00e9rie,\u2026","rel":"","context":"Dans &quot;DPC&quot;","block_context":{"text":"DPC","link":"https:\/\/www.wallendorff.com\/belogue\/category\/dpc\/"},"img":{"alt_text":"","src":"https:\/\/i0.wp.com\/www.wallendorff.com\/belogue\/wp-content\/uploads\/2015\/04\/200604221.jpg?resize=350%2C200&ssl=1","width":350,"height":200},"classes":[]},{"id":33335,"url":"https:\/\/www.wallendorff.com\/belogue\/2006\/09\/12\/pearl-jam-pop-bercy-paris\/","url_meta":{"origin":275,"position":2},"title":"Pearl Jam @ POP Bercy, Paris.","author":"dpc","date":"12 septembre 2006","format":false,"excerpt":"Interstellar Overdrive | Corduroy | Animal | Save You | World Wide Suicide | Dissident | Unemployable | Marker in the Sand | Daughter \/ Another Brick in the Wall (Pink Floyd) | 1\/2 Full | Thumbing My Way | Even Flow | You Are | Love Boat Captain |\u2026","rel":"","context":"Dans &quot;Alive&quot;","block_context":{"text":"Alive","link":"https:\/\/www.wallendorff.com\/belogue\/category\/alive\/"},"img":{"alt_text":"","src":"https:\/\/i0.wp.com\/www.wallendorff.com\/belogue\/wp-content\/uploads\/2016\/12\/20061101.jpg?resize=350%2C200&ssl=1","width":350,"height":200},"classes":[]},{"id":158,"url":"https:\/\/www.wallendorff.com\/belogue\/2006\/05\/26\/slack-day-2\/","url_meta":{"origin":275,"position":3},"title":"Slack Day #2.","author":"dpc","date":"26 mai 2006","format":false,"excerpt":"Rue sous Saint-Arnould, Metz, 20 mai. Y a du Pearl Jam dans ma bande-son, du sucre dans ma verveine, pas de poil dans ma cuisine, de la lumi\u00e8re dans mon lit, de l'abricot dans mes tartines, pas de trou dans mes chaussettes et surtout Eddie Vedder a de nouveau des\u2026","rel":"","context":"Dans &quot;DPC&quot;","block_context":{"text":"DPC","link":"https:\/\/www.wallendorff.com\/belogue\/category\/dpc\/"},"img":{"alt_text":"","src":"https:\/\/i0.wp.com\/www.wallendorff.com\/belogue\/wp-content\/uploads\/2015\/04\/200605261.jpg?resize=350%2C200&ssl=1","width":350,"height":200},"classes":[]},{"id":4988,"url":"https:\/\/www.wallendorff.com\/belogue\/2009\/11\/06\/globe-pas-globe\/","url_meta":{"origin":275,"position":4},"title":"Globe, pas globe.","author":"dpc","date":"6 novembre 2009","format":false,"excerpt":"Parc de la Villette, Paris, 31 mai. Oui ce titre est nase. On est vendredi, cette note est ma 1\u00a0647e, donc en gros le 1\u00a0312e jeu de mot et je suis \u00e0 bout. I'm real messed up Red, pour me la p\u00e9ter avec des phrases en anglais tout en citant\u2026","rel":"","context":"Dans &quot;DPC&quot;","block_context":{"text":"DPC","link":"https:\/\/www.wallendorff.com\/belogue\/category\/dpc\/"},"img":{"alt_text":"","src":"https:\/\/i0.wp.com\/www.wallendorff.com\/belogue\/wp-content\/uploads\/2015\/04\/200911061.jpg?resize=350%2C200&ssl=1","width":350,"height":200},"classes":[]},{"id":10978,"url":"https:\/\/www.wallendorff.com\/belogue\/2010\/12\/28\/2010en-3\/","url_meta":{"origin":275,"position":5},"title":"2010 en&#8230; #3.","author":"dpc","date":"28 d\u00e9cembre 2010","format":false,"excerpt":"Main Square Festival, Arras, 3 juillet. pr\u00e9sente 2010 en 10 concerts de poney. Cela n'\u00e9tonnera personne. Une soir\u00e9e pass\u00e9e debout sur une estrade au milieu de 30\u00a0000 gens, \u00e0 mater l'ombre de Vedder se balan\u00e7er sur la chapelle de la citadelle d'Arras en \u00e9coutant Porch, \u00e7a arrive assez rarement pour\u2026","rel":"","context":"Dans &quot;DPC&quot;","block_context":{"text":"DPC","link":"https:\/\/www.wallendorff.com\/belogue\/category\/dpc\/"},"img":{"alt_text":"","src":"https:\/\/i0.wp.com\/www.wallendorff.com\/belogue\/wp-content\/uploads\/2015\/04\/201007043.jpg?resize=350%2C200&ssl=1","width":350,"height":200,"srcset":"https:\/\/i0.wp.com\/www.wallendorff.com\/belogue\/wp-content\/uploads\/2015\/04\/201007043.jpg?resize=350%2C200&ssl=1 1x, https:\/\/i0.wp.com\/www.wallendorff.com\/belogue\/wp-content\/uploads\/2015\/04\/201007043.jpg?resize=525%2C300&ssl=1 1.5x, https:\/\/i0.wp.com\/www.wallendorff.com\/belogue\/wp-content\/uploads\/2015\/04\/201007043.jpg?resize=700%2C400&ssl=1 2x"},"classes":[]}],"_links":{"self":[{"href":"https:\/\/www.wallendorff.com\/belogue\/wp-json\/wp\/v2\/posts\/275","targetHints":{"allow":["GET"]}}],"collection":[{"href":"https:\/\/www.wallendorff.com\/belogue\/wp-json\/wp\/v2\/posts"}],"about":[{"href":"https:\/\/www.wallendorff.com\/belogue\/wp-json\/wp\/v2\/types\/post"}],"author":[{"embeddable":true,"href":"https:\/\/www.wallendorff.com\/belogue\/wp-json\/wp\/v2\/users\/1"}],"replies":[{"embeddable":true,"href":"https:\/\/www.wallendorff.com\/belogue\/wp-json\/wp\/v2\/comments?post=275"}],"version-history":[{"count":2,"href":"https:\/\/www.wallendorff.com\/belogue\/wp-json\/wp\/v2\/posts\/275\/revisions"}],"predecessor-version":[{"id":18614,"href":"https:\/\/www.wallendorff.com\/belogue\/wp-json\/wp\/v2\/posts\/275\/revisions\/18614"}],"wp:featuredmedia":[{"embeddable":true,"href":"https:\/\/www.wallendorff.com\/belogue\/wp-json\/wp\/v2\/media\/24215"}],"wp:attachment":[{"href":"https:\/\/www.wallendorff.com\/belogue\/wp-json\/wp\/v2\/media?parent=275"}],"wp:term":[{"taxonomy":"category","embeddable":true,"href":"https:\/\/www.wallendorff.com\/belogue\/wp-json\/wp\/v2\/categories?post=275"},{"taxonomy":"post_tag","embeddable":true,"href":"https:\/\/www.wallendorff.com\/belogue\/wp-json\/wp\/v2\/tags?post=275"}],"curies":[{"name":"wp","href":"https:\/\/api.w.org\/{rel}","templated":true}]}}